{"id":343559,"date":"2024-06-04T13:52:06","date_gmt":"2024-06-04T11:52:06","guid":{"rendered":"https:\/\/www.intoscana.it\/it\/?p=343559"},"modified":"2024-06-04T13:55:38","modified_gmt":"2024-06-04T11:55:38","slug":"ikea-fotovoltaico-sociale-firenze-empoli","status":"publish","type":"post","link":"https:\/\/www.intoscana.it\/it\/ikea-fotovoltaico-sociale-firenze-empoli\/","title":{"rendered":"Energia green e lotta alla povert\u00e0 energetica: Ikea lancia il fotovoltaico sociale a Firenze e Empoli"},"content":{"rendered":"<p>Combattere la <strong>povert\u00e0 energetica<\/strong> e incentivare l&#8217;uso delle energie rinnovabili. \u00c8 questo l&#8217;obiettivo dei due progetti di <strong>fotovoltaico sociale<\/strong> supportati da Ikea Italia che coinvolgono <strong>Firenze ed Empoli,<\/strong> attraverso la campagna &#8220;Compostiamoci bene&#8221;, che sostiene iniziative di rigenerazione ambientale e forestazione.<\/p>\n<h3>Gli impianti in due edifici di edilizia residenziale pubblica<\/h3>\n<p>Per l&#8217;edizione 2023, Ikea Italia ha aderito ad <strong>EnergyPOP<\/strong>, la campagna di responsabilit\u00e0 sociale d\u2019impresa promossa da AzzeroCO2\u00a0in collaborazione con <strong>Legambiente<\/strong>, ideata per realizzare impianti fotovoltaici su edifici di edilizia residenziale pubblica o di propriet\u00e0 di cooperative o associazioni impegnate in ambito sociale, per produrre energia elettrica a beneficio delle persone in condizione di vulnerabilit\u00e0 energetica.<\/p>\n<p><mark>I progetti di Firenze ed Empoli coinvolgono due edifici di edilizia residenziale pubblica.<\/mark> A Empoli l\u2019impianto fotovoltaico \u00e8 stato realizzato in un condominio situato nella frazione di Avane, gestito da Publicasa Spa, che ospita<strong> 18 famiglie<\/strong>. A Firenze, dove i lavori verranno avviati nelle prossime settimane, l\u2019impianto sar\u00e0 realizzato sul tetto di un edificio situato nel Quartiere 4, gestito da Casa Spa, nel quale sono presenti <strong>40 nuclei familiari.<\/strong><\/p>\n<figure style=\"width: 1600px\" class=\"wp-caption alignnone\"><img loading=\"lazy\" decoding=\"async\" src=\"https:\/\/www.intoscana.it\/wp-content\/uploads\/Foto_impianto_195.jpeg\" alt=\"\" width=\"1600\" height=\"1067\" \/><figcaption class=\"wp-caption-text\">L&#8217;installazione dell&#8217;impianto di fotovoltaico sociale<\/figcaption><\/figure>\n<h3>La lotta alla povert\u00e0 energetica grazie all&#8217;autoconsumo<\/h3>\n<p style=\"font-weight: 400;\">Entrambi i condomini verranno dotati di\u00a0impianti fotovoltaici ognuno dalla potenza di 10,5 kWp\u00a0che aiuteranno a <strong>ridurre i costi energetici e ambientali<\/strong> delle abitazioni. Complessivamente i due impianti, grazie alla produzione di energia pulita, contribuiranno a evitare le emissioni di 160mila kg di CO<sub>2<\/sub>.<\/p>\n<p style=\"font-weight: 400;\">L&#8217;importanza di questi progetti risiede principalmente nel loro contributo concreto al <strong>contrasto alla povert\u00e0 energetica.<\/strong> Gli impianti di Firenze ed Empoli operano secondo <mark>un sistema di autoconsumo\u00a0che permette ai cond\u00f2mini di\u00a0utilizzare direttamente l&#8217;energia prodotta dai pannelli solari durante le ore diurne<\/mark>, riducendo la necessit\u00e0 di attingere energia dalla rete elettrica e<strong> diminuendo cos\u00ec i costi energetici.<\/strong><\/p>\n<p style=\"font-weight: 400;\">La campagna EnergyPOP prevede anche una serie di incontri, in collaborazione con Legambiente, per sensibilizzare le famiglie ad gestire pi\u00f9 consapevolmente i propri consumi energetici e a sfruttare al meglio l\u2019energia prodotta dall\u2019impianto fotovoltaico in dotazione al condominio.<\/p>\n<p style=\"font-weight: 400;\">Durante gli incontri \u00e8 stato <strong>distribuito un manuale di buone pratiche in versione digitale<\/strong> e a ciascun nucleo familiare <strong>verr\u00e0 donato un kit, <\/strong>con una selezione di prodotti tecnologici e non <strong>per migliorare ulteriormente la performance energetica <\/strong>dei consumi domestici e il comfort abitativo.<\/p>\n<h3>La campagna &#8220;Compostiamoci bene&#8221;<\/h3>\n<p style=\"font-weight: 400;\">I progetti realizzati a Firenze ed Empoli sono stati possibile grazie alla campagna di Ikea<strong> &#8220;Compostiamoci Bene&#8221;, <\/strong>che <strong>incoraggia i clienti a restituire i loro alberi di Natale<\/strong> per il compostaggio: per ogni abete restituito quest&#8217;anno, Ikea ha destinato 4 euro alla realizzazione di impianti fotovoltaici.<\/p>\n<p style=\"font-weight: 400;\">\u201c<em>A Firenze ed Empoli abbiamo dato vita a due progetti capaci di coniugare responsabilit\u00e0 ambientale e sociale, una pratica che da sempre ispira IKEA con l\u2019obiettivo di avere un impatto positivo sulla vita delle comunit\u00e0. Grazie al contributo dei clienti che hanno aderito alla campagna Compostiamoci Bene e ai nostri partner abbiamo uno strumento in pi\u00f9 di contrasto alla povert\u00e0 energetica e di ausilio alle famiglie in difficolt\u00e0<\/em>\u201d spiega <strong>Saverio Fusco, <\/strong>Sustainability Business Partner di Ikea Italia.<\/p>\n","protected":false},"excerpt":{"rendered":"<p>Gli impianti realizzati in due edifici di edilizia residenziale pubblica consentiranno alle famiglie di avere energia pulita e meno costosa<\/p>\n","protected":false},"author":525,"featured_media":343560,"comment_status":"open","ping_status":"open","sticky":false,"template":"","format":"standard","meta":{"_acf_changed":false,"footnotes":""},"categories":[494],"tags":[4904,400,202,404],"class_list":["post-343559","post","type-post","status-publish","format-standard","has-post-thumbnail","hentry","category-attualita","tag-empoli","tag-energie-rinnovabili","tag-firenze","tag-fotovoltaico"],"acf":[],"yoast_head":"<!-- This site is optimized with the Yoast SEO Premium plugin v24.2 (Yoast SEO v25.6) - https:\/\/yoast.com\/wordpress\/plugins\/seo\/ -->\n<title>Energia green e lotta alla povert\u00e0 energetica: Ikea lancia il fotovoltaico sociale a Firenze e Empoli - intoscana<\/title>\n<meta name=\"robots\" content=\"index, follow, max-snippet:-1, max-image-preview:large, max-video-preview:-1\" \/>\n<link rel=\"canonical\" href=\"https:\/\/www.intoscana.it\/it\/ikea-fotovoltaico-sociale-firenze-empoli\/\" \/>\n<meta property=\"og:locale\" content=\"it_IT\" \/>\n<meta property=\"og:type\" content=\"article\" \/>\n<meta property=\"og:title\" content=\"Energia green e lotta alla povert\u00e0 energetica: Ikea lancia il fotovoltaico sociale a Firenze e Empoli\" \/>\n<meta property=\"og:description\" content=\"Gli impianti realizzati in due edifici di edilizia residenziale pubblica consentiranno alle famiglie di avere energia pulita e meno costosa\" \/>\n<meta property=\"og:url\" content=\"https:\/\/www.intoscana.it\/it\/ikea-fotovoltaico-sociale-firenze-empoli\/\" \/>\n<meta property=\"og:site_name\" content=\"intoscana\" \/>\n<meta property=\"article:publisher\" content=\"https:\/\/www.facebook.com\/intoscana.it\" \/>\n<meta property=\"article:published_time\" content=\"2024-06-04T11:52:06+00:00\" \/>\n<meta property=\"article:modified_time\" content=\"2024-06-04T11:55:38+00:00\" \/>\n<meta property=\"og:image\" content=\"https:\/\/www.intoscana.it\/wp-content\/uploads\/Foto_impianto_223.jpeg\" \/>\n\t<meta property=\"og:image:width\" content=\"1600\" \/>\n\t<meta property=\"og:image:height\" content=\"1066\" \/>\n\t<meta property=\"og:image:type\" content=\"image\/jpeg\" \/>\n<meta name=\"author\" content=\"Redazione\" \/>\n<meta name=\"twitter:card\" content=\"summary_large_image\" \/>\n<meta name=\"twitter:creator\" content=\"@intoscana\" \/>\n<meta name=\"twitter:site\" content=\"@intoscana\" \/>\n<meta name=\"twitter:label1\" content=\"Written by\" \/>\n\t<meta name=\"twitter:data1\" content=\"Redazione\" \/>\n\t<meta name=\"twitter:label2\" content=\"Est. reading time\" \/>\n\t<meta name=\"twitter:data2\" content=\"4 minuti\" \/>\n<script type=\"application\/ld+json\" class=\"yoast-schema-graph\">{\"@context\":\"https:\/\/schema.org\",\"@graph\":[{\"@type\":\"WebPage\",\"@id\":\"https:\/\/www.intoscana.it\/it\/ikea-fotovoltaico-sociale-firenze-empoli\/\",\"url\":\"https:\/\/www.intoscana.it\/it\/ikea-fotovoltaico-sociale-firenze-empoli\/\",\"name\":\"Energia green e lotta alla povert\u00e0 energetica: Ikea lancia il fotovoltaico sociale a Firenze e Empoli - intoscana\",\"isPartOf\":{\"@id\":\"https:\/\/www.intoscana.it\/it\/#website\"},\"primaryImageOfPage\":{\"@id\":\"https:\/\/www.intoscana.it\/it\/ikea-fotovoltaico-sociale-firenze-empoli\/#primaryimage\"},\"image\":{\"@id\":\"https:\/\/www.intoscana.it\/it\/ikea-fotovoltaico-sociale-firenze-empoli\/#primaryimage\"},\"thumbnailUrl\":\"https:\/\/www.intoscana.it\/wp-content\/uploads\/Foto_impianto_223.jpeg\",\"datePublished\":\"2024-06-04T11:52:06+00:00\",\"dateModified\":\"2024-06-04T11:55:38+00:00\",\"author\":{\"@id\":\"https:\/\/www.intoscana.it\/it\/#\/schema\/person\/9223810753230f20bd670fdd322661f8\"},\"breadcrumb\":{\"@id\":\"https:\/\/www.intoscana.it\/it\/ikea-fotovoltaico-sociale-firenze-empoli\/#breadcrumb\"},\"inLanguage\":\"it-IT\",\"potentialAction\":[{\"@type\":\"ReadAction\",\"target\":[\"https:\/\/www.intoscana.it\/it\/ikea-fotovoltaico-sociale-firenze-empoli\/\"]}]},{\"@type\":\"ImageObject\",\"inLanguage\":\"it-IT\",\"@id\":\"https:\/\/www.intoscana.it\/it\/ikea-fotovoltaico-sociale-firenze-empoli\/#primaryimage\",\"url\":\"https:\/\/www.intoscana.it\/wp-content\/uploads\/Foto_impianto_223.jpeg\",\"contentUrl\":\"https:\/\/www.intoscana.it\/wp-content\/uploads\/Foto_impianto_223.jpeg\",\"width\":1600,\"height\":1066,\"caption\":\"L'impianto di fotovoltaico sociale realizzato da Ikea\"},{\"@type\":\"BreadcrumbList\",\"@id\":\"https:\/\/www.intoscana.it\/it\/ikea-fotovoltaico-sociale-firenze-empoli\/#breadcrumb\",\"itemListElement\":[{\"@type\":\"ListItem\",\"position\":1,\"name\":\"Home\",\"item\":\"https:\/\/www.intoscana.it\/it\/\"},{\"@type\":\"ListItem\",\"position\":2,\"name\":\"Energia green e lotta alla povert\u00e0 energetica: Ikea lancia il fotovoltaico sociale a Firenze e Empoli\"}]},{\"@type\":\"WebSite\",\"@id\":\"https:\/\/www.intoscana.it\/it\/#website\",\"url\":\"https:\/\/www.intoscana.it\/it\/\",\"name\":\"intoscana\",\"description\":\"\",\"potentialAction\":[{\"@type\":\"SearchAction\",\"target\":{\"@type\":\"EntryPoint\",\"urlTemplate\":\"https:\/\/www.intoscana.it\/it\/?s={search_term_string}\"},\"query-input\":{\"@type\":\"PropertyValueSpecification\",\"valueRequired\":true,\"valueName\":\"search_term_string\"}}],\"inLanguage\":\"it-IT\"},{\"@type\":\"Person\",\"@id\":\"https:\/\/www.intoscana.it\/it\/#\/schema\/person\/9223810753230f20bd670fdd322661f8\",\"name\":\"Redazione\",\"url\":\"https:\/\/www.intoscana.it\/it\/author\/redazione\/\"}]}<\/script>\n<!-- \/ Yoast SEO Premium plugin. -->","yoast_head_json":{"title":"Energia green e lotta alla povert\u00e0 energetica: Ikea lancia il fotovoltaico sociale a Firenze e Empoli - intoscana","robots":{"index":"index","follow":"follow","max-snippet":"max-snippet:-1","max-image-preview":"max-image-preview:large","max-video-preview":"max-video-preview:-1"},"canonical":"https:\/\/www.intoscana.it\/it\/ikea-fotovoltaico-sociale-firenze-empoli\/","og_locale":"it_IT","og_type":"article","og_title":"Energia green e lotta alla povert\u00e0 energetica: Ikea lancia il fotovoltaico sociale a Firenze e Empoli","og_description":"Gli impianti realizzati in due edifici di edilizia residenziale pubblica consentiranno alle famiglie di avere energia pulita e meno costosa","og_url":"https:\/\/www.intoscana.it\/it\/ikea-fotovoltaico-sociale-firenze-empoli\/","og_site_name":"intoscana","article_publisher":"https:\/\/www.facebook.com\/intoscana.it","article_published_time":"2024-06-04T11:52:06+00:00","article_modified_time":"2024-06-04T11:55:38+00:00","og_image":[{"width":1600,"height":1066,"url":"https:\/\/www.intoscana.it\/wp-content\/uploads\/Foto_impianto_223.jpeg","type":"image\/jpeg"}],"author":"Redazione","twitter_card":"summary_large_image","twitter_creator":"@intoscana","twitter_site":"@intoscana","twitter_misc":{"Written by":"Redazione","Est. reading time":"4 minuti"},"schema":{"@context":"https:\/\/schema.org","@graph":[{"@type":"WebPage","@id":"https:\/\/www.intoscana.it\/it\/ikea-fotovoltaico-sociale-firenze-empoli\/","url":"https:\/\/www.intoscana.it\/it\/ikea-fotovoltaico-sociale-firenze-empoli\/","name":"Energia green e lotta alla povert\u00e0 energetica: Ikea lancia il fotovoltaico sociale a Firenze e Empoli - intoscana","isPartOf":{"@id":"https:\/\/www.intoscana.it\/it\/#website"},"primaryImageOfPage":{"@id":"https:\/\/www.intoscana.it\/it\/ikea-fotovoltaico-sociale-firenze-empoli\/#primaryimage"},"image":{"@id":"https:\/\/www.intoscana.it\/it\/ikea-fotovoltaico-sociale-firenze-empoli\/#primaryimage"},"thumbnailUrl":"https:\/\/www.intoscana.it\/wp-content\/uploads\/Foto_impianto_223.jpeg","datePublished":"2024-06-04T11:52:06+00:00","dateModified":"2024-06-04T11:55:38+00:00","author":{"@id":"https:\/\/www.intoscana.it\/it\/#\/schema\/person\/9223810753230f20bd670fdd322661f8"},"breadcrumb":{"@id":"https:\/\/www.intoscana.it\/it\/ikea-fotovoltaico-sociale-firenze-empoli\/#breadcrumb"},"inLanguage":"it-IT","potentialAction":[{"@type":"ReadAction","target":["https:\/\/www.intoscana.it\/it\/ikea-fotovoltaico-sociale-firenze-empoli\/"]}]},{"@type":"ImageObject","inLanguage":"it-IT","@id":"https:\/\/www.intoscana.it\/it\/ikea-fotovoltaico-sociale-firenze-empoli\/#primaryimage","url":"https:\/\/www.intoscana.it\/wp-content\/uploads\/Foto_impianto_223.jpeg","contentUrl":"https:\/\/www.intoscana.it\/wp-content\/uploads\/Foto_impianto_223.jpeg","width":1600,"height":1066,"caption":"L'impianto di fotovoltaico sociale realizzato da Ikea"},{"@type":"BreadcrumbList","@id":"https:\/\/www.intoscana.it\/it\/ikea-fotovoltaico-sociale-firenze-empoli\/#breadcrumb","itemListElement":[{"@type":"ListItem","position":1,"name":"Home","item":"https:\/\/www.intoscana.it\/it\/"},{"@type":"ListItem","position":2,"name":"Energia green e lotta alla povert\u00e0 energetica: Ikea lancia il fotovoltaico sociale a Firenze e Empoli"}]},{"@type":"WebSite","@id":"https:\/\/www.intoscana.it\/it\/#website","url":"https:\/\/www.intoscana.it\/it\/","name":"intoscana","description":"","potentialAction":[{"@type":"SearchAction","target":{"@type":"EntryPoint","urlTemplate":"https:\/\/www.intoscana.it\/it\/?s={search_term_string}"},"query-input":{"@type":"PropertyValueSpecification","valueRequired":true,"valueName":"search_term_string"}}],"inLanguage":"it-IT"},{"@type":"Person","@id":"https:\/\/www.intoscana.it\/it\/#\/schema\/person\/9223810753230f20bd670fdd322661f8","name":"Redazione","url":"https:\/\/www.intoscana.it\/it\/author\/redazione\/"}]}},"_links":{"self":[{"href":"https:\/\/www.intoscana.it\/it\/wp-json\/wp\/v2\/posts\/343559","targetHints":{"allow":["GET"]}}],"collection":[{"href":"https:\/\/www.intoscana.it\/it\/wp-json\/wp\/v2\/posts"}],"about":[{"href":"https:\/\/www.intoscana.it\/it\/wp-json\/wp\/v2\/types\/post"}],"author":[{"embeddable":true,"href":"https:\/\/www.intoscana.it\/it\/wp-json\/wp\/v2\/users\/525"}],"replies":[{"embeddable":true,"href":"https:\/\/www.intoscana.it\/it\/wp-json\/wp\/v2\/comments?post=343559"}],"version-history":[{"count":10,"href":"https:\/\/www.intoscana.it\/it\/wp-json\/wp\/v2\/posts\/343559\/revisions"}],"predecessor-version":[{"id":343571,"href":"https:\/\/www.intoscana.it\/it\/wp-json\/wp\/v2\/posts\/343559\/revisions\/343571"}],"wp:featuredmedia":[{"embeddable":true,"href":"https:\/\/www.intoscana.it\/it\/wp-json\/wp\/v2\/media\/343560"}],"wp:attachment":[{"href":"https:\/\/www.intoscana.it\/it\/wp-json\/wp\/v2\/media?parent=343559"}],"wp:term":[{"taxonomy":"category","embeddable":true,"href":"https:\/\/www.intoscana.it\/it\/wp-json\/wp\/v2\/categories?post=343559"},{"taxonomy":"post_tag","embeddable":true,"href":"https:\/\/www.intoscana.it\/it\/wp-json\/wp\/v2\/tags?post=343559"}],"curies":[{"name":"wp","href":"https:\/\/api.w.org\/{rel}","templated":true}]}}