{"id":343800,"date":"2024-06-05T13:55:22","date_gmt":"2024-06-05T11:55:22","guid":{"rendered":"https:\/\/www.intoscana.it\/it\/?p=343800"},"modified":"2024-06-05T14:39:21","modified_gmt":"2024-06-05T12:39:21","slug":"covid-casi-in-aumento-118-nellultima-settimana","status":"publish","type":"post","link":"https:\/\/www.intoscana.it\/it\/covid-casi-in-aumento-118-nellultima-settimana\/","title":{"rendered":"Covid, casi in aumento: +118 nell&#8217;ultima settimana"},"content":{"rendered":"<p>Negli ultimi sette giorni si sono registrati in Toscana 118 nuovi casi di Covid-19: 59 confermati con tampone molecolare e gli altri 59 con test rapido.<\/p>\n<p>Il numero dei contagiati rilevati in regione dall&#8217;inizio della pandemia sale dunque a 1.654.220. A oggi in 272 risultano ancora positivi. I guariti crescono dello 0,00% (81 persone) e raggiungono quota 1.641.443 (99,2% dei casi totali).<\/p>\n<p>A oggi sono ricoverate in ospedale 38 persone (11 in pi\u00f9 rispetto alla settimana precedente, pi\u00f9 40,7%), di cui 2 (2 in pi\u00f9) si trovano in terapia intensiva. In 234 sono in isolamento a casa, perch\u00e9 presentano sintomi lievi che non richiedono cure ospedaliere o risultano prive di sintomi (25 in pi\u00f9 rispetto alla settimana precedente, pi\u00f9 12%).<\/p>\n<h3>L&#8217;andamento per provincia<\/h3>\n<p>Con gli ultimi casi salgono a 441.809 i positivi dall&#8217;inizio dell&#8217;emergenza nei comuni della Citt\u00e0 metropolitana di Firenze (40 in pi\u00f9 rispetto alla settimana precedente), 107.132 in provincia di Prato (1 in pi\u00f9), 128.096 a Pistoia, 86.854 a Massa Carrara (5 in pi\u00f9), 180.091 a Lucca (5 in pi\u00f9), 194.534 a Pisa (12 in pi\u00f9), 152.869 a Livorno (7 in pi\u00f9), 149.569 ad Arezzo (20 in pi\u00f9), 118.741 a Siena (15 in pi\u00f9) e 92.924 a Grosseto (11 in pi\u00f9). A questi vanno aggiunti 571 casi di positivit\u00e0 notificati in Toscana ma che riguardano residenti in altre regioni.<\/p>\n<p>La Toscana ha circa 45.173 casi complessivi ogni 100.000 abitanti dall&#8217;inizio della pandemia (tra residenti e non residenti). Al momento la provincia di notifica con il tasso pi\u00f9 alto \u00e9 Lucca (con 47.122 casi ogni 100 mila abitanti), seguita da Livorno (46.805) e Pisa (46.632). La pi\u00f9 bassa concentrazione si riscontra a Prato (con un tasso di 41.325).<\/p>\n<h3>I decessi<\/h3>\n<p>La lista dei decessi si aggiorna con <strong>1 nuovo decesso<\/strong>: un uomo di 76 anni.<\/p>\n<p>Relativamente alla provincia di residenza, la persona deceduta \u00e8 a Firenze.<\/p>\n<p>Sono 12.505 i deceduti dall&#8217;inizio dell&#8217;epidemia: 3.924 nella Citt\u00e0 metropolitana di Firenze, 989 in provincia di Prato, 1.137 a Pistoia, 750 a Massa Carrara, 1.118 a Lucca, 1.415 a Pisa, 939 a Livorno, 814 ad Arezzo, 732 a Siena, 473 a Grosseto. Vanno aggiunte 214 persone decedute sul suolo toscano ma erano residenti fuori regione.<\/p>\n<p>Il tasso grezzo di mortalit\u00e0 per Covid-19 (numero di deceduti\/popolazione residente) \u00e8 al momento 341,5 ogni 100 mila residenti. Per quanto riguarda le province, il tasso di mortalit\u00e0 pi\u00f9 alto si riscontra a Massa Carrara (399,8 ogni 100 mila abitanti), seguita da Firenze (397,1 x100.000) e Pistoia (392,4 x100.000), mentre il pi\u00f9 basso \u00e8 a Grosseto (218,3 x100.000).<\/p>\n<p>Ogni venerd\u00ec sul sito dell&#8217;Agenzia Regionale di Sanit\u00e0 saranno pubblicati all&#8217;indirizzo\u00a0www.ars.toscana.it\/covid19\u00a0i confronti con l&#8217;andamento della pandemia nelle altre regioni italiane.<\/p>\n<p>&nbsp;<\/p>\n","protected":false},"excerpt":{"rendered":"<p>Non destano preoccupazione i ricoveri, anche se sono 11 in pi\u00f9 rispetto alla settimana precedente. La lista dei decessi si aggiorna con <strong>1 <\/strong>nuovo decesso<\/p>\n","protected":false},"author":525,"featured_media":315705,"comment_status":"open","ping_status":"open","sticky":false,"template":"","format":"standard","meta":{"_acf_changed":false,"footnotes":""},"categories":[494],"tags":[4868,134,349],"class_list":["post-343800","post","type-post","status-publish","format-standard","has-post-thumbnail","hentry","category-attualita","tag-bollettino-covid-toscana","tag-salute","tag-sanita"],"acf":[],"yoast_head":"<!-- This site is optimized with the Yoast SEO Premium plugin v24.2 (Yoast SEO v25.6) - https:\/\/yoast.com\/wordpress\/plugins\/seo\/ -->\n<title>Covid, casi in aumento: +118 nell&#039;ultima settimana - intoscana<\/title>\n<meta name=\"description\" content=\"Non destano preoccupazione i ricoveri, anche se sono +11 rispetto alla settimana precedente. Un decesso\" \/>\n<meta name=\"robots\" content=\"index, follow, max-snippet:-1, max-image-preview:large, max-video-preview:-1\" \/>\n<link rel=\"canonical\" href=\"https:\/\/www.intoscana.it\/it\/covid-casi-in-aumento-118-nellultima-settimana\/\" \/>\n<meta property=\"og:locale\" content=\"it_IT\" \/>\n<meta property=\"og:type\" content=\"article\" \/>\n<meta property=\"og:title\" content=\"Covid, casi in aumento: +118 nell&#039;ultima settimana\" \/>\n<meta property=\"og:description\" content=\"Non destano preoccupazione i ricoveri, anche se sono +11 rispetto alla settimana precedente. Un decesso\" \/>\n<meta property=\"og:url\" content=\"https:\/\/www.intoscana.it\/it\/covid-casi-in-aumento-118-nellultima-settimana\/\" \/>\n<meta property=\"og:site_name\" content=\"intoscana\" \/>\n<meta property=\"article:publisher\" content=\"https:\/\/www.facebook.com\/intoscana.it\" \/>\n<meta property=\"article:published_time\" content=\"2024-06-05T11:55:22+00:00\" \/>\n<meta property=\"article:modified_time\" content=\"2024-06-05T12:39:21+00:00\" \/>\n<meta property=\"og:image\" content=\"https:\/\/www.intoscana.it\/wp-content\/uploads\/Vaccinazioni-Covid-19.jpeg\" \/>\n\t<meta property=\"og:image:width\" content=\"500\" \/>\n\t<meta property=\"og:image:height\" content=\"375\" \/>\n\t<meta property=\"og:image:type\" content=\"image\/jpeg\" \/>\n<meta name=\"author\" content=\"Redazione\" \/>\n<meta name=\"twitter:card\" content=\"summary_large_image\" \/>\n<meta name=\"twitter:creator\" content=\"@intoscana\" \/>\n<meta name=\"twitter:site\" content=\"@intoscana\" \/>\n<meta name=\"twitter:label1\" content=\"Written by\" \/>\n\t<meta name=\"twitter:data1\" content=\"Redazione\" \/>\n\t<meta name=\"twitter:label2\" content=\"Est. reading time\" \/>\n\t<meta name=\"twitter:data2\" content=\"3 minuti\" \/>\n<script type=\"application\/ld+json\" class=\"yoast-schema-graph\">{\"@context\":\"https:\/\/schema.org\",\"@graph\":[{\"@type\":\"WebPage\",\"@id\":\"https:\/\/www.intoscana.it\/it\/covid-casi-in-aumento-118-nellultima-settimana\/\",\"url\":\"https:\/\/www.intoscana.it\/it\/covid-casi-in-aumento-118-nellultima-settimana\/\",\"name\":\"Covid, casi in aumento: +118 nell'ultima settimana - intoscana\",\"isPartOf\":{\"@id\":\"https:\/\/www.intoscana.it\/it\/#website\"},\"primaryImageOfPage\":{\"@id\":\"https:\/\/www.intoscana.it\/it\/covid-casi-in-aumento-118-nellultima-settimana\/#primaryimage\"},\"image\":{\"@id\":\"https:\/\/www.intoscana.it\/it\/covid-casi-in-aumento-118-nellultima-settimana\/#primaryimage\"},\"thumbnailUrl\":\"https:\/\/www.intoscana.it\/wp-content\/uploads\/Vaccinazioni-Covid-19.jpeg\",\"datePublished\":\"2024-06-05T11:55:22+00:00\",\"dateModified\":\"2024-06-05T12:39:21+00:00\",\"author\":{\"@id\":\"https:\/\/www.intoscana.it\/it\/#\/schema\/person\/9223810753230f20bd670fdd322661f8\"},\"description\":\"Non destano preoccupazione i ricoveri, anche se sono +11 rispetto alla settimana precedente. Un decesso\",\"breadcrumb\":{\"@id\":\"https:\/\/www.intoscana.it\/it\/covid-casi-in-aumento-118-nellultima-settimana\/#breadcrumb\"},\"inLanguage\":\"it-IT\",\"potentialAction\":[{\"@type\":\"ReadAction\",\"target\":[\"https:\/\/www.intoscana.it\/it\/covid-casi-in-aumento-118-nellultima-settimana\/\"]}]},{\"@type\":\"ImageObject\",\"inLanguage\":\"it-IT\",\"@id\":\"https:\/\/www.intoscana.it\/it\/covid-casi-in-aumento-118-nellultima-settimana\/#primaryimage\",\"url\":\"https:\/\/www.intoscana.it\/wp-content\/uploads\/Vaccinazioni-Covid-19.jpeg\",\"contentUrl\":\"https:\/\/www.intoscana.it\/wp-content\/uploads\/Vaccinazioni-Covid-19.jpeg\",\"width\":500,\"height\":375,\"caption\":\"Una dose di vaccino. REUTERS\/Eric Gaillard\"},{\"@type\":\"BreadcrumbList\",\"@id\":\"https:\/\/www.intoscana.it\/it\/covid-casi-in-aumento-118-nellultima-settimana\/#breadcrumb\",\"itemListElement\":[{\"@type\":\"ListItem\",\"position\":1,\"name\":\"Home\",\"item\":\"https:\/\/www.intoscana.it\/it\/\"},{\"@type\":\"ListItem\",\"position\":2,\"name\":\"Covid, casi in aumento: +118 nell&#8217;ultima settimana\"}]},{\"@type\":\"WebSite\",\"@id\":\"https:\/\/www.intoscana.it\/it\/#website\",\"url\":\"https:\/\/www.intoscana.it\/it\/\",\"name\":\"intoscana\",\"description\":\"\",\"potentialAction\":[{\"@type\":\"SearchAction\",\"target\":{\"@type\":\"EntryPoint\",\"urlTemplate\":\"https:\/\/www.intoscana.it\/it\/?s={search_term_string}\"},\"query-input\":{\"@type\":\"PropertyValueSpecification\",\"valueRequired\":true,\"valueName\":\"search_term_string\"}}],\"inLanguage\":\"it-IT\"},{\"@type\":\"Person\",\"@id\":\"https:\/\/www.intoscana.it\/it\/#\/schema\/person\/9223810753230f20bd670fdd322661f8\",\"name\":\"Redazione\",\"url\":\"https:\/\/www.intoscana.it\/it\/author\/redazione\/\"}]}<\/script>\n<!-- \/ Yoast SEO Premium plugin. -->","yoast_head_json":{"title":"Covid, casi in aumento: +118 nell'ultima settimana - intoscana","description":"Non destano preoccupazione i ricoveri, anche se sono +11 rispetto alla settimana precedente. Un decesso","robots":{"index":"index","follow":"follow","max-snippet":"max-snippet:-1","max-image-preview":"max-image-preview:large","max-video-preview":"max-video-preview:-1"},"canonical":"https:\/\/www.intoscana.it\/it\/covid-casi-in-aumento-118-nellultima-settimana\/","og_locale":"it_IT","og_type":"article","og_title":"Covid, casi in aumento: +118 nell'ultima settimana","og_description":"Non destano preoccupazione i ricoveri, anche se sono +11 rispetto alla settimana precedente. Un decesso","og_url":"https:\/\/www.intoscana.it\/it\/covid-casi-in-aumento-118-nellultima-settimana\/","og_site_name":"intoscana","article_publisher":"https:\/\/www.facebook.com\/intoscana.it","article_published_time":"2024-06-05T11:55:22+00:00","article_modified_time":"2024-06-05T12:39:21+00:00","og_image":[{"width":500,"height":375,"url":"https:\/\/www.intoscana.it\/wp-content\/uploads\/Vaccinazioni-Covid-19.jpeg","type":"image\/jpeg"}],"author":"Redazione","twitter_card":"summary_large_image","twitter_creator":"@intoscana","twitter_site":"@intoscana","twitter_misc":{"Written by":"Redazione","Est. reading time":"3 minuti"},"schema":{"@context":"https:\/\/schema.org","@graph":[{"@type":"WebPage","@id":"https:\/\/www.intoscana.it\/it\/covid-casi-in-aumento-118-nellultima-settimana\/","url":"https:\/\/www.intoscana.it\/it\/covid-casi-in-aumento-118-nellultima-settimana\/","name":"Covid, casi in aumento: +118 nell'ultima settimana - intoscana","isPartOf":{"@id":"https:\/\/www.intoscana.it\/it\/#website"},"primaryImageOfPage":{"@id":"https:\/\/www.intoscana.it\/it\/covid-casi-in-aumento-118-nellultima-settimana\/#primaryimage"},"image":{"@id":"https:\/\/www.intoscana.it\/it\/covid-casi-in-aumento-118-nellultima-settimana\/#primaryimage"},"thumbnailUrl":"https:\/\/www.intoscana.it\/wp-content\/uploads\/Vaccinazioni-Covid-19.jpeg","datePublished":"2024-06-05T11:55:22+00:00","dateModified":"2024-06-05T12:39:21+00:00","author":{"@id":"https:\/\/www.intoscana.it\/it\/#\/schema\/person\/9223810753230f20bd670fdd322661f8"},"description":"Non destano preoccupazione i ricoveri, anche se sono +11 rispetto alla settimana precedente. Un decesso","breadcrumb":{"@id":"https:\/\/www.intoscana.it\/it\/covid-casi-in-aumento-118-nellultima-settimana\/#breadcrumb"},"inLanguage":"it-IT","potentialAction":[{"@type":"ReadAction","target":["https:\/\/www.intoscana.it\/it\/covid-casi-in-aumento-118-nellultima-settimana\/"]}]},{"@type":"ImageObject","inLanguage":"it-IT","@id":"https:\/\/www.intoscana.it\/it\/covid-casi-in-aumento-118-nellultima-settimana\/#primaryimage","url":"https:\/\/www.intoscana.it\/wp-content\/uploads\/Vaccinazioni-Covid-19.jpeg","contentUrl":"https:\/\/www.intoscana.it\/wp-content\/uploads\/Vaccinazioni-Covid-19.jpeg","width":500,"height":375,"caption":"Una dose di vaccino. REUTERS\/Eric Gaillard"},{"@type":"BreadcrumbList","@id":"https:\/\/www.intoscana.it\/it\/covid-casi-in-aumento-118-nellultima-settimana\/#breadcrumb","itemListElement":[{"@type":"ListItem","position":1,"name":"Home","item":"https:\/\/www.intoscana.it\/it\/"},{"@type":"ListItem","position":2,"name":"Covid, casi in aumento: +118 nell&#8217;ultima settimana"}]},{"@type":"WebSite","@id":"https:\/\/www.intoscana.it\/it\/#website","url":"https:\/\/www.intoscana.it\/it\/","name":"intoscana","description":"","potentialAction":[{"@type":"SearchAction","target":{"@type":"EntryPoint","urlTemplate":"https:\/\/www.intoscana.it\/it\/?s={search_term_string}"},"query-input":{"@type":"PropertyValueSpecification","valueRequired":true,"valueName":"search_term_string"}}],"inLanguage":"it-IT"},{"@type":"Person","@id":"https:\/\/www.intoscana.it\/it\/#\/schema\/person\/9223810753230f20bd670fdd322661f8","name":"Redazione","url":"https:\/\/www.intoscana.it\/it\/author\/redazione\/"}]}},"_links":{"self":[{"href":"https:\/\/www.intoscana.it\/it\/wp-json\/wp\/v2\/posts\/343800","targetHints":{"allow":["GET"]}}],"collection":[{"href":"https:\/\/www.intoscana.it\/it\/wp-json\/wp\/v2\/posts"}],"about":[{"href":"https:\/\/www.intoscana.it\/it\/wp-json\/wp\/v2\/types\/post"}],"author":[{"embeddable":true,"href":"https:\/\/www.intoscana.it\/it\/wp-json\/wp\/v2\/users\/525"}],"replies":[{"embeddable":true,"href":"https:\/\/www.intoscana.it\/it\/wp-json\/wp\/v2\/comments?post=343800"}],"version-history":[{"count":3,"href":"https:\/\/www.intoscana.it\/it\/wp-json\/wp\/v2\/posts\/343800\/revisions"}],"predecessor-version":[{"id":343818,"href":"https:\/\/www.intoscana.it\/it\/wp-json\/wp\/v2\/posts\/343800\/revisions\/343818"}],"wp:featuredmedia":[{"embeddable":true,"href":"https:\/\/www.intoscana.it\/it\/wp-json\/wp\/v2\/media\/315705"}],"wp:attachment":[{"href":"https:\/\/www.intoscana.it\/it\/wp-json\/wp\/v2\/media?parent=343800"}],"wp:term":[{"taxonomy":"category","embeddable":true,"href":"https:\/\/www.intoscana.it\/it\/wp-json\/wp\/v2\/categories?post=343800"},{"taxonomy":"post_tag","embeddable":true,"href":"https:\/\/www.intoscana.it\/it\/wp-json\/wp\/v2\/tags?post=343800"}],"curies":[{"name":"wp","href":"https:\/\/api.w.org\/{rel}","templated":true}]}}