{"id":344505,"date":"2024-06-10T15:31:40","date_gmt":"2024-06-10T13:31:40","guid":{"rendered":"https:\/\/www.intoscana.it\/it\/?p=344505"},"modified":"2024-06-10T16:04:11","modified_gmt":"2024-06-10T14:04:11","slug":"orrido-botri-apertura","status":"publish","type":"post","link":"https:\/\/www.intoscana.it\/it\/orrido-botri-apertura\/","title":{"rendered":"Riapre al pubblico l&#8217;Orrido di Botri, il canyon pi\u00f9 grande della Toscana"},"content":{"rendered":"<p>E\u2019 scattato il conto alla rovescia: <mark>sabato, 15 giugno, riapre al pubblico la Riserva Naturale Statale di Orrido di Botri, a Bagni di Lucca <\/mark>.<\/p>\n<p>Gestito dal <strong>Reparto Carabinieri Biodiversit\u00e0 di Lucca<\/strong> l\u2019Orrido di Botri \u00e8 il <strong>canyon<\/strong> pi\u00f9 grande della Toscana. Un\u2019attrattiva naturalistica di grande fascino ma \u00e8 un ambiente molto delicato perch\u00e9 dotato di grande ricchezza <strong>floristica<\/strong> e <strong>faunistica <\/strong>che deve essere preservata e tutelata. per questo visitare l\u2019Orrido di Botri richiede l\u2019accettazione delle regole del reparto che lo gestisce. Tra queste l&#8217;uso del casco protettivo e indossare scarpe da trekking.<\/p>\n<h3>Che cos&#8217;\u00e8 l&#8217;Orrido di Botri<\/h3>\n<p>L&#8217;Orrido di Botri infatti \u00e8 una <strong>gola calcarea<\/strong> alle pendici dei monti Rondinaio e Tre Potenze con ripide pareti scavate in profondit\u00e0 dalle acque dei torrenti Mariana e Ribellino,che si congiungono poi formando il Rio Pelago. Nel periodo estivo, quando la portata delle acque \u00e8 minore e la temperatura un po&#8217; pi\u00f9 mite, \u00e8 possibile risalirne il tratto finale, da Ponte a Gaio fino al Salto dei Becchi.<\/p>\n<h3>Perch\u00e9 visitare l\u2019Orrido di Botri<\/h3>\n<p>La riserva dell\u2019orrido di Botri \u00e8 unica nel suo genere. Come si legge nella descrizione sul <a href=\"https:\/\/www.orridodibotri.toscana.it\/\">sito ufficiale<\/a>, <mark>la vegetazione \u00e8 distribuita secondo una stratificazione verticale, con i livelli pi\u00f9 umidi e freddi alla base dove predominano i muschi e le felci, sostituiti mano a mano che si sale verso l&#8217;alto dai livelli pi\u00f9 temperati, dove si incontrano piante di aquilegia e silene in mezzo ad estese faggete <\/mark>.<\/p>\n<p>Le impervie pareti dell&#8217;Orrido arrivano in alcuni punti fino a 200 m. di altezza, e da sempre costituiscono un sito di nidificazione ideale per l&#8217;Aquila Reale.\u201d Tutte ragioni queste che rendono una giornata nel pi\u00f9 grande canyon della Toscana un\u2019esperienza unica.<\/p>\n<h3>Quando andare<\/h3>\n<p>L\u2019Orrido di Botri riaprir\u00e0 il <strong>15 giugno <\/strong>e fino al 1<strong>4 luglio<\/strong> sar\u00e0 possibile accedere al sito solo nei <strong>fine settimana<\/strong> (sabato e domenica) mentre dalla seconda met\u00e0 di luglio l\u2019Orrido potr\u00e0 essere visitato <strong>tutti i giorni<\/strong>. E\u2019 possibile optare per una visita con guida oppure accedere in autonomia ma in questo caso sar\u00e0 necessario chiamare il reparto Utb dei carabinieri forestali di Lucca, per tutti valgono le regole istituite dal carabinieri per preservare e tutelare la ricchezza della riserva naturale<\/p>\n","protected":false},"excerpt":{"rendered":"<p>Dal 15 giugno riaperture nei fine settimana per la riserva Naturale Statale di Orrido di Botri, da met\u00e0 luglio sar\u00e0 possibile visitare il canyon tutti i giorni<\/p>\n","protected":false},"author":503,"featured_media":344509,"comment_status":"open","ping_status":"open","sticky":false,"template":"","format":"standard","meta":{"_acf_changed":false,"footnotes":""},"categories":[19],"tags":[177,372,4436],"class_list":["post-344505","post","type-post","status-publish","format-standard","has-post-thumbnail","hentry","category-ambiente","tag-ambiente","tag-natura","tag-trekking"],"acf":[],"yoast_head":"<!-- This site is optimized with the Yoast SEO Premium plugin v24.2 (Yoast SEO v25.6) - https:\/\/yoast.com\/wordpress\/plugins\/seo\/ -->\n<title>Riapre al pubblico l&#039;Orrido di Botri, il canyon pi\u00f9 grande della Toscana<\/title>\n<meta name=\"description\" content=\"Dal 15 giorno riaperture solo nei fine settimana, da met\u00e0 luglio sar\u00e0 possibile visitare il canyon tutti i giorni\" \/>\n<meta name=\"robots\" content=\"index, follow, max-snippet:-1, max-image-preview:large, max-video-preview:-1\" \/>\n<link rel=\"canonical\" href=\"https:\/\/www.intoscana.it\/it\/orrido-botri-apertura\/\" \/>\n<meta property=\"og:locale\" content=\"it_IT\" \/>\n<meta property=\"og:type\" content=\"article\" \/>\n<meta property=\"og:title\" content=\"Riapre al pubblico l&#039;Orrido di Botri, il canyon pi\u00f9 grande della Toscana\" \/>\n<meta property=\"og:description\" content=\"Dal 15 giorno riaperture solo nei fine settimana, da met\u00e0 luglio sar\u00e0 possibile visitare il canyon tutti i giorni\" \/>\n<meta property=\"og:url\" content=\"https:\/\/www.intoscana.it\/it\/orrido-botri-apertura\/\" \/>\n<meta property=\"og:site_name\" content=\"intoscana\" \/>\n<meta property=\"article:publisher\" content=\"https:\/\/www.facebook.com\/intoscana.it\" \/>\n<meta property=\"article:published_time\" content=\"2024-06-10T13:31:40+00:00\" \/>\n<meta property=\"article:modified_time\" content=\"2024-06-10T14:04:11+00:00\" \/>\n<meta property=\"og:image\" content=\"https:\/\/www.intoscana.it\/wp-content\/uploads\/Orrido-di-Botri.jpg\" \/>\n\t<meta property=\"og:image:width\" content=\"1758\" \/>\n\t<meta property=\"og:image:height\" content=\"1600\" \/>\n\t<meta property=\"og:image:type\" content=\"image\/jpeg\" \/>\n<meta name=\"author\" content=\"Giulia Rafanelli\" \/>\n<meta name=\"twitter:card\" content=\"summary_large_image\" \/>\n<meta name=\"twitter:creator\" content=\"@intoscana\" \/>\n<meta name=\"twitter:site\" content=\"@intoscana\" \/>\n<meta name=\"twitter:label1\" content=\"Written by\" \/>\n\t<meta name=\"twitter:data1\" content=\"Giulia Rafanelli\" \/>\n\t<meta name=\"twitter:label2\" content=\"Est. reading time\" \/>\n\t<meta name=\"twitter:data2\" content=\"3 minuti\" \/>\n<script type=\"application\/ld+json\" class=\"yoast-schema-graph\">{\"@context\":\"https:\/\/schema.org\",\"@graph\":[{\"@type\":\"WebPage\",\"@id\":\"https:\/\/www.intoscana.it\/it\/orrido-botri-apertura\/\",\"url\":\"https:\/\/www.intoscana.it\/it\/orrido-botri-apertura\/\",\"name\":\"Riapre al pubblico l'Orrido di Botri, il canyon pi\u00f9 grande della Toscana\",\"isPartOf\":{\"@id\":\"https:\/\/www.intoscana.it\/it\/#website\"},\"primaryImageOfPage\":{\"@id\":\"https:\/\/www.intoscana.it\/it\/orrido-botri-apertura\/#primaryimage\"},\"image\":{\"@id\":\"https:\/\/www.intoscana.it\/it\/orrido-botri-apertura\/#primaryimage\"},\"thumbnailUrl\":\"https:\/\/www.intoscana.it\/wp-content\/uploads\/Orrido-di-Botri.jpg\",\"datePublished\":\"2024-06-10T13:31:40+00:00\",\"dateModified\":\"2024-06-10T14:04:11+00:00\",\"author\":{\"@id\":\"https:\/\/www.intoscana.it\/it\/#\/schema\/person\/333569b367b301e30262defcea56c939\"},\"description\":\"Dal 15 giorno riaperture solo nei fine settimana, da met\u00e0 luglio sar\u00e0 possibile visitare il canyon tutti i giorni\",\"breadcrumb\":{\"@id\":\"https:\/\/www.intoscana.it\/it\/orrido-botri-apertura\/#breadcrumb\"},\"inLanguage\":\"it-IT\",\"potentialAction\":[{\"@type\":\"ReadAction\",\"target\":[\"https:\/\/www.intoscana.it\/it\/orrido-botri-apertura\/\"]}]},{\"@type\":\"ImageObject\",\"inLanguage\":\"it-IT\",\"@id\":\"https:\/\/www.intoscana.it\/it\/orrido-botri-apertura\/#primaryimage\",\"url\":\"https:\/\/www.intoscana.it\/wp-content\/uploads\/Orrido-di-Botri.jpg\",\"contentUrl\":\"https:\/\/www.intoscana.it\/wp-content\/uploads\/Orrido-di-Botri.jpg\",\"width\":1758,\"height\":1600,\"caption\":\"Orrido di Botri\"},{\"@type\":\"BreadcrumbList\",\"@id\":\"https:\/\/www.intoscana.it\/it\/orrido-botri-apertura\/#breadcrumb\",\"itemListElement\":[{\"@type\":\"ListItem\",\"position\":1,\"name\":\"Home\",\"item\":\"https:\/\/www.intoscana.it\/it\/\"},{\"@type\":\"ListItem\",\"position\":2,\"name\":\"Riapre al pubblico l&#8217;Orrido di Botri, il canyon pi\u00f9 grande della Toscana\"}]},{\"@type\":\"WebSite\",\"@id\":\"https:\/\/www.intoscana.it\/it\/#website\",\"url\":\"https:\/\/www.intoscana.it\/it\/\",\"name\":\"intoscana\",\"description\":\"\",\"potentialAction\":[{\"@type\":\"SearchAction\",\"target\":{\"@type\":\"EntryPoint\",\"urlTemplate\":\"https:\/\/www.intoscana.it\/it\/?s={search_term_string}\"},\"query-input\":{\"@type\":\"PropertyValueSpecification\",\"valueRequired\":true,\"valueName\":\"search_term_string\"}}],\"inLanguage\":\"it-IT\"},{\"@type\":\"Person\",\"@id\":\"https:\/\/www.intoscana.it\/it\/#\/schema\/person\/333569b367b301e30262defcea56c939\",\"name\":\"Giulia Rafanelli\",\"url\":\"https:\/\/www.intoscana.it\/it\/author\/giulia-rafanelli\/\"}]}<\/script>\n<!-- \/ Yoast SEO Premium plugin. -->","yoast_head_json":{"title":"Riapre al pubblico l'Orrido di Botri, il canyon pi\u00f9 grande della Toscana","description":"Dal 15 giorno riaperture solo nei fine settimana, da met\u00e0 luglio sar\u00e0 possibile visitare il canyon tutti i giorni","robots":{"index":"index","follow":"follow","max-snippet":"max-snippet:-1","max-image-preview":"max-image-preview:large","max-video-preview":"max-video-preview:-1"},"canonical":"https:\/\/www.intoscana.it\/it\/orrido-botri-apertura\/","og_locale":"it_IT","og_type":"article","og_title":"Riapre al pubblico l'Orrido di Botri, il canyon pi\u00f9 grande della Toscana","og_description":"Dal 15 giorno riaperture solo nei fine settimana, da met\u00e0 luglio sar\u00e0 possibile visitare il canyon tutti i giorni","og_url":"https:\/\/www.intoscana.it\/it\/orrido-botri-apertura\/","og_site_name":"intoscana","article_publisher":"https:\/\/www.facebook.com\/intoscana.it","article_published_time":"2024-06-10T13:31:40+00:00","article_modified_time":"2024-06-10T14:04:11+00:00","og_image":[{"width":1758,"height":1600,"url":"https:\/\/www.intoscana.it\/wp-content\/uploads\/Orrido-di-Botri.jpg","type":"image\/jpeg"}],"author":"Giulia Rafanelli","twitter_card":"summary_large_image","twitter_creator":"@intoscana","twitter_site":"@intoscana","twitter_misc":{"Written by":"Giulia Rafanelli","Est. reading time":"3 minuti"},"schema":{"@context":"https:\/\/schema.org","@graph":[{"@type":"WebPage","@id":"https:\/\/www.intoscana.it\/it\/orrido-botri-apertura\/","url":"https:\/\/www.intoscana.it\/it\/orrido-botri-apertura\/","name":"Riapre al pubblico l'Orrido di Botri, il canyon pi\u00f9 grande della Toscana","isPartOf":{"@id":"https:\/\/www.intoscana.it\/it\/#website"},"primaryImageOfPage":{"@id":"https:\/\/www.intoscana.it\/it\/orrido-botri-apertura\/#primaryimage"},"image":{"@id":"https:\/\/www.intoscana.it\/it\/orrido-botri-apertura\/#primaryimage"},"thumbnailUrl":"https:\/\/www.intoscana.it\/wp-content\/uploads\/Orrido-di-Botri.jpg","datePublished":"2024-06-10T13:31:40+00:00","dateModified":"2024-06-10T14:04:11+00:00","author":{"@id":"https:\/\/www.intoscana.it\/it\/#\/schema\/person\/333569b367b301e30262defcea56c939"},"description":"Dal 15 giorno riaperture solo nei fine settimana, da met\u00e0 luglio sar\u00e0 possibile visitare il canyon tutti i giorni","breadcrumb":{"@id":"https:\/\/www.intoscana.it\/it\/orrido-botri-apertura\/#breadcrumb"},"inLanguage":"it-IT","potentialAction":[{"@type":"ReadAction","target":["https:\/\/www.intoscana.it\/it\/orrido-botri-apertura\/"]}]},{"@type":"ImageObject","inLanguage":"it-IT","@id":"https:\/\/www.intoscana.it\/it\/orrido-botri-apertura\/#primaryimage","url":"https:\/\/www.intoscana.it\/wp-content\/uploads\/Orrido-di-Botri.jpg","contentUrl":"https:\/\/www.intoscana.it\/wp-content\/uploads\/Orrido-di-Botri.jpg","width":1758,"height":1600,"caption":"Orrido di Botri"},{"@type":"BreadcrumbList","@id":"https:\/\/www.intoscana.it\/it\/orrido-botri-apertura\/#breadcrumb","itemListElement":[{"@type":"ListItem","position":1,"name":"Home","item":"https:\/\/www.intoscana.it\/it\/"},{"@type":"ListItem","position":2,"name":"Riapre al pubblico l&#8217;Orrido di Botri, il canyon pi\u00f9 grande della Toscana"}]},{"@type":"WebSite","@id":"https:\/\/www.intoscana.it\/it\/#website","url":"https:\/\/www.intoscana.it\/it\/","name":"intoscana","description":"","potentialAction":[{"@type":"SearchAction","target":{"@type":"EntryPoint","urlTemplate":"https:\/\/www.intoscana.it\/it\/?s={search_term_string}"},"query-input":{"@type":"PropertyValueSpecification","valueRequired":true,"valueName":"search_term_string"}}],"inLanguage":"it-IT"},{"@type":"Person","@id":"https:\/\/www.intoscana.it\/it\/#\/schema\/person\/333569b367b301e30262defcea56c939","name":"Giulia Rafanelli","url":"https:\/\/www.intoscana.it\/it\/author\/giulia-rafanelli\/"}]}},"_links":{"self":[{"href":"https:\/\/www.intoscana.it\/it\/wp-json\/wp\/v2\/posts\/344505","targetHints":{"allow":["GET"]}}],"collection":[{"href":"https:\/\/www.intoscana.it\/it\/wp-json\/wp\/v2\/posts"}],"about":[{"href":"https:\/\/www.intoscana.it\/it\/wp-json\/wp\/v2\/types\/post"}],"author":[{"embeddable":true,"href":"https:\/\/www.intoscana.it\/it\/wp-json\/wp\/v2\/users\/503"}],"replies":[{"embeddable":true,"href":"https:\/\/www.intoscana.it\/it\/wp-json\/wp\/v2\/comments?post=344505"}],"version-history":[{"count":3,"href":"https:\/\/www.intoscana.it\/it\/wp-json\/wp\/v2\/posts\/344505\/revisions"}],"predecessor-version":[{"id":344523,"href":"https:\/\/www.intoscana.it\/it\/wp-json\/wp\/v2\/posts\/344505\/revisions\/344523"}],"wp:featuredmedia":[{"embeddable":true,"href":"https:\/\/www.intoscana.it\/it\/wp-json\/wp\/v2\/media\/344509"}],"wp:attachment":[{"href":"https:\/\/www.intoscana.it\/it\/wp-json\/wp\/v2\/media?parent=344505"}],"wp:term":[{"taxonomy":"category","embeddable":true,"href":"https:\/\/www.intoscana.it\/it\/wp-json\/wp\/v2\/categories?post=344505"},{"taxonomy":"post_tag","embeddable":true,"href":"https:\/\/www.intoscana.it\/it\/wp-json\/wp\/v2\/tags?post=344505"}],"curies":[{"name":"wp","href":"https:\/\/api.w.org\/{rel}","templated":true}]}}