{"id":344524,"date":"2024-06-10T16:58:12","date_gmt":"2024-06-10T14:58:12","guid":{"rendered":"https:\/\/www.intoscana.it\/it\/?p=344524"},"modified":"2024-06-11T08:43:48","modified_gmt":"2024-06-11T06:43:48","slug":"versilia-concerto-vasco-rossi-leonardo-badiali","status":"publish","type":"post","link":"https:\/\/www.intoscana.it\/it\/versilia-concerto-vasco-rossi-leonardo-badiali\/","title":{"rendered":"Dalla Versilia a San Siro per aprire il concerto di Vasco Rossi: &#8220;Una grande occasione. Per scaramanzia indosser\u00f2 qualcosa di rosso&#8221;"},"content":{"rendered":"<p>Arriva dalla Versilia il giovane cantautore che aprir\u00e0 domani, 11 giugno, il <strong>concerto di Vasco Rossi a San Siro: <\/strong>\u201c<em>Non ci posso credere ma \u00e8 successo davvero<\/em>\u201d. Classe 2001\u00a0 <strong>Leonardo Badiali,<\/strong> in arte <strong>Leo Badiali,<\/strong> giovane musicista di Querceta tra poche ore si esibir\u00e0 su uno dei palchi pi\u00f9 importanti insieme alla sua band ( Leonardo Boschi, Fabrizio Matta, Igor Fornaciari, Cesare Panizzi, Ian Toninelli, tutti diplomati al conservatorio Boito di Parma).<\/p>\n<p>Il pass per <em>Blasco<\/em> Badiali Badiali lo ha staccato grazie alla partecipazione al festival musicale \u201c<strong>Zocca Paese della musica<\/strong>\u201d, svoltosi a Zocca, nel modense, paese d&#8217;origine del Vasco nazionale. Lo Zocca Paese della musica \u00e8 contest nato dalla collaborazione con Vasco Rossi con l\u2019obiettivo di far emergere nuovi artisti e gruppi musicali di talento per dare l&#8217;oro l\u2019opportunit\u00e0 di aprire i suoi concerti in gito per l&#8217;Italia.<\/p>\n<p>Un&#8217;opportunit\u00e0 che Leo e la sua band non si sono fatti sfuggire: &#8220;<em>Quella sera<\/em> (la sera delle premiazioni del contest, ndr) <em>hanno iniziato a leggere i nomi delle band che avrebbero aperto le date di Vasco al San Nicola a Bari, e non ci stavano chiamando, poi quando hanno letto il nostro nome \u00e8 partito un boato<\/em>&#8220;, racconta Badiali.<\/p>\n<p>Nato a <strong>Massa<\/strong> ma cresciuto a <strong>Querceta,<\/strong> Leonardo ha incontrato la musica da piccolissimo grazie al padre Mario, cantautore, e al fratello maggiore Pierfrancesco, che gli trasmette la passione per le percussioni. Dopo la scuola media si iscrive al liceo Musicale Felice Palma di Massa, dove perfeziona anche lo studio della chitarra e del pianoforte. A partire dal 2016 milita in diverse formazioni, spaziando tra il rock, il funk, il jazz, la fusion e il pop, e nel 2018 partecipa allo show televisivo <strong>Italia&#8217;s Got Talent<\/strong> con il gruppo rock The M. Nello stesso anno diventa primo batterista della Silent King Big Band, l&#8217;orchestra jazz della Regione Toscana, diretta da Alberto Solari. Nel 2019 ottiene la borsa di Studio 2021 per l&#8217;Accademia Berklee di Boston e si aggiudica il primo posto al Contest Festival delle Apuane per la migliore interpretazione canora di un brano inedito. All&#8217;inizio del 2020 Badiali decide di dedicarsi all&#8217;attivit\u00e0 di compositore e paroliere e a settembre 2020 esordisce come cantautore con <strong>\u00c8 successo ancora<\/strong>, il suo primo brano inedito, prodotto da Marco Barusso e Guido Carli.<\/p>\n<p>Con gli altri dell&#8217;attuale formazione si conoscono al <strong>conservatorio di Parma<\/strong>: &#8220;<em>Una collaborazione professionale, ma soprattutto una grande amicizia<\/em>&#8220;, racconta ancora Badiali.<\/p>\n<h3><strong>Come ti senti e come vi sentite in vista dell&#8217;appuntamento di domani?<\/strong><\/h3>\n<p><em>\u201cSiamo carichi e molto felici, per noi \u00e8 un&#8217;occasione per esprimerci al massimo. Ovviamente un po\u2019 ansia \u00e8 normale che ci sia. Anche perch\u00e8 avremo l&#8217;occasione di incontrare Vasco e di scambiarci due parole\u201d<\/em><\/p>\n<h3><strong>Sei un fan di Vasco Rossi?\u00a0<\/strong><\/h3>\n<p><em>Assolutamente si. Poi l&#8217;accoppiata Vasco-San Siro \u00e8 quella vincente.<\/em><\/p>\n<h3><strong>Hai un rito scaramantico? Come ti prepari all&#8217;esibizione su questo grande palco?<\/strong><\/h3>\n<p><em>Non un vero e proprio rito scaramantico, ma prendendo ispirazione da Ivan Graziani, per me tra i pi\u00f9 grandi cantautori di sempre, cerco di indossare sempre qualcosa di rosso, ad esempio le mutande rosse\u00a0 <\/em>(che infatti Graziani metteva sempre, non solo a Capodanno).<\/p>\n<h3>Di cosa parlano le tue canzoni?<\/h3>\n<p><em>Domani, ad esempio, uscir\u00e0 un nuovo Ep con tre inediti. Nei miei testi parlo di tante cose, racconto ci\u00f2 che mi capita, che vivo, quello che ci tengo a fare \u00e8 essere sempre sincero: sincero con me stesso per essere sincero con gli altri. Ed \u00e8 questo ci\u00f2 che vorrei che arrivasse a chi mi ascolta.<\/em><\/p>\n<h3><strong>Dopo San Siro, possiamo anche parlare di prossimi obiettivi: quali sogni nel cassetto?<\/strong><\/h3>\n<p><em>Diciamo che ci piacerebbe riuscire a farci conoscere sempre di pi\u00f9, non per la fama ma perch\u00e8 vorrei che le mie canzoni arrivassero alle persone. Poi chiss\u00e0, magari un giorno un palco tutto mio come artista!<\/em><\/p>\n<p>Nell&#8217;immediato per\u00f2 c&#8217;\u00e8 Vasco e il pubblico di Vasco da conquistare, un tassello importante per il giovane talento versiliese che domani si esibir\u00e0 su un palco che molti sognano tutta la vita.<\/p>\n","protected":false},"excerpt":{"rendered":"<p>Si chiama Leonardo <a>Badiali, in arte Leo Badiali, e insieme alla sua band vivr\u00e0 il sogno di aprire il concerto del Blasco. Un&#8217;occasione arrivata grazie alla partecipazione al contest &#8220;Zocca paese della musica&#8221;<\/a><\/p>\n","protected":false},"author":503,"featured_media":344559,"comment_status":"open","ping_status":"open","sticky":false,"template":"","format":"standard","meta":{"_acf_changed":false,"footnotes":""},"categories":[14],"tags":[174,221,167],"class_list":["post-344524","post","type-post","status-publish","format-standard","has-post-thumbnail","hentry","category-musica","tag-arte","tag-giovani","tag-musica"],"acf":[],"yoast_head":"<!-- This site is optimized with the Yoast SEO Premium plugin v24.2 (Yoast SEO v25.6) - https:\/\/yoast.com\/wordpress\/plugins\/seo\/ -->\n<title>Dalla Versilia a San Siro per aprire il concerto di Vasco Rossi: &quot;Una grande occasione. Per scaramanzia indosser\u00f2 qualcosa di rosso&quot; - intoscana<\/title>\n<meta name=\"description\" content=\"Si chiama Leonardo Badiali e insieme alla sua band vivr\u00e0 il sogno di aprire il concerto del Blasco a San Siro\" \/>\n<meta name=\"robots\" content=\"index, follow, max-snippet:-1, max-image-preview:large, max-video-preview:-1\" \/>\n<link rel=\"canonical\" href=\"https:\/\/www.intoscana.it\/it\/versilia-concerto-vasco-rossi-leonardo-badiali\/\" \/>\n<meta property=\"og:locale\" content=\"it_IT\" \/>\n<meta property=\"og:type\" content=\"article\" \/>\n<meta property=\"og:title\" content=\"Dalla Versilia a San Siro per aprire il concerto di Vasco Rossi: &quot;Una grande occasione. Per scaramanzia indosser\u00f2 qualcosa di rosso&quot;\" \/>\n<meta property=\"og:description\" content=\"Si chiama Leonardo Badiali e insieme alla sua band vivr\u00e0 il sogno di aprire il concerto del Blasco a San Siro\" \/>\n<meta property=\"og:url\" content=\"https:\/\/www.intoscana.it\/it\/versilia-concerto-vasco-rossi-leonardo-badiali\/\" \/>\n<meta property=\"og:site_name\" content=\"intoscana\" \/>\n<meta property=\"article:publisher\" content=\"https:\/\/www.facebook.com\/intoscana.it\" \/>\n<meta property=\"article:published_time\" content=\"2024-06-10T14:58:12+00:00\" \/>\n<meta property=\"article:modified_time\" content=\"2024-06-11T06:43:48+00:00\" \/>\n<meta property=\"og:image\" content=\"https:\/\/www.intoscana.it\/wp-content\/uploads\/Leonardo-Badiali.jpg\" \/>\n\t<meta property=\"og:image:width\" content=\"1170\" \/>\n\t<meta property=\"og:image:height\" content=\"770\" \/>\n\t<meta property=\"og:image:type\" content=\"image\/jpeg\" \/>\n<meta name=\"author\" content=\"Giulia Rafanelli\" \/>\n<meta name=\"twitter:card\" content=\"summary_large_image\" \/>\n<meta name=\"twitter:creator\" content=\"@intoscana\" \/>\n<meta name=\"twitter:site\" content=\"@intoscana\" \/>\n<meta name=\"twitter:label1\" content=\"Written by\" \/>\n\t<meta name=\"twitter:data1\" content=\"Giulia Rafanelli\" \/>\n\t<meta name=\"twitter:label2\" content=\"Est. reading time\" \/>\n\t<meta name=\"twitter:data2\" content=\"4 minuti\" \/>\n<script type=\"application\/ld+json\" class=\"yoast-schema-graph\">{\"@context\":\"https:\/\/schema.org\",\"@graph\":[{\"@type\":\"WebPage\",\"@id\":\"https:\/\/www.intoscana.it\/it\/versilia-concerto-vasco-rossi-leonardo-badiali\/\",\"url\":\"https:\/\/www.intoscana.it\/it\/versilia-concerto-vasco-rossi-leonardo-badiali\/\",\"name\":\"Dalla Versilia a San Siro per aprire il concerto di Vasco Rossi: \\\"Una grande occasione. Per scaramanzia indosser\u00f2 qualcosa di rosso\\\" - intoscana\",\"isPartOf\":{\"@id\":\"https:\/\/www.intoscana.it\/it\/#website\"},\"primaryImageOfPage\":{\"@id\":\"https:\/\/www.intoscana.it\/it\/versilia-concerto-vasco-rossi-leonardo-badiali\/#primaryimage\"},\"image\":{\"@id\":\"https:\/\/www.intoscana.it\/it\/versilia-concerto-vasco-rossi-leonardo-badiali\/#primaryimage\"},\"thumbnailUrl\":\"https:\/\/www.intoscana.it\/wp-content\/uploads\/Leonardo-Badiali.jpg\",\"datePublished\":\"2024-06-10T14:58:12+00:00\",\"dateModified\":\"2024-06-11T06:43:48+00:00\",\"author\":{\"@id\":\"https:\/\/www.intoscana.it\/it\/#\/schema\/person\/333569b367b301e30262defcea56c939\"},\"description\":\"Si chiama Leonardo Badiali e insieme alla sua band vivr\u00e0 il sogno di aprire il concerto del Blasco a San Siro\",\"breadcrumb\":{\"@id\":\"https:\/\/www.intoscana.it\/it\/versilia-concerto-vasco-rossi-leonardo-badiali\/#breadcrumb\"},\"inLanguage\":\"it-IT\",\"potentialAction\":[{\"@type\":\"ReadAction\",\"target\":[\"https:\/\/www.intoscana.it\/it\/versilia-concerto-vasco-rossi-leonardo-badiali\/\"]}]},{\"@type\":\"ImageObject\",\"inLanguage\":\"it-IT\",\"@id\":\"https:\/\/www.intoscana.it\/it\/versilia-concerto-vasco-rossi-leonardo-badiali\/#primaryimage\",\"url\":\"https:\/\/www.intoscana.it\/wp-content\/uploads\/Leonardo-Badiali.jpg\",\"contentUrl\":\"https:\/\/www.intoscana.it\/wp-content\/uploads\/Leonardo-Badiali.jpg\",\"width\":1170,\"height\":770,\"caption\":\"Leonardo Badiali\"},{\"@type\":\"BreadcrumbList\",\"@id\":\"https:\/\/www.intoscana.it\/it\/versilia-concerto-vasco-rossi-leonardo-badiali\/#breadcrumb\",\"itemListElement\":[{\"@type\":\"ListItem\",\"position\":1,\"name\":\"Home\",\"item\":\"https:\/\/www.intoscana.it\/it\/\"},{\"@type\":\"ListItem\",\"position\":2,\"name\":\"Dalla Versilia a San Siro per aprire il concerto di Vasco Rossi: &#8220;Una grande occasione. Per scaramanzia indosser\u00f2 qualcosa di rosso&#8221;\"}]},{\"@type\":\"WebSite\",\"@id\":\"https:\/\/www.intoscana.it\/it\/#website\",\"url\":\"https:\/\/www.intoscana.it\/it\/\",\"name\":\"intoscana\",\"description\":\"\",\"potentialAction\":[{\"@type\":\"SearchAction\",\"target\":{\"@type\":\"EntryPoint\",\"urlTemplate\":\"https:\/\/www.intoscana.it\/it\/?s={search_term_string}\"},\"query-input\":{\"@type\":\"PropertyValueSpecification\",\"valueRequired\":true,\"valueName\":\"search_term_string\"}}],\"inLanguage\":\"it-IT\"},{\"@type\":\"Person\",\"@id\":\"https:\/\/www.intoscana.it\/it\/#\/schema\/person\/333569b367b301e30262defcea56c939\",\"name\":\"Giulia Rafanelli\",\"url\":\"https:\/\/www.intoscana.it\/it\/author\/giulia-rafanelli\/\"}]}<\/script>\n<!-- \/ Yoast SEO Premium plugin. -->","yoast_head_json":{"title":"Dalla Versilia a San Siro per aprire il concerto di Vasco Rossi: \"Una grande occasione. Per scaramanzia indosser\u00f2 qualcosa di rosso\" - intoscana","description":"Si chiama Leonardo Badiali e insieme alla sua band vivr\u00e0 il sogno di aprire il concerto del Blasco a San Siro","robots":{"index":"index","follow":"follow","max-snippet":"max-snippet:-1","max-image-preview":"max-image-preview:large","max-video-preview":"max-video-preview:-1"},"canonical":"https:\/\/www.intoscana.it\/it\/versilia-concerto-vasco-rossi-leonardo-badiali\/","og_locale":"it_IT","og_type":"article","og_title":"Dalla Versilia a San Siro per aprire il concerto di Vasco Rossi: \"Una grande occasione. Per scaramanzia indosser\u00f2 qualcosa di rosso\"","og_description":"Si chiama Leonardo Badiali e insieme alla sua band vivr\u00e0 il sogno di aprire il concerto del Blasco a San Siro","og_url":"https:\/\/www.intoscana.it\/it\/versilia-concerto-vasco-rossi-leonardo-badiali\/","og_site_name":"intoscana","article_publisher":"https:\/\/www.facebook.com\/intoscana.it","article_published_time":"2024-06-10T14:58:12+00:00","article_modified_time":"2024-06-11T06:43:48+00:00","og_image":[{"width":1170,"height":770,"url":"https:\/\/www.intoscana.it\/wp-content\/uploads\/Leonardo-Badiali.jpg","type":"image\/jpeg"}],"author":"Giulia Rafanelli","twitter_card":"summary_large_image","twitter_creator":"@intoscana","twitter_site":"@intoscana","twitter_misc":{"Written by":"Giulia Rafanelli","Est. reading time":"4 minuti"},"schema":{"@context":"https:\/\/schema.org","@graph":[{"@type":"WebPage","@id":"https:\/\/www.intoscana.it\/it\/versilia-concerto-vasco-rossi-leonardo-badiali\/","url":"https:\/\/www.intoscana.it\/it\/versilia-concerto-vasco-rossi-leonardo-badiali\/","name":"Dalla Versilia a San Siro per aprire il concerto di Vasco Rossi: \"Una grande occasione. Per scaramanzia indosser\u00f2 qualcosa di rosso\" - intoscana","isPartOf":{"@id":"https:\/\/www.intoscana.it\/it\/#website"},"primaryImageOfPage":{"@id":"https:\/\/www.intoscana.it\/it\/versilia-concerto-vasco-rossi-leonardo-badiali\/#primaryimage"},"image":{"@id":"https:\/\/www.intoscana.it\/it\/versilia-concerto-vasco-rossi-leonardo-badiali\/#primaryimage"},"thumbnailUrl":"https:\/\/www.intoscana.it\/wp-content\/uploads\/Leonardo-Badiali.jpg","datePublished":"2024-06-10T14:58:12+00:00","dateModified":"2024-06-11T06:43:48+00:00","author":{"@id":"https:\/\/www.intoscana.it\/it\/#\/schema\/person\/333569b367b301e30262defcea56c939"},"description":"Si chiama Leonardo Badiali e insieme alla sua band vivr\u00e0 il sogno di aprire il concerto del Blasco a San Siro","breadcrumb":{"@id":"https:\/\/www.intoscana.it\/it\/versilia-concerto-vasco-rossi-leonardo-badiali\/#breadcrumb"},"inLanguage":"it-IT","potentialAction":[{"@type":"ReadAction","target":["https:\/\/www.intoscana.it\/it\/versilia-concerto-vasco-rossi-leonardo-badiali\/"]}]},{"@type":"ImageObject","inLanguage":"it-IT","@id":"https:\/\/www.intoscana.it\/it\/versilia-concerto-vasco-rossi-leonardo-badiali\/#primaryimage","url":"https:\/\/www.intoscana.it\/wp-content\/uploads\/Leonardo-Badiali.jpg","contentUrl":"https:\/\/www.intoscana.it\/wp-content\/uploads\/Leonardo-Badiali.jpg","width":1170,"height":770,"caption":"Leonardo Badiali"},{"@type":"BreadcrumbList","@id":"https:\/\/www.intoscana.it\/it\/versilia-concerto-vasco-rossi-leonardo-badiali\/#breadcrumb","itemListElement":[{"@type":"ListItem","position":1,"name":"Home","item":"https:\/\/www.intoscana.it\/it\/"},{"@type":"ListItem","position":2,"name":"Dalla Versilia a San Siro per aprire il concerto di Vasco Rossi: &#8220;Una grande occasione. Per scaramanzia indosser\u00f2 qualcosa di rosso&#8221;"}]},{"@type":"WebSite","@id":"https:\/\/www.intoscana.it\/it\/#website","url":"https:\/\/www.intoscana.it\/it\/","name":"intoscana","description":"","potentialAction":[{"@type":"SearchAction","target":{"@type":"EntryPoint","urlTemplate":"https:\/\/www.intoscana.it\/it\/?s={search_term_string}"},"query-input":{"@type":"PropertyValueSpecification","valueRequired":true,"valueName":"search_term_string"}}],"inLanguage":"it-IT"},{"@type":"Person","@id":"https:\/\/www.intoscana.it\/it\/#\/schema\/person\/333569b367b301e30262defcea56c939","name":"Giulia Rafanelli","url":"https:\/\/www.intoscana.it\/it\/author\/giulia-rafanelli\/"}]}},"_links":{"self":[{"href":"https:\/\/www.intoscana.it\/it\/wp-json\/wp\/v2\/posts\/344524","targetHints":{"allow":["GET"]}}],"collection":[{"href":"https:\/\/www.intoscana.it\/it\/wp-json\/wp\/v2\/posts"}],"about":[{"href":"https:\/\/www.intoscana.it\/it\/wp-json\/wp\/v2\/types\/post"}],"author":[{"embeddable":true,"href":"https:\/\/www.intoscana.it\/it\/wp-json\/wp\/v2\/users\/503"}],"replies":[{"embeddable":true,"href":"https:\/\/www.intoscana.it\/it\/wp-json\/wp\/v2\/comments?post=344524"}],"version-history":[{"count":4,"href":"https:\/\/www.intoscana.it\/it\/wp-json\/wp\/v2\/posts\/344524\/revisions"}],"predecessor-version":[{"id":344566,"href":"https:\/\/www.intoscana.it\/it\/wp-json\/wp\/v2\/posts\/344524\/revisions\/344566"}],"wp:featuredmedia":[{"embeddable":true,"href":"https:\/\/www.intoscana.it\/it\/wp-json\/wp\/v2\/media\/344559"}],"wp:attachment":[{"href":"https:\/\/www.intoscana.it\/it\/wp-json\/wp\/v2\/media?parent=344524"}],"wp:term":[{"taxonomy":"category","embeddable":true,"href":"https:\/\/www.intoscana.it\/it\/wp-json\/wp\/v2\/categories?post=344524"},{"taxonomy":"post_tag","embeddable":true,"href":"https:\/\/www.intoscana.it\/it\/wp-json\/wp\/v2\/tags?post=344524"}],"curies":[{"name":"wp","href":"https:\/\/api.w.org\/{rel}","templated":true}]}}