{"id":344660,"date":"2024-06-11T14:41:11","date_gmt":"2024-06-11T12:41:11","guid":{"rendered":"https:\/\/www.intoscana.it\/it\/?p=344660"},"modified":"2024-06-13T09:11:12","modified_gmt":"2024-06-13T07:11:12","slug":"carrara-si-candida-come-capitale-italiana-dellarte-contemporanea-2026","status":"publish","type":"post","link":"https:\/\/www.intoscana.it\/it\/carrara-si-candida-come-capitale-italiana-dellarte-contemporanea-2026\/","title":{"rendered":"Carrara si candida come Capitale Italiana dell&#8217;Arte Contemporanea 2026"},"content":{"rendered":"<p><strong>La citt\u00e0 di Carrara<\/strong> ha ufficializzato la sua candidatura come <strong>Capitale Italiana dell\u2019Arte Contemporanea 2026<\/strong>.<\/p>\n<p>\u00c8 cominciato il percorso della <strong>citt\u00e0 del marmo<\/strong> per presentare la propria candidatura:<strong> \u00e8 la prima citt\u00e0 toscana<\/strong> che compie il primo passo verso il <strong>nuovo riconoscimento<\/strong> istituito dal <strong>Ministero della Cultura<\/strong> con la <strong>legge di bilancio 2024.<\/strong><\/p>\n<p>Il Comune di Carrara si sta adesso occupando di predisporre la proposta da sottoporre al <strong>Ministero della Cultura<\/strong> con il coinvolgimento di numerose realt\u00e0 del territorio, sia pubbliche che private, e il supporto tecnico della <strong>Fondazione Fitzcarraldo di Torino.<\/strong><\/p>\n<p><strong>Il comitato tecnico e curatoriale<\/strong> sar\u00e0 invece composto dal <strong>direttore della candidatura Franco Bianchini<\/strong> affiancato da <strong>Pasquale Direse, Federico Giannini, Emanuele Guidi, Alberto Gulli, Maura Crudeli e Cinzia Compalati.<\/strong><\/p>\n<p><strong>Il dossier definitivo dovr\u00e0 essere inviato a Roma entro il 30 giugno<\/strong> poi, tra tutte le candidature presentate, <strong>a settembre la giuria selezioner\u00e0 la cinquina dei finalisti<\/strong> ed entro la fine di ottobre il progetto prescelto sar\u00e0 proposto al Ministro.<\/p>\n<p>Il riconoscimento di <strong>Capitale Italiana dell&#8217;Arte Contemporanea<\/strong> \u00e8 stato istituito dal <strong>Ministero della Cultura<\/strong> per incoraggiare e sostenere la capacit\u00e0 progettuale e attuativa delle citt\u00e0 italiane nel campo della promozione e valorizzazione dell\u2019arte contemporanea.<\/p>\n<p>Il bando finanzia progetti culturali che prevedono attivit\u00e0 come <strong>mostre, festival e rassegne,<\/strong> oltre alla<strong> realizzazione e la riqualificazione di spazi e aree dedicate alla fruizione dell\u2019arte contemporanea.<\/strong><\/p>\n<p>Per questo sono numerosi e diversi tra loro gli aspetti che dovranno essere contenuti nel dossier e che dovranno abbracciare tutto il 2026.<strong> Il dossier di candidatura dovr\u00e0 specificare anche le ricadute<\/strong> che si ipotizza che questi possano lasciare sul territorio o ancora la <strong>loro sostenibilit\u00e0 economico-finanziaria.<\/strong><\/p>\n<p><em>\u201cSostengo la candidatura di Carrara a capitale italiana dell\u2019arte contemporanea 2026&#8243; &#8211; <\/em><strong>ha detto il presidente della Regione Toscana <\/strong><em>\u00a0&#8211; &#8220;Crediamo fortemente nell\u2019arte contemporanea in una regione che vanta uno straordinario patrimonio storico-artistico, architettonico e paesaggistico, celebrato e riconosciuto in tutto il mondo. Dobbiamo aggiungere oggi varie esperienze artistiche di rilievo e realizzazioni in grado di tracciare linee di &#8216;continuit\u00e0&#8217; o di rinnovamento rispetto alle evidenze del ricchissimo passato, e Carrara \u00e8 in linea perfetta con una simile vocazione. Carrara citt\u00e0 creativa Unesco, Carrara con il suo marmo, con il suo genio, grazie a questa candidatura, potr\u00e0 cogliere adesso un\u2019occasione preziosa per generare e potenziare sul suo territorio una rete fatta di tante attitudini e di eccellenze mettendole a sistema. E sar\u00e0 questo un modo per dare un nuovo slancio alla promozione dell\u2019arte contemporanea, alla rigenerazione urbana attraverso il recupero di spazi per la cultura e alla valorizzazione di giovani artisti locali e internazionali grazie all&#8217;impegno e al lavoro della sindaca Serena Arrighi\u201d.<\/em><\/p>\n<p><em>\u201cPer noi questo bando rappresenta un po\u2019 un manifesto di quello che vogliamo costruire a Carrara<\/em> \u2013 <strong>ha spiegato la sindaca di Carrara<\/strong> -, <em>ho sempre detto chiaramente di considerare la cultura un imprescindibile volano di sviluppo e di rilancio per la nostra citt\u00e0 e questo \u00e8 un passo concreto verso questa direzione. Carrara, come riporta il titolo scelto per questa candidatura, \u00e8 realmente \u2018contemporanea da 2mila anni\u2019 perch\u00e9 \u00e8 dai tempi dei romani che qui si trasforma la materia e si sperimenta. Secolo dopo secolo sono cambiate le forme, i gusti, le tecniche, ma Carrara, Citt\u00e0 Creativa Unesco per l\u2019Arte e l\u2019Artigianato, \u00e8 sempre rimasta una citt\u00e0 del fare e allo stesso tempo una citt\u00e0 di tradizione e una citt\u00e0 di innovazione. Il nostro compito e il nostro obiettivo sono ora quelli di mettere a sistema tutto quello che la citt\u00e0 pu\u00f2 offrire e di farlo con una visione di alto respiro. Se vogliamo che Carrara tenga il passo della propria storia c\u2019\u00e8 bisogno di programmazione e di progettualit\u00e0. Aggiudicarci il titolo di Capitale italiana dell\u2019Arte Contemporanea sarebbe una magnifica occasione per dare maggiore visibilit\u00e0 al nostro territorio, ma anche per sviluppare idee e dare spazio alle tante realt\u00e0 artistiche, piccole e grandi, che sono presenti in citt\u00e0. Sono convinta che Carrara sia gi\u00e0 una delle tante capitali italiane dell\u2019arte contemporanea, a prescindere dall\u2019aggiudicarsi o meno il titolo. In questi mesi con il supporto di Fondazione Fitzcarraldo si \u00e8 gi\u00e0 potuto innescare un processo virtuoso di riflessione sulla nostra citt\u00e0, sui suoi tanti punti di forza e sugli aspetti che invece richiedono interventi. Si tratta di un processo non semplice, ma altamente stimolante che ci d\u00e0 la possibilit\u00e0 di rapportarci con tantissime realt\u00e0 del territorio, sia pubbliche che private, e con professionisti dei diversi campi e diversi settori. In ogni caso, siamo certi che tutto questo lavoro non andr\u00e0 sprecato, ma ci lascer\u00e0 un bagaglio di conoscenze e di indicazioni sul quale continuare a costruire la Carrara di domani\u201d.<\/em><\/p>\n<p><em>\u201cLa partecipazione di Carrara a Capitale dell\u2019arte contemporanea 2026 risponde appieno agli obiettivi del bando ministeriale, che punta molto sulla creazione di reti tra pubblico e privato per la promozione dell\u2019arte contemporanea, sulla rigenerazione urbana attraverso il recupero di spazi per la cultura e sulla valorizzazione dei giovani artisti locali e non, anche attraverso il sistema delle residenze d\u2019artista<\/em> \u2013 <strong>ha spiega l\u2019assessore alla Cultura del Comune di Carrara<\/strong> -. <em>Su molti di questi obiettivi si sta gi\u00e0 lavorando da tempo anche grazie alle azioni intraprese da Carrara citt\u00e0 creativa Unesco, si pensi per esempio a Carrara Studi Aperti, alla Project Room, al simposio internazionale Unesco dei giovani scultori e alle molte connessioni attivate in diversi progetti con soggetti culturali vari del territorio, dalle fondazioni alle associazioni. Sar\u00e0 ora fondamentale per questa candidatura rafforzare ulteriormente questa cooperazione e la disponibilit\u00e0 raccolta ad oggi \u00e8 stata davvero ottima da parte di tutti coloro che sono stati chiamati a sostenere e promuovere questa mission. La candidatura sar\u00e0 inoltre un ulteriore input per dare gambe a molti progetti di rigenerazione urbana attraverso l\u2019arte contemporanea. Carrara \u00e8 da sempre meta e sede di giovani artisti nazionali e internazionali, molti dei quali, formatisi nella nostra Accademia, scelgono poi di vivere nella nostra citt\u00e0 per affinare la loro vocazione creativa, anche con il confronto con i nostri artigiani e i loro antichi e preziosi saperi. Contiamo con questa candidatura di costruire per loro un terreno ancor pi\u00f9 ricettivo e sistemico, che possa offrire opportunit\u00e0 concrete di crescita e di sviluppo alle nuove generazioni di artisti e creativi, che sceglieranno la nostra citt\u00e0 come laboratorio del contemporaneo\u201d.<\/em><\/p>\n","protected":false},"excerpt":{"rendered":"<p>Il dossier definitivo dovr\u00e0 essere inviato a Roma entro il 30 giugno poi, tra tutte le candidature presentate, nel mese di settembre la giuria selezioner\u00e0 la cinquina dei finalisti ed entro la fine di ottobre il progetto prescelto sar\u00e0 proposto al Ministro<\/p>\n","protected":false},"author":525,"featured_media":291284,"comment_status":"open","ping_status":"open","sticky":false,"template":"","format":"standard","meta":{"_acf_changed":false,"footnotes":""},"categories":[494],"tags":[227,268],"class_list":["post-344660","post","type-post","status-publish","format-standard","has-post-thumbnail","hentry","category-attualita","tag-arte-contemporanea","tag-carrara"],"acf":[],"yoast_head":"<!-- This site is optimized with the Yoast SEO Premium plugin v24.2 (Yoast SEO v25.6) - https:\/\/yoast.com\/wordpress\/plugins\/seo\/ -->\n<title>Carrara si candida come Capitale Italiana dell&#039;Arte Contemporanea 2026 - intoscana<\/title>\n<meta name=\"description\" content=\"Il dossier definitivo dovr\u00e0 essere inviato a Roma entro il 30 giugno poi a settembre la giuria selezioner\u00e0 la cinquina dei finalisti\" \/>\n<meta name=\"robots\" content=\"index, follow, max-snippet:-1, max-image-preview:large, max-video-preview:-1\" \/>\n<link rel=\"canonical\" href=\"https:\/\/www.intoscana.it\/it\/carrara-si-candida-come-capitale-italiana-dellarte-contemporanea-2026\/\" \/>\n<meta property=\"og:locale\" content=\"it_IT\" \/>\n<meta property=\"og:type\" content=\"article\" \/>\n<meta property=\"og:title\" content=\"Carrara si candida come Capitale Italiana dell&#039;Arte Contemporanea 2026\" \/>\n<meta property=\"og:description\" content=\"Il dossier definitivo dovr\u00e0 essere inviato a Roma entro il 30 giugno poi a settembre la giuria selezioner\u00e0 la cinquina dei finalisti\" \/>\n<meta property=\"og:url\" content=\"https:\/\/www.intoscana.it\/it\/carrara-si-candida-come-capitale-italiana-dellarte-contemporanea-2026\/\" \/>\n<meta property=\"og:site_name\" content=\"intoscana\" \/>\n<meta property=\"article:publisher\" content=\"https:\/\/www.facebook.com\/intoscana.it\" \/>\n<meta property=\"article:published_time\" content=\"2024-06-11T12:41:11+00:00\" \/>\n<meta property=\"article:modified_time\" content=\"2024-06-13T07:11:12+00:00\" \/>\n<meta property=\"og:image\" content=\"https:\/\/www.intoscana.it\/wp-content\/uploads\/MOG-2-courtesy-Giuseppe-DAleo-500x326.jpg\" \/>\n\t<meta property=\"og:image:width\" content=\"500\" \/>\n\t<meta property=\"og:image:height\" content=\"326\" \/>\n\t<meta property=\"og:image:type\" content=\"image\/jpeg\" \/>\n<meta name=\"author\" content=\"Redazione\" \/>\n<meta name=\"twitter:card\" content=\"summary_large_image\" \/>\n<meta name=\"twitter:creator\" content=\"@intoscana\" \/>\n<meta name=\"twitter:site\" content=\"@intoscana\" \/>\n<meta name=\"twitter:label1\" content=\"Written by\" \/>\n\t<meta name=\"twitter:data1\" content=\"Redazione\" \/>\n\t<meta name=\"twitter:label2\" content=\"Est. reading time\" \/>\n\t<meta name=\"twitter:data2\" content=\"6 minuti\" \/>\n<script type=\"application\/ld+json\" class=\"yoast-schema-graph\">{\"@context\":\"https:\/\/schema.org\",\"@graph\":[{\"@type\":\"WebPage\",\"@id\":\"https:\/\/www.intoscana.it\/it\/carrara-si-candida-come-capitale-italiana-dellarte-contemporanea-2026\/\",\"url\":\"https:\/\/www.intoscana.it\/it\/carrara-si-candida-come-capitale-italiana-dellarte-contemporanea-2026\/\",\"name\":\"Carrara si candida come Capitale Italiana dell'Arte Contemporanea 2026 - intoscana\",\"isPartOf\":{\"@id\":\"https:\/\/www.intoscana.it\/it\/#website\"},\"primaryImageOfPage\":{\"@id\":\"https:\/\/www.intoscana.it\/it\/carrara-si-candida-come-capitale-italiana-dellarte-contemporanea-2026\/#primaryimage\"},\"image\":{\"@id\":\"https:\/\/www.intoscana.it\/it\/carrara-si-candida-come-capitale-italiana-dellarte-contemporanea-2026\/#primaryimage\"},\"thumbnailUrl\":\"https:\/\/www.intoscana.it\/wp-content\/uploads\/MOG-2-courtesy-Giuseppe-DAleo.jpg\",\"datePublished\":\"2024-06-11T12:41:11+00:00\",\"dateModified\":\"2024-06-13T07:11:12+00:00\",\"author\":{\"@id\":\"https:\/\/www.intoscana.it\/it\/#\/schema\/person\/9223810753230f20bd670fdd322661f8\"},\"description\":\"Il dossier definitivo dovr\u00e0 essere inviato a Roma entro il 30 giugno poi a settembre la giuria selezioner\u00e0 la cinquina dei finalisti\",\"breadcrumb\":{\"@id\":\"https:\/\/www.intoscana.it\/it\/carrara-si-candida-come-capitale-italiana-dellarte-contemporanea-2026\/#breadcrumb\"},\"inLanguage\":\"it-IT\",\"potentialAction\":[{\"@type\":\"ReadAction\",\"target\":[\"https:\/\/www.intoscana.it\/it\/carrara-si-candida-come-capitale-italiana-dellarte-contemporanea-2026\/\"]}]},{\"@type\":\"ImageObject\",\"inLanguage\":\"it-IT\",\"@id\":\"https:\/\/www.intoscana.it\/it\/carrara-si-candida-come-capitale-italiana-dellarte-contemporanea-2026\/#primaryimage\",\"url\":\"https:\/\/www.intoscana.it\/wp-content\/uploads\/MOG-2-courtesy-Giuseppe-DAleo.jpg\",\"contentUrl\":\"https:\/\/www.intoscana.it\/wp-content\/uploads\/MOG-2-courtesy-Giuseppe-DAleo.jpg\",\"width\":1920,\"height\":1251},{\"@type\":\"BreadcrumbList\",\"@id\":\"https:\/\/www.intoscana.it\/it\/carrara-si-candida-come-capitale-italiana-dellarte-contemporanea-2026\/#breadcrumb\",\"itemListElement\":[{\"@type\":\"ListItem\",\"position\":1,\"name\":\"Home\",\"item\":\"https:\/\/www.intoscana.it\/it\/\"},{\"@type\":\"ListItem\",\"position\":2,\"name\":\"Carrara si candida come Capitale Italiana dell&#8217;Arte Contemporanea 2026\"}]},{\"@type\":\"WebSite\",\"@id\":\"https:\/\/www.intoscana.it\/it\/#website\",\"url\":\"https:\/\/www.intoscana.it\/it\/\",\"name\":\"intoscana\",\"description\":\"\",\"potentialAction\":[{\"@type\":\"SearchAction\",\"target\":{\"@type\":\"EntryPoint\",\"urlTemplate\":\"https:\/\/www.intoscana.it\/it\/?s={search_term_string}\"},\"query-input\":{\"@type\":\"PropertyValueSpecification\",\"valueRequired\":true,\"valueName\":\"search_term_string\"}}],\"inLanguage\":\"it-IT\"},{\"@type\":\"Person\",\"@id\":\"https:\/\/www.intoscana.it\/it\/#\/schema\/person\/9223810753230f20bd670fdd322661f8\",\"name\":\"Redazione\",\"url\":\"https:\/\/www.intoscana.it\/it\/author\/redazione\/\"}]}<\/script>\n<!-- \/ Yoast SEO Premium plugin. -->","yoast_head_json":{"title":"Carrara si candida come Capitale Italiana dell'Arte Contemporanea 2026 - intoscana","description":"Il dossier definitivo dovr\u00e0 essere inviato a Roma entro il 30 giugno poi a settembre la giuria selezioner\u00e0 la cinquina dei finalisti","robots":{"index":"index","follow":"follow","max-snippet":"max-snippet:-1","max-image-preview":"max-image-preview:large","max-video-preview":"max-video-preview:-1"},"canonical":"https:\/\/www.intoscana.it\/it\/carrara-si-candida-come-capitale-italiana-dellarte-contemporanea-2026\/","og_locale":"it_IT","og_type":"article","og_title":"Carrara si candida come Capitale Italiana dell'Arte Contemporanea 2026","og_description":"Il dossier definitivo dovr\u00e0 essere inviato a Roma entro il 30 giugno poi a settembre la giuria selezioner\u00e0 la cinquina dei finalisti","og_url":"https:\/\/www.intoscana.it\/it\/carrara-si-candida-come-capitale-italiana-dellarte-contemporanea-2026\/","og_site_name":"intoscana","article_publisher":"https:\/\/www.facebook.com\/intoscana.it","article_published_time":"2024-06-11T12:41:11+00:00","article_modified_time":"2024-06-13T07:11:12+00:00","og_image":[{"width":500,"height":326,"url":"https:\/\/www.intoscana.it\/wp-content\/uploads\/MOG-2-courtesy-Giuseppe-DAleo-500x326.jpg","type":"image\/jpeg"}],"author":"Redazione","twitter_card":"summary_large_image","twitter_creator":"@intoscana","twitter_site":"@intoscana","twitter_misc":{"Written by":"Redazione","Est. reading time":"6 minuti"},"schema":{"@context":"https:\/\/schema.org","@graph":[{"@type":"WebPage","@id":"https:\/\/www.intoscana.it\/it\/carrara-si-candida-come-capitale-italiana-dellarte-contemporanea-2026\/","url":"https:\/\/www.intoscana.it\/it\/carrara-si-candida-come-capitale-italiana-dellarte-contemporanea-2026\/","name":"Carrara si candida come Capitale Italiana dell'Arte Contemporanea 2026 - intoscana","isPartOf":{"@id":"https:\/\/www.intoscana.it\/it\/#website"},"primaryImageOfPage":{"@id":"https:\/\/www.intoscana.it\/it\/carrara-si-candida-come-capitale-italiana-dellarte-contemporanea-2026\/#primaryimage"},"image":{"@id":"https:\/\/www.intoscana.it\/it\/carrara-si-candida-come-capitale-italiana-dellarte-contemporanea-2026\/#primaryimage"},"thumbnailUrl":"https:\/\/www.intoscana.it\/wp-content\/uploads\/MOG-2-courtesy-Giuseppe-DAleo.jpg","datePublished":"2024-06-11T12:41:11+00:00","dateModified":"2024-06-13T07:11:12+00:00","author":{"@id":"https:\/\/www.intoscana.it\/it\/#\/schema\/person\/9223810753230f20bd670fdd322661f8"},"description":"Il dossier definitivo dovr\u00e0 essere inviato a Roma entro il 30 giugno poi a settembre la giuria selezioner\u00e0 la cinquina dei finalisti","breadcrumb":{"@id":"https:\/\/www.intoscana.it\/it\/carrara-si-candida-come-capitale-italiana-dellarte-contemporanea-2026\/#breadcrumb"},"inLanguage":"it-IT","potentialAction":[{"@type":"ReadAction","target":["https:\/\/www.intoscana.it\/it\/carrara-si-candida-come-capitale-italiana-dellarte-contemporanea-2026\/"]}]},{"@type":"ImageObject","inLanguage":"it-IT","@id":"https:\/\/www.intoscana.it\/it\/carrara-si-candida-come-capitale-italiana-dellarte-contemporanea-2026\/#primaryimage","url":"https:\/\/www.intoscana.it\/wp-content\/uploads\/MOG-2-courtesy-Giuseppe-DAleo.jpg","contentUrl":"https:\/\/www.intoscana.it\/wp-content\/uploads\/MOG-2-courtesy-Giuseppe-DAleo.jpg","width":1920,"height":1251},{"@type":"BreadcrumbList","@id":"https:\/\/www.intoscana.it\/it\/carrara-si-candida-come-capitale-italiana-dellarte-contemporanea-2026\/#breadcrumb","itemListElement":[{"@type":"ListItem","position":1,"name":"Home","item":"https:\/\/www.intoscana.it\/it\/"},{"@type":"ListItem","position":2,"name":"Carrara si candida come Capitale Italiana dell&#8217;Arte Contemporanea 2026"}]},{"@type":"WebSite","@id":"https:\/\/www.intoscana.it\/it\/#website","url":"https:\/\/www.intoscana.it\/it\/","name":"intoscana","description":"","potentialAction":[{"@type":"SearchAction","target":{"@type":"EntryPoint","urlTemplate":"https:\/\/www.intoscana.it\/it\/?s={search_term_string}"},"query-input":{"@type":"PropertyValueSpecification","valueRequired":true,"valueName":"search_term_string"}}],"inLanguage":"it-IT"},{"@type":"Person","@id":"https:\/\/www.intoscana.it\/it\/#\/schema\/person\/9223810753230f20bd670fdd322661f8","name":"Redazione","url":"https:\/\/www.intoscana.it\/it\/author\/redazione\/"}]}},"_links":{"self":[{"href":"https:\/\/www.intoscana.it\/it\/wp-json\/wp\/v2\/posts\/344660","targetHints":{"allow":["GET"]}}],"collection":[{"href":"https:\/\/www.intoscana.it\/it\/wp-json\/wp\/v2\/posts"}],"about":[{"href":"https:\/\/www.intoscana.it\/it\/wp-json\/wp\/v2\/types\/post"}],"author":[{"embeddable":true,"href":"https:\/\/www.intoscana.it\/it\/wp-json\/wp\/v2\/users\/525"}],"replies":[{"embeddable":true,"href":"https:\/\/www.intoscana.it\/it\/wp-json\/wp\/v2\/comments?post=344660"}],"version-history":[{"count":12,"href":"https:\/\/www.intoscana.it\/it\/wp-json\/wp\/v2\/posts\/344660\/revisions"}],"predecessor-version":[{"id":344979,"href":"https:\/\/www.intoscana.it\/it\/wp-json\/wp\/v2\/posts\/344660\/revisions\/344979"}],"wp:featuredmedia":[{"embeddable":true,"href":"https:\/\/www.intoscana.it\/it\/wp-json\/wp\/v2\/media\/291284"}],"wp:attachment":[{"href":"https:\/\/www.intoscana.it\/it\/wp-json\/wp\/v2\/media?parent=344660"}],"wp:term":[{"taxonomy":"category","embeddable":true,"href":"https:\/\/www.intoscana.it\/it\/wp-json\/wp\/v2\/categories?post=344660"},{"taxonomy":"post_tag","embeddable":true,"href":"https:\/\/www.intoscana.it\/it\/wp-json\/wp\/v2\/tags?post=344660"}],"curies":[{"name":"wp","href":"https:\/\/api.w.org\/{rel}","templated":true}]}}