{"id":344869,"date":"2024-06-12T14:02:10","date_gmt":"2024-06-12T12:02:10","guid":{"rendered":"https:\/\/www.intoscana.it\/it\/?p=344869"},"modified":"2024-06-13T10:34:45","modified_gmt":"2024-06-13T08:34:45","slug":"consiglio-regionale-ricordo-pescini","status":"publish","type":"post","link":"https:\/\/www.intoscana.it\/it\/consiglio-regionale-ricordo-pescini\/","title":{"rendered":"Il consiglio regionale ricorda Massimiliano Pescini: &#8220;Un uomo dalle grandi qualit\u00e0 politiche e umane&#8221;"},"content":{"rendered":"<p><em>Un uomo di grande caratura politica e con grandi qualit\u00e0 umane. Una persona gentile con tutti, a partire dai dipendenti, generosa e competente, che aveva una straordinaria capacit\u00e0 di ascoltare, di tendere una mano e di trovare una soluzione.<\/em><\/p>\n<p>Con queste parole questa mattina, 12 giugno, il presidente del Consiglio regionale ha ricordato <a href=\"https:\/\/www.intoscana.it\/it\/lutto-nel-mondo-della-politica-toscana-e-morto-a-49-anni-il-consigliere-massimiliano-pescini\/\">Massimiliano Pescini<\/a>, consigliere regionale recentemente scomparso.<\/p>\n<p>Un ricordo sentito, commosso e partecipato preceduto da un minuto di silenzio e un lunghissimo applauso. In Aula i consiglieri regionali, il presidente e la Giunta, i sindaci della circoscrizione in cui \u00e8 stato eletto e le autorit\u00e0, la famiglia e gli amici hanno commemorato il consigliere regionale, scomparso prematuramente il 25 maggio scorso dopo una breve malattia. Pescini, che prima di essere eletto nell\u2019Assemblea toscana ha ricoperto, tra i vari incarichi, quello di sindaco di San Casciano Val di Pesa, avrebbe compiuto 50 anni il prossimo settembre. Sul suo scranno vuoto, un mazzo di fiori.<\/p>\n<p>Salutando i presenti, con un abbraccio particolare alla compagna Marina con la figlia Giulia e ai genitori Silvano e Manola, il presidente ha sottolineato come chiunque abbia conosciuto Pescini abbia apprezzato le sue doti politiche ma prima ancora le sue qualit\u00e0 umane, le sue doti intellettuali, la sua capacit\u00e0 di essere punto di riferimento, di equilibrio e, molto spesso, di mediazione.<\/p>\n<p>Il presidente ha annunciato che insieme ai colleghi il Consiglio si \u00e8 preso l\u2019impegno di tenere vivo il suo insegnamento con iniziative da promuovere insieme, perch\u00e9 i giovani e chi viene dopo sappiano chi fosse e quanto sia un simbolo che la buona politica esiste.<\/p>\n<p>Il presidente della Giunta regionale ha definito Pescini un amico e ricordato che il giorno in cui si sono manifestati i sintomi della sua malattia non voleva abbandonare la seduta del Consiglio in corso. Era generoso, metteva s\u00e9 stesso sempre in secondo piano, ha detto il presidente, aveva carisma e avrebbe fatto molta strada per la grande stima che godeva da parte di tutti. La politica oggi, ha commentato, sta diventando una rissa continua a causa dei social, per cui pi\u00f9 si \u00e8 brutali pi\u00f9 si hanno consensi; ma, Massimiliano Pescini era l\u2019antitesi di tutto questo, era il volto bello di una politica che cerca il dialogo e che sa ascoltare.<\/p>\n<p style=\"font-weight: 400;\">\u201cDa soli si va pi\u00f9 veloci, insieme si va pi\u00f9 lontano\u201d Erano le parole che Massimiliano Pescini aveva scritto sulla pagina che apriva il suo sito. Parole ricordate dal capogruppo del Partito democratico e condivise dal sindaco di San Casciano in Val di Pesa, comune di cui Pescini \u00e8 stato sindaco dal 2009 al 2019.<\/p>\n<p style=\"font-weight: 400;\">Il sindaco \u00e8 intervenuto dopo che il presidente dell\u2019Assemblea legislativa ha riportato il saluto e il ringraziamento a Pescini di tutte le dipendenti e i dipendenti del Consiglio regionale.<\/p>\n<p style=\"font-weight: 400;\">Il primo cittadino di San Casciano ha sottolineato come per tutti sia stato un grande privilegio conoscere e lavorare con Massimiliano Pescini. Stare vicino a una persona con una grande capacit\u00e0 umana e politica e che diceva che chi faceva politica doveva sempre avere le parole per spiegare qualcosa. Ora, ha commentato, non ci sono parole per spiegare il vuoto che lascia nella comunit\u00e0 che ha apprezzato e amato come il territorio del Chianti. Pescini, ha proseguito, aveva grande capacit\u00e0 politica e grandi intuizioni. Sapeva leggere il presente e capire il futuro con la logica di chi voleva imparare. Aveva una grande capacit\u00e0 di confronto ed era convinto di poter prendere dagli altri qualcosa per fare meglio politica. Massimiliano, ha proseguito, era un grande uomo del partito. Sapeva che faceva parte di qualcosa in cui tutti sono importanti. Poi il sindaco di San Casciano ha concluso con le parole di Massimiliano Pescini ricordandone un intervento pubblico in cui aveva sottolineato il ruolo fondamentale del volontariato e di come la politica si dovesse fare tra la gente e con le scarpe rotte per i tanti chilometri percorsi.<\/p>\n","protected":false},"excerpt":{"rendered":"<p>Un minuto di silenzio e un lunghissimo applauso hanno aperto la commemorazione per la scomparsa del consigliere regionale alla presenza della famiglia<\/p>\n","protected":false},"author":525,"featured_media":344882,"comment_status":"open","ping_status":"open","sticky":false,"template":"","format":"standard","meta":{"_acf_changed":false,"footnotes":""},"categories":[494],"tags":[6741,4755],"class_list":["post-344869","post","type-post","status-publish","format-standard","has-post-thumbnail","hentry","category-attualita","tag-consiglio-regionale","tag-istituzioni"],"acf":[],"yoast_head":"<!-- This site is optimized with the Yoast SEO Premium plugin v24.2 (Yoast SEO v25.6) - https:\/\/yoast.com\/wordpress\/plugins\/seo\/ -->\n<title>Il consiglio regionale ricorda Massimiliano Pescini: &quot;Un uomo dalle grandi qualit\u00e0 politiche e umane&quot; - intoscana<\/title>\n<meta name=\"description\" content=\"Un minuto di silenzio e un lunghissimo applauso hanno aperto la commemorazione per la scomparsa del consigliere regionale alla presenza della famiglia\" \/>\n<meta name=\"robots\" content=\"index, follow, max-snippet:-1, max-image-preview:large, max-video-preview:-1\" \/>\n<link rel=\"canonical\" href=\"https:\/\/www.intoscana.it\/it\/consiglio-regionale-ricordo-pescini\/\" \/>\n<meta property=\"og:locale\" content=\"it_IT\" \/>\n<meta property=\"og:type\" content=\"article\" \/>\n<meta property=\"og:title\" content=\"Il consiglio regionale ricorda Massimiliano Pescini: &quot;Un uomo dalle grandi qualit\u00e0 politiche e umane&quot;\" \/>\n<meta property=\"og:description\" content=\"Un minuto di silenzio e un lunghissimo applauso hanno aperto la commemorazione per la scomparsa del consigliere regionale alla presenza della famiglia\" \/>\n<meta property=\"og:url\" content=\"https:\/\/www.intoscana.it\/it\/consiglio-regionale-ricordo-pescini\/\" \/>\n<meta property=\"og:site_name\" content=\"intoscana\" \/>\n<meta property=\"article:publisher\" content=\"https:\/\/www.facebook.com\/intoscana.it\" \/>\n<meta property=\"article:published_time\" content=\"2024-06-12T12:02:10+00:00\" \/>\n<meta property=\"article:modified_time\" content=\"2024-06-13T08:34:45+00:00\" \/>\n<meta property=\"og:image\" content=\"https:\/\/www.intoscana.it\/wp-content\/uploads\/Consiglio-regionale-28-febbraio-2024-ph-Ilaria-Costanzo-7112-scaled-e1718193705428.jpeg\" \/>\n\t<meta property=\"og:image:width\" content=\"1362\" \/>\n\t<meta property=\"og:image:height\" content=\"1370\" \/>\n\t<meta property=\"og:image:type\" content=\"image\/jpeg\" \/>\n<meta name=\"author\" content=\"Redazione\" \/>\n<meta name=\"twitter:card\" content=\"summary_large_image\" \/>\n<meta name=\"twitter:creator\" content=\"@intoscana\" \/>\n<meta name=\"twitter:site\" content=\"@intoscana\" \/>\n<meta name=\"twitter:label1\" content=\"Written by\" \/>\n\t<meta name=\"twitter:data1\" content=\"Redazione\" \/>\n\t<meta name=\"twitter:label2\" content=\"Est. reading time\" \/>\n\t<meta name=\"twitter:data2\" content=\"4 minuti\" \/>\n<script type=\"application\/ld+json\" class=\"yoast-schema-graph\">{\"@context\":\"https:\/\/schema.org\",\"@graph\":[{\"@type\":\"WebPage\",\"@id\":\"https:\/\/www.intoscana.it\/it\/consiglio-regionale-ricordo-pescini\/\",\"url\":\"https:\/\/www.intoscana.it\/it\/consiglio-regionale-ricordo-pescini\/\",\"name\":\"Il consiglio regionale ricorda Massimiliano Pescini: \\\"Un uomo dalle grandi qualit\u00e0 politiche e umane\\\" - intoscana\",\"isPartOf\":{\"@id\":\"https:\/\/www.intoscana.it\/it\/#website\"},\"primaryImageOfPage\":{\"@id\":\"https:\/\/www.intoscana.it\/it\/consiglio-regionale-ricordo-pescini\/#primaryimage\"},\"image\":{\"@id\":\"https:\/\/www.intoscana.it\/it\/consiglio-regionale-ricordo-pescini\/#primaryimage\"},\"thumbnailUrl\":\"https:\/\/www.intoscana.it\/wp-content\/uploads\/Consiglio-regionale-28-febbraio-2024-ph-Ilaria-Costanzo-7112-scaled-e1718193705428.jpeg\",\"datePublished\":\"2024-06-12T12:02:10+00:00\",\"dateModified\":\"2024-06-13T08:34:45+00:00\",\"author\":{\"@id\":\"https:\/\/www.intoscana.it\/it\/#\/schema\/person\/9223810753230f20bd670fdd322661f8\"},\"description\":\"Un minuto di silenzio e un lunghissimo applauso hanno aperto la commemorazione per la scomparsa del consigliere regionale alla presenza della famiglia\",\"breadcrumb\":{\"@id\":\"https:\/\/www.intoscana.it\/it\/consiglio-regionale-ricordo-pescini\/#breadcrumb\"},\"inLanguage\":\"it-IT\",\"potentialAction\":[{\"@type\":\"ReadAction\",\"target\":[\"https:\/\/www.intoscana.it\/it\/consiglio-regionale-ricordo-pescini\/\"]}]},{\"@type\":\"ImageObject\",\"inLanguage\":\"it-IT\",\"@id\":\"https:\/\/www.intoscana.it\/it\/consiglio-regionale-ricordo-pescini\/#primaryimage\",\"url\":\"https:\/\/www.intoscana.it\/wp-content\/uploads\/Consiglio-regionale-28-febbraio-2024-ph-Ilaria-Costanzo-7112-scaled-e1718193705428.jpeg\",\"contentUrl\":\"https:\/\/www.intoscana.it\/wp-content\/uploads\/Consiglio-regionale-28-febbraio-2024-ph-Ilaria-Costanzo-7112-scaled-e1718193705428.jpeg\",\"width\":1362,\"height\":1370,\"caption\":\"Massimiliano Pescini in una seduta del consiglio regionale\"},{\"@type\":\"BreadcrumbList\",\"@id\":\"https:\/\/www.intoscana.it\/it\/consiglio-regionale-ricordo-pescini\/#breadcrumb\",\"itemListElement\":[{\"@type\":\"ListItem\",\"position\":1,\"name\":\"Home\",\"item\":\"https:\/\/www.intoscana.it\/it\/\"},{\"@type\":\"ListItem\",\"position\":2,\"name\":\"Il consiglio regionale ricorda Massimiliano Pescini: &#8220;Un uomo dalle grandi qualit\u00e0 politiche e umane&#8221;\"}]},{\"@type\":\"WebSite\",\"@id\":\"https:\/\/www.intoscana.it\/it\/#website\",\"url\":\"https:\/\/www.intoscana.it\/it\/\",\"name\":\"intoscana\",\"description\":\"\",\"potentialAction\":[{\"@type\":\"SearchAction\",\"target\":{\"@type\":\"EntryPoint\",\"urlTemplate\":\"https:\/\/www.intoscana.it\/it\/?s={search_term_string}\"},\"query-input\":{\"@type\":\"PropertyValueSpecification\",\"valueRequired\":true,\"valueName\":\"search_term_string\"}}],\"inLanguage\":\"it-IT\"},{\"@type\":\"Person\",\"@id\":\"https:\/\/www.intoscana.it\/it\/#\/schema\/person\/9223810753230f20bd670fdd322661f8\",\"name\":\"Redazione\",\"url\":\"https:\/\/www.intoscana.it\/it\/author\/redazione\/\"}]}<\/script>\n<!-- \/ Yoast SEO Premium plugin. -->","yoast_head_json":{"title":"Il consiglio regionale ricorda Massimiliano Pescini: \"Un uomo dalle grandi qualit\u00e0 politiche e umane\" - intoscana","description":"Un minuto di silenzio e un lunghissimo applauso hanno aperto la commemorazione per la scomparsa del consigliere regionale alla presenza della famiglia","robots":{"index":"index","follow":"follow","max-snippet":"max-snippet:-1","max-image-preview":"max-image-preview:large","max-video-preview":"max-video-preview:-1"},"canonical":"https:\/\/www.intoscana.it\/it\/consiglio-regionale-ricordo-pescini\/","og_locale":"it_IT","og_type":"article","og_title":"Il consiglio regionale ricorda Massimiliano Pescini: \"Un uomo dalle grandi qualit\u00e0 politiche e umane\"","og_description":"Un minuto di silenzio e un lunghissimo applauso hanno aperto la commemorazione per la scomparsa del consigliere regionale alla presenza della famiglia","og_url":"https:\/\/www.intoscana.it\/it\/consiglio-regionale-ricordo-pescini\/","og_site_name":"intoscana","article_publisher":"https:\/\/www.facebook.com\/intoscana.it","article_published_time":"2024-06-12T12:02:10+00:00","article_modified_time":"2024-06-13T08:34:45+00:00","og_image":[{"width":1362,"height":1370,"url":"https:\/\/www.intoscana.it\/wp-content\/uploads\/Consiglio-regionale-28-febbraio-2024-ph-Ilaria-Costanzo-7112-scaled-e1718193705428.jpeg","type":"image\/jpeg"}],"author":"Redazione","twitter_card":"summary_large_image","twitter_creator":"@intoscana","twitter_site":"@intoscana","twitter_misc":{"Written by":"Redazione","Est. reading time":"4 minuti"},"schema":{"@context":"https:\/\/schema.org","@graph":[{"@type":"WebPage","@id":"https:\/\/www.intoscana.it\/it\/consiglio-regionale-ricordo-pescini\/","url":"https:\/\/www.intoscana.it\/it\/consiglio-regionale-ricordo-pescini\/","name":"Il consiglio regionale ricorda Massimiliano Pescini: \"Un uomo dalle grandi qualit\u00e0 politiche e umane\" - intoscana","isPartOf":{"@id":"https:\/\/www.intoscana.it\/it\/#website"},"primaryImageOfPage":{"@id":"https:\/\/www.intoscana.it\/it\/consiglio-regionale-ricordo-pescini\/#primaryimage"},"image":{"@id":"https:\/\/www.intoscana.it\/it\/consiglio-regionale-ricordo-pescini\/#primaryimage"},"thumbnailUrl":"https:\/\/www.intoscana.it\/wp-content\/uploads\/Consiglio-regionale-28-febbraio-2024-ph-Ilaria-Costanzo-7112-scaled-e1718193705428.jpeg","datePublished":"2024-06-12T12:02:10+00:00","dateModified":"2024-06-13T08:34:45+00:00","author":{"@id":"https:\/\/www.intoscana.it\/it\/#\/schema\/person\/9223810753230f20bd670fdd322661f8"},"description":"Un minuto di silenzio e un lunghissimo applauso hanno aperto la commemorazione per la scomparsa del consigliere regionale alla presenza della famiglia","breadcrumb":{"@id":"https:\/\/www.intoscana.it\/it\/consiglio-regionale-ricordo-pescini\/#breadcrumb"},"inLanguage":"it-IT","potentialAction":[{"@type":"ReadAction","target":["https:\/\/www.intoscana.it\/it\/consiglio-regionale-ricordo-pescini\/"]}]},{"@type":"ImageObject","inLanguage":"it-IT","@id":"https:\/\/www.intoscana.it\/it\/consiglio-regionale-ricordo-pescini\/#primaryimage","url":"https:\/\/www.intoscana.it\/wp-content\/uploads\/Consiglio-regionale-28-febbraio-2024-ph-Ilaria-Costanzo-7112-scaled-e1718193705428.jpeg","contentUrl":"https:\/\/www.intoscana.it\/wp-content\/uploads\/Consiglio-regionale-28-febbraio-2024-ph-Ilaria-Costanzo-7112-scaled-e1718193705428.jpeg","width":1362,"height":1370,"caption":"Massimiliano Pescini in una seduta del consiglio regionale"},{"@type":"BreadcrumbList","@id":"https:\/\/www.intoscana.it\/it\/consiglio-regionale-ricordo-pescini\/#breadcrumb","itemListElement":[{"@type":"ListItem","position":1,"name":"Home","item":"https:\/\/www.intoscana.it\/it\/"},{"@type":"ListItem","position":2,"name":"Il consiglio regionale ricorda Massimiliano Pescini: &#8220;Un uomo dalle grandi qualit\u00e0 politiche e umane&#8221;"}]},{"@type":"WebSite","@id":"https:\/\/www.intoscana.it\/it\/#website","url":"https:\/\/www.intoscana.it\/it\/","name":"intoscana","description":"","potentialAction":[{"@type":"SearchAction","target":{"@type":"EntryPoint","urlTemplate":"https:\/\/www.intoscana.it\/it\/?s={search_term_string}"},"query-input":{"@type":"PropertyValueSpecification","valueRequired":true,"valueName":"search_term_string"}}],"inLanguage":"it-IT"},{"@type":"Person","@id":"https:\/\/www.intoscana.it\/it\/#\/schema\/person\/9223810753230f20bd670fdd322661f8","name":"Redazione","url":"https:\/\/www.intoscana.it\/it\/author\/redazione\/"}]}},"_links":{"self":[{"href":"https:\/\/www.intoscana.it\/it\/wp-json\/wp\/v2\/posts\/344869","targetHints":{"allow":["GET"]}}],"collection":[{"href":"https:\/\/www.intoscana.it\/it\/wp-json\/wp\/v2\/posts"}],"about":[{"href":"https:\/\/www.intoscana.it\/it\/wp-json\/wp\/v2\/types\/post"}],"author":[{"embeddable":true,"href":"https:\/\/www.intoscana.it\/it\/wp-json\/wp\/v2\/users\/525"}],"replies":[{"embeddable":true,"href":"https:\/\/www.intoscana.it\/it\/wp-json\/wp\/v2\/comments?post=344869"}],"version-history":[{"count":5,"href":"https:\/\/www.intoscana.it\/it\/wp-json\/wp\/v2\/posts\/344869\/revisions"}],"predecessor-version":[{"id":345021,"href":"https:\/\/www.intoscana.it\/it\/wp-json\/wp\/v2\/posts\/344869\/revisions\/345021"}],"wp:featuredmedia":[{"embeddable":true,"href":"https:\/\/www.intoscana.it\/it\/wp-json\/wp\/v2\/media\/344882"}],"wp:attachment":[{"href":"https:\/\/www.intoscana.it\/it\/wp-json\/wp\/v2\/media?parent=344869"}],"wp:term":[{"taxonomy":"category","embeddable":true,"href":"https:\/\/www.intoscana.it\/it\/wp-json\/wp\/v2\/categories?post=344869"},{"taxonomy":"post_tag","embeddable":true,"href":"https:\/\/www.intoscana.it\/it\/wp-json\/wp\/v2\/tags?post=344869"}],"curies":[{"name":"wp","href":"https:\/\/api.w.org\/{rel}","templated":true}]}}