{"id":345406,"date":"2024-06-15T15:07:27","date_gmt":"2024-06-15T13:07:27","guid":{"rendered":"https:\/\/www.intoscana.it\/it\/?p=345406"},"modified":"2024-06-15T15:07:27","modified_gmt":"2024-06-15T13:07:27","slug":"un-pianoforte-sulla-laguna-lorbetello-piano-festival-porta-la-musica-ovunque","status":"publish","type":"post","link":"https:\/\/www.intoscana.it\/it\/un-pianoforte-sulla-laguna-lorbetello-piano-festival-porta-la-musica-ovunque\/","title":{"rendered":"Un pianoforte sulla laguna: l&#8217;Orbetello Piano Festival porta la musica ovunque"},"content":{"rendered":"<p>C&#8217;\u00e8 un pianoforte che suona negli angoli pi\u00f9 suggestivi della <strong>laguna di Orbetello<\/strong>: <mark>sulla scogliera a picco sul mare di Talamone, nell\u2019oasi Wwf di Casale Giannella, sulla Terrazza Guzman o fra le mura del Forte Saline di Albinia.<\/mark> Dal 12 luglio al 4 agosto, l\u2019<strong>Orbetello Piano Festival<\/strong>, ideata da Giuliano Adorno e Beatrice Piersanti dell\u2019associazione Kaletra, torna con la sua tredicesima edizione per trasformare in palcoscenici dei luoghi simboli.<\/p>\n<figure id=\"post-345439 media-345439\" class=\"align-none\"><img decoding=\"async\" src=\"https:\/\/www.intoscana.it\/wp-content\/uploads\/unnamed-16-4.jpg\" alt=\"\" \/><\/figure>\n<p>Pronti ad esibirsi talenti da tutto il mondo. L&#8217;anteprima sar\u00e0 con la\u00a0<strong>Festa Europea della Musica<\/strong> venerd\u00ec 21 giugno alle ore 19.45 nel Teatro Vegetale del Botanical Dry Garden \u2013 Mates Piante, si terr\u00e0 un concerto al tramonto del Duo Narthex (Claudia Giottoli \u2013 Flauto, Maria Chiara Fiorucci \u2013 Arpa).<\/p>\n<figure id=\"post-345436 media-345436\" class=\"align-none\"><img decoding=\"async\" src=\"https:\/\/www.intoscana.it\/wp-content\/uploads\/unnamed-13-9.jpg\" alt=\"\" \/><\/figure>\n<div class=\"titleimg\"><\/div>\n<h3><em>Il programma<\/em><\/h3>\n<p>Il festival inizier\u00e0 definitivamente <strong>\u00a0venerd\u00ec 12 luglio<\/strong> alle ore 21.30: la Terrazza Guzman accoglier\u00e0 \u201cA bordo laguna\u201d, il piano recital di Artem Tereshchenko, vincitrice dell\u2019Orbetello Piano Competition Junior 2023 con musiche di Chopin, Liszt, Ravel e Gershwin. <strong>Gioved\u00ec 18 luglio<\/strong> alle ore 21.30 il festival si sposter\u00e0 in piazza Giovanni Paolo II ad Orbetello dove, l\u2019Orchestra sinfonica Citt\u00e0 di Grosseto diretta da Filipe Cunha eseguir\u00e0 il \u201cConcerto No. 3\u201d di Beethoven con, al pianoforte, Umberto Ruboni, giovane talento vincitore di Orbetello Piano Competition Master 2023.<\/p>\n<figure id=\"post-345437 media-345437\" class=\"align-none\"><img decoding=\"async\" src=\"https:\/\/www.intoscana.it\/wp-content\/uploads\/unnamed-14-6.jpg\" alt=\"\" \/><\/figure>\n<div class=\"titleimg\">orbetello piano festival<\/div>\n<p><strong>Venerd\u00ec 19 luglio<\/strong> alle 21.30, la scogliera sul mare dell\u2019Hotel Capo d\u2019Uomo di Talamone sar\u00e0 palco per il pianoforte di Alessio Masi, premio &#8220;Herm\u00e8s per i Talenti&#8221; nel 2022, che eseguir\u00e0 un programma con musiche di Chopin, Rota, Franck e Prokofiev. Il venerd\u00ec successivo, 26 luglio, toccher\u00e0 all\u2019Oasi Wwf Laguna di Orbetello &#8211; Casale della Giannella con il pianoforte di Simon Haje, vincitore dell\u2019Orbetello Piano Competition Online 2023,\u00a0 con musiche di Beethoven e Liszt. <strong>Mercoled\u00ec 31 luglio<\/strong> alle 6 del mattino, torna il \u201cConcerto all\u2019alba\u201d nell\u2019Oasi Wwf Laguna di Orbetello &#8211; Bosco di Patanella. Protagonista la giovane talentuosa e pluripremiata pianista Asagi Nakata.<\/p>\n<figure id=\"post-345435 media-345435\" class=\"align-none\"><img decoding=\"async\" src=\"https:\/\/www.intoscana.it\/wp-content\/uploads\/unnamed-12-5.jpg\" alt=\"\" \/><\/figure>\n<div class=\"titleimg\">orbetello piano festival<\/div>\n<p>Ad agosto,\u00a0 l\u2019Orbetello Piano Festival 2024 si sposta al Forte delle Saline di Albinia con \u201cI concerti alla Torre\u201d: <strong>gioved\u00ec 1 agosto<\/strong> alle 21.30, Gianluca Faragli, sar\u00e0 protagonista del piano recital \u201cReminiscenze\u201d. <strong>Venerd\u00ec 2 agosto<\/strong>, sempre alle ore 21.30 il pianoforte di Tomasz Zajac, offrir\u00e0 un programma di musiche di Nowakoski, Granados e Chopin. <strong>Sabato 3 agosto<\/strong> alle 21.30 Si rinnova l\u2019appunatemnto che nasce dalla collaborazione con l\u2019Accademia Musicale Chigiana di Siena e che vede protagonisti gli allievi della Masterclass chigiana diretta da Lylia Zylberstein. Gran finale <strong>domenica 4 agosto<\/strong>\u00a0alle ore 21.30 con il pianoforte di Sergey Belyavsky.<\/p>\n<p>Informazioni e biglietti su <a href=\"https:\/\/customer91427.musvc3.net\/e\/tr?q=6%3d0WQU8%26H%3dN%26G%3d7dPZ%26p%3dcSV0%26Q%3d5MuL_EtTv_Pd_swps_3l_EtTv_OixSJ.Hs82MfH9HqExGpB2LuEI4m.EG%267%3dnQFOdY.A8u%26EF%3da9YS%26Mt%3dXWU5fSc4b7x8WWU9fP%26A%3d8dQT9YO78AWZbXW7AYWX3B3YbXUZ4ZN5ecyYAZS52aS70eNTbfSV6cxWc82UAYRa&amp;mupckp=mupAtu4m8OiX0wt\" target=\"_blank\" rel=\"noopener\" data-saferedirecturl=\"https:\/\/www.google.com\/url?q=https:\/\/customer91427.musvc3.net\/e\/tr?q%3D6%253d0WQU8%2526H%253dN%2526G%253d7dPZ%2526p%253dcSV0%2526Q%253d5MuL_EtTv_Pd_swps_3l_EtTv_OixSJ.Hs82MfH9HqExGpB2LuEI4m.EG%25267%253dnQFOdY.A8u%2526EF%253da9YS%2526Mt%253dXWU5fSc4b7x8WWU9fP%2526A%253d8dQT9YO78AWZbXW7AYWX3B3YbXUZ4ZN5ecyYAZS52aS70eNTbfSV6cxWc82UAYRa%26mupckp%3DmupAtu4m8OiX0wt&amp;source=gmail&amp;ust=1718519041094000&amp;usg=AOvVaw1zuZJsJGUZl4JOJLyCc4U4\">orbetellopianofestival.it<\/a><\/p>\n<figure id=\"post-345438 media-345438\" class=\"align-none\"><img decoding=\"async\" src=\"https:\/\/www.intoscana.it\/wp-content\/uploads\/unnamed-15-9.jpg\" alt=\"\" \/><\/figure>\n<div class=\"titleimg\">orbetello piano festival<\/div>\n","protected":false},"excerpt":{"rendered":"<p>Dal 12 luglio al 4 agosto, tredicesima edizione per l&#8217;evento musicale che trasforma in palcoscenici dei luoghi simbolo: dalla scogliera a picco sul mare di Talamone all\u2019oasi Wwf di Casale Giannella, dalla Terrazza Guzman alle mura del Forte Saline di Albinia<\/p>\n","protected":false},"author":525,"featured_media":345434,"comment_status":"open","ping_status":"open","sticky":false,"template":"","format":"standard","meta":{"_acf_changed":false,"footnotes":""},"categories":[14],"tags":[216,235,4474,4814],"class_list":["post-345406","post","type-post","status-publish","format-standard","has-post-thumbnail","hentry","category-musica","tag-concerti","tag-estate","tag-eventi","tag-orbetello"],"acf":[],"yoast_head":"<!-- This site is optimized with the Yoast SEO Premium plugin v24.2 (Yoast SEO v25.6) - https:\/\/yoast.com\/wordpress\/plugins\/seo\/ -->\n<title>Un pianoforte sulla laguna: l&#039;Orbetello Piano Festival porta la musica ovunque - intoscana<\/title>\n<meta name=\"description\" content=\"Dal 12 luglio al 4 agosto, tredicesima edizione per l&#039;evento musicale che trasforma in palcoscenici dei luoghi simbolo: dalla scogliera a picco sul mare di Talamone all\u2019oasi Wwf di Casale Giannella, dalla Terrazza Guzman alle mura del Forte Saline di Albinia\" \/>\n<meta name=\"robots\" content=\"index, follow, max-snippet:-1, max-image-preview:large, max-video-preview:-1\" \/>\n<link rel=\"canonical\" href=\"https:\/\/www.intoscana.it\/it\/un-pianoforte-sulla-laguna-lorbetello-piano-festival-porta-la-musica-ovunque\/\" \/>\n<meta property=\"og:locale\" content=\"it_IT\" \/>\n<meta property=\"og:type\" content=\"article\" \/>\n<meta property=\"og:title\" content=\"Un pianoforte sulla laguna: l&#039;Orbetello Piano Festival porta la musica ovunque\" \/>\n<meta property=\"og:description\" content=\"Dal 12 luglio al 4 agosto, tredicesima edizione per l&#039;evento musicale che trasforma in palcoscenici dei luoghi simbolo: dalla scogliera a picco sul mare di Talamone all\u2019oasi Wwf di Casale Giannella, dalla Terrazza Guzman alle mura del Forte Saline di Albinia\" \/>\n<meta property=\"og:url\" content=\"https:\/\/www.intoscana.it\/it\/un-pianoforte-sulla-laguna-lorbetello-piano-festival-porta-la-musica-ovunque\/\" \/>\n<meta property=\"og:site_name\" content=\"intoscana\" \/>\n<meta property=\"article:publisher\" content=\"https:\/\/www.facebook.com\/intoscana.it\" \/>\n<meta property=\"article:published_time\" content=\"2024-06-15T13:07:27+00:00\" \/>\n<meta property=\"og:image\" content=\"https:\/\/www.intoscana.it\/wp-content\/uploads\/unnamed-11-8.jpg\" \/>\n\t<meta property=\"og:image:width\" content=\"960\" \/>\n\t<meta property=\"og:image:height\" content=\"720\" \/>\n\t<meta property=\"og:image:type\" content=\"image\/jpeg\" \/>\n<meta name=\"author\" content=\"Redazione\" \/>\n<meta name=\"twitter:card\" content=\"summary_large_image\" \/>\n<meta name=\"twitter:creator\" content=\"@intoscana\" \/>\n<meta name=\"twitter:site\" content=\"@intoscana\" \/>\n<meta name=\"twitter:label1\" content=\"Written by\" \/>\n\t<meta name=\"twitter:data1\" content=\"Redazione\" \/>\n\t<meta name=\"twitter:label2\" content=\"Est. reading time\" \/>\n\t<meta name=\"twitter:data2\" content=\"4 minuti\" \/>\n<script type=\"application\/ld+json\" class=\"yoast-schema-graph\">{\"@context\":\"https:\/\/schema.org\",\"@graph\":[{\"@type\":\"WebPage\",\"@id\":\"https:\/\/www.intoscana.it\/it\/un-pianoforte-sulla-laguna-lorbetello-piano-festival-porta-la-musica-ovunque\/\",\"url\":\"https:\/\/www.intoscana.it\/it\/un-pianoforte-sulla-laguna-lorbetello-piano-festival-porta-la-musica-ovunque\/\",\"name\":\"Un pianoforte sulla laguna: l'Orbetello Piano Festival porta la musica ovunque - intoscana\",\"isPartOf\":{\"@id\":\"https:\/\/www.intoscana.it\/it\/#website\"},\"primaryImageOfPage\":{\"@id\":\"https:\/\/www.intoscana.it\/it\/un-pianoforte-sulla-laguna-lorbetello-piano-festival-porta-la-musica-ovunque\/#primaryimage\"},\"image\":{\"@id\":\"https:\/\/www.intoscana.it\/it\/un-pianoforte-sulla-laguna-lorbetello-piano-festival-porta-la-musica-ovunque\/#primaryimage\"},\"thumbnailUrl\":\"https:\/\/www.intoscana.it\/wp-content\/uploads\/unnamed-11-8.jpg\",\"datePublished\":\"2024-06-15T13:07:27+00:00\",\"author\":{\"@id\":\"https:\/\/www.intoscana.it\/it\/#\/schema\/person\/9223810753230f20bd670fdd322661f8\"},\"description\":\"Dal 12 luglio al 4 agosto, tredicesima edizione per l'evento musicale che trasforma in palcoscenici dei luoghi simbolo: dalla scogliera a picco sul mare di Talamone all\u2019oasi Wwf di Casale Giannella, dalla Terrazza Guzman alle mura del Forte Saline di Albinia\",\"breadcrumb\":{\"@id\":\"https:\/\/www.intoscana.it\/it\/un-pianoforte-sulla-laguna-lorbetello-piano-festival-porta-la-musica-ovunque\/#breadcrumb\"},\"inLanguage\":\"it-IT\",\"potentialAction\":[{\"@type\":\"ReadAction\",\"target\":[\"https:\/\/www.intoscana.it\/it\/un-pianoforte-sulla-laguna-lorbetello-piano-festival-porta-la-musica-ovunque\/\"]}]},{\"@type\":\"ImageObject\",\"inLanguage\":\"it-IT\",\"@id\":\"https:\/\/www.intoscana.it\/it\/un-pianoforte-sulla-laguna-lorbetello-piano-festival-porta-la-musica-ovunque\/#primaryimage\",\"url\":\"https:\/\/www.intoscana.it\/wp-content\/uploads\/unnamed-11-8.jpg\",\"contentUrl\":\"https:\/\/www.intoscana.it\/wp-content\/uploads\/unnamed-11-8.jpg\",\"width\":960,\"height\":720,\"caption\":\"pianoforte piano orbetello musica mare\"},{\"@type\":\"BreadcrumbList\",\"@id\":\"https:\/\/www.intoscana.it\/it\/un-pianoforte-sulla-laguna-lorbetello-piano-festival-porta-la-musica-ovunque\/#breadcrumb\",\"itemListElement\":[{\"@type\":\"ListItem\",\"position\":1,\"name\":\"Home\",\"item\":\"https:\/\/www.intoscana.it\/it\/\"},{\"@type\":\"ListItem\",\"position\":2,\"name\":\"Un pianoforte sulla laguna: l&#8217;Orbetello Piano Festival porta la musica ovunque\"}]},{\"@type\":\"WebSite\",\"@id\":\"https:\/\/www.intoscana.it\/it\/#website\",\"url\":\"https:\/\/www.intoscana.it\/it\/\",\"name\":\"intoscana\",\"description\":\"\",\"potentialAction\":[{\"@type\":\"SearchAction\",\"target\":{\"@type\":\"EntryPoint\",\"urlTemplate\":\"https:\/\/www.intoscana.it\/it\/?s={search_term_string}\"},\"query-input\":{\"@type\":\"PropertyValueSpecification\",\"valueRequired\":true,\"valueName\":\"search_term_string\"}}],\"inLanguage\":\"it-IT\"},{\"@type\":\"Person\",\"@id\":\"https:\/\/www.intoscana.it\/it\/#\/schema\/person\/9223810753230f20bd670fdd322661f8\",\"name\":\"Redazione\",\"url\":\"https:\/\/www.intoscana.it\/it\/author\/redazione\/\"}]}<\/script>\n<!-- \/ Yoast SEO Premium plugin. -->","yoast_head_json":{"title":"Un pianoforte sulla laguna: l'Orbetello Piano Festival porta la musica ovunque - intoscana","description":"Dal 12 luglio al 4 agosto, tredicesima edizione per l'evento musicale che trasforma in palcoscenici dei luoghi simbolo: dalla scogliera a picco sul mare di Talamone all\u2019oasi Wwf di Casale Giannella, dalla Terrazza Guzman alle mura del Forte Saline di Albinia","robots":{"index":"index","follow":"follow","max-snippet":"max-snippet:-1","max-image-preview":"max-image-preview:large","max-video-preview":"max-video-preview:-1"},"canonical":"https:\/\/www.intoscana.it\/it\/un-pianoforte-sulla-laguna-lorbetello-piano-festival-porta-la-musica-ovunque\/","og_locale":"it_IT","og_type":"article","og_title":"Un pianoforte sulla laguna: l'Orbetello Piano Festival porta la musica ovunque","og_description":"Dal 12 luglio al 4 agosto, tredicesima edizione per l'evento musicale che trasforma in palcoscenici dei luoghi simbolo: dalla scogliera a picco sul mare di Talamone all\u2019oasi Wwf di Casale Giannella, dalla Terrazza Guzman alle mura del Forte Saline di Albinia","og_url":"https:\/\/www.intoscana.it\/it\/un-pianoforte-sulla-laguna-lorbetello-piano-festival-porta-la-musica-ovunque\/","og_site_name":"intoscana","article_publisher":"https:\/\/www.facebook.com\/intoscana.it","article_published_time":"2024-06-15T13:07:27+00:00","og_image":[{"width":960,"height":720,"url":"https:\/\/www.intoscana.it\/wp-content\/uploads\/unnamed-11-8.jpg","type":"image\/jpeg"}],"author":"Redazione","twitter_card":"summary_large_image","twitter_creator":"@intoscana","twitter_site":"@intoscana","twitter_misc":{"Written by":"Redazione","Est. reading time":"4 minuti"},"schema":{"@context":"https:\/\/schema.org","@graph":[{"@type":"WebPage","@id":"https:\/\/www.intoscana.it\/it\/un-pianoforte-sulla-laguna-lorbetello-piano-festival-porta-la-musica-ovunque\/","url":"https:\/\/www.intoscana.it\/it\/un-pianoforte-sulla-laguna-lorbetello-piano-festival-porta-la-musica-ovunque\/","name":"Un pianoforte sulla laguna: l'Orbetello Piano Festival porta la musica ovunque - intoscana","isPartOf":{"@id":"https:\/\/www.intoscana.it\/it\/#website"},"primaryImageOfPage":{"@id":"https:\/\/www.intoscana.it\/it\/un-pianoforte-sulla-laguna-lorbetello-piano-festival-porta-la-musica-ovunque\/#primaryimage"},"image":{"@id":"https:\/\/www.intoscana.it\/it\/un-pianoforte-sulla-laguna-lorbetello-piano-festival-porta-la-musica-ovunque\/#primaryimage"},"thumbnailUrl":"https:\/\/www.intoscana.it\/wp-content\/uploads\/unnamed-11-8.jpg","datePublished":"2024-06-15T13:07:27+00:00","author":{"@id":"https:\/\/www.intoscana.it\/it\/#\/schema\/person\/9223810753230f20bd670fdd322661f8"},"description":"Dal 12 luglio al 4 agosto, tredicesima edizione per l'evento musicale che trasforma in palcoscenici dei luoghi simbolo: dalla scogliera a picco sul mare di Talamone all\u2019oasi Wwf di Casale Giannella, dalla Terrazza Guzman alle mura del Forte Saline di Albinia","breadcrumb":{"@id":"https:\/\/www.intoscana.it\/it\/un-pianoforte-sulla-laguna-lorbetello-piano-festival-porta-la-musica-ovunque\/#breadcrumb"},"inLanguage":"it-IT","potentialAction":[{"@type":"ReadAction","target":["https:\/\/www.intoscana.it\/it\/un-pianoforte-sulla-laguna-lorbetello-piano-festival-porta-la-musica-ovunque\/"]}]},{"@type":"ImageObject","inLanguage":"it-IT","@id":"https:\/\/www.intoscana.it\/it\/un-pianoforte-sulla-laguna-lorbetello-piano-festival-porta-la-musica-ovunque\/#primaryimage","url":"https:\/\/www.intoscana.it\/wp-content\/uploads\/unnamed-11-8.jpg","contentUrl":"https:\/\/www.intoscana.it\/wp-content\/uploads\/unnamed-11-8.jpg","width":960,"height":720,"caption":"pianoforte piano orbetello musica mare"},{"@type":"BreadcrumbList","@id":"https:\/\/www.intoscana.it\/it\/un-pianoforte-sulla-laguna-lorbetello-piano-festival-porta-la-musica-ovunque\/#breadcrumb","itemListElement":[{"@type":"ListItem","position":1,"name":"Home","item":"https:\/\/www.intoscana.it\/it\/"},{"@type":"ListItem","position":2,"name":"Un pianoforte sulla laguna: l&#8217;Orbetello Piano Festival porta la musica ovunque"}]},{"@type":"WebSite","@id":"https:\/\/www.intoscana.it\/it\/#website","url":"https:\/\/www.intoscana.it\/it\/","name":"intoscana","description":"","potentialAction":[{"@type":"SearchAction","target":{"@type":"EntryPoint","urlTemplate":"https:\/\/www.intoscana.it\/it\/?s={search_term_string}"},"query-input":{"@type":"PropertyValueSpecification","valueRequired":true,"valueName":"search_term_string"}}],"inLanguage":"it-IT"},{"@type":"Person","@id":"https:\/\/www.intoscana.it\/it\/#\/schema\/person\/9223810753230f20bd670fdd322661f8","name":"Redazione","url":"https:\/\/www.intoscana.it\/it\/author\/redazione\/"}]}},"_links":{"self":[{"href":"https:\/\/www.intoscana.it\/it\/wp-json\/wp\/v2\/posts\/345406","targetHints":{"allow":["GET"]}}],"collection":[{"href":"https:\/\/www.intoscana.it\/it\/wp-json\/wp\/v2\/posts"}],"about":[{"href":"https:\/\/www.intoscana.it\/it\/wp-json\/wp\/v2\/types\/post"}],"author":[{"embeddable":true,"href":"https:\/\/www.intoscana.it\/it\/wp-json\/wp\/v2\/users\/525"}],"replies":[{"embeddable":true,"href":"https:\/\/www.intoscana.it\/it\/wp-json\/wp\/v2\/comments?post=345406"}],"version-history":[{"count":7,"href":"https:\/\/www.intoscana.it\/it\/wp-json\/wp\/v2\/posts\/345406\/revisions"}],"predecessor-version":[{"id":345444,"href":"https:\/\/www.intoscana.it\/it\/wp-json\/wp\/v2\/posts\/345406\/revisions\/345444"}],"wp:featuredmedia":[{"embeddable":true,"href":"https:\/\/www.intoscana.it\/it\/wp-json\/wp\/v2\/media\/345434"}],"wp:attachment":[{"href":"https:\/\/www.intoscana.it\/it\/wp-json\/wp\/v2\/media?parent=345406"}],"wp:term":[{"taxonomy":"category","embeddable":true,"href":"https:\/\/www.intoscana.it\/it\/wp-json\/wp\/v2\/categories?post=345406"},{"taxonomy":"post_tag","embeddable":true,"href":"https:\/\/www.intoscana.it\/it\/wp-json\/wp\/v2\/tags?post=345406"}],"curies":[{"name":"wp","href":"https:\/\/api.w.org\/{rel}","templated":true}]}}