{"id":345619,"date":"2024-06-18T09:36:02","date_gmt":"2024-06-18T07:36:02","guid":{"rendered":"https:\/\/www.intoscana.it\/it\/?p=345619"},"modified":"2024-06-18T09:38:12","modified_gmt":"2024-06-18T07:38:12","slug":"in-suburbia-theater-il-teatro-arriva-nelle-periferie-e-nei-cortili-delle-case-popolari-di-firenze","status":"publish","type":"post","link":"https:\/\/www.intoscana.it\/it\/in-suburbia-theater-il-teatro-arriva-nelle-periferie-e-nei-cortili-delle-case-popolari-di-firenze\/","title":{"rendered":"\u201cIn Suburbia [theater]\u201d: il teatro arriva nelle periferie e nei cortili delle case popolari di Firenze"},"content":{"rendered":"<p>Prende il via<strong><em>\u00a0\u201cIn Suburbia [theater]\u201d<\/em> <\/strong>una rassegna a cura di <a href=\"https:\/\/www.farmfab.it\" target=\"_blank\" rel=\"noopener\"><strong>Fa.R.M Fabbrica dei Racconti e della Memoria<\/strong><\/a>, pensata per un pubblico ampio ed eterogeneo, per garantire un accesso trasversale alla cultura, grazie alla gratuit\u00e0 dell&#8217;iniziativa e alla capillarit\u00e0 della diffusione territoriale,<strong> l\u2019idea di far diventare palcoscenico luoghi inconsueti<\/strong> per creare nuovi incon-tri.<\/p>\n<p>Anche quest\u2019anno sono previste due sezioni: <strong><em>\u201cIn Suburbia [theater]\u201d Florence<\/em><\/strong>, inserita nel cartellone dell&#8217;<a href=\"https:\/\/www.intoscana.it\/it\/estate-fiorentina-diffusa-e-inclusiva-quattro-mesi-di-concerti-cinema-teatro-danza-eventi-per-bambini\/\" target=\"_blank\" rel=\"noopener\"><strong>Estate Fiorentina 2024<\/strong><\/a> &#8211; iniziativa proposta nel Pia-no Operativo della Citt\u00e0 di Firenze&#8221;, in collaborazione con i Quartieri 2,3,4,5 e Legam-biente e <strong><em>\u201cIn Suburbia [theater]\u201d Metropolis<\/em> <\/strong>col sostegno e il patrocinio del Comune di <strong>Campi Bisenzio<\/strong> e il patrocinio del Comune di<strong> Fiesole.<\/strong><\/p>\n<p>La rassegna si svolge <strong>a partire dal 18 giugno<\/strong> nei<strong> cortili delle case popolari e nei giardini pubblici<\/strong> della Citt\u00e0 Metropolitana, e porta in programma<strong> 22 spettacoli in 11 luoghi diversi.<\/strong><\/p>\n<p>Tra questi, a Firenze: le case popolari in<strong> Via Canova, Villa Pallini e Villa Arrivabene,<\/strong> la<strong> piazzetta di Rocca Tedalda, Via della Sala, il centro Gav, il Parco dell\u2019Anconella, il Giar-dino Bibliotecanova<\/strong>. Nella Citt\u00e0 Metropolitana invece: il<strong> condominio ERP di Campi Bi-senzio e Scandicci e Piazza delle Gualchiere a Fiesole.<\/strong><\/p>\n<p><strong>I siti sono stati scelti in accordo con i quartieri<\/strong> e con i comitati di autogestione degli alloggi suggeriti da Casa SpA, un percorso che innesca la collaborazione con i residenti per la diffusione degli eventi e gli incontri con il pubblico dopo gli spettacoli.<\/p>\n<p><strong><em>\u201cIn Suburbia [theater]\u201d<\/em><\/strong> inoltre \u00e8 <strong>la prima rassegna interamente tradotta nel linguaggio dei segni<\/strong> e vedr\u00e0 anche la realizzazione di brevi podcast esplicativi che permettano una fruizione pi\u00f9 accessibile al <strong>pubblico non vedente.<\/strong><\/p>\n<h3>Gli spettacoli in programma<\/h3>\n<p><em>\u201cEisbol\u00e8, una carta geografica che diventa teatro\u201d<\/em> di e con <strong>Fiamma Negri e Giusi Salis<\/strong>, racconta con emozione, ironia, consapevolezza i perch\u00e9 delle migrazioni, i perch\u00e9 delle \u201cinvasioni\u201d e dei movimenti dei popoli in fuga dalle guerre e dalla fame.<\/p>\n<p><strong>Chi subisce le violenze di guerre e conflitti di qualsiasi natura non \u00e8 solo profugo,<\/strong> immigrato, povero, \u00e8 una persona con progetti, desideri, affetti, emozioni, diritti. Dalle nostre case eventi lontani perdono complessit\u00e0 e si riducono a percezioni: invasione, lavoro rubato, pericolo, degrado, poverini, solidariet\u00e0, ci sono anche quelli bravi. <strong>Raccontare una carta geografica, farla parlare attraverso diversi punti di vista,<\/strong> capire come, nel mondo, la realt\u00e0 sia filtrata da sguardi e culture, come gli effetti vengano confusi con le cause, a volte per sbaglio a volte per scelta (spettacolo dagli undici anni in s\u00f9). <div class=\"focuson\"><a href=\"https:\/\/www.intoscana.it\/it\/estate-fiorentina-diffusa-e-inclusiva-quattro-mesi-di-concerti-cinema-teatro-danza-eventi-per-bambini\/\"><img decoding=\"async\" class=\"lazy\" src=\"https:\/\/www.intoscana.it\/wp-content\/uploads\/Ultravox-Firenze-pic.jpg\" style=\"\">\n                <div class=\"cat\">Estate Fiorentina 2024<\/div>\n                <h4>Quattro mesi di eventi<\/h4><\/a>\n              <\/div><\/p>\n<p><strong><em>\u201cLa vita, se non \u00e8 sogno, sai che sia?\u201d<\/em> <\/strong>di e con <strong>Letizia Sacco<\/strong> si ispira invece a due storie di Lewis Carroll <strong><em>\u201cLe avventure di Alice nel paese delle meraviglie\u201d<\/em> <\/strong>e <em>\u201cAl di l\u00e0 dello specchio\u201d.<\/em> La grande protagonista indiscussa \u00e8 la parola.<\/p>\n<p>Come in un sogno,<strong> storie, personaggi, paesaggi si susseguono senza sosta<\/strong>. Un bizzarro mondo alla rovescia che svela le assurdit\u00e0 e le incoerenze della vita adulta. Un viaggio tra nonsense e paradossi,<strong> un tuffo in un paesaggio onirico f<\/strong>atto di situazioni estremamente irreali. Andare oltre gli schemi di norme e convenzioni, questo spettacolo \u00e8 <strong>un viaggio in una realt\u00e0 lontana dalla quotidianit\u00e0,<\/strong> assurda e apparentemente senza senso e per questo, disorientante, misteriosa e inizialmente \u201cscomoda\u201d ma sicuramente molto affascinante.<\/p>\n<figure id=\"post-345622 media-345622\" class=\"align-none\"><img decoding=\"async\" src=\"https:\/\/www.intoscana.it\/wp-content\/uploads\/In-Suburbia-2023_Ma-i-denti_Canova_13-07-23-ph-Rafael-Tuka-5.jpg\" alt=\"\" \/><\/figure>\n<div class=\"titleimg\"><em>In Suburbia 2023, foto di Rafael Tuka<\/em><\/div>\n<h3>Il calendario completo degli spettacoli<\/h3>\n<p><strong>Firenze<\/strong><\/p>\n<p><strong>Giugno<\/strong><br \/>\n18- ore 19.00 Q4 via Canova 25\/22 &#8211; Eisbol\u00e8 story<br \/>\n25-ore 21.00 Q2 Piazzetta di Rocca Tedalda &#8211; Eisbol\u00e8 story<br \/>\n26-ore 19.00 Q4 via Canova 25\/22 &#8211; La vita, se non \u00e8 sogno, sai che sia?<br \/>\n29-ore 21.00 Q5 via della Sala 2\/H &#8211; La vita, se non \u00e8 sogno, sai che sia?<\/p>\n<p><strong>Luglio<\/strong><br \/>\n03-ore 10.30 Q3Centro Gav &#8211; La vita, se non \u00e8 sogno, sai che sia?<br \/>\n03-ore 21.00 Q5 Villa Pallini (o via Carlo del Prete 24-72) &#8211; La vita, se non \u00e8 sogno, sai che sia?<br \/>\n04-ore 21.00 Q2 Villa Arrivabene &#8211; La vita, se non \u00e8 sogno, sai che sia?<br \/>\n06-ore 21.00 Q5 via della Sala 2\/H &#8211; Eisbol\u00e8 story<br \/>\n09-ore 21.00 Q5 Villa Pallini (o via Carlo del Prete 24-72) &#8211; Eisbol\u00e8 story<br \/>\n11-ore 21.00 Q2 Villa Arrivabene &#8211; Eisbol\u00e8 story<br \/>\n12-ore 21.00 Q3 Parco dell\u2019Anconella &#8211; Eisbol\u00e8 story<br \/>\n15-ore 18.30 Q2 Piazzetta di Rocca Tedalda &#8211; La vita, se non \u00e8 sogno, sai che sia?<br \/>\n18-ore 21.00 Q4 Centro culturale Canova &#8211; Eisbol\u00e8 story<br \/>\n25-ore 18.30 Q3 Parco dell\u2019Anconella &#8211; La vita, se non \u00e8 sogno, sai che sia?<\/p>\n<p><strong>Agosto<\/strong><br \/>\n01-ore 18.30 Q4 Giardino Bibliotecanova &#8211; La vita, se non \u00e8 sogno, sai che sia?<\/p>\n<p><strong>Settembre<\/strong><br \/>\n02-ore 10.30 Q3 Centro Gav &#8211; Eisbol\u00e8 story<\/p>\n<p><strong>Citta metropolitana<\/strong><\/p>\n<p><strong>Giugno<\/strong><br \/>\n19-ore 18.30 Campi Bisenzio,Condominio ERP &#8211; Via dei Platani, 5\/A-B-C-D-E-F -La vita, se non \u00e8 sogno, sai che sia?<br \/>\n27-ore 18.30 Scandicci, Condominio ERP &#8211; via Gemmi 26- La vita, se non \u00e8 sogno, sai che sia?<\/p>\n<p><strong>Luglio<\/strong><br \/>\n10-ore 18.30 Scandicci, Condominio ERP &#8211; via Gemmi 26 -Eisbol\u00e8 story<br \/>\n24-ore 18.30 Campi Bisenzio, Condominio ERP &#8211; Via dei Platani, 5\/A-B-C-D-E-F -Eisbol\u00e8 story<\/p>\n<p><strong>Settembre<\/strong><br \/>\n15-ore 17.30 Fiesole, Piazzetta delle Gualchiere &#8211; La vita, se non \u00e8 sogno, sai che sia?<\/p>\n<figure id=\"post-345623 media-345623\" class=\"align-none\"><img decoding=\"async\" src=\"https:\/\/www.intoscana.it\/wp-content\/uploads\/In-Suburbia-2023_Ma-i-denti_Canova_13-07-23-ph-Rafael-Tuka-22.jpg\" alt=\"\" \/><\/figure>\n<div class=\"titleimg\"><em>In Suburbia 2023, foto di Rafael Tuka\u00a0<\/em><\/div>\n","protected":false},"excerpt":{"rendered":"<p>Dal 18 giugno al 15 settembre in programma 22 spettacoli in 11 diversi luoghi fra condomini e giardini pubblici della Citt\u00e0 Metropolitana di Firenze<\/p>\n","protected":false},"author":525,"featured_media":345621,"comment_status":"open","ping_status":"open","sticky":false,"template":"","format":"standard","meta":{"_acf_changed":false,"footnotes":""},"categories":[493],"tags":[235,4474,228,202,236],"class_list":["post-345619","post","type-post","status-publish","format-standard","has-post-thumbnail","hentry","category-cultura","tag-estate","tag-eventi","tag-festival","tag-firenze","tag-teatro"],"acf":[],"yoast_head":"<!-- This site is optimized with the Yoast SEO Premium plugin v24.2 (Yoast SEO v25.6) - https:\/\/yoast.com\/wordpress\/plugins\/seo\/ -->\n<title>\u201cIn Suburbia [theater]\u201d: il teatro arriva nelle periferie e nei cortili delle case popolari di Firenze - intoscana<\/title>\n<meta name=\"description\" content=\"Dal 18 giugno al 15 settembre 22 spettacoli in 11 diversi luoghi fra condomini e giardini pubblici della Citt\u00e0 Metropolitana di Firenze\" \/>\n<meta name=\"robots\" content=\"index, follow, max-snippet:-1, max-image-preview:large, max-video-preview:-1\" \/>\n<link rel=\"canonical\" href=\"https:\/\/www.intoscana.it\/it\/in-suburbia-theater-il-teatro-arriva-nelle-periferie-e-nei-cortili-delle-case-popolari-di-firenze\/\" \/>\n<meta property=\"og:locale\" content=\"it_IT\" \/>\n<meta property=\"og:type\" content=\"article\" \/>\n<meta property=\"og:title\" content=\"\u201cIn Suburbia [theater]\u201d: il teatro arriva nelle periferie e nei cortili delle case popolari di Firenze\" \/>\n<meta property=\"og:description\" content=\"Dal 18 giugno al 15 settembre 22 spettacoli in 11 diversi luoghi fra condomini e giardini pubblici della Citt\u00e0 Metropolitana di Firenze\" \/>\n<meta property=\"og:url\" content=\"https:\/\/www.intoscana.it\/it\/in-suburbia-theater-il-teatro-arriva-nelle-periferie-e-nei-cortili-delle-case-popolari-di-firenze\/\" \/>\n<meta property=\"og:site_name\" content=\"intoscana\" \/>\n<meta property=\"article:publisher\" content=\"https:\/\/www.facebook.com\/intoscana.it\" \/>\n<meta property=\"article:published_time\" content=\"2024-06-18T07:36:02+00:00\" \/>\n<meta property=\"article:modified_time\" content=\"2024-06-18T07:38:12+00:00\" \/>\n<meta property=\"og:image\" content=\"https:\/\/www.intoscana.it\/wp-content\/uploads\/In-Suburbia-2023-MA-I-DENTI_19-07-23-Carlo-del-Prete-ph-Tobia-SAnchi-6.png\" \/>\n\t<meta property=\"og:image:width\" content=\"1000\" \/>\n\t<meta property=\"og:image:height\" content=\"667\" \/>\n\t<meta property=\"og:image:type\" content=\"image\/png\" \/>\n<meta name=\"author\" content=\"Redazione\" \/>\n<meta name=\"twitter:card\" content=\"summary_large_image\" \/>\n<meta name=\"twitter:creator\" content=\"@intoscana\" \/>\n<meta name=\"twitter:site\" content=\"@intoscana\" \/>\n<meta name=\"twitter:label1\" content=\"Written by\" \/>\n\t<meta name=\"twitter:data1\" content=\"Redazione\" \/>\n\t<meta name=\"twitter:label2\" content=\"Est. reading time\" \/>\n\t<meta name=\"twitter:data2\" content=\"5 minuti\" \/>\n<script type=\"application\/ld+json\" class=\"yoast-schema-graph\">{\"@context\":\"https:\/\/schema.org\",\"@graph\":[{\"@type\":\"WebPage\",\"@id\":\"https:\/\/www.intoscana.it\/it\/in-suburbia-theater-il-teatro-arriva-nelle-periferie-e-nei-cortili-delle-case-popolari-di-firenze\/\",\"url\":\"https:\/\/www.intoscana.it\/it\/in-suburbia-theater-il-teatro-arriva-nelle-periferie-e-nei-cortili-delle-case-popolari-di-firenze\/\",\"name\":\"\u201cIn Suburbia [theater]\u201d: il teatro arriva nelle periferie e nei cortili delle case popolari di Firenze - intoscana\",\"isPartOf\":{\"@id\":\"https:\/\/www.intoscana.it\/it\/#website\"},\"primaryImageOfPage\":{\"@id\":\"https:\/\/www.intoscana.it\/it\/in-suburbia-theater-il-teatro-arriva-nelle-periferie-e-nei-cortili-delle-case-popolari-di-firenze\/#primaryimage\"},\"image\":{\"@id\":\"https:\/\/www.intoscana.it\/it\/in-suburbia-theater-il-teatro-arriva-nelle-periferie-e-nei-cortili-delle-case-popolari-di-firenze\/#primaryimage\"},\"thumbnailUrl\":\"https:\/\/www.intoscana.it\/wp-content\/uploads\/In-Suburbia-2023-MA-I-DENTI_19-07-23-Carlo-del-Prete-ph-Tobia-SAnchi-6.png\",\"datePublished\":\"2024-06-18T07:36:02+00:00\",\"dateModified\":\"2024-06-18T07:38:12+00:00\",\"author\":{\"@id\":\"https:\/\/www.intoscana.it\/it\/#\/schema\/person\/9223810753230f20bd670fdd322661f8\"},\"description\":\"Dal 18 giugno al 15 settembre 22 spettacoli in 11 diversi luoghi fra condomini e giardini pubblici della Citt\u00e0 Metropolitana di Firenze\",\"breadcrumb\":{\"@id\":\"https:\/\/www.intoscana.it\/it\/in-suburbia-theater-il-teatro-arriva-nelle-periferie-e-nei-cortili-delle-case-popolari-di-firenze\/#breadcrumb\"},\"inLanguage\":\"it-IT\",\"potentialAction\":[{\"@type\":\"ReadAction\",\"target\":[\"https:\/\/www.intoscana.it\/it\/in-suburbia-theater-il-teatro-arriva-nelle-periferie-e-nei-cortili-delle-case-popolari-di-firenze\/\"]}]},{\"@type\":\"ImageObject\",\"inLanguage\":\"it-IT\",\"@id\":\"https:\/\/www.intoscana.it\/it\/in-suburbia-theater-il-teatro-arriva-nelle-periferie-e-nei-cortili-delle-case-popolari-di-firenze\/#primaryimage\",\"url\":\"https:\/\/www.intoscana.it\/wp-content\/uploads\/In-Suburbia-2023-MA-I-DENTI_19-07-23-Carlo-del-Prete-ph-Tobia-SAnchi-6.png\",\"contentUrl\":\"https:\/\/www.intoscana.it\/wp-content\/uploads\/In-Suburbia-2023-MA-I-DENTI_19-07-23-Carlo-del-Prete-ph-Tobia-SAnchi-6.png\",\"width\":1000,\"height\":667},{\"@type\":\"BreadcrumbList\",\"@id\":\"https:\/\/www.intoscana.it\/it\/in-suburbia-theater-il-teatro-arriva-nelle-periferie-e-nei-cortili-delle-case-popolari-di-firenze\/#breadcrumb\",\"itemListElement\":[{\"@type\":\"ListItem\",\"position\":1,\"name\":\"Home\",\"item\":\"https:\/\/www.intoscana.it\/it\/\"},{\"@type\":\"ListItem\",\"position\":2,\"name\":\"\u201cIn Suburbia [theater]\u201d: il teatro arriva nelle periferie e nei cortili delle case popolari di Firenze\"}]},{\"@type\":\"WebSite\",\"@id\":\"https:\/\/www.intoscana.it\/it\/#website\",\"url\":\"https:\/\/www.intoscana.it\/it\/\",\"name\":\"intoscana\",\"description\":\"\",\"potentialAction\":[{\"@type\":\"SearchAction\",\"target\":{\"@type\":\"EntryPoint\",\"urlTemplate\":\"https:\/\/www.intoscana.it\/it\/?s={search_term_string}\"},\"query-input\":{\"@type\":\"PropertyValueSpecification\",\"valueRequired\":true,\"valueName\":\"search_term_string\"}}],\"inLanguage\":\"it-IT\"},{\"@type\":\"Person\",\"@id\":\"https:\/\/www.intoscana.it\/it\/#\/schema\/person\/9223810753230f20bd670fdd322661f8\",\"name\":\"Redazione\",\"url\":\"https:\/\/www.intoscana.it\/it\/author\/redazione\/\"}]}<\/script>\n<!-- \/ Yoast SEO Premium plugin. -->","yoast_head_json":{"title":"\u201cIn Suburbia [theater]\u201d: il teatro arriva nelle periferie e nei cortili delle case popolari di Firenze - intoscana","description":"Dal 18 giugno al 15 settembre 22 spettacoli in 11 diversi luoghi fra condomini e giardini pubblici della Citt\u00e0 Metropolitana di Firenze","robots":{"index":"index","follow":"follow","max-snippet":"max-snippet:-1","max-image-preview":"max-image-preview:large","max-video-preview":"max-video-preview:-1"},"canonical":"https:\/\/www.intoscana.it\/it\/in-suburbia-theater-il-teatro-arriva-nelle-periferie-e-nei-cortili-delle-case-popolari-di-firenze\/","og_locale":"it_IT","og_type":"article","og_title":"\u201cIn Suburbia [theater]\u201d: il teatro arriva nelle periferie e nei cortili delle case popolari di Firenze","og_description":"Dal 18 giugno al 15 settembre 22 spettacoli in 11 diversi luoghi fra condomini e giardini pubblici della Citt\u00e0 Metropolitana di Firenze","og_url":"https:\/\/www.intoscana.it\/it\/in-suburbia-theater-il-teatro-arriva-nelle-periferie-e-nei-cortili-delle-case-popolari-di-firenze\/","og_site_name":"intoscana","article_publisher":"https:\/\/www.facebook.com\/intoscana.it","article_published_time":"2024-06-18T07:36:02+00:00","article_modified_time":"2024-06-18T07:38:12+00:00","og_image":[{"width":1000,"height":667,"url":"https:\/\/www.intoscana.it\/wp-content\/uploads\/In-Suburbia-2023-MA-I-DENTI_19-07-23-Carlo-del-Prete-ph-Tobia-SAnchi-6.png","type":"image\/png"}],"author":"Redazione","twitter_card":"summary_large_image","twitter_creator":"@intoscana","twitter_site":"@intoscana","twitter_misc":{"Written by":"Redazione","Est. reading time":"5 minuti"},"schema":{"@context":"https:\/\/schema.org","@graph":[{"@type":"WebPage","@id":"https:\/\/www.intoscana.it\/it\/in-suburbia-theater-il-teatro-arriva-nelle-periferie-e-nei-cortili-delle-case-popolari-di-firenze\/","url":"https:\/\/www.intoscana.it\/it\/in-suburbia-theater-il-teatro-arriva-nelle-periferie-e-nei-cortili-delle-case-popolari-di-firenze\/","name":"\u201cIn Suburbia [theater]\u201d: il teatro arriva nelle periferie e nei cortili delle case popolari di Firenze - intoscana","isPartOf":{"@id":"https:\/\/www.intoscana.it\/it\/#website"},"primaryImageOfPage":{"@id":"https:\/\/www.intoscana.it\/it\/in-suburbia-theater-il-teatro-arriva-nelle-periferie-e-nei-cortili-delle-case-popolari-di-firenze\/#primaryimage"},"image":{"@id":"https:\/\/www.intoscana.it\/it\/in-suburbia-theater-il-teatro-arriva-nelle-periferie-e-nei-cortili-delle-case-popolari-di-firenze\/#primaryimage"},"thumbnailUrl":"https:\/\/www.intoscana.it\/wp-content\/uploads\/In-Suburbia-2023-MA-I-DENTI_19-07-23-Carlo-del-Prete-ph-Tobia-SAnchi-6.png","datePublished":"2024-06-18T07:36:02+00:00","dateModified":"2024-06-18T07:38:12+00:00","author":{"@id":"https:\/\/www.intoscana.it\/it\/#\/schema\/person\/9223810753230f20bd670fdd322661f8"},"description":"Dal 18 giugno al 15 settembre 22 spettacoli in 11 diversi luoghi fra condomini e giardini pubblici della Citt\u00e0 Metropolitana di Firenze","breadcrumb":{"@id":"https:\/\/www.intoscana.it\/it\/in-suburbia-theater-il-teatro-arriva-nelle-periferie-e-nei-cortili-delle-case-popolari-di-firenze\/#breadcrumb"},"inLanguage":"it-IT","potentialAction":[{"@type":"ReadAction","target":["https:\/\/www.intoscana.it\/it\/in-suburbia-theater-il-teatro-arriva-nelle-periferie-e-nei-cortili-delle-case-popolari-di-firenze\/"]}]},{"@type":"ImageObject","inLanguage":"it-IT","@id":"https:\/\/www.intoscana.it\/it\/in-suburbia-theater-il-teatro-arriva-nelle-periferie-e-nei-cortili-delle-case-popolari-di-firenze\/#primaryimage","url":"https:\/\/www.intoscana.it\/wp-content\/uploads\/In-Suburbia-2023-MA-I-DENTI_19-07-23-Carlo-del-Prete-ph-Tobia-SAnchi-6.png","contentUrl":"https:\/\/www.intoscana.it\/wp-content\/uploads\/In-Suburbia-2023-MA-I-DENTI_19-07-23-Carlo-del-Prete-ph-Tobia-SAnchi-6.png","width":1000,"height":667},{"@type":"BreadcrumbList","@id":"https:\/\/www.intoscana.it\/it\/in-suburbia-theater-il-teatro-arriva-nelle-periferie-e-nei-cortili-delle-case-popolari-di-firenze\/#breadcrumb","itemListElement":[{"@type":"ListItem","position":1,"name":"Home","item":"https:\/\/www.intoscana.it\/it\/"},{"@type":"ListItem","position":2,"name":"\u201cIn Suburbia [theater]\u201d: il teatro arriva nelle periferie e nei cortili delle case popolari di Firenze"}]},{"@type":"WebSite","@id":"https:\/\/www.intoscana.it\/it\/#website","url":"https:\/\/www.intoscana.it\/it\/","name":"intoscana","description":"","potentialAction":[{"@type":"SearchAction","target":{"@type":"EntryPoint","urlTemplate":"https:\/\/www.intoscana.it\/it\/?s={search_term_string}"},"query-input":{"@type":"PropertyValueSpecification","valueRequired":true,"valueName":"search_term_string"}}],"inLanguage":"it-IT"},{"@type":"Person","@id":"https:\/\/www.intoscana.it\/it\/#\/schema\/person\/9223810753230f20bd670fdd322661f8","name":"Redazione","url":"https:\/\/www.intoscana.it\/it\/author\/redazione\/"}]}},"_links":{"self":[{"href":"https:\/\/www.intoscana.it\/it\/wp-json\/wp\/v2\/posts\/345619","targetHints":{"allow":["GET"]}}],"collection":[{"href":"https:\/\/www.intoscana.it\/it\/wp-json\/wp\/v2\/posts"}],"about":[{"href":"https:\/\/www.intoscana.it\/it\/wp-json\/wp\/v2\/types\/post"}],"author":[{"embeddable":true,"href":"https:\/\/www.intoscana.it\/it\/wp-json\/wp\/v2\/users\/525"}],"replies":[{"embeddable":true,"href":"https:\/\/www.intoscana.it\/it\/wp-json\/wp\/v2\/comments?post=345619"}],"version-history":[{"count":8,"href":"https:\/\/www.intoscana.it\/it\/wp-json\/wp\/v2\/posts\/345619\/revisions"}],"predecessor-version":[{"id":345793,"href":"https:\/\/www.intoscana.it\/it\/wp-json\/wp\/v2\/posts\/345619\/revisions\/345793"}],"wp:featuredmedia":[{"embeddable":true,"href":"https:\/\/www.intoscana.it\/it\/wp-json\/wp\/v2\/media\/345621"}],"wp:attachment":[{"href":"https:\/\/www.intoscana.it\/it\/wp-json\/wp\/v2\/media?parent=345619"}],"wp:term":[{"taxonomy":"category","embeddable":true,"href":"https:\/\/www.intoscana.it\/it\/wp-json\/wp\/v2\/categories?post=345619"},{"taxonomy":"post_tag","embeddable":true,"href":"https:\/\/www.intoscana.it\/it\/wp-json\/wp\/v2\/tags?post=345619"}],"curies":[{"name":"wp","href":"https:\/\/api.w.org\/{rel}","templated":true}]}}