{"id":345750,"date":"2024-06-18T09:15:17","date_gmt":"2024-06-18T07:15:17","guid":{"rendered":"https:\/\/www.intoscana.it\/it\/?p=345750"},"modified":"2024-06-18T09:15:17","modified_gmt":"2024-06-18T07:15:17","slug":"tre-giornate-dedicate-al-fantasy-a-sansepolcro-con-il-leprechaun-magic-festival","status":"publish","type":"post","link":"https:\/\/www.intoscana.it\/it\/tre-giornate-dedicate-al-fantasy-a-sansepolcro-con-il-leprechaun-magic-festival\/","title":{"rendered":"Tre giornate dedicate al fantasy a Sansepolcro con il &#8220;Leprechaun Magic Festival&#8221;"},"content":{"rendered":"<p><strong>Dal 21 al 23 giugno<\/strong> nell&#8217;area verde in viale Barsanti a <strong>Sansepolcro<\/strong> arriva la prima edizione del <em><strong>&#8220;Leprechaun Magic Festival&#8221;. <\/strong><\/em><\/p>\n<p>Per <strong>un weekend a ingresso gratuito<\/strong> la citt\u00e0 toscana diventer\u00e0 cos\u00ec la location di un <strong>mondo mitologico tra antichi popoli, spettacoli e musica.<\/strong><\/p>\n<p><em>&#8220;Il Leprechaun Magic Festival &#8211; <\/em>commenta<strong> Mauro Melis,<\/strong> presidente dell\u2019associazione<a href=\"https:\/\/www.facebook.com\/profile.php?id=100065037399284\" target=\"_blank\" rel=\"noopener\"><strong> Cerchio delle Antiche Vie<\/strong> <\/a>che organizza il festival, <em>&#8211; completa la nostra proposta di eventi tematici dedicati alle antiche festivit\u00e0, andando a festeggiare il solstizio d\u2019estate. Ringraziamo il Comune di Sansepolcro per l\u2019accoglienza e la collaborazione. Il fantasy sar\u00e0 il filo conduttore dei tre giorni con una scenografia tra fate, folletti, elfi, fattucchiere e leprecauni: invitiamo gli stessi visitatori ad arrivare travestiti per entrare cos\u00ec nelle atmosfere del festival&#8221;.<\/em><\/p>\n<p>L\u2019evento \u00e8 nato per celebrare una delle pi\u00f9 attese ricorrenze del calendario dei popoli dell\u2019antichit\u00e0,<strong> il solstizio d\u2019estate<\/strong>, e avr\u00e0 come assoluto protagonista il folletto Leprecauno che nel folclore irlandese \u00e8 rappresentato con<strong> una pentola colma d\u2019oro in mano.<\/strong><\/p>\n<p>Il <strong>Leprechaun Magic Festival <\/strong>aprir\u00e0 ogni sera le proprie porte alle 18.00 quanto inizieranno le diverse attivit\u00e0 che proseguiranno fino alle 24.00.<\/p>\n<p>Una particolare attenzione sar\u00e0 rivolta all\u2019intrattenimento con<strong> spettacoli di danze celtiche e tribali<\/strong> delle <a href=\"https:\/\/www.facebook.com\/danseusessheherazade\" target=\"_blank\" rel=\"noopener\"><strong><em>Les Danseuses de Sheherazade<\/em> <\/strong><\/a>che in passato hanno meritato consensi a <strong><em>\u201cItalia\u2019s got talent\u201d<\/em> <\/strong>e che proporranno coinvolgenti momenti dalle atmosfere oniriche e orientaleggianti ispirate a <strong><em>\u201cLe mille e una notte\u201d<\/em><\/strong>, inoltre un\u2019animazione danzante verr\u00e0 proposta anche dalla<strong> scuola di danze irlandesi Clover<\/strong> che coinvolger\u00e0 gli spettatori nelle sue incalzanti esibizioni.<\/p>\n<p><strong>La musica celtica dal vivo<\/strong> sar\u00e0 garantita dagli strumenti dei<strong> Senon &amp; The Korrigans<\/strong>, poi saranno previsti <strong>spettacoli di magia, giocoleria con il fuoco e trampolieri<\/strong> che promettono di stupire visitatori di tutte le et\u00e0.<\/p>\n<p>In ognuna delle tre serate saranno aperti <strong>stand gastronomici<\/strong> che permetteranno di cenare all\u2019aperto e sotto le stelle con tante diverse specialit\u00e0 culinarie accompagnate da una <strong>selezione di birre artigianali<\/strong> e da bevande storiche come<strong> sidro, idromele e ippocrasso.<\/strong><\/p>\n<p>L\u2019area della festa, inoltre, sar\u00e0 ulteriormente arricchita da<strong> un mercatino artigianale<\/strong> con espositori provenienti da tutta Italia.<\/p>\n<figure id=\"post-345786 media-345786\" class=\"align-none\"><img decoding=\"async\" src=\"https:\/\/www.intoscana.it\/wp-content\/uploads\/313348888_639416094297216_4184348409660241260_n.jpg\" alt=\"\" \/><\/figure>\n<div class=\"titleimg\"><em>Les Danseuses de Sheherazade<\/em><\/div>\n<p>&nbsp;<\/p>\n","protected":false},"excerpt":{"rendered":"<p>La prima edizione della manifestazione si terr\u00e0 da venerd\u00ec 21 a domenica 23 giugno a Sansepolcro a ingresso gratuito. L\u2019evento sar\u00e0 un\u2019occasione per festeggiare il solstizio d\u2019estate tra musica, spettacoli e gastronomia<\/p>\n","protected":false},"author":525,"featured_media":345737,"comment_status":"open","ping_status":"open","sticky":false,"template":"","format":"standard","meta":{"_acf_changed":false,"footnotes":""},"categories":[493],"tags":[4474,228],"class_list":["post-345750","post","type-post","status-publish","format-standard","has-post-thumbnail","hentry","category-cultura","tag-eventi","tag-festival"],"acf":[],"yoast_head":"<!-- This site is optimized with the Yoast SEO Premium plugin v24.2 (Yoast SEO v25.6) - https:\/\/yoast.com\/wordpress\/plugins\/seo\/ -->\n<title>Tre giornate dedicate al fantasy a Sansepolcro con il &quot;Leprechaun Magic Festival&quot; - intoscana<\/title>\n<meta name=\"description\" content=\"La prima edizione della manifestazione si terr\u00e0 da venerd\u00ec 21 a domenica 23 giugno a Sansepolcro a ingresso gratuito\" \/>\n<meta name=\"robots\" content=\"index, follow, max-snippet:-1, max-image-preview:large, max-video-preview:-1\" \/>\n<link rel=\"canonical\" href=\"https:\/\/www.intoscana.it\/it\/tre-giornate-dedicate-al-fantasy-a-sansepolcro-con-il-leprechaun-magic-festival\/\" \/>\n<meta property=\"og:locale\" content=\"it_IT\" \/>\n<meta property=\"og:type\" content=\"article\" \/>\n<meta property=\"og:title\" content=\"Tre giornate dedicate al fantasy a Sansepolcro con il &quot;Leprechaun Magic Festival&quot;\" \/>\n<meta property=\"og:description\" content=\"La prima edizione della manifestazione si terr\u00e0 da venerd\u00ec 21 a domenica 23 giugno a Sansepolcro a ingresso gratuito\" \/>\n<meta property=\"og:url\" content=\"https:\/\/www.intoscana.it\/it\/tre-giornate-dedicate-al-fantasy-a-sansepolcro-con-il-leprechaun-magic-festival\/\" \/>\n<meta property=\"og:site_name\" content=\"intoscana\" \/>\n<meta property=\"article:publisher\" content=\"https:\/\/www.facebook.com\/intoscana.it\" \/>\n<meta property=\"article:published_time\" content=\"2024-06-18T07:15:17+00:00\" \/>\n<meta property=\"og:image\" content=\"https:\/\/www.intoscana.it\/wp-content\/uploads\/Arezzo-Celtic-Festival-Les-Danseuses-de-Sheherazade-1.jpg\" \/>\n\t<meta property=\"og:image:width\" content=\"1772\" \/>\n\t<meta property=\"og:image:height\" content=\"1181\" \/>\n\t<meta property=\"og:image:type\" content=\"image\/jpeg\" \/>\n<meta name=\"author\" content=\"Redazione\" \/>\n<meta name=\"twitter:card\" content=\"summary_large_image\" \/>\n<meta name=\"twitter:creator\" content=\"@intoscana\" \/>\n<meta name=\"twitter:site\" content=\"@intoscana\" \/>\n<meta name=\"twitter:label1\" content=\"Written by\" \/>\n\t<meta name=\"twitter:data1\" content=\"Redazione\" \/>\n\t<meta name=\"twitter:label2\" content=\"Est. reading time\" \/>\n\t<meta name=\"twitter:data2\" content=\"3 minuti\" \/>\n<script type=\"application\/ld+json\" class=\"yoast-schema-graph\">{\"@context\":\"https:\/\/schema.org\",\"@graph\":[{\"@type\":\"WebPage\",\"@id\":\"https:\/\/www.intoscana.it\/it\/tre-giornate-dedicate-al-fantasy-a-sansepolcro-con-il-leprechaun-magic-festival\/\",\"url\":\"https:\/\/www.intoscana.it\/it\/tre-giornate-dedicate-al-fantasy-a-sansepolcro-con-il-leprechaun-magic-festival\/\",\"name\":\"Tre giornate dedicate al fantasy a Sansepolcro con il \\\"Leprechaun Magic Festival\\\" - intoscana\",\"isPartOf\":{\"@id\":\"https:\/\/www.intoscana.it\/it\/#website\"},\"primaryImageOfPage\":{\"@id\":\"https:\/\/www.intoscana.it\/it\/tre-giornate-dedicate-al-fantasy-a-sansepolcro-con-il-leprechaun-magic-festival\/#primaryimage\"},\"image\":{\"@id\":\"https:\/\/www.intoscana.it\/it\/tre-giornate-dedicate-al-fantasy-a-sansepolcro-con-il-leprechaun-magic-festival\/#primaryimage\"},\"thumbnailUrl\":\"https:\/\/www.intoscana.it\/wp-content\/uploads\/Arezzo-Celtic-Festival-Les-Danseuses-de-Sheherazade-1.jpg\",\"datePublished\":\"2024-06-18T07:15:17+00:00\",\"author\":{\"@id\":\"https:\/\/www.intoscana.it\/it\/#\/schema\/person\/9223810753230f20bd670fdd322661f8\"},\"description\":\"La prima edizione della manifestazione si terr\u00e0 da venerd\u00ec 21 a domenica 23 giugno a Sansepolcro a ingresso gratuito\",\"breadcrumb\":{\"@id\":\"https:\/\/www.intoscana.it\/it\/tre-giornate-dedicate-al-fantasy-a-sansepolcro-con-il-leprechaun-magic-festival\/#breadcrumb\"},\"inLanguage\":\"it-IT\",\"potentialAction\":[{\"@type\":\"ReadAction\",\"target\":[\"https:\/\/www.intoscana.it\/it\/tre-giornate-dedicate-al-fantasy-a-sansepolcro-con-il-leprechaun-magic-festival\/\"]}]},{\"@type\":\"ImageObject\",\"inLanguage\":\"it-IT\",\"@id\":\"https:\/\/www.intoscana.it\/it\/tre-giornate-dedicate-al-fantasy-a-sansepolcro-con-il-leprechaun-magic-festival\/#primaryimage\",\"url\":\"https:\/\/www.intoscana.it\/wp-content\/uploads\/Arezzo-Celtic-Festival-Les-Danseuses-de-Sheherazade-1.jpg\",\"contentUrl\":\"https:\/\/www.intoscana.it\/wp-content\/uploads\/Arezzo-Celtic-Festival-Les-Danseuses-de-Sheherazade-1.jpg\",\"width\":1772,\"height\":1181},{\"@type\":\"BreadcrumbList\",\"@id\":\"https:\/\/www.intoscana.it\/it\/tre-giornate-dedicate-al-fantasy-a-sansepolcro-con-il-leprechaun-magic-festival\/#breadcrumb\",\"itemListElement\":[{\"@type\":\"ListItem\",\"position\":1,\"name\":\"Home\",\"item\":\"https:\/\/www.intoscana.it\/it\/\"},{\"@type\":\"ListItem\",\"position\":2,\"name\":\"Tre giornate dedicate al fantasy a Sansepolcro con il &#8220;Leprechaun Magic Festival&#8221;\"}]},{\"@type\":\"WebSite\",\"@id\":\"https:\/\/www.intoscana.it\/it\/#website\",\"url\":\"https:\/\/www.intoscana.it\/it\/\",\"name\":\"intoscana\",\"description\":\"\",\"potentialAction\":[{\"@type\":\"SearchAction\",\"target\":{\"@type\":\"EntryPoint\",\"urlTemplate\":\"https:\/\/www.intoscana.it\/it\/?s={search_term_string}\"},\"query-input\":{\"@type\":\"PropertyValueSpecification\",\"valueRequired\":true,\"valueName\":\"search_term_string\"}}],\"inLanguage\":\"it-IT\"},{\"@type\":\"Person\",\"@id\":\"https:\/\/www.intoscana.it\/it\/#\/schema\/person\/9223810753230f20bd670fdd322661f8\",\"name\":\"Redazione\",\"url\":\"https:\/\/www.intoscana.it\/it\/author\/redazione\/\"}]}<\/script>\n<!-- \/ Yoast SEO Premium plugin. -->","yoast_head_json":{"title":"Tre giornate dedicate al fantasy a Sansepolcro con il \"Leprechaun Magic Festival\" - intoscana","description":"La prima edizione della manifestazione si terr\u00e0 da venerd\u00ec 21 a domenica 23 giugno a Sansepolcro a ingresso gratuito","robots":{"index":"index","follow":"follow","max-snippet":"max-snippet:-1","max-image-preview":"max-image-preview:large","max-video-preview":"max-video-preview:-1"},"canonical":"https:\/\/www.intoscana.it\/it\/tre-giornate-dedicate-al-fantasy-a-sansepolcro-con-il-leprechaun-magic-festival\/","og_locale":"it_IT","og_type":"article","og_title":"Tre giornate dedicate al fantasy a Sansepolcro con il \"Leprechaun Magic Festival\"","og_description":"La prima edizione della manifestazione si terr\u00e0 da venerd\u00ec 21 a domenica 23 giugno a Sansepolcro a ingresso gratuito","og_url":"https:\/\/www.intoscana.it\/it\/tre-giornate-dedicate-al-fantasy-a-sansepolcro-con-il-leprechaun-magic-festival\/","og_site_name":"intoscana","article_publisher":"https:\/\/www.facebook.com\/intoscana.it","article_published_time":"2024-06-18T07:15:17+00:00","og_image":[{"width":1772,"height":1181,"url":"https:\/\/www.intoscana.it\/wp-content\/uploads\/Arezzo-Celtic-Festival-Les-Danseuses-de-Sheherazade-1.jpg","type":"image\/jpeg"}],"author":"Redazione","twitter_card":"summary_large_image","twitter_creator":"@intoscana","twitter_site":"@intoscana","twitter_misc":{"Written by":"Redazione","Est. reading time":"3 minuti"},"schema":{"@context":"https:\/\/schema.org","@graph":[{"@type":"WebPage","@id":"https:\/\/www.intoscana.it\/it\/tre-giornate-dedicate-al-fantasy-a-sansepolcro-con-il-leprechaun-magic-festival\/","url":"https:\/\/www.intoscana.it\/it\/tre-giornate-dedicate-al-fantasy-a-sansepolcro-con-il-leprechaun-magic-festival\/","name":"Tre giornate dedicate al fantasy a Sansepolcro con il \"Leprechaun Magic Festival\" - intoscana","isPartOf":{"@id":"https:\/\/www.intoscana.it\/it\/#website"},"primaryImageOfPage":{"@id":"https:\/\/www.intoscana.it\/it\/tre-giornate-dedicate-al-fantasy-a-sansepolcro-con-il-leprechaun-magic-festival\/#primaryimage"},"image":{"@id":"https:\/\/www.intoscana.it\/it\/tre-giornate-dedicate-al-fantasy-a-sansepolcro-con-il-leprechaun-magic-festival\/#primaryimage"},"thumbnailUrl":"https:\/\/www.intoscana.it\/wp-content\/uploads\/Arezzo-Celtic-Festival-Les-Danseuses-de-Sheherazade-1.jpg","datePublished":"2024-06-18T07:15:17+00:00","author":{"@id":"https:\/\/www.intoscana.it\/it\/#\/schema\/person\/9223810753230f20bd670fdd322661f8"},"description":"La prima edizione della manifestazione si terr\u00e0 da venerd\u00ec 21 a domenica 23 giugno a Sansepolcro a ingresso gratuito","breadcrumb":{"@id":"https:\/\/www.intoscana.it\/it\/tre-giornate-dedicate-al-fantasy-a-sansepolcro-con-il-leprechaun-magic-festival\/#breadcrumb"},"inLanguage":"it-IT","potentialAction":[{"@type":"ReadAction","target":["https:\/\/www.intoscana.it\/it\/tre-giornate-dedicate-al-fantasy-a-sansepolcro-con-il-leprechaun-magic-festival\/"]}]},{"@type":"ImageObject","inLanguage":"it-IT","@id":"https:\/\/www.intoscana.it\/it\/tre-giornate-dedicate-al-fantasy-a-sansepolcro-con-il-leprechaun-magic-festival\/#primaryimage","url":"https:\/\/www.intoscana.it\/wp-content\/uploads\/Arezzo-Celtic-Festival-Les-Danseuses-de-Sheherazade-1.jpg","contentUrl":"https:\/\/www.intoscana.it\/wp-content\/uploads\/Arezzo-Celtic-Festival-Les-Danseuses-de-Sheherazade-1.jpg","width":1772,"height":1181},{"@type":"BreadcrumbList","@id":"https:\/\/www.intoscana.it\/it\/tre-giornate-dedicate-al-fantasy-a-sansepolcro-con-il-leprechaun-magic-festival\/#breadcrumb","itemListElement":[{"@type":"ListItem","position":1,"name":"Home","item":"https:\/\/www.intoscana.it\/it\/"},{"@type":"ListItem","position":2,"name":"Tre giornate dedicate al fantasy a Sansepolcro con il &#8220;Leprechaun Magic Festival&#8221;"}]},{"@type":"WebSite","@id":"https:\/\/www.intoscana.it\/it\/#website","url":"https:\/\/www.intoscana.it\/it\/","name":"intoscana","description":"","potentialAction":[{"@type":"SearchAction","target":{"@type":"EntryPoint","urlTemplate":"https:\/\/www.intoscana.it\/it\/?s={search_term_string}"},"query-input":{"@type":"PropertyValueSpecification","valueRequired":true,"valueName":"search_term_string"}}],"inLanguage":"it-IT"},{"@type":"Person","@id":"https:\/\/www.intoscana.it\/it\/#\/schema\/person\/9223810753230f20bd670fdd322661f8","name":"Redazione","url":"https:\/\/www.intoscana.it\/it\/author\/redazione\/"}]}},"_links":{"self":[{"href":"https:\/\/www.intoscana.it\/it\/wp-json\/wp\/v2\/posts\/345750","targetHints":{"allow":["GET"]}}],"collection":[{"href":"https:\/\/www.intoscana.it\/it\/wp-json\/wp\/v2\/posts"}],"about":[{"href":"https:\/\/www.intoscana.it\/it\/wp-json\/wp\/v2\/types\/post"}],"author":[{"embeddable":true,"href":"https:\/\/www.intoscana.it\/it\/wp-json\/wp\/v2\/users\/525"}],"replies":[{"embeddable":true,"href":"https:\/\/www.intoscana.it\/it\/wp-json\/wp\/v2\/comments?post=345750"}],"version-history":[{"count":6,"href":"https:\/\/www.intoscana.it\/it\/wp-json\/wp\/v2\/posts\/345750\/revisions"}],"predecessor-version":[{"id":345787,"href":"https:\/\/www.intoscana.it\/it\/wp-json\/wp\/v2\/posts\/345750\/revisions\/345787"}],"wp:featuredmedia":[{"embeddable":true,"href":"https:\/\/www.intoscana.it\/it\/wp-json\/wp\/v2\/media\/345737"}],"wp:attachment":[{"href":"https:\/\/www.intoscana.it\/it\/wp-json\/wp\/v2\/media?parent=345750"}],"wp:term":[{"taxonomy":"category","embeddable":true,"href":"https:\/\/www.intoscana.it\/it\/wp-json\/wp\/v2\/categories?post=345750"},{"taxonomy":"post_tag","embeddable":true,"href":"https:\/\/www.intoscana.it\/it\/wp-json\/wp\/v2\/tags?post=345750"}],"curies":[{"name":"wp","href":"https:\/\/api.w.org\/{rel}","templated":true}]}}