{"id":345771,"date":"2024-06-18T09:57:16","date_gmt":"2024-06-18T07:57:16","guid":{"rendered":"https:\/\/www.intoscana.it\/it\/?p=345771"},"modified":"2024-06-18T09:59:56","modified_gmt":"2024-06-18T07:59:56","slug":"al-via-alla-sinagoga-di-firenze-la-stagione-estiva-del-balagan-cafe-unedizione-dedicata-alla-pace","status":"publish","type":"post","link":"https:\/\/www.intoscana.it\/it\/al-via-alla-sinagoga-di-firenze-la-stagione-estiva-del-balagan-cafe-unedizione-dedicata-alla-pace\/","title":{"rendered":"Al via alla Sinagoga di Firenze la stagione estiva del Balagan Caf\u00e9: un&#8217;edizione dedicata alla pace"},"content":{"rendered":"<p>Ritorna a Firenze, per il dodicesimo anno consecutivo, la<strong> stagione estiva del Balagan Caf\u00e9.<\/strong><\/p>\n<p>Il tema scelto per accompagnare il ciclo di incontri &#8211; che culminer\u00e0 con la <strong>Giornata Europea della Cultura Ebraica di domenica 15 settembre<\/strong> &#8211; \u00e8: <strong><em>\u201cDove comincia la pace\u201d.<\/em><\/strong><\/p>\n<p><strong>Dal 20 giugno al 5 settembre,<\/strong> un nuovo appuntamento con i<strong> gioved\u00ec nel giardino della Sinagoga<\/strong> per la speciale kermesse culturale estiva organizzata dalla <a href=\"https:\/\/www.firenzebraica.it\" target=\"_blank\" rel=\"noopener\"><strong>Comunit\u00e0 Ebraica di Firenze<\/strong><\/a> e dal Comitato Rete Toscana ebraica in collaborazione con il Museo ebraico di Firenze, con il sostegno della <strong>Regione Toscana. <\/strong><\/p>\n<p>L\u2019iniziativa \u00e8 realizzata grazie al contributo di <strong>Fondazione CR Firenze,<\/strong> nell\u2019ambito del bando artistico e culturale, oltre che inserita nell&#8217;<a href=\"https:\/\/www.intoscana.it\/it\/estate-fiorentina-diffusa-e-inclusiva-quattro-mesi-di-concerti-cinema-teatro-danza-eventi-per-bambini\/\" target=\"_blank\" rel=\"noopener\"><strong>Estate Fiorentina<\/strong><\/a> del Comune di Firenze, e cofinanziata dall\u2019<strong>Unione Europea \u2013 Fondo Sociale Europeo,<\/strong> nell\u2019ambito del Programma Operativo Citt\u00e0 Metropolitane.<\/p>\n<p><em>\u201cIn undici anni di attivit\u00e0 \u2013 <\/em>spiega <strong>Enrico Fink direttore artistico della kermesse<\/strong> <em>&#8211; il Balag\u00e0n Caf\u00e9 ha costruito qualcosa di pi\u00f9 di un festival culturale di successo: grazie a programmi nati intorno alla curiosit\u00e0 e interesse verso il mondo ebraico ma sempre declinati sulla linea del dialogo e della conoscenza reciproca, ha offerto uno sguardo capace di illuminare spazi ancora immersi nell&#8217;oscurit\u00e0 dell&#8217;incomprensione e del pregiudizio. Oggi viviamo un momento drammatico, che non possiamo ignorare. La guerra ha scosso le coscienze e generato una discussione senza precedenti nella nostra citt\u00e0, nelle nostre comunit\u00e0. Mai come in questo momento abbiamo bisogno di prospettive nuove che scavalchino gli steccati, che contribuiscano a far nascere prospettive innovative, percorsi di riconoscimento dell&#8217;altro, delle sue ragioni, dei suoi diritti, della sua sofferenza. Percorsi che possano scardinare contrapposizioni sterili e ormai incancrenite. Il Balag\u00e0n far\u00e0 la sua parte, portando nella nostra citt\u00e0 esempi concreti di convivenza e dialogo: avremo occasione di incontrare personalit\u00e0 impegnate da tempo nella costruzione concreta di percorsi di pace\u201d.<\/em><\/p>\n<figure id=\"post-345749 media-345749\" class=\"align-none\"><img decoding=\"async\" src=\"https:\/\/www.intoscana.it\/wp-content\/uploads\/22-giugno5.jpg\" alt=\"\" \/><\/figure>\n<div class=\"titleimg\"><em>Balagan Caf\u00e8<\/em><\/div>\n<h3>Tutti gli incontri del Balagan Caf\u00e9<\/h3>\n<p>L\u2019impegno del <strong>Balagan Caf\u00e9<\/strong> a generare <strong>dialogo e comprensione reciproca<\/strong> si articola in una serie di conversazioni, tutte fra le 20,30 e le 21,30, con figure di assoluto rilievo. Sar\u00e0 ospite<strong> Padre Bernardo Gianni<\/strong> (gioved\u00ec 27 giugno), promotore della <strong>marcia silenziosa per la pace<\/strong> del 23 ottobre scorso, punto di riferimento per una Firenze impegnata nel percorso della piace e del dialogo.<\/p>\n<p>Da Israele interverr\u00e0 <strong>Edna Angelica Cal\u00f2 Livne,<\/strong> attivista israeliana candidata al Premio Nobel per la pace, con un incontro e una performance interattiva con il pubblico, mentre \u00e8 in programma una conversazione con <strong>Marisa Nicchi<\/strong> e altre aderenti a <strong><em>\u201cDonne Insieme per la pace\u201d<\/em> <\/strong>(11 luglio).<\/p>\n<p>Poi ci saranno le conversazioni con il <strong>filosofo Davide Assael<\/strong> (18 luglio), con lo storico <strong>Claudio Vercelli<\/strong> (25 luglio). Tra gli altri incontri quello con la celebre scrittrice e pacifista italo-israeliana<strong> Manuela Dviri<\/strong> (1 agosto) e lo psicologo ed esperto di lotta all\u2019antisemitismo <strong>David Meghnagi<\/strong> (29 agosto).<\/p>\n<figure id=\"post-80657 media-80657\" class=\"align-none\"><img decoding=\"async\" src=\"https:\/\/www.intoscana.it\/wp-content\/uploads\/Noa-1.jpg\" alt=\"\" \/><\/figure>\n<h3>I concerti del Balagan Caf\u00e9<\/h3>\n<p><strong>Non mancher\u00e0 ovviamente la musica<\/strong> che completer\u00e0 gli incontri con <strong>proiezioni di film e laboratori.<\/strong> Come esempio quanto mai eloquente un appuntamento di spicco: il Balag\u00e0n porter\u00e0 a Firenze, per la serata conclusiva del<strong> 5 settembre,<\/strong> la celeberrima musicista<strong> Noa,<\/strong> voce riconosciuta nel mondo non solo per i suoi meriti artistici e la sua straordinaria popolarit\u00e0, ma per l\u2019impegno per la pace e in particolare per il dialogo fra israeliani e palestinesi.<div class=\"focuson\"><a href=\"https:\/\/www.intoscana.it\/it\/estate-fiorentina-diffusa-e-inclusiva-quattro-mesi-di-concerti-cinema-teatro-danza-eventi-per-bambini\/\"><img decoding=\"async\" class=\"lazy\" src=\"https:\/\/www.intoscana.it\/wp-content\/uploads\/Ultravox-Firenze-pic.jpg\" style=\"\">\n                <div class=\"cat\">Estate Fiorentina 2024<\/div>\n                <h4>Quattro mesi di eventi<\/h4><\/a>\n              <\/div><\/p>\n<p>Moltissimi altri, naturalmente, gli appuntamenti di altissimo respiro internazionale. L\u201911 luglio sar\u00e0 in concerto la <strong>cantante palestinese Miriam Toukan<\/strong> con un gruppo di musicisti israeliani e con un concerto dedicato all&#8217;incontro fra cultura araba libanese e israeliana: \u201cQuando si incontrano Bialik e Fayrouz\u201d.<\/p>\n<p>Il 20 giugno, in apertura, si esibir\u00e0 a Firenze una straordinaria formazione da Belgrado, il gruppo <strong><em>\u201cShira utfila\u201d<\/em><\/strong> diretto da <strong>Stefan Sablic<\/strong>, band multietnica e multiconfessionale la cui musica si ispira alla ricchezza della tradizione ebraica, turco\/ottomana, araba a balcanica.<\/p>\n<p>Il 27 giugno toccher\u00e0 ad uno dei massimi esperti al mondo del <strong>\u201cney\u201d, strumento a fiato principe della tradizione mediorientale<\/strong>: verr\u00e0 dalla Turchia,<strong> Aziz Senol Filiz<\/strong> che sar\u00e0 in concerto con il toscano <strong>Ettore Bonaf\u00e9<\/strong> e altri musicisti di assoluto spessore, in un progetto di incontro fra musiche e culture dal titolo <strong><em>\u201cJazz Anatolia\u201d. <\/em><\/strong><\/p>\n<p>Ma ci sar\u00e0 spazio anche per un tributo a un musicista italiano fortemente legato al mondo ebraico e a Israele come <strong>Herbert Pagani,<\/strong> e per <strong>Enrico Fink<\/strong> che porter\u00e0 il pubblico in un viaggio musicale attraverso la storia degli ebrei d\u2019Italia.<\/p>\n<p>Come da tradizione ad accompagnare le serate l\u2019iniziativa <strong>Saperi&amp;Sapori,<\/strong> quest\u2019anno dedicata a<a href=\"https:\/\/www.intoscana.it\/it\/addio-a-jean-michel-carasso-lo-chef-che-porto-la-cucina-etnica-a-firenze\/\" target=\"_blank\" rel=\"noopener\"><strong> Jean-Michel Carasso<\/strong><\/a>, chef e ispiratore di mille ricette che in questi anni hanno accompagnato e donato gusto ai gioved\u00ec sera all\u2019ombra della cupola della Sinagoga.<\/p>\n<p>Non mancheranno, inoltre, le<strong> visite guidate alla Sinagoga e al Museo ebraico<\/strong> tutti i gioved\u00ec alle ore 19,30 al costo di 10 euro (prenotazione obbligatoria al numero 055 2989879, o in presenza presso la biglietteria della Sinagoga in via Farini, 6) e apericena nel giardino della Sinagoga con<strong> degustazione di prelibati piatti dal mondo ebraico<\/strong>, offerta consigliata 15 euro (prenotazione obbligatoria via email saperiesapori2024@gmail.com, posti limitati).<\/p>\n<figure id=\"post-345772 media-345772\" class=\"align-none\"><img decoding=\"async\" src=\"https:\/\/www.intoscana.it\/wp-content\/uploads\/Balagan20giugno.jpeg\" alt=\"\" \/><\/figure>\n<div class=\"titleimg\"><\/div>\n","protected":false},"excerpt":{"rendered":"<p>Dal 20 giugno al 5 settembre ritornano i gioved\u00ec nel giardino della Sinagoga con concerti, proiezioni di film, incontri, dialoghi, visite guidate e degustazioni<\/p>\n","protected":false},"author":518,"featured_media":345747,"comment_status":"open","ping_status":"open","sticky":false,"template":"","format":"standard","meta":{"_acf_changed":false,"footnotes":""},"categories":[493],"tags":[235,239,4474,228,202],"class_list":["post-345771","post","type-post","status-publish","format-standard","has-post-thumbnail","hentry","category-cultura","tag-estate","tag-estate-fiorentina","tag-eventi","tag-festival","tag-firenze"],"acf":[],"yoast_head":"<!-- This site is optimized with the Yoast SEO Premium plugin v24.2 (Yoast SEO v25.6) - https:\/\/yoast.com\/wordpress\/plugins\/seo\/ -->\n<title>Al via alla Sinagoga di Firenze la stagione estiva del Balagan Caf\u00e9: un&#039;edizione dedicata alla pace - intoscana<\/title>\n<meta name=\"description\" content=\"dal 20 giugno al 5 settembre ritornano i gioved\u00ec nel giardino della Sinagoga con musica, film, incontri, visite guidate e degustazioni\" \/>\n<meta name=\"robots\" content=\"index, follow, max-snippet:-1, max-image-preview:large, max-video-preview:-1\" \/>\n<link rel=\"canonical\" href=\"https:\/\/www.intoscana.it\/it\/al-via-alla-sinagoga-di-firenze-la-stagione-estiva-del-balagan-cafe-unedizione-dedicata-alla-pace\/\" \/>\n<meta property=\"og:locale\" content=\"it_IT\" \/>\n<meta property=\"og:type\" content=\"article\" \/>\n<meta property=\"og:title\" content=\"Al via alla Sinagoga di Firenze la stagione estiva del Balagan Caf\u00e9: un&#039;edizione dedicata alla pace\" \/>\n<meta property=\"og:description\" content=\"dal 20 giugno al 5 settembre ritornano i gioved\u00ec nel giardino della Sinagoga con musica, film, incontri, visite guidate e degustazioni\" \/>\n<meta property=\"og:url\" content=\"https:\/\/www.intoscana.it\/it\/al-via-alla-sinagoga-di-firenze-la-stagione-estiva-del-balagan-cafe-unedizione-dedicata-alla-pace\/\" \/>\n<meta property=\"og:site_name\" content=\"intoscana\" \/>\n<meta property=\"article:publisher\" content=\"https:\/\/www.facebook.com\/intoscana.it\" \/>\n<meta property=\"article:published_time\" content=\"2024-06-18T07:57:16+00:00\" \/>\n<meta property=\"article:modified_time\" content=\"2024-06-18T07:59:56+00:00\" \/>\n<meta property=\"og:image\" content=\"https:\/\/www.intoscana.it\/wp-content\/uploads\/22-giugno1.jpg\" \/>\n\t<meta property=\"og:image:width\" content=\"1024\" \/>\n\t<meta property=\"og:image:height\" content=\"768\" \/>\n\t<meta property=\"og:image:type\" content=\"image\/jpeg\" \/>\n<meta name=\"author\" content=\"Costanza Baldini\" \/>\n<meta name=\"twitter:card\" content=\"summary_large_image\" \/>\n<meta name=\"twitter:creator\" content=\"@intoscana\" \/>\n<meta name=\"twitter:site\" content=\"@intoscana\" \/>\n<meta name=\"twitter:label1\" content=\"Written by\" \/>\n\t<meta name=\"twitter:data1\" content=\"Costanza Baldini\" \/>\n\t<meta name=\"twitter:label2\" content=\"Est. reading time\" \/>\n\t<meta name=\"twitter:data2\" content=\"6 minuti\" \/>\n<script type=\"application\/ld+json\" class=\"yoast-schema-graph\">{\"@context\":\"https:\/\/schema.org\",\"@graph\":[{\"@type\":\"WebPage\",\"@id\":\"https:\/\/www.intoscana.it\/it\/al-via-alla-sinagoga-di-firenze-la-stagione-estiva-del-balagan-cafe-unedizione-dedicata-alla-pace\/\",\"url\":\"https:\/\/www.intoscana.it\/it\/al-via-alla-sinagoga-di-firenze-la-stagione-estiva-del-balagan-cafe-unedizione-dedicata-alla-pace\/\",\"name\":\"Al via alla Sinagoga di Firenze la stagione estiva del Balagan Caf\u00e9: un'edizione dedicata alla pace - intoscana\",\"isPartOf\":{\"@id\":\"https:\/\/www.intoscana.it\/it\/#website\"},\"primaryImageOfPage\":{\"@id\":\"https:\/\/www.intoscana.it\/it\/al-via-alla-sinagoga-di-firenze-la-stagione-estiva-del-balagan-cafe-unedizione-dedicata-alla-pace\/#primaryimage\"},\"image\":{\"@id\":\"https:\/\/www.intoscana.it\/it\/al-via-alla-sinagoga-di-firenze-la-stagione-estiva-del-balagan-cafe-unedizione-dedicata-alla-pace\/#primaryimage\"},\"thumbnailUrl\":\"https:\/\/www.intoscana.it\/wp-content\/uploads\/22-giugno1.jpg\",\"datePublished\":\"2024-06-18T07:57:16+00:00\",\"dateModified\":\"2024-06-18T07:59:56+00:00\",\"author\":{\"@id\":\"https:\/\/www.intoscana.it\/it\/#\/schema\/person\/d469f35f09739bdf00bf5dd3f0647a82\"},\"description\":\"dal 20 giugno al 5 settembre ritornano i gioved\u00ec nel giardino della Sinagoga con musica, film, incontri, visite guidate e degustazioni\",\"breadcrumb\":{\"@id\":\"https:\/\/www.intoscana.it\/it\/al-via-alla-sinagoga-di-firenze-la-stagione-estiva-del-balagan-cafe-unedizione-dedicata-alla-pace\/#breadcrumb\"},\"inLanguage\":\"it-IT\",\"potentialAction\":[{\"@type\":\"ReadAction\",\"target\":[\"https:\/\/www.intoscana.it\/it\/al-via-alla-sinagoga-di-firenze-la-stagione-estiva-del-balagan-cafe-unedizione-dedicata-alla-pace\/\"]}]},{\"@type\":\"ImageObject\",\"inLanguage\":\"it-IT\",\"@id\":\"https:\/\/www.intoscana.it\/it\/al-via-alla-sinagoga-di-firenze-la-stagione-estiva-del-balagan-cafe-unedizione-dedicata-alla-pace\/#primaryimage\",\"url\":\"https:\/\/www.intoscana.it\/wp-content\/uploads\/22-giugno1.jpg\",\"contentUrl\":\"https:\/\/www.intoscana.it\/wp-content\/uploads\/22-giugno1.jpg\",\"width\":1024,\"height\":768,\"caption\":\"Balagan Caf\u00e8\"},{\"@type\":\"BreadcrumbList\",\"@id\":\"https:\/\/www.intoscana.it\/it\/al-via-alla-sinagoga-di-firenze-la-stagione-estiva-del-balagan-cafe-unedizione-dedicata-alla-pace\/#breadcrumb\",\"itemListElement\":[{\"@type\":\"ListItem\",\"position\":1,\"name\":\"Home\",\"item\":\"https:\/\/www.intoscana.it\/it\/\"},{\"@type\":\"ListItem\",\"position\":2,\"name\":\"Al via alla Sinagoga di Firenze la stagione estiva del Balagan Caf\u00e9: un&#8217;edizione dedicata alla pace\"}]},{\"@type\":\"WebSite\",\"@id\":\"https:\/\/www.intoscana.it\/it\/#website\",\"url\":\"https:\/\/www.intoscana.it\/it\/\",\"name\":\"intoscana\",\"description\":\"\",\"potentialAction\":[{\"@type\":\"SearchAction\",\"target\":{\"@type\":\"EntryPoint\",\"urlTemplate\":\"https:\/\/www.intoscana.it\/it\/?s={search_term_string}\"},\"query-input\":{\"@type\":\"PropertyValueSpecification\",\"valueRequired\":true,\"valueName\":\"search_term_string\"}}],\"inLanguage\":\"it-IT\"},{\"@type\":\"Person\",\"@id\":\"https:\/\/www.intoscana.it\/it\/#\/schema\/person\/d469f35f09739bdf00bf5dd3f0647a82\",\"name\":\"Costanza Baldini\",\"url\":\"https:\/\/www.intoscana.it\/it\/author\/costanza-baldini\/\"}]}<\/script>\n<!-- \/ Yoast SEO Premium plugin. -->","yoast_head_json":{"title":"Al via alla Sinagoga di Firenze la stagione estiva del Balagan Caf\u00e9: un'edizione dedicata alla pace - intoscana","description":"dal 20 giugno al 5 settembre ritornano i gioved\u00ec nel giardino della Sinagoga con musica, film, incontri, visite guidate e degustazioni","robots":{"index":"index","follow":"follow","max-snippet":"max-snippet:-1","max-image-preview":"max-image-preview:large","max-video-preview":"max-video-preview:-1"},"canonical":"https:\/\/www.intoscana.it\/it\/al-via-alla-sinagoga-di-firenze-la-stagione-estiva-del-balagan-cafe-unedizione-dedicata-alla-pace\/","og_locale":"it_IT","og_type":"article","og_title":"Al via alla Sinagoga di Firenze la stagione estiva del Balagan Caf\u00e9: un'edizione dedicata alla pace","og_description":"dal 20 giugno al 5 settembre ritornano i gioved\u00ec nel giardino della Sinagoga con musica, film, incontri, visite guidate e degustazioni","og_url":"https:\/\/www.intoscana.it\/it\/al-via-alla-sinagoga-di-firenze-la-stagione-estiva-del-balagan-cafe-unedizione-dedicata-alla-pace\/","og_site_name":"intoscana","article_publisher":"https:\/\/www.facebook.com\/intoscana.it","article_published_time":"2024-06-18T07:57:16+00:00","article_modified_time":"2024-06-18T07:59:56+00:00","og_image":[{"width":1024,"height":768,"url":"https:\/\/www.intoscana.it\/wp-content\/uploads\/22-giugno1.jpg","type":"image\/jpeg"}],"author":"Costanza Baldini","twitter_card":"summary_large_image","twitter_creator":"@intoscana","twitter_site":"@intoscana","twitter_misc":{"Written by":"Costanza Baldini","Est. reading time":"6 minuti"},"schema":{"@context":"https:\/\/schema.org","@graph":[{"@type":"WebPage","@id":"https:\/\/www.intoscana.it\/it\/al-via-alla-sinagoga-di-firenze-la-stagione-estiva-del-balagan-cafe-unedizione-dedicata-alla-pace\/","url":"https:\/\/www.intoscana.it\/it\/al-via-alla-sinagoga-di-firenze-la-stagione-estiva-del-balagan-cafe-unedizione-dedicata-alla-pace\/","name":"Al via alla Sinagoga di Firenze la stagione estiva del Balagan Caf\u00e9: un'edizione dedicata alla pace - intoscana","isPartOf":{"@id":"https:\/\/www.intoscana.it\/it\/#website"},"primaryImageOfPage":{"@id":"https:\/\/www.intoscana.it\/it\/al-via-alla-sinagoga-di-firenze-la-stagione-estiva-del-balagan-cafe-unedizione-dedicata-alla-pace\/#primaryimage"},"image":{"@id":"https:\/\/www.intoscana.it\/it\/al-via-alla-sinagoga-di-firenze-la-stagione-estiva-del-balagan-cafe-unedizione-dedicata-alla-pace\/#primaryimage"},"thumbnailUrl":"https:\/\/www.intoscana.it\/wp-content\/uploads\/22-giugno1.jpg","datePublished":"2024-06-18T07:57:16+00:00","dateModified":"2024-06-18T07:59:56+00:00","author":{"@id":"https:\/\/www.intoscana.it\/it\/#\/schema\/person\/d469f35f09739bdf00bf5dd3f0647a82"},"description":"dal 20 giugno al 5 settembre ritornano i gioved\u00ec nel giardino della Sinagoga con musica, film, incontri, visite guidate e degustazioni","breadcrumb":{"@id":"https:\/\/www.intoscana.it\/it\/al-via-alla-sinagoga-di-firenze-la-stagione-estiva-del-balagan-cafe-unedizione-dedicata-alla-pace\/#breadcrumb"},"inLanguage":"it-IT","potentialAction":[{"@type":"ReadAction","target":["https:\/\/www.intoscana.it\/it\/al-via-alla-sinagoga-di-firenze-la-stagione-estiva-del-balagan-cafe-unedizione-dedicata-alla-pace\/"]}]},{"@type":"ImageObject","inLanguage":"it-IT","@id":"https:\/\/www.intoscana.it\/it\/al-via-alla-sinagoga-di-firenze-la-stagione-estiva-del-balagan-cafe-unedizione-dedicata-alla-pace\/#primaryimage","url":"https:\/\/www.intoscana.it\/wp-content\/uploads\/22-giugno1.jpg","contentUrl":"https:\/\/www.intoscana.it\/wp-content\/uploads\/22-giugno1.jpg","width":1024,"height":768,"caption":"Balagan Caf\u00e8"},{"@type":"BreadcrumbList","@id":"https:\/\/www.intoscana.it\/it\/al-via-alla-sinagoga-di-firenze-la-stagione-estiva-del-balagan-cafe-unedizione-dedicata-alla-pace\/#breadcrumb","itemListElement":[{"@type":"ListItem","position":1,"name":"Home","item":"https:\/\/www.intoscana.it\/it\/"},{"@type":"ListItem","position":2,"name":"Al via alla Sinagoga di Firenze la stagione estiva del Balagan Caf\u00e9: un&#8217;edizione dedicata alla pace"}]},{"@type":"WebSite","@id":"https:\/\/www.intoscana.it\/it\/#website","url":"https:\/\/www.intoscana.it\/it\/","name":"intoscana","description":"","potentialAction":[{"@type":"SearchAction","target":{"@type":"EntryPoint","urlTemplate":"https:\/\/www.intoscana.it\/it\/?s={search_term_string}"},"query-input":{"@type":"PropertyValueSpecification","valueRequired":true,"valueName":"search_term_string"}}],"inLanguage":"it-IT"},{"@type":"Person","@id":"https:\/\/www.intoscana.it\/it\/#\/schema\/person\/d469f35f09739bdf00bf5dd3f0647a82","name":"Costanza Baldini","url":"https:\/\/www.intoscana.it\/it\/author\/costanza-baldini\/"}]}},"_links":{"self":[{"href":"https:\/\/www.intoscana.it\/it\/wp-json\/wp\/v2\/posts\/345771","targetHints":{"allow":["GET"]}}],"collection":[{"href":"https:\/\/www.intoscana.it\/it\/wp-json\/wp\/v2\/posts"}],"about":[{"href":"https:\/\/www.intoscana.it\/it\/wp-json\/wp\/v2\/types\/post"}],"author":[{"embeddable":true,"href":"https:\/\/www.intoscana.it\/it\/wp-json\/wp\/v2\/users\/518"}],"replies":[{"embeddable":true,"href":"https:\/\/www.intoscana.it\/it\/wp-json\/wp\/v2\/comments?post=345771"}],"version-history":[{"count":8,"href":"https:\/\/www.intoscana.it\/it\/wp-json\/wp\/v2\/posts\/345771\/revisions"}],"predecessor-version":[{"id":345803,"href":"https:\/\/www.intoscana.it\/it\/wp-json\/wp\/v2\/posts\/345771\/revisions\/345803"}],"wp:featuredmedia":[{"embeddable":true,"href":"https:\/\/www.intoscana.it\/it\/wp-json\/wp\/v2\/media\/345747"}],"wp:attachment":[{"href":"https:\/\/www.intoscana.it\/it\/wp-json\/wp\/v2\/media?parent=345771"}],"wp:term":[{"taxonomy":"category","embeddable":true,"href":"https:\/\/www.intoscana.it\/it\/wp-json\/wp\/v2\/categories?post=345771"},{"taxonomy":"post_tag","embeddable":true,"href":"https:\/\/www.intoscana.it\/it\/wp-json\/wp\/v2\/tags?post=345771"}],"curies":[{"name":"wp","href":"https:\/\/api.w.org\/{rel}","templated":true}]}}