{"id":345947,"date":"2024-06-18T15:38:43","date_gmt":"2024-06-18T13:38:43","guid":{"rendered":"https:\/\/www.intoscana.it\/it\/?p=345947"},"modified":"2024-06-19T10:54:02","modified_gmt":"2024-06-19T08:54:02","slug":"sport-mille-ciclisti-al-via-della-granfondo-del-mugello","status":"publish","type":"post","link":"https:\/\/www.intoscana.it\/it\/sport-mille-ciclisti-al-via-della-granfondo-del-mugello\/","title":{"rendered":"Mille ciclisti al via della Granfondo del Mugello"},"content":{"rendered":"<p><strong>Domenica 23 giugno<\/strong> si terr\u00e0 la sesta edizione della <strong>Granfondo del Mugello<\/strong>, la gara ciclistica, valida come prova unica del campionato nazionale Uisp cicloturismo per societ\u00e0 2024, rivolta ad amatori e cicloturisti su un percorso impegnativo ma immerso nelle bellezze e nell\u2019atmosfera del <strong>Mugello<\/strong>. La manifestazione sportiva \u00e8 stata presentata in Consiglio Regionale dove sono intervenuti <strong>Antonio Mazzeo<\/strong>, presidente del Consiglio regionale\u00a0insieme al presidente della <strong>Asd Mugello Toscana Bike,<\/strong>\u00a0<strong>Marco Vonci, <\/strong>al sindaco di Scarperia e San Piero, <strong>Federico Ignesti<\/strong>, e Giovanni Buti responsabile sezione ciclismo Uisp Firenze e del settore cicloturismo regionale. Al via domenica ci saranno oltre <strong>mille ciclisti da tutta Italia<\/strong>.<\/p>\n<p>\u201c<em>Una iniziativa di grande rilievo e abbiamo raggiunto il numero di oltre mille iscrizioni che era il nostro obiettivo massimo. La partenza della gara dall\u2019autodromo diventa un\u2019esperienza unica per tutti i partecipanti&#8221;<\/em> ha commentato <b>Marco Vonci\u00a0<\/b>presidente ASD Mugello Toscana Bike.<\/p>\n<h3>I percorsi<\/h3>\n<p>I partecipanti alla corsa, organizzata dalla\u00a0<strong>Asd Mugello Toscana Bike<\/strong>, potranno scegliere tra tre percorsi su strada, adatti a ciclisti con ogni tipo di preparazione, da <strong>45, 80 e 132 km<\/strong> con due tratti cronometrati da 5 e 9 chilometri (le salite di Panna e Passo della Sambuca) e un <strong>percorso gravel<\/strong> di circa 70 chilometri che si sviluppa prevalentemente su strade bianche. La partenza, come di consueto, sar\u00e0 per tutti dall\u2019<strong>Autodromo del Mugello, <\/strong>mentre\u00a0l\u2019arrivo \u00e8 in Piazza dei Vicari a <strong>Scarperia<\/strong>, dove seguir\u00e0 il pasta party a base dei tipici <strong>tortelli mugellani<\/strong> e altri prodotti a km zero. La Granfondo sar\u00e0 preceduta, nella giornata di sabato 22 giugno alle ore 17,00 da una <strong>ciclo-merenda gratuita<\/strong>, aperta a tutti i tipi di bici, con partenza da piazza dei Vicari a Scarperia della lunghezza di circa 25 km.<\/p>\n<p>A dare lo start dal Circuito del Mugello sar\u00e0 l\u2019ex azzurro <strong>Giovan Battista Baronchelli<\/strong>, tre volte a podio del Giro d&#8217;Italia, che alle ore 21.30 di sabato 22 giugno presso la Chiesina della Compagnia a San Piero a Sieve, presenter\u00e0 il suo nuovo libro &#8220;12 secondi&#8221; che prende il titolo dagli &#8220;infiniti&#8221; dodici secondi che lo separarono da Eddy Merckx e dalla vittoria nel Giro d&#8217;Italia del 1974.<\/p>\n<div class=\"focuson\"><a href=\"https:\/\/www.intoscana.it\/it\/granfondo-del-mugello-alla-scoperta-dei-luoghi-de-la-via-del-latte\/\"><img decoding=\"async\" class=\"lazy\" src=\"https:\/\/www.intoscana.it\/wp-content\/uploads\/granfondo-mugello.jpeg\" style=\"\">\n                <div class=\"cat\">Granfondo Mugello<\/div>\n                <h4>Itinerario tra i luoghi de \"La Via del Latte\"<\/h4><\/a>\n              <\/div>\n<h3>La storia della gara<\/h3>\n<p>La\u00a0<strong>Granfondo del Mugello \u201cLa Via del Latte\u201d<\/strong> nasce nel 2017 dalla fusione di due manifestazioni: il Ciclotour Mugello, manifestazione completamente cicloturistica\u00a0e il\u00a0Colla Ronda Bike, gara con tratti cronometrati per gli agonisti. L&#8217;evento che \u00e8 promosso dall&#8217;Asd Mugello Toscana Bike, nato dalla unione di queste due competizioni ciclistiche, ha adottato la formula di tipo misto (mantiene infatti due tratti cronometrati agonistici) che oltre a favorire la partecipazione di tutti i tipi di ciclisti, permette agli organizzatori di garantire un elevato standard di sicurezza a tutti i partecipanti. La formula negli anni ha pagato, accrescendo il numero dei partecipanti di anno in anno, numero che ha stabilmente superato la quota di oltre mille iscritti.<\/p>\n<p class=\"m_-5540033708681821553Default\">\u201c<em>Una corsa che cerca di valorizzare il territorio e il ciclismo \u00e8 uno sport per tutti ed \u00e8 importante includere nell\u2019evento tutti coloro che prendono parte a questa rassegna. \u00c8 una delle iniziative pi\u00f9 partecipate e quest\u2019anno \u00e8 anche prova unica del Campionato nazionale di cicloturismo Uisp. Prevede vari tipi di percorso, dai pi\u00f9 semplici a pi\u00f9 agonistici, per poter includere tutte le varie categorie di ciclisti<\/em>&#8221; ha concluso <b>Giovanni Buti<\/b>, responsabile ciclismo Uisp Firenze.<\/p>\n","protected":false},"excerpt":{"rendered":"<p>La partenza sar\u00e0 come ogni anno dall\u2019Autodromo del Mugello poi i ciclisti potranno scegliere tra tre circuiti stradali di lunghezze e dislivelli diversi e uno gravel su strade bianche<\/p>\n","protected":false},"author":507,"featured_media":345948,"comment_status":"open","ping_status":"open","sticky":false,"template":"","format":"standard","meta":{"_acf_changed":false,"footnotes":""},"categories":[494],"tags":[391,159],"class_list":["post-345947","post","type-post","status-publish","format-standard","has-post-thumbnail","hentry","category-attualita","tag-ciclismo","tag-sport"],"acf":[],"yoast_head":"<!-- This site is optimized with the Yoast SEO Premium plugin v24.2 (Yoast SEO v25.6) - https:\/\/yoast.com\/wordpress\/plugins\/seo\/ -->\n<title>Mille ciclisti al via della Granfondo del Mugello - intoscana<\/title>\n<meta name=\"robots\" content=\"index, follow, max-snippet:-1, max-image-preview:large, max-video-preview:-1\" \/>\n<link rel=\"canonical\" href=\"https:\/\/www.intoscana.it\/it\/sport-mille-ciclisti-al-via-della-granfondo-del-mugello\/\" \/>\n<meta property=\"og:locale\" content=\"it_IT\" \/>\n<meta property=\"og:type\" content=\"article\" \/>\n<meta property=\"og:title\" content=\"Mille ciclisti al via della Granfondo del Mugello\" \/>\n<meta property=\"og:description\" content=\"La partenza sar\u00e0 come ogni anno dall\u2019Autodromo del Mugello poi i ciclisti potranno scegliere tra tre circuiti stradali di lunghezze e dislivelli diversi e uno gravel su strade bianche\" \/>\n<meta property=\"og:url\" content=\"https:\/\/www.intoscana.it\/it\/sport-mille-ciclisti-al-via-della-granfondo-del-mugello\/\" \/>\n<meta property=\"og:site_name\" content=\"intoscana\" \/>\n<meta property=\"article:publisher\" content=\"https:\/\/www.facebook.com\/intoscana.it\" \/>\n<meta property=\"article:published_time\" content=\"2024-06-18T13:38:43+00:00\" \/>\n<meta property=\"article:modified_time\" content=\"2024-06-19T08:54:02+00:00\" \/>\n<meta property=\"og:image\" content=\"https:\/\/www.intoscana.it\/wp-content\/uploads\/granfondo-Mugello-1.jpeg\" \/>\n\t<meta property=\"og:image:width\" content=\"2048\" \/>\n\t<meta property=\"og:image:height\" content=\"1536\" \/>\n\t<meta property=\"og:image:type\" content=\"image\/jpeg\" \/>\n<meta name=\"author\" content=\"Chiara Bianchini\" \/>\n<meta name=\"twitter:card\" content=\"summary_large_image\" \/>\n<meta name=\"twitter:creator\" content=\"@intoscana\" \/>\n<meta name=\"twitter:site\" content=\"@intoscana\" \/>\n<meta name=\"twitter:label1\" content=\"Written by\" \/>\n\t<meta name=\"twitter:data1\" content=\"Chiara Bianchini\" \/>\n\t<meta name=\"twitter:label2\" content=\"Est. reading time\" \/>\n\t<meta name=\"twitter:data2\" content=\"4 minuti\" \/>\n<script type=\"application\/ld+json\" class=\"yoast-schema-graph\">{\"@context\":\"https:\/\/schema.org\",\"@graph\":[{\"@type\":\"WebPage\",\"@id\":\"https:\/\/www.intoscana.it\/it\/sport-mille-ciclisti-al-via-della-granfondo-del-mugello\/\",\"url\":\"https:\/\/www.intoscana.it\/it\/sport-mille-ciclisti-al-via-della-granfondo-del-mugello\/\",\"name\":\"Mille ciclisti al via della Granfondo del Mugello - intoscana\",\"isPartOf\":{\"@id\":\"https:\/\/www.intoscana.it\/it\/#website\"},\"primaryImageOfPage\":{\"@id\":\"https:\/\/www.intoscana.it\/it\/sport-mille-ciclisti-al-via-della-granfondo-del-mugello\/#primaryimage\"},\"image\":{\"@id\":\"https:\/\/www.intoscana.it\/it\/sport-mille-ciclisti-al-via-della-granfondo-del-mugello\/#primaryimage\"},\"thumbnailUrl\":\"https:\/\/www.intoscana.it\/wp-content\/uploads\/granfondo-Mugello-1.jpeg\",\"datePublished\":\"2024-06-18T13:38:43+00:00\",\"dateModified\":\"2024-06-19T08:54:02+00:00\",\"author\":{\"@id\":\"https:\/\/www.intoscana.it\/it\/#\/schema\/person\/010af92117f50561886339ad5b873a41\"},\"breadcrumb\":{\"@id\":\"https:\/\/www.intoscana.it\/it\/sport-mille-ciclisti-al-via-della-granfondo-del-mugello\/#breadcrumb\"},\"inLanguage\":\"it-IT\",\"potentialAction\":[{\"@type\":\"ReadAction\",\"target\":[\"https:\/\/www.intoscana.it\/it\/sport-mille-ciclisti-al-via-della-granfondo-del-mugello\/\"]}]},{\"@type\":\"ImageObject\",\"inLanguage\":\"it-IT\",\"@id\":\"https:\/\/www.intoscana.it\/it\/sport-mille-ciclisti-al-via-della-granfondo-del-mugello\/#primaryimage\",\"url\":\"https:\/\/www.intoscana.it\/wp-content\/uploads\/granfondo-Mugello-1.jpeg\",\"contentUrl\":\"https:\/\/www.intoscana.it\/wp-content\/uploads\/granfondo-Mugello-1.jpeg\",\"width\":2048,\"height\":1536},{\"@type\":\"BreadcrumbList\",\"@id\":\"https:\/\/www.intoscana.it\/it\/sport-mille-ciclisti-al-via-della-granfondo-del-mugello\/#breadcrumb\",\"itemListElement\":[{\"@type\":\"ListItem\",\"position\":1,\"name\":\"Home\",\"item\":\"https:\/\/www.intoscana.it\/it\/\"},{\"@type\":\"ListItem\",\"position\":2,\"name\":\"Mille ciclisti al via della Granfondo del Mugello\"}]},{\"@type\":\"WebSite\",\"@id\":\"https:\/\/www.intoscana.it\/it\/#website\",\"url\":\"https:\/\/www.intoscana.it\/it\/\",\"name\":\"intoscana\",\"description\":\"\",\"potentialAction\":[{\"@type\":\"SearchAction\",\"target\":{\"@type\":\"EntryPoint\",\"urlTemplate\":\"https:\/\/www.intoscana.it\/it\/?s={search_term_string}\"},\"query-input\":{\"@type\":\"PropertyValueSpecification\",\"valueRequired\":true,\"valueName\":\"search_term_string\"}}],\"inLanguage\":\"it-IT\"},{\"@type\":\"Person\",\"@id\":\"https:\/\/www.intoscana.it\/it\/#\/schema\/person\/010af92117f50561886339ad5b873a41\",\"name\":\"Chiara Bianchini\",\"sameAs\":[\"c.bianchini@fst.it\"],\"url\":\"https:\/\/www.intoscana.it\/it\/author\/chiara-bianchini\/\"}]}<\/script>\n<!-- \/ Yoast SEO Premium plugin. -->","yoast_head_json":{"title":"Mille ciclisti al via della Granfondo del Mugello - intoscana","robots":{"index":"index","follow":"follow","max-snippet":"max-snippet:-1","max-image-preview":"max-image-preview:large","max-video-preview":"max-video-preview:-1"},"canonical":"https:\/\/www.intoscana.it\/it\/sport-mille-ciclisti-al-via-della-granfondo-del-mugello\/","og_locale":"it_IT","og_type":"article","og_title":"Mille ciclisti al via della Granfondo del Mugello","og_description":"La partenza sar\u00e0 come ogni anno dall\u2019Autodromo del Mugello poi i ciclisti potranno scegliere tra tre circuiti stradali di lunghezze e dislivelli diversi e uno gravel su strade bianche","og_url":"https:\/\/www.intoscana.it\/it\/sport-mille-ciclisti-al-via-della-granfondo-del-mugello\/","og_site_name":"intoscana","article_publisher":"https:\/\/www.facebook.com\/intoscana.it","article_published_time":"2024-06-18T13:38:43+00:00","article_modified_time":"2024-06-19T08:54:02+00:00","og_image":[{"width":2048,"height":1536,"url":"https:\/\/www.intoscana.it\/wp-content\/uploads\/granfondo-Mugello-1.jpeg","type":"image\/jpeg"}],"author":"Chiara Bianchini","twitter_card":"summary_large_image","twitter_creator":"@intoscana","twitter_site":"@intoscana","twitter_misc":{"Written by":"Chiara Bianchini","Est. reading time":"4 minuti"},"schema":{"@context":"https:\/\/schema.org","@graph":[{"@type":"WebPage","@id":"https:\/\/www.intoscana.it\/it\/sport-mille-ciclisti-al-via-della-granfondo-del-mugello\/","url":"https:\/\/www.intoscana.it\/it\/sport-mille-ciclisti-al-via-della-granfondo-del-mugello\/","name":"Mille ciclisti al via della Granfondo del Mugello - intoscana","isPartOf":{"@id":"https:\/\/www.intoscana.it\/it\/#website"},"primaryImageOfPage":{"@id":"https:\/\/www.intoscana.it\/it\/sport-mille-ciclisti-al-via-della-granfondo-del-mugello\/#primaryimage"},"image":{"@id":"https:\/\/www.intoscana.it\/it\/sport-mille-ciclisti-al-via-della-granfondo-del-mugello\/#primaryimage"},"thumbnailUrl":"https:\/\/www.intoscana.it\/wp-content\/uploads\/granfondo-Mugello-1.jpeg","datePublished":"2024-06-18T13:38:43+00:00","dateModified":"2024-06-19T08:54:02+00:00","author":{"@id":"https:\/\/www.intoscana.it\/it\/#\/schema\/person\/010af92117f50561886339ad5b873a41"},"breadcrumb":{"@id":"https:\/\/www.intoscana.it\/it\/sport-mille-ciclisti-al-via-della-granfondo-del-mugello\/#breadcrumb"},"inLanguage":"it-IT","potentialAction":[{"@type":"ReadAction","target":["https:\/\/www.intoscana.it\/it\/sport-mille-ciclisti-al-via-della-granfondo-del-mugello\/"]}]},{"@type":"ImageObject","inLanguage":"it-IT","@id":"https:\/\/www.intoscana.it\/it\/sport-mille-ciclisti-al-via-della-granfondo-del-mugello\/#primaryimage","url":"https:\/\/www.intoscana.it\/wp-content\/uploads\/granfondo-Mugello-1.jpeg","contentUrl":"https:\/\/www.intoscana.it\/wp-content\/uploads\/granfondo-Mugello-1.jpeg","width":2048,"height":1536},{"@type":"BreadcrumbList","@id":"https:\/\/www.intoscana.it\/it\/sport-mille-ciclisti-al-via-della-granfondo-del-mugello\/#breadcrumb","itemListElement":[{"@type":"ListItem","position":1,"name":"Home","item":"https:\/\/www.intoscana.it\/it\/"},{"@type":"ListItem","position":2,"name":"Mille ciclisti al via della Granfondo del Mugello"}]},{"@type":"WebSite","@id":"https:\/\/www.intoscana.it\/it\/#website","url":"https:\/\/www.intoscana.it\/it\/","name":"intoscana","description":"","potentialAction":[{"@type":"SearchAction","target":{"@type":"EntryPoint","urlTemplate":"https:\/\/www.intoscana.it\/it\/?s={search_term_string}"},"query-input":{"@type":"PropertyValueSpecification","valueRequired":true,"valueName":"search_term_string"}}],"inLanguage":"it-IT"},{"@type":"Person","@id":"https:\/\/www.intoscana.it\/it\/#\/schema\/person\/010af92117f50561886339ad5b873a41","name":"Chiara Bianchini","sameAs":["c.bianchini@fst.it"],"url":"https:\/\/www.intoscana.it\/it\/author\/chiara-bianchini\/"}]}},"_links":{"self":[{"href":"https:\/\/www.intoscana.it\/it\/wp-json\/wp\/v2\/posts\/345947","targetHints":{"allow":["GET"]}}],"collection":[{"href":"https:\/\/www.intoscana.it\/it\/wp-json\/wp\/v2\/posts"}],"about":[{"href":"https:\/\/www.intoscana.it\/it\/wp-json\/wp\/v2\/types\/post"}],"author":[{"embeddable":true,"href":"https:\/\/www.intoscana.it\/it\/wp-json\/wp\/v2\/users\/507"}],"replies":[{"embeddable":true,"href":"https:\/\/www.intoscana.it\/it\/wp-json\/wp\/v2\/comments?post=345947"}],"version-history":[{"count":3,"href":"https:\/\/www.intoscana.it\/it\/wp-json\/wp\/v2\/posts\/345947\/revisions"}],"predecessor-version":[{"id":346013,"href":"https:\/\/www.intoscana.it\/it\/wp-json\/wp\/v2\/posts\/345947\/revisions\/346013"}],"wp:featuredmedia":[{"embeddable":true,"href":"https:\/\/www.intoscana.it\/it\/wp-json\/wp\/v2\/media\/345948"}],"wp:attachment":[{"href":"https:\/\/www.intoscana.it\/it\/wp-json\/wp\/v2\/media?parent=345947"}],"wp:term":[{"taxonomy":"category","embeddable":true,"href":"https:\/\/www.intoscana.it\/it\/wp-json\/wp\/v2\/categories?post=345947"},{"taxonomy":"post_tag","embeddable":true,"href":"https:\/\/www.intoscana.it\/it\/wp-json\/wp\/v2\/tags?post=345947"}],"curies":[{"name":"wp","href":"https:\/\/api.w.org\/{rel}","templated":true}]}}