{"id":346053,"date":"2024-07-05T15:17:04","date_gmt":"2024-07-05T13:17:04","guid":{"rendered":"https:\/\/www.intoscana.it\/it\/?p=346053"},"modified":"2024-07-05T15:35:59","modified_gmt":"2024-07-05T13:35:59","slug":"leternita-del-legno-di-celeste-dai-tronchi-recuperati-nascono-elementi-darredo","status":"publish","type":"post","link":"https:\/\/www.intoscana.it\/it\/leternita-del-legno-di-celeste-dai-tronchi-recuperati-nascono-elementi-darredo\/","title":{"rendered":"L&#8217;eternit\u00e0 del legno di Celeste. Dai tronchi recuperati nascono elementi d&#8217;arredo"},"content":{"rendered":"<p>Non \u00e8 solo <strong>geotermia<\/strong>, <strong>natura<\/strong> e <strong>Medioevo<\/strong>, non \u00e8 solo stradine lastricate da esplorare , <strong>chiassi<\/strong> strettissimi, ombre che regalano ristoro, fiori appoggiati sul selciato, piccole pennellate colorate di profumi e <a href=\"https:\/\/www.intoscana.it\/it\/imago-in-villa-artisti-finalisti-concorso\/\" target=\"_blank\" rel=\"noopener\">bellezza<\/a>.<a href=\"https:\/\/www.intoscana.it\/it\/dettaglio-video\/e-via-andare-castelnuovo-val-di-cecina\/\" target=\"_blank\" rel=\"noopener\"> <strong>Castelnuovo Val di Cecina<\/strong><\/a> racconta anche\u00a0 altre storie di contemporaneit\u00e0 e di riscatto, ad appena pochi passi dal borgo appoggiato sulla collina come un grappolo d&#8217;uva.<\/p>\n<p>Storie che raccontano come il <strong>legno di recupero<\/strong> possa vivere una<strong> seconda vita<\/strong>. Una scelta di rinascita anche per<strong> Celeste Uccheddu<\/strong> che il legno lo ascolta e lo rispetta, affascinata da quella<strong> &#8220;materia viva&#8221;<\/strong> che continua il suo ciclo di esistenza anche quando le radici non sono pi\u00f9 ancorate a terra. Cos\u00ec qualche anno fa decide di aprire una <strong>segheria mobile<\/strong> in questo borgo toscano della provincia di Pisa, terra di mezzo tra il senese e il grossetano.<\/p>\n<figure id=\"post-348205 media-348205\" class=\"align-none\"><img decoding=\"async\" src=\"https:\/\/www.intoscana.it\/wp-content\/uploads\/Segheria-Mobile-della-Val-di-Cecina-legno-dolivo.jpeg\" alt=\"\" \/><\/figure>\n<div class=\"titleimg\">Segheria Mobile della Val di Cecina, legno d\u2019olivo &#8211; \u00a9 Segheria Mobile Val di Cecina<\/div>\n<p>Tutto parte dall&#8217;azienda di famiglia, dal padre impegnato dagli anni Novanta nel settore della <strong>selvicoltura<\/strong> e dalla passione di Celeste per l&#8217;arredamento. <em>&#8220;Ho pensato che le attrezzature gi\u00e0 le avevamo quindi ho ordinato un supporto da mettere alla motosega per trasformare tronchi di recupero, piante morte e franate in tavole grezze e altri oggetti di arredamento&#8221;, <\/em>racconta l&#8217;imprenditrice mentre indica enormi lastre di legno dalle forme pi\u00f9 svariate. Ognuna racconta il proprio vissuto, la propria identit\u00e0. I nodi, gli anelli, le fibre, il colore che si fa pi\u00f9 evidente in certi punti, pi\u00f9 tenue e delicato in altri. E poi le radici contorte trasformate in fantastiche <strong>forme d&#8217;arte<\/strong> che si reinterpretano in una testata del letto, un tavolo, un quadro.<\/p>\n<p><span class=\"citazione\"> Ci contattano persone che hanno piante ormai seccate intorno a casa, sanno che noi possiamo dargli una nuova opportunit\u00e0 \u00a0<\/span><\/p>\n<p>All&#8217;inizio Celeste ha recuperato e lavorato solo <strong>legno locale<\/strong>, poi la ricerca si \u00e8 allargata in altre zone d&#8217;Italia.<em> &#8220;Siamo partiti da Massa Marittima, Follonica, Volterra ma ormai veniamo chiamati anche fuori dalla Toscana. Ci contattano persone che hanno piante ormai seccate intorno a casa, sanno che noi possiamo dargli una nuova opportunit\u00e0 e anche un valore economico visto che le acquistiamo. Se si trovano fuori dalla nostra regione facciamo abbattere gli alberi da aziende della zona, poi lavoriamo il legno qua, a Castelnuovo&#8221;.\u00a0<\/em><\/p>\n<figure id=\"post-348206 media-348206\" class=\"align-none\"><img decoding=\"async\" src=\"https:\/\/www.intoscana.it\/wp-content\/uploads\/Segheria-mobile-della-val-di-cecina.jpeg\" alt=\"\" \/><\/figure>\n<div class=\"titleimg\">Segheria mobile della val di cecina &#8211; \u00a9 Segheria Mobile Val di Cecina<\/div>\n<div><\/div>\n<div>\u00a0<p><span class=\"citazione\"> Lavorare il legno mi ha fatto capire che i limiti si possono superare\u00a0<\/span><\/p><\/div>\n<p>Celeste per far conoscere la sua <strong>segheria al femminile<\/strong> ha utilizzato fin da subito i <strong>social<\/strong>. All&#8217;inizio &#8211; spiega &#8211; non \u00e8 stato semplice inserirsi un in comparto professionale prettamente maschile. Una &#8220;diffidenza&#8221; solo iniziale, sfociata poi in una fiducia duratura. <em>&#8220;Abbiamo clienti che ormai ci seguono e acquistano da noi da anni, da quando abbiamo iniziato. Lavorare in legno mi ha fatto capire che davvero i limiti si possono superare&#8221;.<\/em><\/p>\n<p>Sempre sui social l&#8217;imprenditrice racconta la<strong> favola del legno<\/strong>, degli<strong> ulivi,<\/strong> del <strong>cedro del Libano<\/strong> che veniva messo a dimora nelle ville storiche durante l&#8217;Ottocento o ancora la <strong>sequoia<\/strong>, l&#8217;<strong>abete<\/strong>, l&#8217;<strong>olmo<\/strong>. &#8220;<em>Proprio l&#8217;olmo muore per la grafiosi in tutta Italia&#8221;<\/em>, ricorda Celeste. &#8220;<em>Noi lo recuperiamo e lo trasformiamo in tavole. Cerco di metterci veramente l&#8217;amore e attaccamento. Le mie tavole le coccolo, le vedo prendere forma fino a lasciarle andare via per la loro strada&#8221;<\/em>, aggiunge poi con gli occhi che si illuminano parlando del suo progetto di recupero che da un&#8217;idea \u00e8 diventato solidit\u00e0.<\/p>\n<figure id=\"post-348201 media-348201\" class=\"align-none\"><img decoding=\"async\" src=\"https:\/\/www.intoscana.it\/wp-content\/uploads\/La-seconda-vita-degli-alberi-come-elementi-darredo.jpeg\" alt=\"\" \/><\/figure>\n<div class=\"titleimg\">La seconda vita degli alberi come elementi d\u2019arredo &#8211; \u00a9 Segheria Mobile Val di Cecina<\/div>\n<div><\/div>\n<div>\u00a0<p><span class=\"citazione\"> La lavorazione del legno \u00e8 stata una sfida anche fisica, un lavoro faticosissimo che regala emozione \u00a0<\/span><\/p><\/div>\n<p><em>&#8220;Quella della lavorazione del legno \u00e8 stata anche una sfida fisica, un lavoro faticosissimo che regala emozione. Vedere come un tronco diventa elemento di arredo \u00e8 una grandissima soddisfazione, \u00e8 come un cerchio che si chiude&#8221;.<\/em><\/p>\n<p>Oggi Celeste collabora con<strong> interior designer<\/strong>, <strong>architetti<\/strong>, <strong>artigiani<\/strong> ma il suo sogno di far rivivere tronchi che altrimenti sarebbero stati destinati a diventare legna da ardere, cippato o ancor peggio abbandonati nei campi,\u00a0 vuole spingersi oltre i semilavorati.<\/p>\n<p><em>&#8220;L&#8217;obiettivo \u00e8 quello di creare elementi di arredo finiti. Se mi guardo indietro vedo che il mio percorso \u00e8 stato complesso e so dove voglio arrivare perch\u00e9 non ho intenzione di fermarmi. Ho acquistato un piccolo fondo commerciale nel borgo e l\u00ec vorrei creare la nostra piccola esposizione, il nostro showroom&#8221;.<\/em><\/p>\n<figure id=\"post-348198 media-348198\" class=\"align-none\"><img decoding=\"async\" src=\"https:\/\/www.intoscana.it\/wp-content\/uploads\/Celeste-Uccheddu-Segheria-mobile-della-Val-di-Cecina.jpeg\" alt=\"\" \/><\/figure>\n<div class=\"titleimg\">Celeste Uccheddu Segheria mobile della Val di Cecina &#8211; \u00a9 Segheria Mobile Val di Cecina<\/div>\n<div><\/div>\n<p>Celeste Uccheddu ha le idee chiare. La spingono la passione, la creativit\u00e0 e la sensibilit\u00e0 tutta femminile nel comprendere il legno, rispettarlo, coltivandone la storia passata e scrivendone un&#8217;altra, fuori suolo, dove quella materia cos\u00ec affascinante potr\u00e0 riprendere la <strong>propria strada di vita<\/strong>, diventare elemento di una casa, uno studio, un hotel. Trovare un nuovo luogo dove mettere <strong>radici immaginarie<\/strong> e generare nuova <strong>sfolgorante bellezza<\/strong>. Il legno in fondo racconta <strong>storie d&#8217;eternit\u00e0<\/strong>.<\/p>\n<p>&nbsp;<\/p>\n","protected":false},"excerpt":{"rendered":"<p>A Castelnuovo Val di Cecina Celeste Uccheddu ha dato vita ad un&#8217;impresa al femminile unica in Italia:\u00a0 una segheria mobile che preleva dai luoghi d&#8217;origine piante morte per cause naturali, incendi o frane e gli restituisce nuova vita. Cos\u00ec il legno semilavorato diventa prezioso materiale d&#8217;arredo, tenendo salda la propria morfologia e identit\u00e0<\/p>\n","protected":false},"author":513,"featured_media":348197,"comment_status":"open","ping_status":"open","sticky":false,"template":"","format":"standard","meta":{"_acf_changed":false,"footnotes":""},"categories":[4],"tags":[278,3830,411,4738,5787],"class_list":["post-346053","post","type-post","status-publish","format-standard","has-post-thumbnail","hentry","category-storie","tag-artigianato","tag-borghi","tag-donne","tag-imprese-in-rosa","tag-legno"],"acf":[],"yoast_head":"<!-- This site is optimized with the Yoast SEO Premium plugin v24.2 (Yoast SEO v25.6) - https:\/\/yoast.com\/wordpress\/plugins\/seo\/ -->\n<title>L&#039;eternit\u00e0 del legno di Celeste. Dai tronchi recuperati nascono elementi d&#039;arredo - intoscana<\/title>\n<meta name=\"description\" content=\"Lei \u00e8 Celeste Uccheddu: a Castelnuovo Val di Cecina ha dato vita ad un segheria mobile dove realizza semilavorati da legno di recupero.\" \/>\n<meta name=\"robots\" content=\"index, follow, max-snippet:-1, max-image-preview:large, max-video-preview:-1\" \/>\n<link rel=\"canonical\" href=\"https:\/\/www.intoscana.it\/it\/leternita-del-legno-di-celeste-dai-tronchi-recuperati-nascono-elementi-darredo\/\" \/>\n<meta property=\"og:locale\" content=\"it_IT\" \/>\n<meta property=\"og:type\" content=\"article\" \/>\n<meta property=\"og:title\" content=\"L&#039;eternit\u00e0 del legno di Celeste. Dai tronchi recuperati nascono elementi d&#039;arredo\" \/>\n<meta property=\"og:description\" content=\"Lei \u00e8 Celeste Uccheddu: a Castelnuovo Val di Cecina ha dato vita ad un segheria mobile dove realizza semilavorati da legno di recupero.\" \/>\n<meta property=\"og:url\" content=\"https:\/\/www.intoscana.it\/it\/leternita-del-legno-di-celeste-dai-tronchi-recuperati-nascono-elementi-darredo\/\" \/>\n<meta property=\"og:site_name\" content=\"intoscana\" \/>\n<meta property=\"article:publisher\" content=\"https:\/\/www.facebook.com\/intoscana.it\" \/>\n<meta property=\"article:published_time\" content=\"2024-07-05T13:17:04+00:00\" \/>\n<meta property=\"article:modified_time\" content=\"2024-07-05T13:35:59+00:00\" \/>\n<meta property=\"og:image\" content=\"https:\/\/www.intoscana.it\/wp-content\/uploads\/Celeste-Uccheddu-al-lavoro-nella-sua-segheria-mobile-e1720186553941.jpeg\" \/>\n\t<meta property=\"og:image:width\" content=\"1440\" \/>\n\t<meta property=\"og:image:height\" content=\"1072\" \/>\n\t<meta property=\"og:image:type\" content=\"image\/jpeg\" \/>\n<meta name=\"author\" content=\"Simona Bellocci\" \/>\n<meta name=\"twitter:card\" content=\"summary_large_image\" \/>\n<meta name=\"twitter:creator\" content=\"@intoscana\" \/>\n<meta name=\"twitter:site\" content=\"@intoscana\" \/>\n<meta name=\"twitter:label1\" content=\"Written by\" \/>\n\t<meta name=\"twitter:data1\" content=\"Simona Bellocci\" \/>\n\t<meta name=\"twitter:label2\" content=\"Est. reading time\" \/>\n\t<meta name=\"twitter:data2\" content=\"6 minuti\" \/>\n<script type=\"application\/ld+json\" class=\"yoast-schema-graph\">{\"@context\":\"https:\/\/schema.org\",\"@graph\":[{\"@type\":\"WebPage\",\"@id\":\"https:\/\/www.intoscana.it\/it\/leternita-del-legno-di-celeste-dai-tronchi-recuperati-nascono-elementi-darredo\/\",\"url\":\"https:\/\/www.intoscana.it\/it\/leternita-del-legno-di-celeste-dai-tronchi-recuperati-nascono-elementi-darredo\/\",\"name\":\"L'eternit\u00e0 del legno di Celeste. Dai tronchi recuperati nascono elementi d'arredo - intoscana\",\"isPartOf\":{\"@id\":\"https:\/\/www.intoscana.it\/it\/#website\"},\"primaryImageOfPage\":{\"@id\":\"https:\/\/www.intoscana.it\/it\/leternita-del-legno-di-celeste-dai-tronchi-recuperati-nascono-elementi-darredo\/#primaryimage\"},\"image\":{\"@id\":\"https:\/\/www.intoscana.it\/it\/leternita-del-legno-di-celeste-dai-tronchi-recuperati-nascono-elementi-darredo\/#primaryimage\"},\"thumbnailUrl\":\"https:\/\/www.intoscana.it\/wp-content\/uploads\/Celeste-Uccheddu-al-lavoro-nella-sua-segheria-mobile-e1720186553941.jpeg\",\"datePublished\":\"2024-07-05T13:17:04+00:00\",\"dateModified\":\"2024-07-05T13:35:59+00:00\",\"author\":{\"@id\":\"https:\/\/www.intoscana.it\/it\/#\/schema\/person\/43a95334a6f068317e0b7acba24f9e87\"},\"description\":\"Lei \u00e8 Celeste Uccheddu: a Castelnuovo Val di Cecina ha dato vita ad un segheria mobile dove realizza semilavorati da legno di recupero.\",\"breadcrumb\":{\"@id\":\"https:\/\/www.intoscana.it\/it\/leternita-del-legno-di-celeste-dai-tronchi-recuperati-nascono-elementi-darredo\/#breadcrumb\"},\"inLanguage\":\"it-IT\",\"potentialAction\":[{\"@type\":\"ReadAction\",\"target\":[\"https:\/\/www.intoscana.it\/it\/leternita-del-legno-di-celeste-dai-tronchi-recuperati-nascono-elementi-darredo\/\"]}]},{\"@type\":\"ImageObject\",\"inLanguage\":\"it-IT\",\"@id\":\"https:\/\/www.intoscana.it\/it\/leternita-del-legno-di-celeste-dai-tronchi-recuperati-nascono-elementi-darredo\/#primaryimage\",\"url\":\"https:\/\/www.intoscana.it\/wp-content\/uploads\/Celeste-Uccheddu-al-lavoro-nella-sua-segheria-mobile-e1720186553941.jpeg\",\"contentUrl\":\"https:\/\/www.intoscana.it\/wp-content\/uploads\/Celeste-Uccheddu-al-lavoro-nella-sua-segheria-mobile-e1720186553941.jpeg\",\"width\":1440,\"height\":1072},{\"@type\":\"BreadcrumbList\",\"@id\":\"https:\/\/www.intoscana.it\/it\/leternita-del-legno-di-celeste-dai-tronchi-recuperati-nascono-elementi-darredo\/#breadcrumb\",\"itemListElement\":[{\"@type\":\"ListItem\",\"position\":1,\"name\":\"Home\",\"item\":\"https:\/\/www.intoscana.it\/it\/\"},{\"@type\":\"ListItem\",\"position\":2,\"name\":\"L&#8217;eternit\u00e0 del legno di Celeste. Dai tronchi recuperati nascono elementi d&#8217;arredo\"}]},{\"@type\":\"WebSite\",\"@id\":\"https:\/\/www.intoscana.it\/it\/#website\",\"url\":\"https:\/\/www.intoscana.it\/it\/\",\"name\":\"intoscana\",\"description\":\"\",\"potentialAction\":[{\"@type\":\"SearchAction\",\"target\":{\"@type\":\"EntryPoint\",\"urlTemplate\":\"https:\/\/www.intoscana.it\/it\/?s={search_term_string}\"},\"query-input\":{\"@type\":\"PropertyValueSpecification\",\"valueRequired\":true,\"valueName\":\"search_term_string\"}}],\"inLanguage\":\"it-IT\"},{\"@type\":\"Person\",\"@id\":\"https:\/\/www.intoscana.it\/it\/#\/schema\/person\/43a95334a6f068317e0b7acba24f9e87\",\"name\":\"Simona Bellocci\",\"url\":\"https:\/\/www.intoscana.it\/it\/author\/simona-bellocci\/\"}]}<\/script>\n<!-- \/ Yoast SEO Premium plugin. -->","yoast_head_json":{"title":"L'eternit\u00e0 del legno di Celeste. Dai tronchi recuperati nascono elementi d'arredo - intoscana","description":"Lei \u00e8 Celeste Uccheddu: a Castelnuovo Val di Cecina ha dato vita ad un segheria mobile dove realizza semilavorati da legno di recupero.","robots":{"index":"index","follow":"follow","max-snippet":"max-snippet:-1","max-image-preview":"max-image-preview:large","max-video-preview":"max-video-preview:-1"},"canonical":"https:\/\/www.intoscana.it\/it\/leternita-del-legno-di-celeste-dai-tronchi-recuperati-nascono-elementi-darredo\/","og_locale":"it_IT","og_type":"article","og_title":"L'eternit\u00e0 del legno di Celeste. Dai tronchi recuperati nascono elementi d'arredo","og_description":"Lei \u00e8 Celeste Uccheddu: a Castelnuovo Val di Cecina ha dato vita ad un segheria mobile dove realizza semilavorati da legno di recupero.","og_url":"https:\/\/www.intoscana.it\/it\/leternita-del-legno-di-celeste-dai-tronchi-recuperati-nascono-elementi-darredo\/","og_site_name":"intoscana","article_publisher":"https:\/\/www.facebook.com\/intoscana.it","article_published_time":"2024-07-05T13:17:04+00:00","article_modified_time":"2024-07-05T13:35:59+00:00","og_image":[{"width":1440,"height":1072,"url":"https:\/\/www.intoscana.it\/wp-content\/uploads\/Celeste-Uccheddu-al-lavoro-nella-sua-segheria-mobile-e1720186553941.jpeg","type":"image\/jpeg"}],"author":"Simona Bellocci","twitter_card":"summary_large_image","twitter_creator":"@intoscana","twitter_site":"@intoscana","twitter_misc":{"Written by":"Simona Bellocci","Est. reading time":"6 minuti"},"schema":{"@context":"https:\/\/schema.org","@graph":[{"@type":"WebPage","@id":"https:\/\/www.intoscana.it\/it\/leternita-del-legno-di-celeste-dai-tronchi-recuperati-nascono-elementi-darredo\/","url":"https:\/\/www.intoscana.it\/it\/leternita-del-legno-di-celeste-dai-tronchi-recuperati-nascono-elementi-darredo\/","name":"L'eternit\u00e0 del legno di Celeste. Dai tronchi recuperati nascono elementi d'arredo - intoscana","isPartOf":{"@id":"https:\/\/www.intoscana.it\/it\/#website"},"primaryImageOfPage":{"@id":"https:\/\/www.intoscana.it\/it\/leternita-del-legno-di-celeste-dai-tronchi-recuperati-nascono-elementi-darredo\/#primaryimage"},"image":{"@id":"https:\/\/www.intoscana.it\/it\/leternita-del-legno-di-celeste-dai-tronchi-recuperati-nascono-elementi-darredo\/#primaryimage"},"thumbnailUrl":"https:\/\/www.intoscana.it\/wp-content\/uploads\/Celeste-Uccheddu-al-lavoro-nella-sua-segheria-mobile-e1720186553941.jpeg","datePublished":"2024-07-05T13:17:04+00:00","dateModified":"2024-07-05T13:35:59+00:00","author":{"@id":"https:\/\/www.intoscana.it\/it\/#\/schema\/person\/43a95334a6f068317e0b7acba24f9e87"},"description":"Lei \u00e8 Celeste Uccheddu: a Castelnuovo Val di Cecina ha dato vita ad un segheria mobile dove realizza semilavorati da legno di recupero.","breadcrumb":{"@id":"https:\/\/www.intoscana.it\/it\/leternita-del-legno-di-celeste-dai-tronchi-recuperati-nascono-elementi-darredo\/#breadcrumb"},"inLanguage":"it-IT","potentialAction":[{"@type":"ReadAction","target":["https:\/\/www.intoscana.it\/it\/leternita-del-legno-di-celeste-dai-tronchi-recuperati-nascono-elementi-darredo\/"]}]},{"@type":"ImageObject","inLanguage":"it-IT","@id":"https:\/\/www.intoscana.it\/it\/leternita-del-legno-di-celeste-dai-tronchi-recuperati-nascono-elementi-darredo\/#primaryimage","url":"https:\/\/www.intoscana.it\/wp-content\/uploads\/Celeste-Uccheddu-al-lavoro-nella-sua-segheria-mobile-e1720186553941.jpeg","contentUrl":"https:\/\/www.intoscana.it\/wp-content\/uploads\/Celeste-Uccheddu-al-lavoro-nella-sua-segheria-mobile-e1720186553941.jpeg","width":1440,"height":1072},{"@type":"BreadcrumbList","@id":"https:\/\/www.intoscana.it\/it\/leternita-del-legno-di-celeste-dai-tronchi-recuperati-nascono-elementi-darredo\/#breadcrumb","itemListElement":[{"@type":"ListItem","position":1,"name":"Home","item":"https:\/\/www.intoscana.it\/it\/"},{"@type":"ListItem","position":2,"name":"L&#8217;eternit\u00e0 del legno di Celeste. Dai tronchi recuperati nascono elementi d&#8217;arredo"}]},{"@type":"WebSite","@id":"https:\/\/www.intoscana.it\/it\/#website","url":"https:\/\/www.intoscana.it\/it\/","name":"intoscana","description":"","potentialAction":[{"@type":"SearchAction","target":{"@type":"EntryPoint","urlTemplate":"https:\/\/www.intoscana.it\/it\/?s={search_term_string}"},"query-input":{"@type":"PropertyValueSpecification","valueRequired":true,"valueName":"search_term_string"}}],"inLanguage":"it-IT"},{"@type":"Person","@id":"https:\/\/www.intoscana.it\/it\/#\/schema\/person\/43a95334a6f068317e0b7acba24f9e87","name":"Simona Bellocci","url":"https:\/\/www.intoscana.it\/it\/author\/simona-bellocci\/"}]}},"_links":{"self":[{"href":"https:\/\/www.intoscana.it\/it\/wp-json\/wp\/v2\/posts\/346053","targetHints":{"allow":["GET"]}}],"collection":[{"href":"https:\/\/www.intoscana.it\/it\/wp-json\/wp\/v2\/posts"}],"about":[{"href":"https:\/\/www.intoscana.it\/it\/wp-json\/wp\/v2\/types\/post"}],"author":[{"embeddable":true,"href":"https:\/\/www.intoscana.it\/it\/wp-json\/wp\/v2\/users\/513"}],"replies":[{"embeddable":true,"href":"https:\/\/www.intoscana.it\/it\/wp-json\/wp\/v2\/comments?post=346053"}],"version-history":[{"count":20,"href":"https:\/\/www.intoscana.it\/it\/wp-json\/wp\/v2\/posts\/346053\/revisions"}],"predecessor-version":[{"id":348223,"href":"https:\/\/www.intoscana.it\/it\/wp-json\/wp\/v2\/posts\/346053\/revisions\/348223"}],"wp:featuredmedia":[{"embeddable":true,"href":"https:\/\/www.intoscana.it\/it\/wp-json\/wp\/v2\/media\/348197"}],"wp:attachment":[{"href":"https:\/\/www.intoscana.it\/it\/wp-json\/wp\/v2\/media?parent=346053"}],"wp:term":[{"taxonomy":"category","embeddable":true,"href":"https:\/\/www.intoscana.it\/it\/wp-json\/wp\/v2\/categories?post=346053"},{"taxonomy":"post_tag","embeddable":true,"href":"https:\/\/www.intoscana.it\/it\/wp-json\/wp\/v2\/tags?post=346053"}],"curies":[{"name":"wp","href":"https:\/\/api.w.org\/{rel}","templated":true}]}}