{"id":346178,"date":"2024-06-20T13:02:26","date_gmt":"2024-06-20T11:02:26","guid":{"rendered":"https:\/\/www.intoscana.it\/it\/?p=346178"},"modified":"2024-06-20T13:03:25","modified_gmt":"2024-06-20T11:03:25","slug":"inequilibrio-festival-2024-tra-castiglioncello-e-rosignano-oltre-60-eventi-e-150-artisti-tra-teatro-danza-e-performance","status":"publish","type":"post","link":"https:\/\/www.intoscana.it\/it\/inequilibrio-festival-2024-tra-castiglioncello-e-rosignano-oltre-60-eventi-e-150-artisti-tra-teatro-danza-e-performance\/","title":{"rendered":"Inequilibrio Festival 2024 tra Castiglioncello e Rosignano: oltre 60 eventi e 150 artisti tra teatro, danza e performance"},"content":{"rendered":"<p><strong>Dal 27 giugno al 6 luglio<\/strong> torna tra il castello Pasquini di <strong>Castiglioncello <\/strong>e il borgo medievale di <strong>Rosignano Marittimo<\/strong> <strong><em>&#8220;Inequilibrio Festival&#8221;<\/em> <\/strong>con numerose prime, 150 artisti e<strong> oltre 60 eventi tra danza, teatro performance.<\/strong><\/p>\n<p>Giunta alla<strong> 27esima edizione<\/strong> la rassegna a cura di <a href=\"https:\/\/www.armunia.eu\/it\/home.html\" target=\"_blank\" rel=\"noopener\"><strong>Fondazione Armunia<\/strong><\/a> propone dieci giorni di <strong>spettacoli, workshop, tavole rotonde, dibattiti, mostre, incontri e concerti.<\/strong><\/p>\n<p>Tra gli ospiti: l&#8217;attore due volte Premio Ubu <strong>Roberto Latini<\/strong> con la prima nazionale di <strong><em>&#8220;Giulietta e Romeo&#8221;,<\/em><\/strong> l&#8217;attrice e drammaturga<strong> Elena Bucci<\/strong> con il debutto <strong><em>&#8220;Terra Mater Matrigna&#8221;<\/em><\/strong>, <strong>Marcello Sambati<\/strong> con la prima di<strong><em> &#8220;Ontogenesi&#8221;<\/em><\/strong> o <strong>Silvia Gribaudi<\/strong> che con<strong> Marta Dalla Via<\/strong> porter\u00e0 in anteprima l&#8217;omaggio a Eleonora Duse<strong><em> &#8220;The Doozies&#8221;.<\/em><\/strong><\/p>\n<p>In cartellone anche <strong>Danio Manfredini,<\/strong> che torna in scena col suo applaudito<strong><em> &#8220;Divine&#8221;<\/em><\/strong>, rilettura di<em> &#8220;Nostra signora dei fiori&#8221;<\/em> di Jean Genet, e <strong>Silvia Rampelli,<\/strong> studiosa e coreografa premio Ubu che con la compagnia Habill\u00e9 d&#8217;eau presenta <strong><em>&#8220;Chamber Music&#8221;.<\/em><\/strong><\/p>\n<p>Anteprima del festival <strong>venerd\u00ec 21 giugno<\/strong> alle 21.15 al<strong> Teatro l\u2019Ordigno di Vada,<\/strong> con lo spettacolo <strong><em>\u201cCome un angelo in tutto questo borello\u201d<\/em><\/strong> di <strong>Mattia Galantino e Jacopo Bottani<\/strong>, ispirato alla poetica del drammaturgo e regista francese di culto Bernard Marie Kolt\u00e8s, presentato in forma di studio dopo un periodo di residenza negli spazi della Fondazione.<\/p>\n<p>Per <strong>Angela Fumarola, direttrice artistica del festival<\/strong>, <em>\u201cInequilibrio proporr\u00e0 opere che esplorano <strong>il desiderio di raccontare storie, volti, nature e memorie<\/strong> alla ricerca di un mondo che prova a farsi breccia nella sfera dell\u2019anima e della sensibilit\u00e0. Le arti sceniche saranno materia propulsiva per raggiungere utopie, in un tempo sospeso che si far\u00e0 luogo, cittadella che accoglie la comunit\u00e0 apolide del festival. Dieci giorni dedicati alle idee, alle vocazioni e ai desideri per emanciparsi dalla disumanit\u00e0 del presente attraverso la pratica dell\u2019impossibile\u201d.<\/em><\/p>\n<figure id=\"post-346226 media-346226\" class=\"align-none\"><img decoding=\"async\" src=\"https:\/\/www.intoscana.it\/wp-content\/uploads\/KENJI-SHINOHE-2-scaled.jpg\" alt=\"\" \/><\/figure>\n<div class=\"titleimg\"><em>Kenji Shinohe\u00a0<\/em><\/div>\n<h3>Il programma degli spettacoli di teatro e danza<\/h3>\n<p>L\u2019attore due volte Premio Ubu <strong>Roberto Latini<\/strong> presenta a <strong>Inequilibrio Festival<\/strong> la prima di<strong><em> \u201cGiulietta e Romeo\u201d,<\/em><\/strong> spettacolo targato <strong>Compagnia Lombardi Tiezzi<\/strong> nel quale sar\u00e0 in scena insieme a Federica Carra (30\/06); l\u2019attrice e drammaturga<strong> Elena Bucci <\/strong>presenter\u00e0 in prima italiana<strong><em> \u201cCanto alle vite infinite, adattamento n.2\u201d<\/em><\/strong>, produzione Le belle bandiere dedicata al territorio della Romagna (28\/06); <strong>Marcello Sambati,<\/strong> attore, regista, autore di versi e veterano del teatro di ricerca, tra i pi\u00f9 affascinanti interpreti del contemporaneo, debutter\u00e0 con<strong><em>\u00a0\u201cOntogenesi\u201d<\/em> <\/strong>(4\/07); <strong>Danio Manfredini<\/strong> torna in scena col suo applaudito<strong><em> \u201cDivine\u201d,<\/em><\/strong> rilettura di \u201cNostra signora dei fiori\u201d di Jean Genet (27\/06).<\/p>\n<p>In prima nazionale anche <strong>Michele Bandini<\/strong>, attore autore e regista oltre che formatore \u2013 dal 2012 cura gli spettacoli del gruppo Circo Corsaro a Napoli\/Scampia \u2013 ospite a Castiglioncello con <strong><em>\u201cCani\u201d<\/em><\/strong>, dialogo impossibile che nasce dalla necessit\u00e0 di sentirsi amati (28\/06 e 29\/06), e <strong>Progetto Teatro Stalla,<\/strong> che debutter\u00e0 con <strong><em>\u201cT\/S \u2013 Caution, Construction Area. Prima variazione Piano Piano Forte Forte\u201d<\/em><\/strong> per ripercorre il lavoro del poeta, regista e drammaturgo Matteo Latino, scomparso nel 2015 (2\/07).<\/p>\n<p>E poi <strong>Francesca Sarteanesi,<\/strong> artista candidata agli Ubu come miglior attrice, col nuovo spettacolo<strong><em> \u201cNikita\u201d,<\/em><\/strong> immersione nella vita frantumata di una donna \u201cche non sa condividere nemmeno una bottiglia di rosso della casa\u201d, coprodotta da Scarti e Teatro Metastasio (5\/07 e 6\/07);<strong> Leonardo Capuano e Renata Palminiello<\/strong> con la produzione Teatro Metastasio di Prato\/Compagnia Umberto Orsini <strong><em>\u201cIl riformatore del mondo\u201d<\/em> <\/strong>da Thomas Bernhard (1\/07); la compagnia <strong>Fanny &amp; Alexander,<\/strong> tra le pi\u00f9 acclamate sul panorama italiano, per l\u2019occasione riporter\u00e0 in scena il monologo<strong><em> \u201cManson\u201d,<\/em><\/strong> viaggio nella mente di una delle pi\u00f9 note incarnazioni del male (6\/07);<strong> Gogmagog Teatro,<\/strong> gruppo di ricerca e sperimentazione sar\u00e0 alle prese col celebre racconto <strong><em>\u201cIl coccodrillo\u201d<\/em> <\/strong>di Fedor Dostoevskij, in prima nazionale (30\/06); <strong>Teatro Dell\u2019Elce<\/strong> in anteprima con <strong><em>\u201cL\u2019anello che non tiene\u201d<\/em><\/strong>, dialogo cyber-platonico di e con Marco Di Costanzo (5\/07); tostacarusa \u2013 ovvero<strong> Tolja Djokovic e Aura Ghezzi<\/strong> \u2013 con due parti del progetto <strong><em>\u201cLa lingua sulla lama\u201d<\/em><\/strong>, nato dall\u2019incontro con il patrimonio folklorico delle fiabe europee: <strong><em>\u201cSenza vivere senza \u2013 Il racconto della Mortella\u201d<\/em><\/strong> (2\/07) e <strong><em>\u201cDiscorso delle Dorotke\u201d<\/em><\/strong> (2\/07); la videoinstallazione poetica<strong><em> \u201cEmerald\u201d,<\/em><\/strong> firmata dalla scrittrice <strong>Azzurra D\u2019Agostino<\/strong> (27\/06); <strong><em>\u201cConcerto\u201d<\/em><\/strong>, spettacolo teatrale che sogna di essere una performance musicale di e con <strong>Francesco Michele Laterza<\/strong> (3\/07).<\/p>\n<p>Da segnalare il contributo di <strong>Silvia Rampelli<\/strong>, studiosa e coreografa premio Ubu che con la compagnia Habill\u00e9 d\u2019eau presenter\u00e0 <strong><em>\u201cChamber Music\u201d<\/em><\/strong> interpretato da Alessandra Cristiani, Eleonora Chiocchini e Valerio Sirna (29\/06). E poi <strong>Silvia Gribaudi<\/strong>, coreografa e interprete nota per il lavoro ironico e dissacrante sul ruolo sociale del corpo femminile, che con Marta Dalla Via porter\u00e0 in anteprima l\u2019omaggio a due straordinarie figure dei primi \u2018900: <strong>Isadora Duncan e Eleonora Duse<\/strong> in<strong><em> \u201cThe Doozies\u201d<\/em><\/strong> (30\/06).<\/p>\n<p>Si conferma l\u2019attenzione per la sperimentazione e la contaminazione dei linguaggi, con la performance in anteprima \u201cdo-around-the-world\u201d di <strong>Collettivo Parini Secondo<\/strong>, che innesta la pratica del salto della corda con visioni rubate al mondo dei videogame (29\/06); <strong><em>\u201cL\u2019ombelico dei limbi\u201d,<\/em><\/strong> lavoro dell\u2019<strong>artista premio Ubu Stefania Tansini<\/strong> ispirato all\u2019omonima opera giovanile di Antonin Artaud (27\/06);<strong><em> \u201cDanse Macabre!\u201d,<\/em><\/strong> invito a danzare verso l\u2019ignoto in una commistione visionaria tra corpi, film, testi, musica elettronica e luce firmato dal coreografo, performer e filmaker <strong>Jacopo Jenna<\/strong> (28\/06);<strong><em> \u201cDanze Americane\u201d<\/em><\/strong> solo che vedr\u00e0 in scena il pluripremiato coreografo<strong> Fabrizio Favale,<\/strong> anima della compagnia Le Supplici, alla ricerca di nuovi e inediti movimenti (2\/07); <strong><em>\u201cHope\u201d,<\/em><\/strong> in prima nazionale lo spettacolo frutto del laboratorio artistico AiEP di <strong>Ariella Vidach e Claudio Prati<\/strong>\u00a0(30\/06).<\/p>\n<p><strong>Martina Gambardella<\/strong> in prima nazionale con<strong><em> \u201cMute\u201d<\/em><\/strong>, lavoro sul rapporto tra corpo e altro da s\u00e9 (28\/06); il coreografo con base in Olanda <strong>Evangelos Biskas<\/strong> in <strong><em>\u201cIn Between\u201d,<\/em> <\/strong>solo onirico tra realt\u00e0 e immaginazione (27\/06); <strong>Dewey Dell,<\/strong> una delle compagnie pi\u00f9 originali della scena contemporanea alle prese con la rilettura di una pietra miliare della letteratura musicale oltre che infinita sorgente visiva: <strong><em>\u201cLe sacre du printemps\u201d<\/em><\/strong> ovvero \u201cLa sagra della primavera\u201d di Stravinskij (4\/07); la coreografa e performer <strong>Marta Bellu<\/strong> con <strong><em>\u201cAcquitrini\u201d,<\/em> <\/strong>affascinante ricerca sugli ecosistemi al confine tra terra e acqua (5\/07); il coreografo e danzatore giapponese <strong>Kenji Shinohe<\/strong>, che in <strong><em>\u201cK(-A-)O\u201d<\/em><\/strong> affronta la relazione con le emozioni attraverso il filtro della tecnologia e delle emoji (6\/07); la scommessa under 30 del festival <strong>Claudio Larena,<\/strong> con la prima nazionale dell\u2019atto performativo<strong><em> \u201cLena\u201d<\/em><\/strong>, invito a dare valore al pericolo, al rischio, alle oscillazioni (5\/07); la giovanissima autrice <strong>Annalisa Limardi,<\/strong> che porter\u00e0 al festival in anteprima il lavoro d\u2019esordio<strong><em> \u201cNo\u201d<\/em><\/strong>, nato dalla necessit\u00e0 di rielaborare situazioni di abuso (4\/07).<\/p>\n<figure id=\"post-346227 media-346227\" class=\"align-none\"><img decoding=\"async\" src=\"https:\/\/www.intoscana.it\/wp-content\/uploads\/Lombelico-dei-limbi-foto-di-Luca-Del-Pia-scaled.jpg\" alt=\"\" \/><\/figure>\n<div class=\"titleimg\"><em>L\u2019ombelico dei limbi, foto di Luca Del Pia<\/em><\/div>\n<h3>Novit\u00e0: il focus sull&#8217;accessibilit\u00e0 e il circo contemporaneo<\/h3>\n<p>Uno dei temi a cui il festival tiene di pi\u00f9 \u00e8 l&#8217;<strong>accessibilit\u00e0<\/strong>: a indagarlo artisti tra cui <strong>Nerval Teatro,<\/strong> laboratorio permanente per interpreti con disabilit\u00e0 diretto da <strong>Maurizio Lupinelli<\/strong> ed <strong>Elisa Pol,<\/strong> che porter\u00e0 sul palcoscenico due lavori ispirati a Samuel Beckett: <strong><em>\u201cLa buca\u201d<\/em> <\/strong>(2\/07, con interpretariato in Lingua dei segni italiana) e <strong><em>\u201cWinnie\u201d<\/em> <\/strong>(3\/07); la dancemaker<strong> Cristina Kristal Rizzo<\/strong>, tra i fondatori dell\u2019iconico collettivo Kinkaleri, che con <strong><em>\u201cMomentum DA\u201d<\/em> <\/strong>celebra la singolarit\u00e0 della<strong> performer sorda Diana Anselmo<\/strong> (29\/06); la coreografa <strong>Sara Sguotti,<\/strong> che insieme alla <strong>performer col morbo di Parkinson Arianna Ulian<\/strong> proporr\u00e0 il montaggio di parole, suoni e gesti<strong><em> \u201cCre_Pa\u201d<\/em> <\/strong>(29\/06 e 30\/06).<\/p>\n<p>Per la prima volta al festival una selezione dedicata al <strong>circo contemporaneo<\/strong> con artisti di caratura internazionale. Dal Regno Unito <strong>Chris Patfield e Jose Triguero,<\/strong> gi\u00e0 collaboratori di Royal Opera House e English National Opera, con l\u2019affascinante e surreale duo di giocoleria <strong><em>Gibbon Circus<\/em><\/strong> (4\/07);<strong> MagdaClan Circo<\/strong>, istituzione europea del circo contemporaneo, col nuovo lavoro<strong><em> \u201c2984\u201d<\/em> <\/strong>che vede sul palco il cofondatore <strong>Alessandro Maida<\/strong> (6\/07); dal Giappone la pittrice<strong> Izumi Fujiwara<\/strong> con <em>\u201cPicasso \u2013 Ritratti!\u201d,<\/em> laboratorio e performance a partire dalle immagini del grande artista spagnolo (3\/07); <strong>Fanny &amp; Alexander,<\/strong> che si cimenteranno in una lettura de <strong><em>\u201cI libri di OZ\u201d<\/em> <\/strong>di Frank Baum (5\/07);<strong> Wunder Tandem<\/strong>, duo dall\u2019animo disco-punk che con<strong><em> \u201cLive in the Garden\u201d<\/em><\/strong> proporr\u00e0 uno show tra teatro di strada, musica e clown (6\/07).<\/p>\n<h3>Le mostre e le passeggiate poetiche<\/h3>\n<p>Durante i giorni del festival nelle sale del <strong>Castello Pasquini<\/strong> sar\u00e0 allestita la mostra<strong><em> \u201cLei\u201d<\/em><\/strong> di <strong>Floor Robert in arte La Pler:<\/strong> corpi di donne dipinte in poche pennellate nero su bianco, corpi nudi che non si censurano e non conoscono pudore, un invito a ribellarsi all&#8217;immaginario patinato dei giorni nostri, per una libera espressione di s\u00e9 (27\/6-6\/7). Sempre La Pler sar\u00e0 protagonista dell\u2019intervento di <strong>live painting \u201cRotondo\u201d,<\/strong> accompagnata da Angela Burico alla voce per tenere vivo il ricordo di una danza libera (30\/6).<\/p>\n<p>Non solo: al Castello saranno esposte anche le opere vincitrici del bando <strong><em>\u201cKafka in the Castle\u201d<\/em><\/strong>, concorso dedicato a <strong>illustratori, disegnatori e fumettisti<\/strong> nel centenario della morte del grande autore boemo. Il pubblico del festival potr\u00e0 votare la o il proprio artista preferito, che si aggiudicher\u00e0 l\u2019ingaggio per la creazione delle grafiche per la stagione 2024\/2025 della Fondazione oltre a una residenza artistica negli spazi di Armunia.<\/p>\n<p>Infine <strong>Inequilibrio<\/strong> prevede anche <strong>escursioni<\/strong> improntate alla lettura dei linguaggi e alla <strong>relazione con la natura<\/strong> attraverso un approccio scientifico, storico e mitologico: da una passeggiata per trovare <strong><em>\u201cLa voce della creativit\u00e0 dentro di noi\u201d<\/em> <\/strong>(29\/6) all\u2019osservazione delle costellazioni in <strong><em>\u201cLeggere il cielo attraverso il mito\u201d<\/em><\/strong> (1\/7), fino alla scoperta del <strong><em>\u201cParco del Castello Pasquini: un bosco in citt\u00e0\u201d<\/em> <\/strong>(5 luglio).<\/p>\n<figure id=\"post-346231 media-346231\" class=\"align-none\"><img decoding=\"async\" src=\"https:\/\/www.intoscana.it\/wp-content\/uploads\/Parini-Secondo-photo-by-Bianca-Peruzzi.jpg\" alt=\"\" \/><\/figure>\n<div class=\"titleimg\"><em>Parini Secondo photo by Bianca Peruzzi<\/em><\/div>\n","protected":false},"excerpt":{"rendered":"<p>Dal 27 giugno al 6 luglio il festival propone oltre 60 eventi tra il Castello Pasquini di Castiglioncello il borgo medievale di Rosignano Marittimo, fino alla Costa degli Etruschi, nel Livornese<\/p>\n","protected":false},"author":518,"featured_media":346232,"comment_status":"open","ping_status":"open","sticky":false,"template":"","format":"standard","meta":{"_acf_changed":false,"footnotes":""},"categories":[493],"tags":[5528,4655,5564,235,399,228,236],"class_list":["post-346178","post","type-post","status-publish","format-standard","has-post-thumbnail","hentry","category-cultura","tag-costa-degli-etruschi","tag-costa-toscana","tag-danza","tag-estate","tag-estate-in-toscana","tag-festival","tag-teatro"],"acf":[],"yoast_head":"<!-- This site is optimized with the Yoast SEO Premium plugin v24.2 (Yoast SEO v25.6) - https:\/\/yoast.com\/wordpress\/plugins\/seo\/ -->\n<title>Inequilibrio Festival 2024 tra Castiglioncello e Rosignano: oltre 60 eventi e 150 artisti tra teatro, danza e performance - intoscana<\/title>\n<meta name=\"description\" content=\"Dal 27 giugno al 6 luglio propone oltre 60 eventi tra il Castello Pasquini di Castiglioncello il borgo medievale di Rosignano Marittimo\" \/>\n<meta name=\"robots\" content=\"index, follow, max-snippet:-1, max-image-preview:large, max-video-preview:-1\" \/>\n<link rel=\"canonical\" href=\"https:\/\/www.intoscana.it\/it\/inequilibrio-festival-2024-tra-castiglioncello-e-rosignano-oltre-60-eventi-e-150-artisti-tra-teatro-danza-e-performance\/\" \/>\n<meta property=\"og:locale\" content=\"it_IT\" \/>\n<meta property=\"og:type\" content=\"article\" \/>\n<meta property=\"og:title\" content=\"Inequilibrio Festival 2024 tra Castiglioncello e Rosignano: oltre 60 eventi e 150 artisti tra teatro, danza e performance\" \/>\n<meta property=\"og:description\" content=\"Dal 27 giugno al 6 luglio propone oltre 60 eventi tra il Castello Pasquini di Castiglioncello il borgo medievale di Rosignano Marittimo\" \/>\n<meta property=\"og:url\" content=\"https:\/\/www.intoscana.it\/it\/inequilibrio-festival-2024-tra-castiglioncello-e-rosignano-oltre-60-eventi-e-150-artisti-tra-teatro-danza-e-performance\/\" \/>\n<meta property=\"og:site_name\" content=\"intoscana\" \/>\n<meta property=\"article:publisher\" content=\"https:\/\/www.facebook.com\/intoscana.it\" \/>\n<meta property=\"article:published_time\" content=\"2024-06-20T11:02:26+00:00\" \/>\n<meta property=\"article:modified_time\" content=\"2024-06-20T11:03:25+00:00\" \/>\n<meta property=\"og:image\" content=\"https:\/\/www.intoscana.it\/wp-content\/uploads\/Roberto-Latini_Giulietta-e-Romeo.jpeg\" \/>\n\t<meta property=\"og:image:width\" content=\"1200\" \/>\n\t<meta property=\"og:image:height\" content=\"802\" \/>\n\t<meta property=\"og:image:type\" content=\"image\/jpeg\" \/>\n<meta name=\"author\" content=\"Costanza Baldini\" \/>\n<meta name=\"twitter:card\" content=\"summary_large_image\" \/>\n<meta name=\"twitter:creator\" content=\"@intoscana\" \/>\n<meta name=\"twitter:site\" content=\"@intoscana\" \/>\n<meta name=\"twitter:label1\" content=\"Written by\" \/>\n\t<meta name=\"twitter:data1\" content=\"Costanza Baldini\" \/>\n\t<meta name=\"twitter:label2\" content=\"Est. reading time\" \/>\n\t<meta name=\"twitter:data2\" content=\"9 minuti\" \/>\n<script type=\"application\/ld+json\" class=\"yoast-schema-graph\">{\"@context\":\"https:\/\/schema.org\",\"@graph\":[{\"@type\":\"WebPage\",\"@id\":\"https:\/\/www.intoscana.it\/it\/inequilibrio-festival-2024-tra-castiglioncello-e-rosignano-oltre-60-eventi-e-150-artisti-tra-teatro-danza-e-performance\/\",\"url\":\"https:\/\/www.intoscana.it\/it\/inequilibrio-festival-2024-tra-castiglioncello-e-rosignano-oltre-60-eventi-e-150-artisti-tra-teatro-danza-e-performance\/\",\"name\":\"Inequilibrio Festival 2024 tra Castiglioncello e Rosignano: oltre 60 eventi e 150 artisti tra teatro, danza e performance - intoscana\",\"isPartOf\":{\"@id\":\"https:\/\/www.intoscana.it\/it\/#website\"},\"primaryImageOfPage\":{\"@id\":\"https:\/\/www.intoscana.it\/it\/inequilibrio-festival-2024-tra-castiglioncello-e-rosignano-oltre-60-eventi-e-150-artisti-tra-teatro-danza-e-performance\/#primaryimage\"},\"image\":{\"@id\":\"https:\/\/www.intoscana.it\/it\/inequilibrio-festival-2024-tra-castiglioncello-e-rosignano-oltre-60-eventi-e-150-artisti-tra-teatro-danza-e-performance\/#primaryimage\"},\"thumbnailUrl\":\"https:\/\/www.intoscana.it\/wp-content\/uploads\/Roberto-Latini_Giulietta-e-Romeo.jpeg\",\"datePublished\":\"2024-06-20T11:02:26+00:00\",\"dateModified\":\"2024-06-20T11:03:25+00:00\",\"author\":{\"@id\":\"https:\/\/www.intoscana.it\/it\/#\/schema\/person\/d469f35f09739bdf00bf5dd3f0647a82\"},\"description\":\"Dal 27 giugno al 6 luglio propone oltre 60 eventi tra il Castello Pasquini di Castiglioncello il borgo medievale di Rosignano Marittimo\",\"breadcrumb\":{\"@id\":\"https:\/\/www.intoscana.it\/it\/inequilibrio-festival-2024-tra-castiglioncello-e-rosignano-oltre-60-eventi-e-150-artisti-tra-teatro-danza-e-performance\/#breadcrumb\"},\"inLanguage\":\"it-IT\",\"potentialAction\":[{\"@type\":\"ReadAction\",\"target\":[\"https:\/\/www.intoscana.it\/it\/inequilibrio-festival-2024-tra-castiglioncello-e-rosignano-oltre-60-eventi-e-150-artisti-tra-teatro-danza-e-performance\/\"]}]},{\"@type\":\"ImageObject\",\"inLanguage\":\"it-IT\",\"@id\":\"https:\/\/www.intoscana.it\/it\/inequilibrio-festival-2024-tra-castiglioncello-e-rosignano-oltre-60-eventi-e-150-artisti-tra-teatro-danza-e-performance\/#primaryimage\",\"url\":\"https:\/\/www.intoscana.it\/wp-content\/uploads\/Roberto-Latini_Giulietta-e-Romeo.jpeg\",\"contentUrl\":\"https:\/\/www.intoscana.it\/wp-content\/uploads\/Roberto-Latini_Giulietta-e-Romeo.jpeg\",\"width\":1200,\"height\":802},{\"@type\":\"BreadcrumbList\",\"@id\":\"https:\/\/www.intoscana.it\/it\/inequilibrio-festival-2024-tra-castiglioncello-e-rosignano-oltre-60-eventi-e-150-artisti-tra-teatro-danza-e-performance\/#breadcrumb\",\"itemListElement\":[{\"@type\":\"ListItem\",\"position\":1,\"name\":\"Home\",\"item\":\"https:\/\/www.intoscana.it\/it\/\"},{\"@type\":\"ListItem\",\"position\":2,\"name\":\"Inequilibrio Festival 2024 tra Castiglioncello e Rosignano: oltre 60 eventi e 150 artisti tra teatro, danza e performance\"}]},{\"@type\":\"WebSite\",\"@id\":\"https:\/\/www.intoscana.it\/it\/#website\",\"url\":\"https:\/\/www.intoscana.it\/it\/\",\"name\":\"intoscana\",\"description\":\"\",\"potentialAction\":[{\"@type\":\"SearchAction\",\"target\":{\"@type\":\"EntryPoint\",\"urlTemplate\":\"https:\/\/www.intoscana.it\/it\/?s={search_term_string}\"},\"query-input\":{\"@type\":\"PropertyValueSpecification\",\"valueRequired\":true,\"valueName\":\"search_term_string\"}}],\"inLanguage\":\"it-IT\"},{\"@type\":\"Person\",\"@id\":\"https:\/\/www.intoscana.it\/it\/#\/schema\/person\/d469f35f09739bdf00bf5dd3f0647a82\",\"name\":\"Costanza Baldini\",\"url\":\"https:\/\/www.intoscana.it\/it\/author\/costanza-baldini\/\"}]}<\/script>\n<!-- \/ Yoast SEO Premium plugin. -->","yoast_head_json":{"title":"Inequilibrio Festival 2024 tra Castiglioncello e Rosignano: oltre 60 eventi e 150 artisti tra teatro, danza e performance - intoscana","description":"Dal 27 giugno al 6 luglio propone oltre 60 eventi tra il Castello Pasquini di Castiglioncello il borgo medievale di Rosignano Marittimo","robots":{"index":"index","follow":"follow","max-snippet":"max-snippet:-1","max-image-preview":"max-image-preview:large","max-video-preview":"max-video-preview:-1"},"canonical":"https:\/\/www.intoscana.it\/it\/inequilibrio-festival-2024-tra-castiglioncello-e-rosignano-oltre-60-eventi-e-150-artisti-tra-teatro-danza-e-performance\/","og_locale":"it_IT","og_type":"article","og_title":"Inequilibrio Festival 2024 tra Castiglioncello e Rosignano: oltre 60 eventi e 150 artisti tra teatro, danza e performance","og_description":"Dal 27 giugno al 6 luglio propone oltre 60 eventi tra il Castello Pasquini di Castiglioncello il borgo medievale di Rosignano Marittimo","og_url":"https:\/\/www.intoscana.it\/it\/inequilibrio-festival-2024-tra-castiglioncello-e-rosignano-oltre-60-eventi-e-150-artisti-tra-teatro-danza-e-performance\/","og_site_name":"intoscana","article_publisher":"https:\/\/www.facebook.com\/intoscana.it","article_published_time":"2024-06-20T11:02:26+00:00","article_modified_time":"2024-06-20T11:03:25+00:00","og_image":[{"width":1200,"height":802,"url":"https:\/\/www.intoscana.it\/wp-content\/uploads\/Roberto-Latini_Giulietta-e-Romeo.jpeg","type":"image\/jpeg"}],"author":"Costanza Baldini","twitter_card":"summary_large_image","twitter_creator":"@intoscana","twitter_site":"@intoscana","twitter_misc":{"Written by":"Costanza Baldini","Est. reading time":"9 minuti"},"schema":{"@context":"https:\/\/schema.org","@graph":[{"@type":"WebPage","@id":"https:\/\/www.intoscana.it\/it\/inequilibrio-festival-2024-tra-castiglioncello-e-rosignano-oltre-60-eventi-e-150-artisti-tra-teatro-danza-e-performance\/","url":"https:\/\/www.intoscana.it\/it\/inequilibrio-festival-2024-tra-castiglioncello-e-rosignano-oltre-60-eventi-e-150-artisti-tra-teatro-danza-e-performance\/","name":"Inequilibrio Festival 2024 tra Castiglioncello e Rosignano: oltre 60 eventi e 150 artisti tra teatro, danza e performance - intoscana","isPartOf":{"@id":"https:\/\/www.intoscana.it\/it\/#website"},"primaryImageOfPage":{"@id":"https:\/\/www.intoscana.it\/it\/inequilibrio-festival-2024-tra-castiglioncello-e-rosignano-oltre-60-eventi-e-150-artisti-tra-teatro-danza-e-performance\/#primaryimage"},"image":{"@id":"https:\/\/www.intoscana.it\/it\/inequilibrio-festival-2024-tra-castiglioncello-e-rosignano-oltre-60-eventi-e-150-artisti-tra-teatro-danza-e-performance\/#primaryimage"},"thumbnailUrl":"https:\/\/www.intoscana.it\/wp-content\/uploads\/Roberto-Latini_Giulietta-e-Romeo.jpeg","datePublished":"2024-06-20T11:02:26+00:00","dateModified":"2024-06-20T11:03:25+00:00","author":{"@id":"https:\/\/www.intoscana.it\/it\/#\/schema\/person\/d469f35f09739bdf00bf5dd3f0647a82"},"description":"Dal 27 giugno al 6 luglio propone oltre 60 eventi tra il Castello Pasquini di Castiglioncello il borgo medievale di Rosignano Marittimo","breadcrumb":{"@id":"https:\/\/www.intoscana.it\/it\/inequilibrio-festival-2024-tra-castiglioncello-e-rosignano-oltre-60-eventi-e-150-artisti-tra-teatro-danza-e-performance\/#breadcrumb"},"inLanguage":"it-IT","potentialAction":[{"@type":"ReadAction","target":["https:\/\/www.intoscana.it\/it\/inequilibrio-festival-2024-tra-castiglioncello-e-rosignano-oltre-60-eventi-e-150-artisti-tra-teatro-danza-e-performance\/"]}]},{"@type":"ImageObject","inLanguage":"it-IT","@id":"https:\/\/www.intoscana.it\/it\/inequilibrio-festival-2024-tra-castiglioncello-e-rosignano-oltre-60-eventi-e-150-artisti-tra-teatro-danza-e-performance\/#primaryimage","url":"https:\/\/www.intoscana.it\/wp-content\/uploads\/Roberto-Latini_Giulietta-e-Romeo.jpeg","contentUrl":"https:\/\/www.intoscana.it\/wp-content\/uploads\/Roberto-Latini_Giulietta-e-Romeo.jpeg","width":1200,"height":802},{"@type":"BreadcrumbList","@id":"https:\/\/www.intoscana.it\/it\/inequilibrio-festival-2024-tra-castiglioncello-e-rosignano-oltre-60-eventi-e-150-artisti-tra-teatro-danza-e-performance\/#breadcrumb","itemListElement":[{"@type":"ListItem","position":1,"name":"Home","item":"https:\/\/www.intoscana.it\/it\/"},{"@type":"ListItem","position":2,"name":"Inequilibrio Festival 2024 tra Castiglioncello e Rosignano: oltre 60 eventi e 150 artisti tra teatro, danza e performance"}]},{"@type":"WebSite","@id":"https:\/\/www.intoscana.it\/it\/#website","url":"https:\/\/www.intoscana.it\/it\/","name":"intoscana","description":"","potentialAction":[{"@type":"SearchAction","target":{"@type":"EntryPoint","urlTemplate":"https:\/\/www.intoscana.it\/it\/?s={search_term_string}"},"query-input":{"@type":"PropertyValueSpecification","valueRequired":true,"valueName":"search_term_string"}}],"inLanguage":"it-IT"},{"@type":"Person","@id":"https:\/\/www.intoscana.it\/it\/#\/schema\/person\/d469f35f09739bdf00bf5dd3f0647a82","name":"Costanza Baldini","url":"https:\/\/www.intoscana.it\/it\/author\/costanza-baldini\/"}]}},"_links":{"self":[{"href":"https:\/\/www.intoscana.it\/it\/wp-json\/wp\/v2\/posts\/346178","targetHints":{"allow":["GET"]}}],"collection":[{"href":"https:\/\/www.intoscana.it\/it\/wp-json\/wp\/v2\/posts"}],"about":[{"href":"https:\/\/www.intoscana.it\/it\/wp-json\/wp\/v2\/types\/post"}],"author":[{"embeddable":true,"href":"https:\/\/www.intoscana.it\/it\/wp-json\/wp\/v2\/users\/518"}],"replies":[{"embeddable":true,"href":"https:\/\/www.intoscana.it\/it\/wp-json\/wp\/v2\/comments?post=346178"}],"version-history":[{"count":13,"href":"https:\/\/www.intoscana.it\/it\/wp-json\/wp\/v2\/posts\/346178\/revisions"}],"predecessor-version":[{"id":346248,"href":"https:\/\/www.intoscana.it\/it\/wp-json\/wp\/v2\/posts\/346178\/revisions\/346248"}],"wp:featuredmedia":[{"embeddable":true,"href":"https:\/\/www.intoscana.it\/it\/wp-json\/wp\/v2\/media\/346232"}],"wp:attachment":[{"href":"https:\/\/www.intoscana.it\/it\/wp-json\/wp\/v2\/media?parent=346178"}],"wp:term":[{"taxonomy":"category","embeddable":true,"href":"https:\/\/www.intoscana.it\/it\/wp-json\/wp\/v2\/categories?post=346178"},{"taxonomy":"post_tag","embeddable":true,"href":"https:\/\/www.intoscana.it\/it\/wp-json\/wp\/v2\/tags?post=346178"}],"curies":[{"name":"wp","href":"https:\/\/api.w.org\/{rel}","templated":true}]}}