{"id":346238,"date":"2024-06-26T17:14:57","date_gmt":"2024-06-26T15:14:57","guid":{"rendered":"https:\/\/www.intoscana.it\/it\/?p=346238"},"modified":"2024-06-26T17:15:48","modified_gmt":"2024-06-26T15:15:48","slug":"cambiamenti-climatici-nel-pisano-arriva-lalbicocca-super-resistente","status":"publish","type":"post","link":"https:\/\/www.intoscana.it\/it\/cambiamenti-climatici-nel-pisano-arriva-lalbicocca-super-resistente\/","title":{"rendered":"Cambiamenti climatici, nel Pisano arriva l&#8217;albicocca super resistente"},"content":{"rendered":"<p><mark>Maria Pia \u00e8 l&#8217;albicocca a prova di cambiamenti climatici<\/mark>. Un frutto prodotto dall&#8217;<a href=\"http:\/\/www.aziendapacini.it\" target=\"_blank\" rel=\"noopener\">azienda agricola Camillo Pacini<\/a> a Rigoli e nato dalla collaborazione con la facolt\u00e0 di Agraria dell&#8217;<strong>universit\u00e0 di Pisa<\/strong>.<\/p>\n<p>&#8220;<em>Non soltanto ha delle caratteristiche organolettiche molto piacevoli<\/em> -sottolinea <strong>Rossano Massai<\/strong>, docente della facolt\u00e0 di agraria dell&#8217;universit\u00e0 di Pisa- <em>ma ha anche la peculiarit\u00e0 di essere facilmente consumabile. Il nocciolo si distacca facilmente dalla polpa&#8221;<\/em>.<\/p>\n<h3>L&#8217;identikit di Maria Pia<\/h3>\n<p>Maria Pia, rispetto alle sue &#8220;sorelle&#8221;, si distingue per le <strong>dimensioni<\/strong> un po&#8217; pi\u00f9 <strong>ampie<\/strong>, la <strong>guancia rossa<\/strong> e il sapore ricco e gustoso. Il suo punto di forza \u00e8 la resistenza ai <strong>fenomeni atmosferici<\/strong> di un clima ormai impazzito. Si adatta agli<strong> sbalzi termici<\/strong> e alle <strong>piogge torrenziali<\/strong>.<\/p>\n<p>Viene prodotta a <strong>Rigoli<\/strong> a piedi dei <strong>Monti Pisani<\/strong> grazie alla collaborazione tra l&#8217;<strong>azienda Camillo Pacini<\/strong> a San Giuliano Terme e la facolt\u00e0 di Agraria di Unipi<strong>\u00a0<\/strong>da sempre all\u2019avanguardia nella ricerca delle selezioni delle <strong>variet\u00e0 frutticole<\/strong>.<\/p>\n<p>&#8220;<em>\u00c8 una selezione che ha parenti un po\u2019 in tutto il mondo: dal Canada alla Francia, dalla zona vesuviana alla Toscana. Un frutto nato in laboratorio e che abbiamo cercato di rimettere insieme con un\u2019azione di selezione&#8221;<\/em> puntualizza il professore Massai.<\/p>\n<h3>Super resistente al clima impazzito<\/h3>\n<p>In un inverno che ha penalizzato fortemente l\u2019agricoltura e ha visto crollare <strong>del 23% la frutticoltura<\/strong> in Toscana la <strong>Maria Pia<\/strong> ha resistito meglio degli altri frutti all&#8217;<strong>inverno caldo<\/strong><b> <\/b>dimostrando grandi dosi di adattamento. Pere, ciliegie, nettarine, susine e le altre albicocche hanno risentito invece degli scossoni climatici.<\/p>\n<p>Come testimonia il produttore <strong>Giovanni Pacini<\/strong>: <em>&#8220;\u00e8 stata l&#8217;unica albicocca ad arrivare alla raccolta in maniera abbondante, le altre due variet\u00e0 o non hanno fiorito o hanno perso i fiori. Le variet\u00e0 pi\u00f9 comuni di albicocca hanno bisogno di inverni freddi ed asciutti per completare il loro ciclo vegetativo ed arrivare poi al momento della raccolta a giugno. La Maria Pia invece no&#8221;<\/em>.<\/p>\n<p><strong>Il nome dell&#8217;albicocca<\/strong> ha un significato speciale per <strong>la famiglia Pacini<\/strong>: &#8220;<em>\u00e8 un omaggio a nostra madre anche perch\u00e9 un po\u2019 la ricorda con questa guancia rossa che era un po\u2019 anche la sua caratteristica&#8221;<\/em>.<\/p>\n","protected":false},"excerpt":{"rendered":"<p>Si chiama Maria Pia e viene prodotta nell&#8217;azienda agricola Camillo Pacini a Rigoli. \u00c8 maturata a dispetto dell&#8217;inverno caldo<\/p>\n","protected":false},"author":554,"featured_media":346240,"comment_status":"open","ping_status":"open","sticky":false,"template":"","format":"standard","meta":{"_acf_changed":false,"footnotes":""},"categories":[9],"tags":[5465,3567,368],"class_list":["post-346238","post","type-post","status-publish","format-standard","has-post-thumbnail","hentry","category-made-in-toscana","tag-agricoltura-innovativa","tag-cambiamento-climatico","tag-universita-di-pisa"],"acf":[],"yoast_head":"<!-- This site is optimized with the Yoast SEO Premium plugin v24.2 (Yoast SEO v25.6) - https:\/\/yoast.com\/wordpress\/plugins\/seo\/ -->\n<title>Cambiamenti climatici, nel Pisano arriva l&#039;albicocca super resistente - intoscana<\/title>\n<meta name=\"description\" content=\"Si chiama Maria Pia e viene prodotta nell&#039;azienda agricola Camillo Pacini a Rigoli. \u00c8 maturata a dispetto dell&#039;inverno caldo\" \/>\n<meta name=\"robots\" content=\"index, follow, max-snippet:-1, max-image-preview:large, max-video-preview:-1\" \/>\n<link rel=\"canonical\" href=\"https:\/\/www.intoscana.it\/it\/cambiamenti-climatici-nel-pisano-arriva-lalbicocca-super-resistente\/\" \/>\n<meta property=\"og:locale\" content=\"it_IT\" \/>\n<meta property=\"og:type\" content=\"article\" \/>\n<meta property=\"og:title\" content=\"Cambiamenti climatici, nel Pisano arriva l&#039;albicocca super resistente\" \/>\n<meta property=\"og:description\" content=\"Si chiama Maria Pia e viene prodotta nell&#039;azienda agricola Camillo Pacini a Rigoli. \u00c8 maturata a dispetto dell&#039;inverno caldo\" \/>\n<meta property=\"og:url\" content=\"https:\/\/www.intoscana.it\/it\/cambiamenti-climatici-nel-pisano-arriva-lalbicocca-super-resistente\/\" \/>\n<meta property=\"og:site_name\" content=\"intoscana\" \/>\n<meta property=\"article:publisher\" content=\"https:\/\/www.facebook.com\/intoscana.it\" \/>\n<meta property=\"article:published_time\" content=\"2024-06-26T15:14:57+00:00\" \/>\n<meta property=\"article:modified_time\" content=\"2024-06-26T15:15:48+00:00\" \/>\n<meta property=\"og:image\" content=\"https:\/\/www.intoscana.it\/wp-content\/uploads\/Lalbicocca-Maria-Pia-dellazienda-agricola-Pacini-Camillo-e1718880147563.jpg\" \/>\n\t<meta property=\"og:image:width\" content=\"1536\" \/>\n\t<meta property=\"og:image:height\" content=\"1522\" \/>\n\t<meta property=\"og:image:type\" content=\"image\/jpeg\" \/>\n<meta name=\"author\" content=\"Raffaella Galamini\" \/>\n<meta name=\"twitter:card\" content=\"summary_large_image\" \/>\n<meta name=\"twitter:creator\" content=\"@orio\" \/>\n<meta name=\"twitter:site\" content=\"@intoscana\" \/>\n<meta name=\"twitter:label1\" content=\"Written by\" \/>\n\t<meta name=\"twitter:data1\" content=\"Raffaella Galamini\" \/>\n\t<meta name=\"twitter:label2\" content=\"Est. reading time\" \/>\n\t<meta name=\"twitter:data2\" content=\"3 minuti\" \/>\n<script type=\"application\/ld+json\" class=\"yoast-schema-graph\">{\"@context\":\"https:\/\/schema.org\",\"@graph\":[{\"@type\":\"WebPage\",\"@id\":\"https:\/\/www.intoscana.it\/it\/cambiamenti-climatici-nel-pisano-arriva-lalbicocca-super-resistente\/\",\"url\":\"https:\/\/www.intoscana.it\/it\/cambiamenti-climatici-nel-pisano-arriva-lalbicocca-super-resistente\/\",\"name\":\"Cambiamenti climatici, nel Pisano arriva l'albicocca super resistente - intoscana\",\"isPartOf\":{\"@id\":\"https:\/\/www.intoscana.it\/it\/#website\"},\"primaryImageOfPage\":{\"@id\":\"https:\/\/www.intoscana.it\/it\/cambiamenti-climatici-nel-pisano-arriva-lalbicocca-super-resistente\/#primaryimage\"},\"image\":{\"@id\":\"https:\/\/www.intoscana.it\/it\/cambiamenti-climatici-nel-pisano-arriva-lalbicocca-super-resistente\/#primaryimage\"},\"thumbnailUrl\":\"https:\/\/www.intoscana.it\/wp-content\/uploads\/Lalbicocca-Maria-Pia-dellazienda-agricola-Pacini-Camillo-e1718880147563.jpg\",\"datePublished\":\"2024-06-26T15:14:57+00:00\",\"dateModified\":\"2024-06-26T15:15:48+00:00\",\"author\":{\"@id\":\"https:\/\/www.intoscana.it\/it\/#\/schema\/person\/9eb9daa846a49fe51af39a73d9d1986b\"},\"description\":\"Si chiama Maria Pia e viene prodotta nell'azienda agricola Camillo Pacini a Rigoli. \u00c8 maturata a dispetto dell'inverno caldo\",\"breadcrumb\":{\"@id\":\"https:\/\/www.intoscana.it\/it\/cambiamenti-climatici-nel-pisano-arriva-lalbicocca-super-resistente\/#breadcrumb\"},\"inLanguage\":\"it-IT\",\"potentialAction\":[{\"@type\":\"ReadAction\",\"target\":[\"https:\/\/www.intoscana.it\/it\/cambiamenti-climatici-nel-pisano-arriva-lalbicocca-super-resistente\/\"]}]},{\"@type\":\"ImageObject\",\"inLanguage\":\"it-IT\",\"@id\":\"https:\/\/www.intoscana.it\/it\/cambiamenti-climatici-nel-pisano-arriva-lalbicocca-super-resistente\/#primaryimage\",\"url\":\"https:\/\/www.intoscana.it\/wp-content\/uploads\/Lalbicocca-Maria-Pia-dellazienda-agricola-Pacini-Camillo-e1718880147563.jpg\",\"contentUrl\":\"https:\/\/www.intoscana.it\/wp-content\/uploads\/Lalbicocca-Maria-Pia-dellazienda-agricola-Pacini-Camillo-e1718880147563.jpg\",\"width\":1536,\"height\":1522},{\"@type\":\"BreadcrumbList\",\"@id\":\"https:\/\/www.intoscana.it\/it\/cambiamenti-climatici-nel-pisano-arriva-lalbicocca-super-resistente\/#breadcrumb\",\"itemListElement\":[{\"@type\":\"ListItem\",\"position\":1,\"name\":\"Home\",\"item\":\"https:\/\/www.intoscana.it\/it\/\"},{\"@type\":\"ListItem\",\"position\":2,\"name\":\"Cambiamenti climatici, nel Pisano arriva l&#8217;albicocca super resistente\"}]},{\"@type\":\"WebSite\",\"@id\":\"https:\/\/www.intoscana.it\/it\/#website\",\"url\":\"https:\/\/www.intoscana.it\/it\/\",\"name\":\"intoscana\",\"description\":\"\",\"potentialAction\":[{\"@type\":\"SearchAction\",\"target\":{\"@type\":\"EntryPoint\",\"urlTemplate\":\"https:\/\/www.intoscana.it\/it\/?s={search_term_string}\"},\"query-input\":{\"@type\":\"PropertyValueSpecification\",\"valueRequired\":true,\"valueName\":\"search_term_string\"}}],\"inLanguage\":\"it-IT\"},{\"@type\":\"Person\",\"@id\":\"https:\/\/www.intoscana.it\/it\/#\/schema\/person\/9eb9daa846a49fe51af39a73d9d1986b\",\"name\":\"Raffaella Galamini\",\"sameAs\":[\"https:\/\/x.com\/orio\"],\"url\":\"https:\/\/www.intoscana.it\/it\/author\/r-galamini\/\"}]}<\/script>\n<!-- \/ Yoast SEO Premium plugin. -->","yoast_head_json":{"title":"Cambiamenti climatici, nel Pisano arriva l'albicocca super resistente - intoscana","description":"Si chiama Maria Pia e viene prodotta nell'azienda agricola Camillo Pacini a Rigoli. \u00c8 maturata a dispetto dell'inverno caldo","robots":{"index":"index","follow":"follow","max-snippet":"max-snippet:-1","max-image-preview":"max-image-preview:large","max-video-preview":"max-video-preview:-1"},"canonical":"https:\/\/www.intoscana.it\/it\/cambiamenti-climatici-nel-pisano-arriva-lalbicocca-super-resistente\/","og_locale":"it_IT","og_type":"article","og_title":"Cambiamenti climatici, nel Pisano arriva l'albicocca super resistente","og_description":"Si chiama Maria Pia e viene prodotta nell'azienda agricola Camillo Pacini a Rigoli. \u00c8 maturata a dispetto dell'inverno caldo","og_url":"https:\/\/www.intoscana.it\/it\/cambiamenti-climatici-nel-pisano-arriva-lalbicocca-super-resistente\/","og_site_name":"intoscana","article_publisher":"https:\/\/www.facebook.com\/intoscana.it","article_published_time":"2024-06-26T15:14:57+00:00","article_modified_time":"2024-06-26T15:15:48+00:00","og_image":[{"width":1536,"height":1522,"url":"https:\/\/www.intoscana.it\/wp-content\/uploads\/Lalbicocca-Maria-Pia-dellazienda-agricola-Pacini-Camillo-e1718880147563.jpg","type":"image\/jpeg"}],"author":"Raffaella Galamini","twitter_card":"summary_large_image","twitter_creator":"@orio","twitter_site":"@intoscana","twitter_misc":{"Written by":"Raffaella Galamini","Est. reading time":"3 minuti"},"schema":{"@context":"https:\/\/schema.org","@graph":[{"@type":"WebPage","@id":"https:\/\/www.intoscana.it\/it\/cambiamenti-climatici-nel-pisano-arriva-lalbicocca-super-resistente\/","url":"https:\/\/www.intoscana.it\/it\/cambiamenti-climatici-nel-pisano-arriva-lalbicocca-super-resistente\/","name":"Cambiamenti climatici, nel Pisano arriva l'albicocca super resistente - intoscana","isPartOf":{"@id":"https:\/\/www.intoscana.it\/it\/#website"},"primaryImageOfPage":{"@id":"https:\/\/www.intoscana.it\/it\/cambiamenti-climatici-nel-pisano-arriva-lalbicocca-super-resistente\/#primaryimage"},"image":{"@id":"https:\/\/www.intoscana.it\/it\/cambiamenti-climatici-nel-pisano-arriva-lalbicocca-super-resistente\/#primaryimage"},"thumbnailUrl":"https:\/\/www.intoscana.it\/wp-content\/uploads\/Lalbicocca-Maria-Pia-dellazienda-agricola-Pacini-Camillo-e1718880147563.jpg","datePublished":"2024-06-26T15:14:57+00:00","dateModified":"2024-06-26T15:15:48+00:00","author":{"@id":"https:\/\/www.intoscana.it\/it\/#\/schema\/person\/9eb9daa846a49fe51af39a73d9d1986b"},"description":"Si chiama Maria Pia e viene prodotta nell'azienda agricola Camillo Pacini a Rigoli. \u00c8 maturata a dispetto dell'inverno caldo","breadcrumb":{"@id":"https:\/\/www.intoscana.it\/it\/cambiamenti-climatici-nel-pisano-arriva-lalbicocca-super-resistente\/#breadcrumb"},"inLanguage":"it-IT","potentialAction":[{"@type":"ReadAction","target":["https:\/\/www.intoscana.it\/it\/cambiamenti-climatici-nel-pisano-arriva-lalbicocca-super-resistente\/"]}]},{"@type":"ImageObject","inLanguage":"it-IT","@id":"https:\/\/www.intoscana.it\/it\/cambiamenti-climatici-nel-pisano-arriva-lalbicocca-super-resistente\/#primaryimage","url":"https:\/\/www.intoscana.it\/wp-content\/uploads\/Lalbicocca-Maria-Pia-dellazienda-agricola-Pacini-Camillo-e1718880147563.jpg","contentUrl":"https:\/\/www.intoscana.it\/wp-content\/uploads\/Lalbicocca-Maria-Pia-dellazienda-agricola-Pacini-Camillo-e1718880147563.jpg","width":1536,"height":1522},{"@type":"BreadcrumbList","@id":"https:\/\/www.intoscana.it\/it\/cambiamenti-climatici-nel-pisano-arriva-lalbicocca-super-resistente\/#breadcrumb","itemListElement":[{"@type":"ListItem","position":1,"name":"Home","item":"https:\/\/www.intoscana.it\/it\/"},{"@type":"ListItem","position":2,"name":"Cambiamenti climatici, nel Pisano arriva l&#8217;albicocca super resistente"}]},{"@type":"WebSite","@id":"https:\/\/www.intoscana.it\/it\/#website","url":"https:\/\/www.intoscana.it\/it\/","name":"intoscana","description":"","potentialAction":[{"@type":"SearchAction","target":{"@type":"EntryPoint","urlTemplate":"https:\/\/www.intoscana.it\/it\/?s={search_term_string}"},"query-input":{"@type":"PropertyValueSpecification","valueRequired":true,"valueName":"search_term_string"}}],"inLanguage":"it-IT"},{"@type":"Person","@id":"https:\/\/www.intoscana.it\/it\/#\/schema\/person\/9eb9daa846a49fe51af39a73d9d1986b","name":"Raffaella Galamini","sameAs":["https:\/\/x.com\/orio"],"url":"https:\/\/www.intoscana.it\/it\/author\/r-galamini\/"}]}},"_links":{"self":[{"href":"https:\/\/www.intoscana.it\/it\/wp-json\/wp\/v2\/posts\/346238","targetHints":{"allow":["GET"]}}],"collection":[{"href":"https:\/\/www.intoscana.it\/it\/wp-json\/wp\/v2\/posts"}],"about":[{"href":"https:\/\/www.intoscana.it\/it\/wp-json\/wp\/v2\/types\/post"}],"author":[{"embeddable":true,"href":"https:\/\/www.intoscana.it\/it\/wp-json\/wp\/v2\/users\/554"}],"replies":[{"embeddable":true,"href":"https:\/\/www.intoscana.it\/it\/wp-json\/wp\/v2\/comments?post=346238"}],"version-history":[{"count":9,"href":"https:\/\/www.intoscana.it\/it\/wp-json\/wp\/v2\/posts\/346238\/revisions"}],"predecessor-version":[{"id":346918,"href":"https:\/\/www.intoscana.it\/it\/wp-json\/wp\/v2\/posts\/346238\/revisions\/346918"}],"wp:featuredmedia":[{"embeddable":true,"href":"https:\/\/www.intoscana.it\/it\/wp-json\/wp\/v2\/media\/346240"}],"wp:attachment":[{"href":"https:\/\/www.intoscana.it\/it\/wp-json\/wp\/v2\/media?parent=346238"}],"wp:term":[{"taxonomy":"category","embeddable":true,"href":"https:\/\/www.intoscana.it\/it\/wp-json\/wp\/v2\/categories?post=346238"},{"taxonomy":"post_tag","embeddable":true,"href":"https:\/\/www.intoscana.it\/it\/wp-json\/wp\/v2\/tags?post=346238"}],"curies":[{"name":"wp","href":"https:\/\/api.w.org\/{rel}","templated":true}]}}