{"id":346272,"date":"2024-06-20T16:15:36","date_gmt":"2024-06-20T14:15:36","guid":{"rendered":"https:\/\/www.intoscana.it\/it\/?p=346272"},"modified":"2024-06-20T16:18:52","modified_gmt":"2024-06-20T14:18:52","slug":"apriti-cinema-agli-uffizi-con-lomaggio-a-bacall-e-mastroianni","status":"publish","type":"post","link":"https:\/\/www.intoscana.it\/it\/apriti-cinema-agli-uffizi-con-lomaggio-a-bacall-e-mastroianni\/","title":{"rendered":"Apriti cinema agli Uffizi con l&#8217;omaggio a Bacall e Mastroianni"},"content":{"rendered":"<p><strong>Bacall 100 e Mastroianni 100<\/strong>; l\u2019omaggio a Massimo D\u2019Anolfi e Martina Parenti del <strong>Festival dei Popoli<\/strong>; Le notti di mezza estate de <strong>Lo Schermo dell\u2019Arte film festival<\/strong>; la rassegna dedicata al Premio Oscar <strong>Gabriele Salvatores<\/strong> per il <strong>Premio Fiesole<\/strong>; i film che raccontano l\u2019arte in rapporto al cinema proposti dalle <strong>Gallerie degli Uffizi<\/strong>; la tappa di INCinema, festival del cinema inclusivo, per le persone con disabilit\u00e0 sensoriale; insieme ai titoli da Irlanda, America Latina, Medio Oriente, Corea, Cina, India, Stati Uniti, Francia &#8211; e naturalmente dall\u2019Italia &#8211; sono tra i principali eventi di <strong>Apriti Cinema<\/strong>.<\/p>\n<p>L\u2019<strong>arena cinematografica<\/strong> estiva nel cortile degli Uffizi rinnova il suo appuntamento nel cartellone dell\u2019<strong>Estate Fiorentina<\/strong> del Comune di Firenze, in programma <strong>dal 26 giugno al 6 agosto<\/strong>, organizzata dall\u2019Associazione <strong>Amici dell\u2019Alfieri<\/strong>, con la programmazione a cura dell\u2019Area Cinema di <strong>Fondazione Sistema Toscana<\/strong>, in collaborazione con le <strong>Gallerie degli Uffizi<\/strong>.<\/p>\n<p>Un programma di film che rispecchia la linea tracciata dalla programmazione del <strong>cinema La Compagnia<\/strong> &#8211; la Casa del Cinema della <strong>Regione Toscana<\/strong> &#8211; nella quale trovano ampio spazio i documentari, il meglio dei festival fiorentini a vocazione internazionale, gli omaggi ai pi\u00f9 grandi interpreti e maestri del cinema di tutti i tempi.<\/p>\n<p>I film saranno proiettati nel <strong>Cortile degli Uffizi<\/strong>, alle <strong>ore 21.45<\/strong>, ad ingresso libero (fino ad esaurimento posti), proiettati<strong> in lingua originale<\/strong> con sottotitoli in italiano (e in alcuni casi con sottotitoli in inglese). Una proposta culturale sempre molto gradita al pubblico, che va ad intercettare i residenti, i turisti italiani e quelli internazionali, coinvolti in un percorso che spazia dalla storia del cinema alla contemporaneit\u00e0 e ai nuovi linguaggi.<\/p>\n<figure id=\"post-346277 media-346277\" class=\"align-none\"><img decoding=\"async\" src=\"https:\/\/www.intoscana.it\/wp-content\/uploads\/IMG_0691-2-scaled.jpg\" alt=\"\" \/><\/figure>\n<div class=\"titleimg\">Apriti cinema agli Uffizi \u2013 foto di Danielle Abbon<\/div>\n<h3>Programma Apriti Cinema 2024<\/h3>\n<p>MERCOLED\u00cc 26 GIUGNO &#8211; Festival dei Popoli &#8211; Omaggio a <strong>Massimo D\u2019Anolfi e Martina Parenti<\/strong><br \/>\nL\u2019infinita fabbrica del Duomo (The Never Ending Factory of the Duomo), di Massimo D\u2019Anolfi, Martina Parenti (Italia, 2015, 74\u2019). Alla presenza dei registi. Il documentario, dal forte impatto visivo, segue i lavori per la conservazione del Duomo di Milano. Marmisti, muratori, carpentieri, fabbri, restauratori, orafi si adoperano in una straordinaria e costante concentrazione di attivit\u00e0, filmata alla luce della sacralit\u00e0 del monumento, che assume un nuovo valore simbolico.<\/p>\n<p>GIOVED\u00cc 27 GIUGNO &#8211; Premio Fiesole ai Maestri del Cinema 2024 a Gabriele Salvatores <strong>Mediterraneo<\/strong>, di Gabriele Salvatores (Italia, 1991, 96\u2019). 1941, Seconda Guerra Mondiale: otto soldati italiani ricevono l\u2019ordine di presidiare un\u2019isoletta greca del Mar Egeo, inizialmente deserta, in realt\u00e0 popolata da donne, anziani, bambini<br \/>\ne un prete ortodosso. Un\u2019isola dai paesaggi meravigliosi e accogliente, dalla quale sar\u00e0 difficile staccarsi alla fine del conflitto bellico. Quinto film del regista, vincitore del Premio Oscar come Miglior film straniero nel 1992.<\/p>\n<p>VENERD\u00cc 28 GIUGNO &#8211; Mastroianni 100. Cerimonia del \u201c<em>Premio Claudio Carabba<\/em>\u201d, per giovani critici cinematografici, dedicato alla memoria del grande giornalista fiorentino. Organizzato dal Sindacato Nazionale Critici Cinematografici Italiani \u2013 Gruppo Toscano, in collaborazione con Lanterne Magiche. <strong>Una giornata particolare<\/strong>, di Ettore Scola, Italia, 1(977, 107\u2019). 6 maggio 1938. La Roma fascista \u00e8 in festa per l\u2019arrivo del Fuhrer in visita dal Duce. In un edificio popolare Antonietta, casalinga madre di sei figli, cresciuta nel culto del Duce, incontra casualmente per la prima volta il suo vicino di casa, Gabriele, ex annunciatore radiofonico omosessuale e prossimo al confino. Dopo la diffidenza iniziale, il loro rapporto si trasforma in affetto e comprensione. Insieme storia intima e collettiva, uno dei lungometraggi pi\u00f9 noti di Ettore Scola e della coppia Mastroianni-Loren.<\/p>\n<p>SABATO 29 GIUGNO &#8211; France Odeon &#8211; Aspettando il Tour <strong>Jour de f\u00eate<\/strong> (Giorno di Festa), di Jacques Tati, Francia, (1949, 83\u2019). La quiete del villaggio di Saint S\u00e9v\u00e8re viene sconvolta per la giornata di festa. Vengono montate giostre, tiro a segno e un tendone per proiettare un film. Il postino Fran\u00e7ois, dopo aver visto un documentario sull\u2019efficienza delle poste negli Stati Uniti, si prefigge la missione di diventare proprio come i postini d\u2019Oltreoceano.<\/p>\n<p>DOMENICA 30 GIUGNO &#8211; River to River Florence Indian Film Festival <strong>Ghoomer<\/strong>, di R. Balki, India, (2023, 135\u2019). Ad un passo dal proprio sogno, una giocatrice di cricket viene coinvolta in un incidente. Un ex giocatore fallito e burbero &#8211; interpretato dal divo Abhishek Bachchan &#8211; la aiuter\u00e0 a risollevarsi. Storia avvincente ispirata ad un fatto realmente accaduto.<\/p>\n<p>LUNED\u00cc 1 LUGLIO &#8211; Lo schermo dell\u2019arte &#8211; Notti di mezza estate <strong>Taking Venice<\/strong>, di Amei Wallach, Stati Uniti, (2023, 98\u2019). Al culmine della Guerra fredda, il governo americano \u00e8 determinato a combattere il Comunismo anche attraverso la cultura. Il film di Amei Wallach racconta le manovre degli Stati Uniti, alla Biennale di Venezia del 1964, per far vincere l\u2019artista prescelto: Robert Rauschenberg.<\/p>\n<p>MARTED\u00cc 2 LUGLIO &#8211; INCinema &#8211; festival del cinema inclusivo <strong>Un divano a Tunisi<\/strong>, di Manele Labidi Labb\u00e9, (Francia, Tunisia, 2019, 88\u2019). Selma Derwich, psicanalista trentacinquenne, lascia Parigi per aprire uno studio nella periferia di Tunisi, sua citt\u00e0 natale, dove la gente usa confessarsi nelle vasche dell\u2019hammam o sotto il casco del parrucchiere. Selma offre loro un luogo protetto per prendersi cura di s\u00e9, ma superare i pregiudizi non sar\u00e0 facile. Proiezione accessibile anche ai disabili sensoriali, in collaborazione con INCinema OUTside. Il film ha i sottotitoli per le persone sorde e ipoacustiche sulla copia e l\u2019audio descrizione fruibile via smartphone con l\u2019app Earcatch.<\/p>\n<p>MERCOLED\u00cc 3 LUGLIO &#8211; Festival dei Popoli &#8211; Omaggio a Massimo D\u2019Anolfi e Martina Parenti <strong>I promessi sposi<\/strong> (The Betrothed), di Massimo D\u2019Anolfi, Martina Parenti, (Italia, 2007, 73\u2019). Coppie di diversa estrazio-<br \/>\nne si preparano al matrimonio. Gli impiegati municipali le accolgono, mentre un prete di provincia impartisce lezioni su fede, scienza, spiritualit\u00e0 e sessualit\u00e0. Un documentario in forma di commedia che \u00e8 anche un caustico ritratto dell\u2019Italia divisa, come sempre, tra le regole dello Stato e i dogmi della Chiesa.<\/p>\n<p>GIOVED\u00cc 4 LUGLIO \u2013 Premio Fiesole ai Maestri del Cinema 2024 a Gabriele Salvatores <strong>Nirvana<\/strong>, di Gabriele Salvatores, Italia (1997, 111\u2019). A pochi giorni dall\u2019uscita del suo nuovo progetto, Nirvana, un virus informatico, infetta il programma e Solo, il protagonista del videogioco, prende coscienza della propria esistenza. Incur-sione di Salvatores nelle zone del thriller\/fantasy con riferimenti alla pop art.<\/p>\n<p>VENERD\u00cc 5 LUGLIO &#8211; Festival di Cinema e Donne <strong>Hannah Arendt<\/strong>, di Margarethe von Trotta, (Germania, Lussemburgo, Francia, 2012, 113\u2019). Fuggita dalla Germania nazista nel 1940 la filosofa ebrea Hannah Arendt emigra negli Stati Uniti. Qui, il New Yorker le chiede di coprire, con una serie di articoli, il processo al nazista Adolf Eichmann. Un film che restituisce al pubblico la grande figura della tedesca Hannah Arendt e il suo pensiero.<\/p>\n<p>SABATO 6 LUGLIO &#8211; Bacall 100 <strong>Il grande sonno<\/strong> (The Big Sleep), di Howard Hawks, (Stati Uniti, 1946, 114\u2019). \u200b\u200b La coppia Humphrey Bogart e Lauren Bacall in un poliziesco che ha fatto la storia del cinema. Dal romanzo di Raymond Chandler, il film ha per protagonista il celeberrimo detective Philip Marlowe, in una trama labirintica che accresce il fascino di un noir diventato cult.<\/p>\n<p>DOMENICA 7 LUGLIO &#8211; Gallerie degli Uffizi. Un film come opera d\u2019arte <strong>La Ricerca<\/strong>, di Giuseppe Petruzzellis, (Italia, Stati Uniti, 2023, 62\u2019). Un documentario sulla storia di Luigi Lineri, l\u2019artista che colleziona sassi, che ha dedicato la sua intera vita a raccogliere sassi dal greto del fiume Adige. Sassi in cui lui vede volti umani, animali e storie. Una raccolta che \u00e8 a tutti gli effetti un\u2019opera d\u2019arte.<\/p>\n<p>LUNED\u00cc 8 LUGLIO &#8211; Lo schermo dell\u2019arte &#8211; Notti di mezza estate Nam June Paik: <strong>Moon is the Oldest TV<\/strong>, di Amanda Kim, (Stati Uniti, 2023, 109\u2019). Considerato il padre della videoarte, Nam June Paik (Seul 1932 &#8211; Miami 2006) \u00e8 uno degli artisti pi\u00f9 influenti del XX secolo. Attraverso rari filmati d\u2019archivio, interviste ed estratti di opere, il documentario racconta l\u2019incessante sperimentazione di Paik: dall\u2019utilizzo dei primi<br \/>\nmonitor tv alla creazione di robot antropomorfi, fino all\u2019uso delle nuove videocamere portatili.<\/p>\n<p>MARTED\u00cc 9 LUGLIO &#8211; Middle East Now &#8211; Summer Stories <strong>Song of All Ends<\/strong>, di Giovanni C. Lorusso, (2024, Francia, Italia, Libano, 73\u2019). Anteprima nazionale con la partecipazione del regista. Ai confini di Beirut, nel campo profughi di Shatila, vive dal 2011 la famiglia palestinese Alhaddad, scacciata dalla propria terra. Durante l\u2019esplosione nel porto di Beirut nel 2020, la figlia pi\u00f9 piccola, Houda, rimane uccisa. Con tatto e delicatezza, il film racconta la quotidianit\u00e0 del campo di Shatila e di una famiglia in lutto.<\/p>\n<p>MERCOLED\u00cc 10 LUGLIO &#8211; Festival dei Popoli &#8211; Omaggio a Massimo D\u2019Anolfi e Martina Parenti <strong>Grandi speranze<\/strong> (Great Expectations), di Massimo D\u2019Anolfi, Martina Parenti, (Italia, 2009, 77\u2019). Tre giovani imprenditori costruiscono la propria carriera professionale: Antonio organizza un corso per dirigenti aziendali; Federico vola in Cina; Matteo gestisce l\u2019azienda di famiglia. Una commedia umana che indaga su tre diversi spaccati di vita, tra difficolt\u00e0 e ambizioni.<\/p>\n<p>GIOVED\u00cc 11 LUGLIO &#8211; Premio Fiesole ai Maestri del Cinema 2024 a Gabriele Salvatores <strong>Turn\u00e9<\/strong>, di Gabriele Salvatores, (Italia, 1990, 91\u2019). Gli attori Dario e Federico &#8211; estroverso il primo, in piena crisi sentimentale il secondo &#8211; partono in tourn\u00e9e per la messa in scena de Il giardino dei ciliegi di \u010cechov. Dopo Marrakech<br \/>\nExpress, un altro road movie generazionale di Salvatores, con la collaborazione alla sceneggiatura di Fabrizio Bentivoglio.<\/p>\n<p>VENERD\u00cc 12 LUGLIO &#8211; Mastroianni 100 <strong>Matrimonio all\u2019italiana<\/strong>, di Vittorio De Sica, Italia, (1964, 104\u2019). Scampata a un destino di prostituzione grazie all\u2019intervento del ricco libertino Domenico Soriano (Marcello Mastroianni), Filumena (Sophia Loren) ne diviene la domestica e l\u2019amante. Stanca della sua condizione desidera il matrimonio e per ottenerlo si finge in punto di morte, riuscendo a farsi sposare. Adattamento del testo teatrale di Eduardo De Filippo, Filumena Marturano.<\/p>\n<p>SABATO 13 LUGLIO &#8211; Bacall 100 <strong>Come sposare un milionario<\/strong> (How to Marry a Millionaire), di Jean Negulesco, (Stati Uniti, 1953, 95\u2019). Shatze, Pola e Loco sono tre bellissime modelle newyorchesi che condividono un appartamento di lusso a Manhattan e un obiettivo: usare il loro fascino e per conquistare tre miliardari. Con Marilyn Monroe, Betty Grable e Lauren Bacall, protagonista indiscussa.<\/p>\n<p>DOMENICA 14 LUGLIO &#8211; Gallerie degli Uffizi &#8211; Un film come opera d\u2019arte <strong>Il male non esiste<\/strong> (Evil Does Not Exist) &#8211; di Ry\u00fbsuke Hamaguchi, (Giappone, 2023, 106\u2019). Un\u2019opera dal grande impatto visivo e sonoro che nasce come videoinstallazione sulla natura, diventato poi un film, vincitore del Gran Premio della Giuria al Festival di Venezia.<\/p>\n<p>LUNED\u00cc 15 LUGLIO &#8211; Lo schermo dell\u2019arte &#8211; Notti di mezza estate <strong>Dead Dance<\/strong>, di Domenico Palma, (Italia, 2023, 54\u2019), alla presenza dell\u2019autore. Nel suo studio nella campagna toscana, l\u2019artista Giulia Cenci parla della realizzazione dell\u2019opera Dead Dance, esposta alla Biennale di Venezia del 2022. Il film \u00e8 un resoconto dettagliato della genesi e del processo creativo che si cela dietro di essa.<\/p>\n<p>MARTED\u00cc16 LUGLIO &#8211; Middle East Now &#8211; Summer Stories <strong>Behind the Mountains<\/strong>, di Mohamed Ben Attia, (Tunisia, Belgio, Francia, Italia, Arabia Saudita, Qatar, 2023, 98\u2032). Dopo aver passato quattro anni in carcere, Rafik ha soltanto un desiderio: portare il figlio dietro le montagne e mostrargli la sua incredibile scoperta. E\u2019 la storia di un uomo che scappa dal suo ambiente ottuso e conformista e ai suoi principi. Un film che racconta la paura e insieme le convenzioni sociali che governano la Tunisia contemporanea. Acclamato al Festival di Venezia 2023.<\/p>\n<p>MERCOLED\u00cc 17 LUGLIO &#8211; Festival dei Popoli &#8211; Omaggio a Massimo D\u2019Anolfi e Martina Parenti <strong>Il castello<\/strong> (The Castle), di Massimo D\u2019Anolfi, Martina Parenti, Italia, (2011, 90\u2019). Un anno a Malpensa, tra burocrazia,<br \/>\nprocedure e controlli all\u2019interno dell\u2019hub intercontinentale. Nell\u2019intenso traffico di persone comuni e forze dell\u2019ordine, ogni bagaglio viene controllato, nel tentativo di scongiurare illeciti e pericoli sconosciuti. E c\u2019\u00e8 anche chi ha fatto dell\u2019aeroporto la propria casa.<\/p>\n<p>GIOVED\u00cc 18 LUGLIO &#8211; LUSO! Mostra itinerante del nuovo cinema portoghese <strong>Ces\u00e1ria \u00c9vora<\/strong>, la Diva dai piedi scalzi, di Ana Sofia Fonseca, (Portogallo, 2022, 94\u2019). Affascinante viaggio nella la vita e la carriera di Ces\u00e1ria \u00c9vora, \u201cDiva dai piedi scalzi\u201d, leggenda della musica. Attraverso filmati d\u2019archivio e testimonianze rare, il film rivela le lotte e i trionfi di una donna che ha trasformato la sua passione in un\u2019epica avventura musicale. Dalle umili origini a Capo Verde fino alla fama internazionale a 51 anni, Ces\u00e1ria ha affrontato sfide e conquistato il mondo con la sua voce.<\/p>\n<p>VENERD\u00cc 19 LUGLIO &#8211; N.I.C.E. x Irish Film Festa <strong>Mary e lo spirito di mezzanotte<\/strong>, di Enzo D\u2019Al\u00f2) Lussemburgo, Italia, Irlanda, Regno Unito, Lettonia, Estonia, Germania, 2023, 80\u2019) animazione. Mary ha undici anni e un\u2019incontenibile passione per la cucina. Sua nonna Emer, con cui ha un rapporto davvero speciale, la incoraggia a realizzare il suo sogno di diventare chef. Ma ogni percorso ha i suoi ostacoli e affrontarli pu\u00f2 diventare un\u2019avventura. Mary inizia cos\u00ec un emozionante viaggio che supera le barriere del tempo, in cui quattro generazioni di donne avranno modo di confrontarsi e conoscersi profondamente. Una delicata storia di crescita, piena di ironia.<\/p>\n<p>SABATO 20 LUGLIO &#8211; N.I.C.E. x Irish Film Festa That They May <strong>Face the Rising Sun<\/strong>, di Pat Collins, (Irlanda, 2023, 107\u2019). Dopo aver trascorso molti anni a Londra, Joe e Kate Ruttledge sono tornati nel luogo dove Joe \u00e8 cresciuto, un paesino della campagna irlandese affacciato su un lago. Il film, tratto dall\u2019ultimo romanzo di John McGahern, segue un anno della loro vita e di quella dei memorabili personaggi del posto, assecondando il ritmo del lavoro, i rituali e il passare delle stagioni.<\/p>\n<p>DOMENICA 21 LUGLIO &#8211; Gallerie degli Uffizi &#8211; Un film come opera d\u2019arte <strong>Godland<\/strong>, di Hlynur P\u00e1lmason, 2022, (Danimarca, Islanda, Francia, Svezia, 143\u2019). Capolavoro visivo di Hylnur Palmason con pochi eguali, con profondo lavoro teorico su fotografia, paesaggio, natura, essere umano, inquadratura, tempo e civilizzazione.<\/p>\n<p>LUNED\u00cc 22 LUGLIO &#8211; Lo schermo dell\u2019arte &#8211; Notti di mezza estate <strong>White Balls on Walls<\/strong>, di Sarah Vos, (Paesi Bassi, 2022, 90\u2019). Rein Wolfs, direttore dello Stedelijk Museum di Amsterdam, e il suo team lavorano all\u2019aggiornamento delle sale espositive del museo. Come molti musei occidentali, anche lo Stedelijk \u00e8 stato a lungo un luogo di rappresentazione del potere patriarcale bianco e occidentale. Dal 2019 al 2022 il museo ha deciso di dare visibilit\u00e0 ad artiste donne e ad artisti non bianchi. Il documentario racconta questo difficile<br \/>\nprocesso.<\/p>\n<p>MARTED\u00cc 23 LUGLIO &#8211; Middle East Now &#8211; Summer Stories <strong>LYD<\/strong>, di Rami Younis e Sarah Ema Friedland, (Palestina, Regno Unito, 2023, 78\u2019). Il documentario segue l\u2019ascesa e la caduta della citt\u00e0 di Lyd, una metropoli antica, con una storia di oltre 5.000 anni, che un tempo era una vivace citt\u00e0 palestinese, fino alla sua conquista avvenuta al tempo della fondazione dello Stato di Israele nel 1948. Un coro di personaggi crea un arazzo emozionante dell\u2019esperienza palestinese in questa citt\u00e0 dal del massacro e dall\u2019espulsione.<\/p>\n<p>MERCOLED\u00cc 24 LUGLIO &#8211; Florence Korea Film Fest. K-Music &#8211; Notti Coreane di Cinema e Musica <strong>Swing Kids<\/strong> (\uc2a4\uc719\ud0a4\uc988), di Kang Hyeong-cheol, (Corea del Sud, 2018, 133\u2019). 1951, durante la Guerra di Corea, nel campo di prigionia di Geoje il sergente Jackson viene incaricato di formare un corpo di ballo per tenere alto il morale dell\u2019esercito. Ma musica e danza non sono sufficienti a far dimenticare i conflitti che si vanno creando all\u2019interno e fuori dal campo.<\/p>\n<p>GIOVED\u00cc 25 LUGLIO &#8211; Fuori Sentiero di Sentiero Film Factory 2024 <strong>Taxibol<\/strong>, di Tommaso Santambrogio, (Italia, 2023, 50\u2019), alla presenza del regista. Attraversando le caratteristiche e decadenti strade cubane, Lav Diaz, famoso regista filippino, e Gustavo Flecha, loquace tassista cubano, discutono di politica, migrazione, condizioni sociali. Ma dietro la presenza del regista a Cuba c\u2019\u00e8 la ricerca di ex generale, scappato dalle Filippine al termine della dittatura di Marcos, Juan Mijares Cruz. Violento, rigido, c\u00ednico, Juan Mijares Cruz ha preso parte a molti crimini del regime di Marcos.<\/p>\n<p>VENERD\u00cc 26 LUGLIO &#8211; F\u00e1nHu\u0101 Chinese Film Festival <strong>Anima<\/strong> (\u83ab\u5c14\u9053\u560e M\u00f2 \u011br d\u00e0o g\u0101), di Jinling Cao, (Cina, 2021, 120\u2019). Un film di sensibilit\u00e0 ambientalista, realizzato tra i monti della Mongolia interna, dove la comunit\u00e0 indigena vive in mistica armonia con la natura. Negli anni Ottanta, in nome della crescita economica, una squadra di boscaioli devasta la foresta di Moerdaoga, causando inondazioni e frane che costringono le popolazioni a fuggire.<\/p>\n<p>SABATO 27 LUGLIO &#8211; Evento Speciale &#8211; in attesa della retrospettiva omaggio a Antonioni alla Compagnia da<br \/>\nsettembre 2024 <strong>Cronaca di un amore<\/strong>, di Michelangelo Antonioni, (Italia, 1950, 110\u2019). \u200b\u200b Enrico, ricco industriale milanese, incarica un investigatore privato di indagare sul passato della moglie Paola, per capire se gli \u00e8 fedele. L\u2019indagine crea per\u00f2 una crisi sempre pi\u00f9 profonda nella coppia, spingendo Paola tra le braccia di Guido, uomo di cui era innamorata in passato. I due progettano di uccidere il marito di lei. Un pericoloso triangolo amoroso per l\u2019esordio di Michelangelo Antonio, un noir dal solido intreccio che anticipa i temi dell\u2019alienazione e del disagio esistenziale del cinema moderno.<\/p>\n<p>DOMENICA 28 LUGLIO &#8211; Gallerie degli Uffizi &#8211; Un film come opera d\u2019arte<strong> Fantastic Machine<\/strong> (And the King Said, What a Fantastic Machine), di Axel Danielson e Maximilien Van Aertryck, (Danimarca, Svezia, 2023, 92\u2019). Prodotto da Ruben \u00d6stlund (Triangle of Sadness), un documentario modernissimo sulla natura dell\u2019immagine fotografica e cinematografica, che indaga sull\u2019evoluzione degli uomini, grazie alla lente del<br \/>\ncinema, della televisione e del web. Con la voce narrante di Elio Germano.<\/p>\n<p>LUNED\u00cc 29 LUGLIO &#8211; Bacall 100 <strong>Come foglie al vento<\/strong> (Written on the Wind), di Douglas Sirk, Stati Uniti, (1956, 99\u2019). Opera del maestro del melodramma Douglas Sirk, fiammeggiante racconto sulla sconfitta e il fallimento dell\u2019America nel disperato tentativo di preservare la purezza dell\u2019istituzione familiare. La vicenda dissoluta di un magnate del petrolio texano il cui impero viene distrutto dagli eccessi dei figli viziati.<\/p>\n<p>MARTED\u00cc 30 LUGLIO &#8211; Middle East Now &#8211; <strong>Summer Stories Elbow<\/strong>, di Asl\u0131 \u00d6zarslan, (Germania, Turchia, Francia, 2024, 86\u2019). Anteprima Italiana. Hazal sta per compiere 18 anni e vive sulla sua pelle la xenofobia e il razzismo. Sa di volere qualcosa di pi\u00f9 che fare la cassiera, la cameriera o addirittura la prostituta, ma tutto il mondo che la circonda sembra indicarle solo questo futuro. Ma a differenza di molti altri immigrati, trover\u00e0 la forza di reagire. Presentato nella sezione Generation all\u2019Ultimo Festival di Berlino, \u00e8 un film di formazione sul mondo degli immigrati, nel quale eccelle l\u2019interpretazione della giovane attrice Melia Kara.<\/p>\n<p>MERCOLED\u00cc 31 LUGLIO &#8211; Florence Korea Film Fest. K-Music &#8211; Notti Coreane di Cinema e Musica <strong>Go Go 70s<\/strong> (\uace0\uace070), di Choi Ho, (Corea del Sud, 2008, 118\u2019). Corea, 1970. Durante gli anni del governo autocratico di<br \/>\nPark Chung-hee, due giovani coreani suonano nei locali per le forze statunitensi. La loro band, i Devils, si distingue per il talento con cui diffondono lo stile e la musica rock. Ma la repressione politica e militare porta alla morte di uno dei membri della band e vuole costringere gli altri al silenzio.<\/p>\n<p>GIOVED\u00cc 1 AGOSTO &#8211; Florence Queer <strong>Festival Queendom<\/strong>, di Agniia Galdanova (Stati Uniti, Francia 2023, 98\u2019). Una metamorfosi silenziosamente fragorosa attraversa le strade di Mosca all\u2019alba dell\u2019invasione dell\u2019Ucraina, irrompendo con tutta la sua forza nella vita\/arte di Gena, artista transgender che si muove in una realt\u00e0 inadatta a comprenderla. Un film che mostra come l\u2019arte possa rappresentare una<br \/>\nvia di salvezza ed evasione.<\/p>\n<p>VENERD\u00cc 2 AGOSTO &#8211; Mastroianni 100 <strong>8\u00bd<\/strong>, di Federico Fellini, (Italia, 1963, 138\u2019). Restaurato da CSC \u2013 Cineteca Nazionale in collaborazione con RTI-Mediaset. Federico Fellini realizza uno dei pi\u00f9 grandi capolavori della storia del cinema, che ripercorre tutte le sue ossessioni, in un costante avvicinamento tra sogno e realt\u00e0. Il protagonista Guido (Marcello Mastroianni), regista in crisi creativa, cerca un po\u2019 di ristoro in un centro di cure termali. La sosta forzata, che dovrebbe spingerlo a rilassarsi e a ritrovare l\u2019ispirazione per il suo nuovo film, lo spinge invece a rivalutare la sua intera esistenza, tra sogni, ricordi del passato, fantasie amorose.<\/p>\n<p>SABATO 3 AGOSTO &#8211; <strong>La Maremma al cinema<\/strong> Filmati recuperati e digitalizzati dalla Mediateca Digitale della Maremma (15\u2019) A seguire <strong>Non ci resta che piangere<\/strong>, di Massimo Troisi, Roberto Benigni, (Italia 1984, 112\u2019). Omaggio per i quarant\u2019anni dall\u2019uscita del film. Saverio, maestro elementare e il bidello Mario, fermi con la macchina a un passaggio a livello, sorpresi da un temporale, si riparano in una vecchia locanda, nella quale saranno proiettati in un improbabile anno 1492. Tentano goffamente di assumere l\u2019abbigliamento, il linguaggio e le usanze d\u2019epoca, finch\u00e9 a Saverio spunta l\u2019idea di correre in Spagna a fermare Cristoforo Colombo, per impedirgli di scoprire l\u2019America. A quarant\u2019anni dall\u2019uscita nelle sale, la Mediateca Digitale della Maremma celebra il film girato, nell\u2019iconica scena dell\u2019arrivo a Palos, sulla spiaggia di Cala di Forno nel<br \/>\ncomune di Magliano in Toscana, nel cuore del Parco naturale della Maremma. La Mediateca Digitale della Maremma \u00e8 un patrimonio di Kansass\u00ecti Aps, e ha l\u2019obiettivo di salvaguardare e diffondere il materiale audiovisivo della provincia di Grosseto.<\/p>\n<p>DOMENICA 4 AGOSTO &#8211; Entre dos Mundos &#8211; Festival del Cinema Iberoamericano <strong>The Eternal Memory<\/strong>, di Maite Alberdi, (Cile, 2023, 84\u2019). Dopo 25 anni insieme, la vita di Augusto, ex-giornalista e commentatore televisivo, e Paulina, attrice e attivista, \u00e8 stravolta quando a lui viene diagnosticato l\u2019Alzheimer. Ogni giorno, i due affrontano questa sfida a testa bassa, sostenuti dal tenero affetto e dal senso dell\u2019umorismo che tuttora li unisce. Dalla candidata all\u2019Oscar Maite Alberdi, un\u2019opera commovente e piena di dolcezza, Gran Premio della Giuria<br \/>\nal Sundance 2023.<br \/>\nLUNED\u00cc 5 AGOSTO &#8211; Mastroianni 100 <strong>La dolce vita<\/strong>, di Federico Fellini, Italia, (Francia, 1960, 180\u2019). La cronaca di sette giorni nella vita del paparazzo Marcello Rubini &#8211; un giornalista bello e amato quanto invisibile e inetto che sogna di diventare scrittore &#8211; e delle sue avventure nella vibrante Roma e nel mondo dorato che gravita attorno alla mitica via Veneto. L\u2019involuzione di un viveur tragico e insoddisfatto, testimone e complice di un mondo caotico e volgare, di un\u2019umanit\u00e0 indolente e passiva.<\/p>\n<p>MARTED\u00cc 6 AGOSTO &#8211; Bacall 100 <strong>Assassinio sull\u2019Orient Express<\/strong> (Murder on the Orient Express), di Sidney Lumet (Regno Unito, 1974, 127\u2019). 1934, Istanbul. Hercule Poirot \u00e8 diretto a Calais, ma durante la seconda notte di viaggio un uomo \u00e8 ucciso a pugnalate dentro la sua cabina. Lumet si misura con successo con un grande classico della letteratura britannica, trovando nella claustrofobia la chiave per proseguire il suo discorso sugli spazi chiusi, dosando la suspense del giallo classico con la commedia umana dei passeggeri. Memorabile interpretazione della Bacall nei panni della sig.ra Hubbard.<\/p>\n","protected":false},"excerpt":{"rendered":"<p>L&#8217;appuntamento dal 26 giugno al 6 agosto organizzato dall\u2019Associazione Amici dell\u2019Alfieri, in collaborazione con l\u2019Area Cinema di Fondazione Sistema Toscana<\/p>\n","protected":false},"author":525,"featured_media":346278,"comment_status":"open","ping_status":"open","sticky":false,"template":"","format":"standard","meta":{"_acf_changed":false,"footnotes":""},"categories":[493],"tags":[188,168,207],"class_list":["post-346272","post","type-post","status-publish","format-standard","has-post-thumbnail","hentry","category-cultura","tag-cinema","tag-fondazione-sistema-toscana","tag-uffizi"],"acf":[],"yoast_head":"<!-- This site is optimized with the Yoast SEO Premium plugin v24.2 (Yoast SEO v25.6) - https:\/\/yoast.com\/wordpress\/plugins\/seo\/ -->\n<title>Apriti cinema agli Uffizi con l&#039;omaggio a Bacall e Mastroianni - intoscana<\/title>\n<meta name=\"description\" content=\"L&#039;appuntamento dal 26 giugno al 6 agosto organizzato dall\u2019Associazione Amici dell\u2019Alfieri con l\u2019Area Cinema di Fondazione Sistema Toscana\" \/>\n<meta name=\"robots\" content=\"index, follow, max-snippet:-1, max-image-preview:large, max-video-preview:-1\" \/>\n<link rel=\"canonical\" href=\"https:\/\/www.intoscana.it\/it\/apriti-cinema-agli-uffizi-con-lomaggio-a-bacall-e-mastroianni\/\" \/>\n<meta property=\"og:locale\" content=\"it_IT\" \/>\n<meta property=\"og:type\" content=\"article\" \/>\n<meta property=\"og:title\" content=\"Apriti cinema agli Uffizi con l&#039;omaggio a Bacall e Mastroianni\" \/>\n<meta property=\"og:description\" content=\"L&#039;appuntamento dal 26 giugno al 6 agosto organizzato dall\u2019Associazione Amici dell\u2019Alfieri con l\u2019Area Cinema di Fondazione Sistema Toscana\" \/>\n<meta property=\"og:url\" content=\"https:\/\/www.intoscana.it\/it\/apriti-cinema-agli-uffizi-con-lomaggio-a-bacall-e-mastroianni\/\" \/>\n<meta property=\"og:site_name\" content=\"intoscana\" \/>\n<meta property=\"article:publisher\" content=\"https:\/\/www.facebook.com\/intoscana.it\" \/>\n<meta property=\"article:published_time\" content=\"2024-06-20T14:15:36+00:00\" \/>\n<meta property=\"article:modified_time\" content=\"2024-06-20T14:18:52+00:00\" \/>\n<meta property=\"og:image\" content=\"https:\/\/www.intoscana.it\/wp-content\/uploads\/IMG_7701-copy.jpg\" \/>\n\t<meta property=\"og:image:width\" content=\"1654\" \/>\n\t<meta property=\"og:image:height\" content=\"1102\" \/>\n\t<meta property=\"og:image:type\" content=\"image\/jpeg\" \/>\n<meta name=\"author\" content=\"Redazione\" \/>\n<meta name=\"twitter:card\" content=\"summary_large_image\" \/>\n<meta name=\"twitter:creator\" content=\"@intoscana\" \/>\n<meta name=\"twitter:site\" content=\"@intoscana\" \/>\n<meta name=\"twitter:label1\" content=\"Written by\" \/>\n\t<meta name=\"twitter:data1\" content=\"Redazione\" \/>\n\t<meta name=\"twitter:label2\" content=\"Est. reading time\" \/>\n\t<meta name=\"twitter:data2\" content=\"20 minuti\" \/>\n<script type=\"application\/ld+json\" class=\"yoast-schema-graph\">{\"@context\":\"https:\/\/schema.org\",\"@graph\":[{\"@type\":\"WebPage\",\"@id\":\"https:\/\/www.intoscana.it\/it\/apriti-cinema-agli-uffizi-con-lomaggio-a-bacall-e-mastroianni\/\",\"url\":\"https:\/\/www.intoscana.it\/it\/apriti-cinema-agli-uffizi-con-lomaggio-a-bacall-e-mastroianni\/\",\"name\":\"Apriti cinema agli Uffizi con l'omaggio a Bacall e Mastroianni - intoscana\",\"isPartOf\":{\"@id\":\"https:\/\/www.intoscana.it\/it\/#website\"},\"primaryImageOfPage\":{\"@id\":\"https:\/\/www.intoscana.it\/it\/apriti-cinema-agli-uffizi-con-lomaggio-a-bacall-e-mastroianni\/#primaryimage\"},\"image\":{\"@id\":\"https:\/\/www.intoscana.it\/it\/apriti-cinema-agli-uffizi-con-lomaggio-a-bacall-e-mastroianni\/#primaryimage\"},\"thumbnailUrl\":\"https:\/\/www.intoscana.it\/wp-content\/uploads\/IMG_7701-copy.jpg\",\"datePublished\":\"2024-06-20T14:15:36+00:00\",\"dateModified\":\"2024-06-20T14:18:52+00:00\",\"author\":{\"@id\":\"https:\/\/www.intoscana.it\/it\/#\/schema\/person\/9223810753230f20bd670fdd322661f8\"},\"description\":\"L'appuntamento dal 26 giugno al 6 agosto organizzato dall\u2019Associazione Amici dell\u2019Alfieri con l\u2019Area Cinema di Fondazione Sistema Toscana\",\"breadcrumb\":{\"@id\":\"https:\/\/www.intoscana.it\/it\/apriti-cinema-agli-uffizi-con-lomaggio-a-bacall-e-mastroianni\/#breadcrumb\"},\"inLanguage\":\"it-IT\",\"potentialAction\":[{\"@type\":\"ReadAction\",\"target\":[\"https:\/\/www.intoscana.it\/it\/apriti-cinema-agli-uffizi-con-lomaggio-a-bacall-e-mastroianni\/\"]}]},{\"@type\":\"ImageObject\",\"inLanguage\":\"it-IT\",\"@id\":\"https:\/\/www.intoscana.it\/it\/apriti-cinema-agli-uffizi-con-lomaggio-a-bacall-e-mastroianni\/#primaryimage\",\"url\":\"https:\/\/www.intoscana.it\/wp-content\/uploads\/IMG_7701-copy.jpg\",\"contentUrl\":\"https:\/\/www.intoscana.it\/wp-content\/uploads\/IMG_7701-copy.jpg\",\"width\":1654,\"height\":1102,\"caption\":\"Apriti cinema agli Uffizi - foto di Danielle Abbon\"},{\"@type\":\"BreadcrumbList\",\"@id\":\"https:\/\/www.intoscana.it\/it\/apriti-cinema-agli-uffizi-con-lomaggio-a-bacall-e-mastroianni\/#breadcrumb\",\"itemListElement\":[{\"@type\":\"ListItem\",\"position\":1,\"name\":\"Home\",\"item\":\"https:\/\/www.intoscana.it\/it\/\"},{\"@type\":\"ListItem\",\"position\":2,\"name\":\"Apriti cinema agli Uffizi con l&#8217;omaggio a Bacall e Mastroianni\"}]},{\"@type\":\"WebSite\",\"@id\":\"https:\/\/www.intoscana.it\/it\/#website\",\"url\":\"https:\/\/www.intoscana.it\/it\/\",\"name\":\"intoscana\",\"description\":\"\",\"potentialAction\":[{\"@type\":\"SearchAction\",\"target\":{\"@type\":\"EntryPoint\",\"urlTemplate\":\"https:\/\/www.intoscana.it\/it\/?s={search_term_string}\"},\"query-input\":{\"@type\":\"PropertyValueSpecification\",\"valueRequired\":true,\"valueName\":\"search_term_string\"}}],\"inLanguage\":\"it-IT\"},{\"@type\":\"Person\",\"@id\":\"https:\/\/www.intoscana.it\/it\/#\/schema\/person\/9223810753230f20bd670fdd322661f8\",\"name\":\"Redazione\",\"url\":\"https:\/\/www.intoscana.it\/it\/author\/redazione\/\"}]}<\/script>\n<!-- \/ Yoast SEO Premium plugin. -->","yoast_head_json":{"title":"Apriti cinema agli Uffizi con l'omaggio a Bacall e Mastroianni - intoscana","description":"L'appuntamento dal 26 giugno al 6 agosto organizzato dall\u2019Associazione Amici dell\u2019Alfieri con l\u2019Area Cinema di Fondazione Sistema Toscana","robots":{"index":"index","follow":"follow","max-snippet":"max-snippet:-1","max-image-preview":"max-image-preview:large","max-video-preview":"max-video-preview:-1"},"canonical":"https:\/\/www.intoscana.it\/it\/apriti-cinema-agli-uffizi-con-lomaggio-a-bacall-e-mastroianni\/","og_locale":"it_IT","og_type":"article","og_title":"Apriti cinema agli Uffizi con l'omaggio a Bacall e Mastroianni","og_description":"L'appuntamento dal 26 giugno al 6 agosto organizzato dall\u2019Associazione Amici dell\u2019Alfieri con l\u2019Area Cinema di Fondazione Sistema Toscana","og_url":"https:\/\/www.intoscana.it\/it\/apriti-cinema-agli-uffizi-con-lomaggio-a-bacall-e-mastroianni\/","og_site_name":"intoscana","article_publisher":"https:\/\/www.facebook.com\/intoscana.it","article_published_time":"2024-06-20T14:15:36+00:00","article_modified_time":"2024-06-20T14:18:52+00:00","og_image":[{"width":1654,"height":1102,"url":"https:\/\/www.intoscana.it\/wp-content\/uploads\/IMG_7701-copy.jpg","type":"image\/jpeg"}],"author":"Redazione","twitter_card":"summary_large_image","twitter_creator":"@intoscana","twitter_site":"@intoscana","twitter_misc":{"Written by":"Redazione","Est. reading time":"20 minuti"},"schema":{"@context":"https:\/\/schema.org","@graph":[{"@type":"WebPage","@id":"https:\/\/www.intoscana.it\/it\/apriti-cinema-agli-uffizi-con-lomaggio-a-bacall-e-mastroianni\/","url":"https:\/\/www.intoscana.it\/it\/apriti-cinema-agli-uffizi-con-lomaggio-a-bacall-e-mastroianni\/","name":"Apriti cinema agli Uffizi con l'omaggio a Bacall e Mastroianni - intoscana","isPartOf":{"@id":"https:\/\/www.intoscana.it\/it\/#website"},"primaryImageOfPage":{"@id":"https:\/\/www.intoscana.it\/it\/apriti-cinema-agli-uffizi-con-lomaggio-a-bacall-e-mastroianni\/#primaryimage"},"image":{"@id":"https:\/\/www.intoscana.it\/it\/apriti-cinema-agli-uffizi-con-lomaggio-a-bacall-e-mastroianni\/#primaryimage"},"thumbnailUrl":"https:\/\/www.intoscana.it\/wp-content\/uploads\/IMG_7701-copy.jpg","datePublished":"2024-06-20T14:15:36+00:00","dateModified":"2024-06-20T14:18:52+00:00","author":{"@id":"https:\/\/www.intoscana.it\/it\/#\/schema\/person\/9223810753230f20bd670fdd322661f8"},"description":"L'appuntamento dal 26 giugno al 6 agosto organizzato dall\u2019Associazione Amici dell\u2019Alfieri con l\u2019Area Cinema di Fondazione Sistema Toscana","breadcrumb":{"@id":"https:\/\/www.intoscana.it\/it\/apriti-cinema-agli-uffizi-con-lomaggio-a-bacall-e-mastroianni\/#breadcrumb"},"inLanguage":"it-IT","potentialAction":[{"@type":"ReadAction","target":["https:\/\/www.intoscana.it\/it\/apriti-cinema-agli-uffizi-con-lomaggio-a-bacall-e-mastroianni\/"]}]},{"@type":"ImageObject","inLanguage":"it-IT","@id":"https:\/\/www.intoscana.it\/it\/apriti-cinema-agli-uffizi-con-lomaggio-a-bacall-e-mastroianni\/#primaryimage","url":"https:\/\/www.intoscana.it\/wp-content\/uploads\/IMG_7701-copy.jpg","contentUrl":"https:\/\/www.intoscana.it\/wp-content\/uploads\/IMG_7701-copy.jpg","width":1654,"height":1102,"caption":"Apriti cinema agli Uffizi - foto di Danielle Abbon"},{"@type":"BreadcrumbList","@id":"https:\/\/www.intoscana.it\/it\/apriti-cinema-agli-uffizi-con-lomaggio-a-bacall-e-mastroianni\/#breadcrumb","itemListElement":[{"@type":"ListItem","position":1,"name":"Home","item":"https:\/\/www.intoscana.it\/it\/"},{"@type":"ListItem","position":2,"name":"Apriti cinema agli Uffizi con l&#8217;omaggio a Bacall e Mastroianni"}]},{"@type":"WebSite","@id":"https:\/\/www.intoscana.it\/it\/#website","url":"https:\/\/www.intoscana.it\/it\/","name":"intoscana","description":"","potentialAction":[{"@type":"SearchAction","target":{"@type":"EntryPoint","urlTemplate":"https:\/\/www.intoscana.it\/it\/?s={search_term_string}"},"query-input":{"@type":"PropertyValueSpecification","valueRequired":true,"valueName":"search_term_string"}}],"inLanguage":"it-IT"},{"@type":"Person","@id":"https:\/\/www.intoscana.it\/it\/#\/schema\/person\/9223810753230f20bd670fdd322661f8","name":"Redazione","url":"https:\/\/www.intoscana.it\/it\/author\/redazione\/"}]}},"_links":{"self":[{"href":"https:\/\/www.intoscana.it\/it\/wp-json\/wp\/v2\/posts\/346272","targetHints":{"allow":["GET"]}}],"collection":[{"href":"https:\/\/www.intoscana.it\/it\/wp-json\/wp\/v2\/posts"}],"about":[{"href":"https:\/\/www.intoscana.it\/it\/wp-json\/wp\/v2\/types\/post"}],"author":[{"embeddable":true,"href":"https:\/\/www.intoscana.it\/it\/wp-json\/wp\/v2\/users\/525"}],"replies":[{"embeddable":true,"href":"https:\/\/www.intoscana.it\/it\/wp-json\/wp\/v2\/comments?post=346272"}],"version-history":[{"count":4,"href":"https:\/\/www.intoscana.it\/it\/wp-json\/wp\/v2\/posts\/346272\/revisions"}],"predecessor-version":[{"id":346281,"href":"https:\/\/www.intoscana.it\/it\/wp-json\/wp\/v2\/posts\/346272\/revisions\/346281"}],"wp:featuredmedia":[{"embeddable":true,"href":"https:\/\/www.intoscana.it\/it\/wp-json\/wp\/v2\/media\/346278"}],"wp:attachment":[{"href":"https:\/\/www.intoscana.it\/it\/wp-json\/wp\/v2\/media?parent=346272"}],"wp:term":[{"taxonomy":"category","embeddable":true,"href":"https:\/\/www.intoscana.it\/it\/wp-json\/wp\/v2\/categories?post=346272"},{"taxonomy":"post_tag","embeddable":true,"href":"https:\/\/www.intoscana.it\/it\/wp-json\/wp\/v2\/tags?post=346272"}],"curies":[{"name":"wp","href":"https:\/\/api.w.org\/{rel}","templated":true}]}}