{"id":346634,"date":"2024-06-25T13:53:48","date_gmt":"2024-06-25T11:53:48","guid":{"rendered":"https:\/\/www.intoscana.it\/it\/?p=346634"},"modified":"2024-06-25T13:53:48","modified_gmt":"2024-06-25T11:53:48","slug":"a-chiusi-arriva-la-22esima-edizione-di-orizzontifestival-il-grande-gioco","status":"publish","type":"post","link":"https:\/\/www.intoscana.it\/it\/a-chiusi-arriva-la-22esima-edizione-di-orizzontifestival-il-grande-gioco\/","title":{"rendered":"A Chiusi arriva la 22esima edizione di OrizzontiFestival: &#8220;Il Grande Gioco&#8221;"},"content":{"rendered":"<p><strong>Dal 28 luglio al 4 agosto 2024<\/strong> torna in piazza Duomo a Chiusi<strong><em> &#8220;OrizzontiFestival&#8221;<\/em> <\/strong>con l&#8217;obiettivo di<strong>\u00a0diffondere l\u2019arte in ogni angolo della citt\u00e0<\/strong> e di un territorio colmo di storia e bellezza.<\/p>\n<p>L&#8217;edizione 2024 vuole stupire, far divertire e meravigliare con un evento che in otto giorni abbraccer\u00e0 ogni ambito artistico: <strong>teatro, musica, danza, fotografia, performance, teatro per bambini e per beb\u00e8, formazione.\u00a0<\/strong><\/p>\n<p>Tra gli ospiti pi\u00f9 attesi: <strong>Oscar De Summa, Babilonia Teatri<\/strong> vincitori di due Premi Ubu e del Leone d\u2019Argento per l\u2019innovazione teatrale alla Biennale di Venezia,<strong> Luisa Borini<\/strong> fresca vincitrice del premio In-Box2024, la <strong>Compagnia Toscana IfPrana,<\/strong> le performance di <strong>Fattoria Vittadini e la Compagnia Francesca Selva<\/strong>, ci sar\u00e0 spazio anche per la prima nazionale del nuovo progetto di Falsepartenze Teatro ideato da <strong>Gianluca Bonagura.<\/strong><\/p>\n<p>E poi <strong>Paolo Rossi<\/strong> e la collaborazione con una delle pi\u00f9 prestigiose accademie al mondo: <strong>Accademia Chigiana di Siena,<\/strong> per la danza la<strong> Compagnia Atacama<\/strong>, i <strong>Pupi Di Stac<\/strong>, la musica dei<strong> Quarto Podere<\/strong> e una mostra fotografica diffusa, in collaborazione con l\u2019<strong>Associazione Flashati Memorabilia \u2013<\/strong> il gioco della memoria.<\/p>\n<p>Spazio anche per il circo con la <strong>Compagnia Karacongioli<\/strong> e con il teatro comico toscano con un trio che non ci permetter\u00e0 di annoiarsi, direttamente dai I Delitti del BarLume <strong>Marmi, Favilla e Cioni<\/strong>. Spazio, come sempre, alla drammaturgia contemporanea con <strong>Giulia Trippetta<\/strong>.<\/p>\n<p><em>\u201cNel teatro la componente di \u201cgioco\u201d \u00e8 imprescindibile e fondamentale perch\u00e9 consente di sperimentare, stupirsi, oltre che a guardare con occhi \u2018nuovi\u2019 \u2013 <\/em><strong>commenta il direttore del Festival Marco Brinzi<\/strong><em>\u00a0&#8211; Consente di imparare. Pensiamo al grande gioco che tutti hanno fatto almeno una volta da bambini utilizzando la frase magica: \u201cfacciamo che io ero\u2026 chi re, chi prin-cipessa, oppure un gatto. Ecco, mettersi nei panni altrui attraverso l\u2019esperienza del grande gioco teatrale ci serve a capire gli altri e il mondo che ci circonda. L\u2019edizione 2024 del Festival porta avanti questa idea, dove il Grande Gioco del teatro \u00e8 fatto dalla citt\u00e0 stessa di Chiusi, di luoghi che si animano, oppure storie da ascoltare e persone da incontrare grazie al teatro e alle arti proposte. Anche in teatro. Come nella vita\u201d.<\/em><\/p>\n<p><em>\u201cIl Festival di quest\u2019anno &#8211;<\/em> afferma il <strong>presidente della Fondazione Orizzonti Giannetto Marchettini <\/strong><em><strong>&#8211;<\/strong> rappresenta la vera es-senza del festival che contraddistingue la comunit\u00e0 artistica di Chiusi. Ringrazio il direttore artistico Marco Brinzi e tutto lo staff della Fondazione per aver lavorato alla realizzazione di questa edi-zione che va a cogliere le peculiarit\u00e0 e l\u2019anima che d\u00e0 sempre contraddistinguono il Festival e l\u2019operato della Fondazione. Al Grande Gioco, si esibiranno primarie compagnie e famosi artisti, e quest\u2019anno assisteremo anche al concerto dei maestri dell\u2019Accademia Chigiana con la quale abbiamo stretto un importante collaborazione. Ma il Festival sar\u00e0 anche attivit\u00e0 for-mative, Visitazioni sul lago di Chiusi, gemellaggio con la scuola e con la comunit\u00e0 artistica di Desenzano sul Garda. Labora-tori fotografici ed il ritorno del laboratorio di Teatro e Critica dopo dieci anni a Chiusi, sono il giusto mix per un festival che si prospetta dal grande potenziale\u201d.<\/em><\/p>\n<p><em>\u201cL\u2019edizione 2024 di OrizzontiFestival vedr\u00e0 ancora una volta gli artisti esibirsi in alcuni dei luoghi pi\u00f9 caratteristici della no-stra cittadina valorizzandoli in un connubio fra arte e cultura &#8211;<\/em> dichiara <strong>Gianluca Sonnini Sindaco del Comune di Chiusi-<\/strong><em> Ringrazio il CdA ed i dipendenti della Fondazione che continuano a lavorare per ampliare e rafforzare l\u2019offerta culturale nel nostro comune e per creare un Festival che sempre pi\u00f9 attrattivo e di valore. Un ringraziamento anche al direttore artistico Marco Brinzi che \u00e8 riuscito ad ottenere ottimi risultati e che confermer\u00e0 anche quest&#8217;anno i successi delle due precedenti edizioni\u201d.<\/em><\/p>\n<figure id=\"post-346673 media-346673\" class=\"align-none\"><img decoding=\"async\" src=\"https:\/\/www.intoscana.it\/wp-content\/uploads\/197313448_2696536683972752_1243926781278451013_n.jpg\" alt=\"\" \/><\/figure>\n<div class=\"titleimg\"><em>Pupi di Stac<\/em><\/div>\n<h3>Il programma di OrizzontiFestival 2024<\/h3>\n<p><strong>Domenica 28 luglio<\/strong> alle ore 18:00 apertura ufficiale del Festival con l\u2019inaugurazione della mostra <strong><em>Memorabilia \u2013 Il gioco della Memoria<\/em><\/strong>, ritrovo in Piazza Duomo e a seguire la visita guidata. Ore 21:30 in Piazza Duomo <strong><em>Stasera sono in vena<\/em><\/strong> di e con <strong>Oscar De Summa<\/strong> e le musiche eseguite dal vivo da<strong> Corrado Nuccini, Francesca Bono e Daniele Rossi. <\/strong>Alle ore 23:00 al via il DopoFestival presso la Pizzicheria La Fema con il concerto dei <strong>Quarto Podere.<\/strong><\/p>\n<p><strong>Luned\u00ec 29 luglio,<\/strong> alle ore 18:00, prima<strong><em> VisitAzione<\/em> <\/strong>al Lago di Chiusi, Loc. Sbarchino con<strong><em> Splash!!<\/em> <\/strong>Spettacolo di danza, musica e improvvisazione per beb\u00e8 con <strong>Silvia Bennett, Anna Solinas<\/strong> e le musiche eseguite dal vivo da Igor Vazzaz; alle 21:30 in Piazza Duomo<strong> Babilonia Teatri<\/strong> porter\u00e0 in scena <strong><em>Calcinculo<\/em><\/strong> e alle ore 23:00 la <strong>Compagnia Karacongioli<\/strong> al Chiostro di San Francesco con <strong><em>Super! Super! Super!.<\/em><\/strong><\/p>\n<p><strong>Marted\u00ec 30 luglio<\/strong>, ore 19:00 seconda <strong><em>VisitAzione,<\/em> <\/strong>sempre al Lago di Chiusi, Loc. Sbarchino Chiara Ameglio porter\u00e0 in scena<strong><em> Lingua;<\/em><\/strong> alle 21:30 secondo appuntamento della giornata in Piazza Duomo con il trio<strong> Daniele Marmi, Guglielmo Favilla e Paolo Cioni<\/strong> con il loro <strong><em>Gramscic<\/em><\/strong>; alle 23:00 chiuder\u00e0 la serata al Chiostro di S. Francesco Luisa Borini con il suo <strong><em>Molto Dolore per Nulla.<\/em><\/strong><\/p>\n<p><strong>Mercoled\u00ec 31 luglio<\/strong>, ore 18:30, sempre al Lago di Chiusi, Loc. Sbarchino appuntamento con il gemellaggio culturale tra la Fondazione Orizzonti d\u2019Arte e la Scuola di Musica del Garda che porteranno in scena <strong><em>Palco d\u2019acqua dolce<\/em><\/strong>; alle 21:30, Piazza Duomo, spazio alla danza con la <strong>Compagnia Atacama<\/strong> che porter\u00e0 in scena <strong><em>Anime<\/em><\/strong> e alle ore 23:00<strong> Giulia Trippetta<\/strong>, al Chiostro di San Francesco chiuder\u00e0 la quarta giornata con <strong><em>Questa non \u00e8 casa mia.<\/em><\/strong><\/p>\n<p><strong>Gioved\u00ec primo agosto,<\/strong> ore 18:30 ritrovo al Parco dei Forti di Chiusi con un\u2019altra VisitAzione, guidata e diretta da <strong>Ulisse Roman\u00f2 e la sua Botanica Quee<\/strong>r, mentre la sera, doppio appuntamento alle ore 21:30 e alle ore 23:00 con gli allievi dei Teatri di Stagione della Fondazione Orizzonti e gli allievi della Scuola di Teatro di Desenzano del Garda con <strong><em>Mercato Etimo<\/em><\/strong> in Piazzetta Olivazzo.<\/p>\n<p><strong>Venerd\u00ec 2 agosto<\/strong>, alle ore 18:00, al Chiostro di San Francesco <strong>I Pupi di Stac<\/strong> porteranno in scena uno spettacolo di burattini per bambini <strong><em>Giovannin Senza Paura<\/em><\/strong> e la sera, ore 21:30 in Prima Nazionale debutter\u00e0 <strong><em>Farewell Hamlet.<\/em><\/strong><\/p>\n<p><strong>Sabato 3 agosto<\/strong>, quarta ed ultima VisitAzione con una vera e propria esperienza: il volo in mongolfiera dalle ore 18:30 presso il Lago di Chiusi e la sera, ore 21:30 la Piazza Duomo ospiter\u00e0 <strong>Paolo Rossi<\/strong> e la sua band in <strong><em>Operaccia Satirica.<\/em><\/strong><\/p>\n<p>Ultimo giorno, <strong>domenica 4 agosto<\/strong>, alle ore 12:00 andranno in scena i piccoli dei Teatri di Stagione, alle ore 18:30 e alle ore 19:30 ci sar\u00e0 la performance gratuita della <strong>Compagnia Francesca Selva<\/strong> con <strong><em>Respiri di Bellezza<\/em><\/strong> in Piazza Dante a Chiusi Scalo e grande concerto di chiusura, alle ore 21:30 presso la Cattedrale di San Secondiano con l\u2019Accademia della Chigiana in concerto con <strong>Eliot Fisk (chitarra) e Antonio Meneses (violoncello).<\/strong><\/p>\n<p><strong>OrizzontiFestival<\/strong> \u00e8 organizzato dalla Fondazione Orizzonte d\u2019Arte con il patrocinio del Comune della Citt\u00e0 di Chiusi.<\/p>\n<figure id=\"post-81318 media-81318\" class=\"align-none\"><img decoding=\"async\" src=\"https:\/\/www.intoscana.it\/wp-content\/uploads\/paolo-rossi.jpg\" alt=\"\" \/><\/figure>\n<div class=\"titleimg\">Paolo Rossi<\/div>\n","protected":false},"excerpt":{"rendered":"<p>Tutto \u00e8 pronto a Chiusi per accogliere, dal 28 luglio al 4 agosto, la 22esima edizione di OrizzontiFestival, un evento che in otto giorni abbraccer\u00e0 ogni ambito artistico: teatro, musica, danza, fotografia, performance, teatro per bambini e per beb\u00e8, formazione<\/p>\n","protected":false},"author":525,"featured_media":346639,"comment_status":"open","ping_status":"open","sticky":false,"template":"","format":"standard","meta":{"_acf_changed":false,"footnotes":""},"categories":[493],"tags":[5348,235,228],"class_list":["post-346634","post","type-post","status-publish","format-standard","has-post-thumbnail","hentry","category-cultura","tag-chiusi","tag-estate","tag-festival"],"acf":[],"yoast_head":"<!-- This site is optimized with the Yoast SEO Premium plugin v24.2 (Yoast SEO v25.6) - https:\/\/yoast.com\/wordpress\/plugins\/seo\/ -->\n<title>A Chiusi arriva la 22esima edizione di OrizzontiFestival: &quot;Il Grande Gioco&quot; - intoscana<\/title>\n<meta name=\"description\" content=\"Tutto \u00e8 pronto a Chiusi per accogliere, dal 28 luglio al 4 agosto, la 22esima edizione di OrizzontiFestival, otto giorni di teatro e cultura\" \/>\n<meta name=\"robots\" content=\"index, follow, max-snippet:-1, max-image-preview:large, max-video-preview:-1\" \/>\n<link rel=\"canonical\" href=\"https:\/\/www.intoscana.it\/it\/a-chiusi-arriva-la-22esima-edizione-di-orizzontifestival-il-grande-gioco\/\" \/>\n<meta property=\"og:locale\" content=\"it_IT\" \/>\n<meta property=\"og:type\" content=\"article\" \/>\n<meta property=\"og:title\" content=\"A Chiusi arriva la 22esima edizione di OrizzontiFestival: &quot;Il Grande Gioco&quot;\" \/>\n<meta property=\"og:description\" content=\"Tutto \u00e8 pronto a Chiusi per accogliere, dal 28 luglio al 4 agosto, la 22esima edizione di OrizzontiFestival, otto giorni di teatro e cultura\" \/>\n<meta property=\"og:url\" content=\"https:\/\/www.intoscana.it\/it\/a-chiusi-arriva-la-22esima-edizione-di-orizzontifestival-il-grande-gioco\/\" \/>\n<meta property=\"og:site_name\" content=\"intoscana\" \/>\n<meta property=\"article:publisher\" content=\"https:\/\/www.facebook.com\/intoscana.it\" \/>\n<meta property=\"article:published_time\" content=\"2024-06-25T11:53:48+00:00\" \/>\n<meta property=\"og:image\" content=\"https:\/\/www.intoscana.it\/wp-content\/uploads\/Screenshot-2024-06-25-alle-12.17.43.jpeg\" \/>\n\t<meta property=\"og:image:width\" content=\"969\" \/>\n\t<meta property=\"og:image:height\" content=\"702\" \/>\n\t<meta property=\"og:image:type\" content=\"image\/jpeg\" \/>\n<meta name=\"author\" content=\"Redazione\" \/>\n<meta name=\"twitter:card\" content=\"summary_large_image\" \/>\n<meta name=\"twitter:creator\" content=\"@intoscana\" \/>\n<meta name=\"twitter:site\" content=\"@intoscana\" \/>\n<meta name=\"twitter:label1\" content=\"Written by\" \/>\n\t<meta name=\"twitter:data1\" content=\"Redazione\" \/>\n\t<meta name=\"twitter:label2\" content=\"Est. reading time\" \/>\n\t<meta name=\"twitter:data2\" content=\"7 minuti\" \/>\n<script type=\"application\/ld+json\" class=\"yoast-schema-graph\">{\"@context\":\"https:\/\/schema.org\",\"@graph\":[{\"@type\":\"WebPage\",\"@id\":\"https:\/\/www.intoscana.it\/it\/a-chiusi-arriva-la-22esima-edizione-di-orizzontifestival-il-grande-gioco\/\",\"url\":\"https:\/\/www.intoscana.it\/it\/a-chiusi-arriva-la-22esima-edizione-di-orizzontifestival-il-grande-gioco\/\",\"name\":\"A Chiusi arriva la 22esima edizione di OrizzontiFestival: \\\"Il Grande Gioco\\\" - intoscana\",\"isPartOf\":{\"@id\":\"https:\/\/www.intoscana.it\/it\/#website\"},\"primaryImageOfPage\":{\"@id\":\"https:\/\/www.intoscana.it\/it\/a-chiusi-arriva-la-22esima-edizione-di-orizzontifestival-il-grande-gioco\/#primaryimage\"},\"image\":{\"@id\":\"https:\/\/www.intoscana.it\/it\/a-chiusi-arriva-la-22esima-edizione-di-orizzontifestival-il-grande-gioco\/#primaryimage\"},\"thumbnailUrl\":\"https:\/\/www.intoscana.it\/wp-content\/uploads\/Screenshot-2024-06-25-alle-12.17.43.jpeg\",\"datePublished\":\"2024-06-25T11:53:48+00:00\",\"author\":{\"@id\":\"https:\/\/www.intoscana.it\/it\/#\/schema\/person\/9223810753230f20bd670fdd322661f8\"},\"description\":\"Tutto \u00e8 pronto a Chiusi per accogliere, dal 28 luglio al 4 agosto, la 22esima edizione di OrizzontiFestival, otto giorni di teatro e cultura\",\"breadcrumb\":{\"@id\":\"https:\/\/www.intoscana.it\/it\/a-chiusi-arriva-la-22esima-edizione-di-orizzontifestival-il-grande-gioco\/#breadcrumb\"},\"inLanguage\":\"it-IT\",\"potentialAction\":[{\"@type\":\"ReadAction\",\"target\":[\"https:\/\/www.intoscana.it\/it\/a-chiusi-arriva-la-22esima-edizione-di-orizzontifestival-il-grande-gioco\/\"]}]},{\"@type\":\"ImageObject\",\"inLanguage\":\"it-IT\",\"@id\":\"https:\/\/www.intoscana.it\/it\/a-chiusi-arriva-la-22esima-edizione-di-orizzontifestival-il-grande-gioco\/#primaryimage\",\"url\":\"https:\/\/www.intoscana.it\/wp-content\/uploads\/Screenshot-2024-06-25-alle-12.17.43.jpeg\",\"contentUrl\":\"https:\/\/www.intoscana.it\/wp-content\/uploads\/Screenshot-2024-06-25-alle-12.17.43.jpeg\",\"width\":969,\"height\":702},{\"@type\":\"BreadcrumbList\",\"@id\":\"https:\/\/www.intoscana.it\/it\/a-chiusi-arriva-la-22esima-edizione-di-orizzontifestival-il-grande-gioco\/#breadcrumb\",\"itemListElement\":[{\"@type\":\"ListItem\",\"position\":1,\"name\":\"Home\",\"item\":\"https:\/\/www.intoscana.it\/it\/\"},{\"@type\":\"ListItem\",\"position\":2,\"name\":\"A Chiusi arriva la 22esima edizione di OrizzontiFestival: &#8220;Il Grande Gioco&#8221;\"}]},{\"@type\":\"WebSite\",\"@id\":\"https:\/\/www.intoscana.it\/it\/#website\",\"url\":\"https:\/\/www.intoscana.it\/it\/\",\"name\":\"intoscana\",\"description\":\"\",\"potentialAction\":[{\"@type\":\"SearchAction\",\"target\":{\"@type\":\"EntryPoint\",\"urlTemplate\":\"https:\/\/www.intoscana.it\/it\/?s={search_term_string}\"},\"query-input\":{\"@type\":\"PropertyValueSpecification\",\"valueRequired\":true,\"valueName\":\"search_term_string\"}}],\"inLanguage\":\"it-IT\"},{\"@type\":\"Person\",\"@id\":\"https:\/\/www.intoscana.it\/it\/#\/schema\/person\/9223810753230f20bd670fdd322661f8\",\"name\":\"Redazione\",\"url\":\"https:\/\/www.intoscana.it\/it\/author\/redazione\/\"}]}<\/script>\n<!-- \/ Yoast SEO Premium plugin. -->","yoast_head_json":{"title":"A Chiusi arriva la 22esima edizione di OrizzontiFestival: \"Il Grande Gioco\" - intoscana","description":"Tutto \u00e8 pronto a Chiusi per accogliere, dal 28 luglio al 4 agosto, la 22esima edizione di OrizzontiFestival, otto giorni di teatro e cultura","robots":{"index":"index","follow":"follow","max-snippet":"max-snippet:-1","max-image-preview":"max-image-preview:large","max-video-preview":"max-video-preview:-1"},"canonical":"https:\/\/www.intoscana.it\/it\/a-chiusi-arriva-la-22esima-edizione-di-orizzontifestival-il-grande-gioco\/","og_locale":"it_IT","og_type":"article","og_title":"A Chiusi arriva la 22esima edizione di OrizzontiFestival: \"Il Grande Gioco\"","og_description":"Tutto \u00e8 pronto a Chiusi per accogliere, dal 28 luglio al 4 agosto, la 22esima edizione di OrizzontiFestival, otto giorni di teatro e cultura","og_url":"https:\/\/www.intoscana.it\/it\/a-chiusi-arriva-la-22esima-edizione-di-orizzontifestival-il-grande-gioco\/","og_site_name":"intoscana","article_publisher":"https:\/\/www.facebook.com\/intoscana.it","article_published_time":"2024-06-25T11:53:48+00:00","og_image":[{"width":969,"height":702,"url":"https:\/\/www.intoscana.it\/wp-content\/uploads\/Screenshot-2024-06-25-alle-12.17.43.jpeg","type":"image\/jpeg"}],"author":"Redazione","twitter_card":"summary_large_image","twitter_creator":"@intoscana","twitter_site":"@intoscana","twitter_misc":{"Written by":"Redazione","Est. reading time":"7 minuti"},"schema":{"@context":"https:\/\/schema.org","@graph":[{"@type":"WebPage","@id":"https:\/\/www.intoscana.it\/it\/a-chiusi-arriva-la-22esima-edizione-di-orizzontifestival-il-grande-gioco\/","url":"https:\/\/www.intoscana.it\/it\/a-chiusi-arriva-la-22esima-edizione-di-orizzontifestival-il-grande-gioco\/","name":"A Chiusi arriva la 22esima edizione di OrizzontiFestival: \"Il Grande Gioco\" - intoscana","isPartOf":{"@id":"https:\/\/www.intoscana.it\/it\/#website"},"primaryImageOfPage":{"@id":"https:\/\/www.intoscana.it\/it\/a-chiusi-arriva-la-22esima-edizione-di-orizzontifestival-il-grande-gioco\/#primaryimage"},"image":{"@id":"https:\/\/www.intoscana.it\/it\/a-chiusi-arriva-la-22esima-edizione-di-orizzontifestival-il-grande-gioco\/#primaryimage"},"thumbnailUrl":"https:\/\/www.intoscana.it\/wp-content\/uploads\/Screenshot-2024-06-25-alle-12.17.43.jpeg","datePublished":"2024-06-25T11:53:48+00:00","author":{"@id":"https:\/\/www.intoscana.it\/it\/#\/schema\/person\/9223810753230f20bd670fdd322661f8"},"description":"Tutto \u00e8 pronto a Chiusi per accogliere, dal 28 luglio al 4 agosto, la 22esima edizione di OrizzontiFestival, otto giorni di teatro e cultura","breadcrumb":{"@id":"https:\/\/www.intoscana.it\/it\/a-chiusi-arriva-la-22esima-edizione-di-orizzontifestival-il-grande-gioco\/#breadcrumb"},"inLanguage":"it-IT","potentialAction":[{"@type":"ReadAction","target":["https:\/\/www.intoscana.it\/it\/a-chiusi-arriva-la-22esima-edizione-di-orizzontifestival-il-grande-gioco\/"]}]},{"@type":"ImageObject","inLanguage":"it-IT","@id":"https:\/\/www.intoscana.it\/it\/a-chiusi-arriva-la-22esima-edizione-di-orizzontifestival-il-grande-gioco\/#primaryimage","url":"https:\/\/www.intoscana.it\/wp-content\/uploads\/Screenshot-2024-06-25-alle-12.17.43.jpeg","contentUrl":"https:\/\/www.intoscana.it\/wp-content\/uploads\/Screenshot-2024-06-25-alle-12.17.43.jpeg","width":969,"height":702},{"@type":"BreadcrumbList","@id":"https:\/\/www.intoscana.it\/it\/a-chiusi-arriva-la-22esima-edizione-di-orizzontifestival-il-grande-gioco\/#breadcrumb","itemListElement":[{"@type":"ListItem","position":1,"name":"Home","item":"https:\/\/www.intoscana.it\/it\/"},{"@type":"ListItem","position":2,"name":"A Chiusi arriva la 22esima edizione di OrizzontiFestival: &#8220;Il Grande Gioco&#8221;"}]},{"@type":"WebSite","@id":"https:\/\/www.intoscana.it\/it\/#website","url":"https:\/\/www.intoscana.it\/it\/","name":"intoscana","description":"","potentialAction":[{"@type":"SearchAction","target":{"@type":"EntryPoint","urlTemplate":"https:\/\/www.intoscana.it\/it\/?s={search_term_string}"},"query-input":{"@type":"PropertyValueSpecification","valueRequired":true,"valueName":"search_term_string"}}],"inLanguage":"it-IT"},{"@type":"Person","@id":"https:\/\/www.intoscana.it\/it\/#\/schema\/person\/9223810753230f20bd670fdd322661f8","name":"Redazione","url":"https:\/\/www.intoscana.it\/it\/author\/redazione\/"}]}},"_links":{"self":[{"href":"https:\/\/www.intoscana.it\/it\/wp-json\/wp\/v2\/posts\/346634","targetHints":{"allow":["GET"]}}],"collection":[{"href":"https:\/\/www.intoscana.it\/it\/wp-json\/wp\/v2\/posts"}],"about":[{"href":"https:\/\/www.intoscana.it\/it\/wp-json\/wp\/v2\/types\/post"}],"author":[{"embeddable":true,"href":"https:\/\/www.intoscana.it\/it\/wp-json\/wp\/v2\/users\/525"}],"replies":[{"embeddable":true,"href":"https:\/\/www.intoscana.it\/it\/wp-json\/wp\/v2\/comments?post=346634"}],"version-history":[{"count":6,"href":"https:\/\/www.intoscana.it\/it\/wp-json\/wp\/v2\/posts\/346634\/revisions"}],"predecessor-version":[{"id":346674,"href":"https:\/\/www.intoscana.it\/it\/wp-json\/wp\/v2\/posts\/346634\/revisions\/346674"}],"wp:featuredmedia":[{"embeddable":true,"href":"https:\/\/www.intoscana.it\/it\/wp-json\/wp\/v2\/media\/346639"}],"wp:attachment":[{"href":"https:\/\/www.intoscana.it\/it\/wp-json\/wp\/v2\/media?parent=346634"}],"wp:term":[{"taxonomy":"category","embeddable":true,"href":"https:\/\/www.intoscana.it\/it\/wp-json\/wp\/v2\/categories?post=346634"},{"taxonomy":"post_tag","embeddable":true,"href":"https:\/\/www.intoscana.it\/it\/wp-json\/wp\/v2\/tags?post=346634"}],"curies":[{"name":"wp","href":"https:\/\/api.w.org\/{rel}","templated":true}]}}