{"id":346791,"date":"2024-06-26T13:47:53","date_gmt":"2024-06-26T11:47:53","guid":{"rendered":"https:\/\/www.intoscana.it\/it\/?p=346791"},"modified":"2024-06-26T14:26:40","modified_gmt":"2024-06-26T12:26:40","slug":"smart-and-coop-torna-il-bando-che-fa-nascere-le-giovani-cooperative","status":"publish","type":"post","link":"https:\/\/www.intoscana.it\/it\/smart-and-coop-torna-il-bando-che-fa-nascere-le-giovani-cooperative\/","title":{"rendered":"Smart and coop: torna il bando che fa nascere le giovani cooperative"},"content":{"rendered":"<p>Torna &#8220;<strong>Smart and coop&#8221;<\/strong>, il percorso di accelerazione per i giovani che vogliono creare a un<strong>\u2019impresa sotto forma di cooperativa<\/strong>, basata sui valori di equit\u00e0, democrazia, inclusivit\u00e0 e sostenibilit\u00e0.<\/p>\n<h3>50mila giovani per le cooperative di Arezzo, Firenze e Siena<\/h3>\n<p>Si apre oggi la sesta edizione del bando, promosso da Fondazione CR Firenze, Legacoop Toscana e Fondazione NOI-Legacoop Toscana, che per questa edizione ha l\u2019obiettivo di accompagnare lo sviluppo di idee capaci di rispondere ai nuovi bisogni emergenti, adattarsi alla trasformazione dei mercati e contribuire al raggiungimento di uno o pi\u00f9 Obiettivi di Sviluppo Sostenibile dell\u2019<strong>Agenda 2030. <\/strong>&#8220;Smart and coop&#8221; mette a disposizione contributi alla costituzione e all\u2019avvio della cooperativa per un valore totale di <strong>50mila euro.\u00a0<\/strong><\/p>\n<p><em>\u201cCi rivolgiamo a tutti quei giovani che credono nel lavoro di squadra e nei valori cooperativi<\/em> \u2013 afferma il presidente di Legacoop Toscana Roberto Negrini &#8211; <em>e che vogliono dare concretezza a un\u2019idea imprenditoriale per contribuire a migliorare la qualit\u00e0 della vita delle persone e della comunit\u00e0 del proprio territorio\u201d.<\/em><\/p>\n<p>Il bando, che rester\u00e0 <a href=\"http:\/\/www.smartandcoop.it\" target=\"_blank\" rel=\"noopener\">aperto fino al 6 settembre<\/a>, si rivolge a team che vogliono realizzare un\u2019idea imprenditoriale in forma cooperativa o che hanno avviato una cooperativa da non pi\u00f9 di 12 mesi nei territori di <strong>Firenze, Arezzo e Grosseto<\/strong>. I gruppi che si candidano dovranno essere composti da un minimo di 3 partecipanti e la <strong>maggioranza dei componenti dovr\u00e0 essere under 40.<\/strong> I membri del gruppo possono provenire da qualsiasi regione, ma la cooperativa (nascente o gi\u00e0 avviata) deve essere costituita o nella Citt\u00e0 Metropolitana di Firenze, o nella Provincia di Arezzo, o nella Provincia di Grosseto.<\/p>\n<h3>Come partecipare al bando<\/h3>\n<p><em>\u201cQuesto bando invita i giovani a mettersi in gioco con un\u2019idea imprenditoriale<\/em> \u2013 aggiunge Gabriele Gori, direttore generale di Fondazione CR Firenze &#8211; <em>crediamo nell\u2019entusiasmo di chi ha voglia di fare innovazione per lo sviluppo del nostro territorio\u201d.<\/em><\/p>\n<p>Tra tutte le candidature ammissibili saranno selezionate<mark> le migliori 10 idee imprenditoriali che accederanno ad un laboratorio intensivo di formazione e design dell\u2019idea progettuale, che si terr\u00e0 il 22 e 23 ottobre. <\/mark>Successivamente la Commissione indicher\u00e0 i migliori progetti cooperativi (fino ad un massimo di 6) fra i 10 presentati, che avranno accesso alla<strong> fase di incubazione (tra novembre e marzo del 2025)<\/strong> volta a potenziare le capacit\u00e0 imprenditoriali dei partecipanti e a definire il concreto piano di sviluppo della futura cooperativa. Al termine del percorso si terr\u00e0 un evento di premiazione.<\/p>\n<p>Nelle prime cinque edizioni del progetto Smart and Coop sono state raccolte 86 candidature di idee imprenditoriali da avviare in forma cooperativa da parte di altrettanti team che hanno coinvolto pi\u00f9 di <strong>350 giovani under 40<\/strong>. Sono stati ammessi al percorso di incubazione 21 team e quindi premiati 12 progetti che si sono poi costituiti in cooperativa.<\/p>\n","protected":false},"excerpt":{"rendered":"<p>Il bando da 50mila euro per chi vuole realizzare un\u2019idea imprenditoriale in forma cooperativa o l&#8217;ha avviata da meno di un anno a Firenze, Arezzo e Grosseto<\/p>\n","protected":false},"author":525,"featured_media":346793,"comment_status":"open","ping_status":"open","sticky":false,"template":"","format":"standard","meta":{"_acf_changed":false,"footnotes":""},"categories":[9],"tags":[376,4397,221,267,195],"class_list":["post-346791","post","type-post","status-publish","format-standard","has-post-thumbnail","hentry","category-made-in-toscana","tag-bando","tag-cooperative","tag-giovani","tag-imprese","tag-startup"],"acf":[],"yoast_head":"<!-- This site is optimized with the Yoast SEO Premium plugin v24.2 (Yoast SEO v25.6) - https:\/\/yoast.com\/wordpress\/plugins\/seo\/ -->\n<title>Smart and coop: torna il bando che fa nascere le giovani cooperative - intoscana<\/title>\n<meta name=\"robots\" content=\"index, follow, max-snippet:-1, max-image-preview:large, max-video-preview:-1\" \/>\n<link rel=\"canonical\" href=\"https:\/\/www.intoscana.it\/it\/smart-and-coop-torna-il-bando-che-fa-nascere-le-giovani-cooperative\/\" \/>\n<meta property=\"og:locale\" content=\"it_IT\" \/>\n<meta property=\"og:type\" content=\"article\" \/>\n<meta property=\"og:title\" content=\"Smart and coop: torna il bando che fa nascere le giovani cooperative\" \/>\n<meta property=\"og:description\" content=\"Il bando da 50mila euro per chi vuole realizzare un\u2019idea imprenditoriale in forma cooperativa o l&#039;ha avviata da meno di un anno a Firenze, Arezzo e Grosseto\" \/>\n<meta property=\"og:url\" content=\"https:\/\/www.intoscana.it\/it\/smart-and-coop-torna-il-bando-che-fa-nascere-le-giovani-cooperative\/\" \/>\n<meta property=\"og:site_name\" content=\"intoscana\" \/>\n<meta property=\"article:publisher\" content=\"https:\/\/www.facebook.com\/intoscana.it\" \/>\n<meta property=\"article:published_time\" content=\"2024-06-26T11:47:53+00:00\" \/>\n<meta property=\"article:modified_time\" content=\"2024-06-26T12:26:40+00:00\" \/>\n<meta property=\"og:image\" content=\"https:\/\/www.intoscana.it\/wp-content\/uploads\/image009-1.jpg\" \/>\n\t<meta property=\"og:image:width\" content=\"2048\" \/>\n\t<meta property=\"og:image:height\" content=\"1365\" \/>\n\t<meta property=\"og:image:type\" content=\"image\/jpeg\" \/>\n<meta name=\"author\" content=\"Redazione\" \/>\n<meta name=\"twitter:card\" content=\"summary_large_image\" \/>\n<meta name=\"twitter:creator\" content=\"@intoscana\" \/>\n<meta name=\"twitter:site\" content=\"@intoscana\" \/>\n<meta name=\"twitter:label1\" content=\"Written by\" \/>\n\t<meta name=\"twitter:data1\" content=\"Redazione\" \/>\n\t<meta name=\"twitter:label2\" content=\"Est. reading time\" \/>\n\t<meta name=\"twitter:data2\" content=\"3 minuti\" \/>\n<script type=\"application\/ld+json\" class=\"yoast-schema-graph\">{\"@context\":\"https:\/\/schema.org\",\"@graph\":[{\"@type\":\"WebPage\",\"@id\":\"https:\/\/www.intoscana.it\/it\/smart-and-coop-torna-il-bando-che-fa-nascere-le-giovani-cooperative\/\",\"url\":\"https:\/\/www.intoscana.it\/it\/smart-and-coop-torna-il-bando-che-fa-nascere-le-giovani-cooperative\/\",\"name\":\"Smart and coop: torna il bando che fa nascere le giovani cooperative - intoscana\",\"isPartOf\":{\"@id\":\"https:\/\/www.intoscana.it\/it\/#website\"},\"primaryImageOfPage\":{\"@id\":\"https:\/\/www.intoscana.it\/it\/smart-and-coop-torna-il-bando-che-fa-nascere-le-giovani-cooperative\/#primaryimage\"},\"image\":{\"@id\":\"https:\/\/www.intoscana.it\/it\/smart-and-coop-torna-il-bando-che-fa-nascere-le-giovani-cooperative\/#primaryimage\"},\"thumbnailUrl\":\"https:\/\/www.intoscana.it\/wp-content\/uploads\/image009-1.jpg\",\"datePublished\":\"2024-06-26T11:47:53+00:00\",\"dateModified\":\"2024-06-26T12:26:40+00:00\",\"author\":{\"@id\":\"https:\/\/www.intoscana.it\/it\/#\/schema\/person\/9223810753230f20bd670fdd322661f8\"},\"breadcrumb\":{\"@id\":\"https:\/\/www.intoscana.it\/it\/smart-and-coop-torna-il-bando-che-fa-nascere-le-giovani-cooperative\/#breadcrumb\"},\"inLanguage\":\"it-IT\",\"potentialAction\":[{\"@type\":\"ReadAction\",\"target\":[\"https:\/\/www.intoscana.it\/it\/smart-and-coop-torna-il-bando-che-fa-nascere-le-giovani-cooperative\/\"]}]},{\"@type\":\"ImageObject\",\"inLanguage\":\"it-IT\",\"@id\":\"https:\/\/www.intoscana.it\/it\/smart-and-coop-torna-il-bando-che-fa-nascere-le-giovani-cooperative\/#primaryimage\",\"url\":\"https:\/\/www.intoscana.it\/wp-content\/uploads\/image009-1.jpg\",\"contentUrl\":\"https:\/\/www.intoscana.it\/wp-content\/uploads\/image009-1.jpg\",\"width\":2048,\"height\":1365},{\"@type\":\"BreadcrumbList\",\"@id\":\"https:\/\/www.intoscana.it\/it\/smart-and-coop-torna-il-bando-che-fa-nascere-le-giovani-cooperative\/#breadcrumb\",\"itemListElement\":[{\"@type\":\"ListItem\",\"position\":1,\"name\":\"Home\",\"item\":\"https:\/\/www.intoscana.it\/it\/\"},{\"@type\":\"ListItem\",\"position\":2,\"name\":\"Smart and coop: torna il bando che fa nascere le giovani cooperative\"}]},{\"@type\":\"WebSite\",\"@id\":\"https:\/\/www.intoscana.it\/it\/#website\",\"url\":\"https:\/\/www.intoscana.it\/it\/\",\"name\":\"intoscana\",\"description\":\"\",\"potentialAction\":[{\"@type\":\"SearchAction\",\"target\":{\"@type\":\"EntryPoint\",\"urlTemplate\":\"https:\/\/www.intoscana.it\/it\/?s={search_term_string}\"},\"query-input\":{\"@type\":\"PropertyValueSpecification\",\"valueRequired\":true,\"valueName\":\"search_term_string\"}}],\"inLanguage\":\"it-IT\"},{\"@type\":\"Person\",\"@id\":\"https:\/\/www.intoscana.it\/it\/#\/schema\/person\/9223810753230f20bd670fdd322661f8\",\"name\":\"Redazione\",\"url\":\"https:\/\/www.intoscana.it\/it\/author\/redazione\/\"}]}<\/script>\n<!-- \/ Yoast SEO Premium plugin. -->","yoast_head_json":{"title":"Smart and coop: torna il bando che fa nascere le giovani cooperative - intoscana","robots":{"index":"index","follow":"follow","max-snippet":"max-snippet:-1","max-image-preview":"max-image-preview:large","max-video-preview":"max-video-preview:-1"},"canonical":"https:\/\/www.intoscana.it\/it\/smart-and-coop-torna-il-bando-che-fa-nascere-le-giovani-cooperative\/","og_locale":"it_IT","og_type":"article","og_title":"Smart and coop: torna il bando che fa nascere le giovani cooperative","og_description":"Il bando da 50mila euro per chi vuole realizzare un\u2019idea imprenditoriale in forma cooperativa o l'ha avviata da meno di un anno a Firenze, Arezzo e Grosseto","og_url":"https:\/\/www.intoscana.it\/it\/smart-and-coop-torna-il-bando-che-fa-nascere-le-giovani-cooperative\/","og_site_name":"intoscana","article_publisher":"https:\/\/www.facebook.com\/intoscana.it","article_published_time":"2024-06-26T11:47:53+00:00","article_modified_time":"2024-06-26T12:26:40+00:00","og_image":[{"width":2048,"height":1365,"url":"https:\/\/www.intoscana.it\/wp-content\/uploads\/image009-1.jpg","type":"image\/jpeg"}],"author":"Redazione","twitter_card":"summary_large_image","twitter_creator":"@intoscana","twitter_site":"@intoscana","twitter_misc":{"Written by":"Redazione","Est. reading time":"3 minuti"},"schema":{"@context":"https:\/\/schema.org","@graph":[{"@type":"WebPage","@id":"https:\/\/www.intoscana.it\/it\/smart-and-coop-torna-il-bando-che-fa-nascere-le-giovani-cooperative\/","url":"https:\/\/www.intoscana.it\/it\/smart-and-coop-torna-il-bando-che-fa-nascere-le-giovani-cooperative\/","name":"Smart and coop: torna il bando che fa nascere le giovani cooperative - intoscana","isPartOf":{"@id":"https:\/\/www.intoscana.it\/it\/#website"},"primaryImageOfPage":{"@id":"https:\/\/www.intoscana.it\/it\/smart-and-coop-torna-il-bando-che-fa-nascere-le-giovani-cooperative\/#primaryimage"},"image":{"@id":"https:\/\/www.intoscana.it\/it\/smart-and-coop-torna-il-bando-che-fa-nascere-le-giovani-cooperative\/#primaryimage"},"thumbnailUrl":"https:\/\/www.intoscana.it\/wp-content\/uploads\/image009-1.jpg","datePublished":"2024-06-26T11:47:53+00:00","dateModified":"2024-06-26T12:26:40+00:00","author":{"@id":"https:\/\/www.intoscana.it\/it\/#\/schema\/person\/9223810753230f20bd670fdd322661f8"},"breadcrumb":{"@id":"https:\/\/www.intoscana.it\/it\/smart-and-coop-torna-il-bando-che-fa-nascere-le-giovani-cooperative\/#breadcrumb"},"inLanguage":"it-IT","potentialAction":[{"@type":"ReadAction","target":["https:\/\/www.intoscana.it\/it\/smart-and-coop-torna-il-bando-che-fa-nascere-le-giovani-cooperative\/"]}]},{"@type":"ImageObject","inLanguage":"it-IT","@id":"https:\/\/www.intoscana.it\/it\/smart-and-coop-torna-il-bando-che-fa-nascere-le-giovani-cooperative\/#primaryimage","url":"https:\/\/www.intoscana.it\/wp-content\/uploads\/image009-1.jpg","contentUrl":"https:\/\/www.intoscana.it\/wp-content\/uploads\/image009-1.jpg","width":2048,"height":1365},{"@type":"BreadcrumbList","@id":"https:\/\/www.intoscana.it\/it\/smart-and-coop-torna-il-bando-che-fa-nascere-le-giovani-cooperative\/#breadcrumb","itemListElement":[{"@type":"ListItem","position":1,"name":"Home","item":"https:\/\/www.intoscana.it\/it\/"},{"@type":"ListItem","position":2,"name":"Smart and coop: torna il bando che fa nascere le giovani cooperative"}]},{"@type":"WebSite","@id":"https:\/\/www.intoscana.it\/it\/#website","url":"https:\/\/www.intoscana.it\/it\/","name":"intoscana","description":"","potentialAction":[{"@type":"SearchAction","target":{"@type":"EntryPoint","urlTemplate":"https:\/\/www.intoscana.it\/it\/?s={search_term_string}"},"query-input":{"@type":"PropertyValueSpecification","valueRequired":true,"valueName":"search_term_string"}}],"inLanguage":"it-IT"},{"@type":"Person","@id":"https:\/\/www.intoscana.it\/it\/#\/schema\/person\/9223810753230f20bd670fdd322661f8","name":"Redazione","url":"https:\/\/www.intoscana.it\/it\/author\/redazione\/"}]}},"_links":{"self":[{"href":"https:\/\/www.intoscana.it\/it\/wp-json\/wp\/v2\/posts\/346791","targetHints":{"allow":["GET"]}}],"collection":[{"href":"https:\/\/www.intoscana.it\/it\/wp-json\/wp\/v2\/posts"}],"about":[{"href":"https:\/\/www.intoscana.it\/it\/wp-json\/wp\/v2\/types\/post"}],"author":[{"embeddable":true,"href":"https:\/\/www.intoscana.it\/it\/wp-json\/wp\/v2\/users\/525"}],"replies":[{"embeddable":true,"href":"https:\/\/www.intoscana.it\/it\/wp-json\/wp\/v2\/comments?post=346791"}],"version-history":[{"count":4,"href":"https:\/\/www.intoscana.it\/it\/wp-json\/wp\/v2\/posts\/346791\/revisions"}],"predecessor-version":[{"id":346818,"href":"https:\/\/www.intoscana.it\/it\/wp-json\/wp\/v2\/posts\/346791\/revisions\/346818"}],"wp:featuredmedia":[{"embeddable":true,"href":"https:\/\/www.intoscana.it\/it\/wp-json\/wp\/v2\/media\/346793"}],"wp:attachment":[{"href":"https:\/\/www.intoscana.it\/it\/wp-json\/wp\/v2\/media?parent=346791"}],"wp:term":[{"taxonomy":"category","embeddable":true,"href":"https:\/\/www.intoscana.it\/it\/wp-json\/wp\/v2\/categories?post=346791"},{"taxonomy":"post_tag","embeddable":true,"href":"https:\/\/www.intoscana.it\/it\/wp-json\/wp\/v2\/tags?post=346791"}],"curies":[{"name":"wp","href":"https:\/\/api.w.org\/{rel}","templated":true}]}}