{"id":346944,"date":"2024-06-27T11:58:29","date_gmt":"2024-06-27T09:58:29","guid":{"rendered":"https:\/\/www.intoscana.it\/it\/?p=346944"},"modified":"2024-06-27T12:01:24","modified_gmt":"2024-06-27T10:01:24","slug":"bowland-film-gli-immortali-colonna-sonora","status":"publish","type":"post","link":"https:\/\/www.intoscana.it\/it\/bowland-film-gli-immortali-colonna-sonora\/","title":{"rendered":"La &#8220;prima volta&#8221; dei BowLand al cinema per la colonna sonora del film &#8220;Gli Immortali&#8221;"},"content":{"rendered":"<p>\u00c8 uscito in questi giorni al cinema il film <strong><em>&#8220;Gli Immortali&#8221;<\/em><\/strong> diretto da <strong>Anne-Riitta Ciccone,<\/strong>\u00a0che pu\u00f2 vantare una colonna sonora d&#8217;autore realizzata dai <strong>BowLand.\u00a0<\/strong><\/p>\n<p><strong>Lei Low, Pejman e Saeed,<\/strong> che nel 2018 hanno conquistato il cuore del pubblico di <strong>X Factor Italia<\/strong>, originari di <strong>Teheran<\/strong> ma ormai fiorentini d&#8217;adozione, hanno realizzato per il film <strong>12 brani<\/strong> che fondono<strong> trip hop con sonorit\u00e0 etniche e arcaiche.<\/strong><\/p>\n<p>Ci sono anche due tracce cantate <strong><em>&#8220;Strange Bird\u201d<\/em><\/strong> e <strong><em>&#8220;We try to stay alive&#8221;<\/em><\/strong>, che fungono da <strong>ouverture e chiusura del film<\/strong> e del disco e conducono gli ascoltatori in <strong>un viaggio musicale onirico e sensuale.<\/strong><\/p>\n<p>Il film <strong><em>&#8220;Gli Immortali&#8221;<\/em><\/strong> adesso in sala, narra la storia di <strong>Chiara, il suo incontro con il padre<\/strong>\u00a0e il suo viaggio attraverso le emozioni e le sfide della vita.<\/p>\n<p><strong>&#8220;La regista Anne-Riitta Ciccone<\/strong> ci ha detto che mentre lavorava al film diceva sempre al marito che \u00e8 anche il montatore del film, che le sarebbe piaciuto usare la musica dei BowLand &#8211; <strong>ci ha raccontato Saeed &#8211; <\/strong>ma non pensava fosse realizzabile. Poi Lorenzo ci ha scritto una mail e ci ha chiesto di fare una call. Ci siamo conosciuti cos\u00ec e <strong>c&#8217;\u00e8 stato subito un buon feeling<\/strong> e ci siamo capiti subito. <strong>Ci hanno mandato delle scene del film che ci sono piaciute molto perch\u00e9 c&#8217;\u00e8 una fotografia molto interessante<\/strong>. Il film \u00e8 molto suggestivo. Quando ci hanno mandato i montati del film e ci hanno dato indicazioni su quello che volevano, abbiamo capito che era una cosa che potevamo fare, era nelle nostre corde, quindi abbiamo accettato&#8221;.<p><span class=\"citazione\">la musica nel cinema ha tutto un altro ruolo, non deve stare in piedi da sola, ma deve intensificare le emozioni e le sensazioni che il film vuole trasmettere<\/span><\/p><\/p>\n<p><strong>Quando si compone musica per il cinema, l&#8217;approccio \u00e8 molto diverso rispetto a un normale disco, come avete lavorato a questi brani?<\/strong><\/p>\n<p><strong>Per noi questa \u00e8 la prima e unica esperienza con il cinema,<\/strong> posso dirti che \u00e8 stato molto divertente. Come dici tu \u00e8 molto diverso, la musica ha tutto un altro ruolo, non deve stare in piedi da sola ma <strong>deve spingere la scena e intensificare le emozioni e le sensazioni<\/strong> che il film vuole trasmettere. Per noi <strong>questa collaborazione \u00e8 stata molto fluida,<\/strong> per certi versi anche pi\u00f9 facile rispetto a fare un disco, perch\u00e9 avevamo indicazioni molo precise da parte della regista. <strong>Le scene che abbiamo musicato a livello di emozioni sono molto chiare,<\/strong> cio\u00e8 \u00e8 chiaro quello che i personaggi stanno provando. Tutto questo ci ha aiutato molto, non abbiamo fatto molti tentativi.<\/p>\n<p><iframe loading=\"lazy\" title=\"YouTube video player\" src=\"https:\/\/www.youtube.com\/embed\/djRkR6xctvQ?si=-9-zDJnUl8aiJ51J\" width=\"800\" height=\"450\" frameborder=\"0\" allowfullscreen=\"allowfullscreen\"><\/iframe><\/p>\n<p><strong>La storia parla del rapporto tra una figlia e un padre che si rivedono dopo tanto tempo, cosa vi ha affascinato di questo film?<\/strong><\/p>\n<p><strong> \u00c8 un viaggio emotivo molto potente<\/strong>, la protagonista lavora nel teatro e non ha un buon rapporto con il padre che \u00e8 sempre lontano, ma da piccola aveva con lui un legame molto forte. Lei \u00e8 una donna che si \u00e8 fatta da sola. Il padre torna da lei e succedono cose emotivamente molto intense. <strong>Chiunque pu\u00f2 empatizzare con questa storia<\/strong>. Ci ha toccato profondamente. Noi abbiamo avuto la fortuna di poter lavorare gi\u00e0 sul montato finale, quindi gi\u00e0 vedevamo tutta la cadenza delle scene.<\/p>\n<p><strong>So che state lavorando anche al vostro nuovo disco, cosa puoi dirci?<\/strong><\/p>\n<p>In questo momento <strong>stiamo chiudendo il nuovo disco, \u00e8 quasi pronto, mancano solo due canzoni<\/strong> da finalizzare. Stiamo capendo come e quando uscire. Il tour vero e proprio lo programmeremo pi\u00f9 avanti, quindi date precise per ora non le abbiamo. Forse questa estate qualche data la faremo&#8230;<\/p>\n<p><strong>Allora vi seguiremo sui social per scoprire se ci regalerete qualche concerto!<\/strong><\/p>\n<figure id=\"post-254694 media-254694\" class=\"align-none\"><img decoding=\"async\" src=\"https:\/\/www.intoscana.it\/wp-content\/uploads\/DSC2770-ph.-Antonio-Agostinelli-scaled.jpg\" alt=\"\" \/><\/figure>\n<div class=\"titleimg\">BowLand &#8211; \u00a9 Antonio Agostinelli<\/div>\n","protected":false},"excerpt":{"rendered":"<p>Intervista a Saeed dei BowLand che ci racconta l&#8217;incontro con la regista Anne-Riitta Ciccone e com&#8217;\u00e8 stato comporre per la prima volta musica per il cinema. Il film &#8220;Gli Immortali&#8221; \u00e8 in questi giorni in sala<\/p>\n","protected":false},"author":518,"featured_media":254689,"comment_status":"open","ping_status":"open","sticky":false,"template":"","format":"standard","meta":{"_acf_changed":false,"footnotes":""},"categories":[14],"tags":[188,3138],"class_list":["post-346944","post","type-post","status-publish","format-standard","has-post-thumbnail","hentry","category-musica","tag-cinema","tag-interviste-agli-artisti"],"acf":[],"yoast_head":"<!-- This site is optimized with the Yoast SEO Premium plugin v24.2 (Yoast SEO v25.6) - https:\/\/yoast.com\/wordpress\/plugins\/seo\/ -->\n<title>La &quot;prima volta&quot; dei BowLand al cinema per la colonna sonora del film &quot;Gli Immortali&quot; - intoscana<\/title>\n<meta name=\"description\" content=\"Intervista a Saeed che ci racconta l&#039;incontro con la regista Anne-Riitta Ciccone e com&#039;\u00e8 stato comporre musica per il cinema\" \/>\n<meta name=\"robots\" content=\"index, follow, max-snippet:-1, max-image-preview:large, max-video-preview:-1\" \/>\n<link rel=\"canonical\" href=\"https:\/\/www.intoscana.it\/it\/bowland-film-gli-immortali-colonna-sonora\/\" \/>\n<meta property=\"og:locale\" content=\"it_IT\" \/>\n<meta property=\"og:type\" content=\"article\" \/>\n<meta property=\"og:title\" content=\"La &quot;prima volta&quot; dei BowLand al cinema per la colonna sonora del film &quot;Gli Immortali&quot;\" \/>\n<meta property=\"og:description\" content=\"Intervista a Saeed che ci racconta l&#039;incontro con la regista Anne-Riitta Ciccone e com&#039;\u00e8 stato comporre musica per il cinema\" \/>\n<meta property=\"og:url\" content=\"https:\/\/www.intoscana.it\/it\/bowland-film-gli-immortali-colonna-sonora\/\" \/>\n<meta property=\"og:site_name\" content=\"intoscana\" \/>\n<meta property=\"article:publisher\" content=\"https:\/\/www.facebook.com\/intoscana.it\" \/>\n<meta property=\"article:published_time\" content=\"2024-06-27T09:58:29+00:00\" \/>\n<meta property=\"article:modified_time\" content=\"2024-06-27T10:01:24+00:00\" \/>\n<meta property=\"og:image\" content=\"https:\/\/www.intoscana.it\/wp-content\/uploads\/DSC2720-ph.-Antonio-Agostinelli-scaled.jpg\" \/>\n\t<meta property=\"og:image:width\" content=\"2048\" \/>\n\t<meta property=\"og:image:height\" content=\"1366\" \/>\n\t<meta property=\"og:image:type\" content=\"image\/jpeg\" \/>\n<meta name=\"author\" content=\"Costanza Baldini\" \/>\n<meta name=\"twitter:card\" content=\"summary_large_image\" \/>\n<meta name=\"twitter:creator\" content=\"@intoscana\" \/>\n<meta name=\"twitter:site\" content=\"@intoscana\" \/>\n<meta name=\"twitter:label1\" content=\"Written by\" \/>\n\t<meta name=\"twitter:data1\" content=\"Costanza Baldini\" \/>\n\t<meta name=\"twitter:label2\" content=\"Est. reading time\" \/>\n\t<meta name=\"twitter:data2\" content=\"4 minuti\" \/>\n<script type=\"application\/ld+json\" class=\"yoast-schema-graph\">{\"@context\":\"https:\/\/schema.org\",\"@graph\":[{\"@type\":\"WebPage\",\"@id\":\"https:\/\/www.intoscana.it\/it\/bowland-film-gli-immortali-colonna-sonora\/\",\"url\":\"https:\/\/www.intoscana.it\/it\/bowland-film-gli-immortali-colonna-sonora\/\",\"name\":\"La \\\"prima volta\\\" dei BowLand al cinema per la colonna sonora del film \\\"Gli Immortali\\\" - intoscana\",\"isPartOf\":{\"@id\":\"https:\/\/www.intoscana.it\/it\/#website\"},\"primaryImageOfPage\":{\"@id\":\"https:\/\/www.intoscana.it\/it\/bowland-film-gli-immortali-colonna-sonora\/#primaryimage\"},\"image\":{\"@id\":\"https:\/\/www.intoscana.it\/it\/bowland-film-gli-immortali-colonna-sonora\/#primaryimage\"},\"thumbnailUrl\":\"https:\/\/www.intoscana.it\/wp-content\/uploads\/DSC2720-ph.-Antonio-Agostinelli-scaled.jpg\",\"datePublished\":\"2024-06-27T09:58:29+00:00\",\"dateModified\":\"2024-06-27T10:01:24+00:00\",\"author\":{\"@id\":\"https:\/\/www.intoscana.it\/it\/#\/schema\/person\/d469f35f09739bdf00bf5dd3f0647a82\"},\"description\":\"Intervista a Saeed che ci racconta l'incontro con la regista Anne-Riitta Ciccone e com'\u00e8 stato comporre musica per il cinema\",\"breadcrumb\":{\"@id\":\"https:\/\/www.intoscana.it\/it\/bowland-film-gli-immortali-colonna-sonora\/#breadcrumb\"},\"inLanguage\":\"it-IT\",\"potentialAction\":[{\"@type\":\"ReadAction\",\"target\":[\"https:\/\/www.intoscana.it\/it\/bowland-film-gli-immortali-colonna-sonora\/\"]}]},{\"@type\":\"ImageObject\",\"inLanguage\":\"it-IT\",\"@id\":\"https:\/\/www.intoscana.it\/it\/bowland-film-gli-immortali-colonna-sonora\/#primaryimage\",\"url\":\"https:\/\/www.intoscana.it\/wp-content\/uploads\/DSC2720-ph.-Antonio-Agostinelli-scaled.jpg\",\"contentUrl\":\"https:\/\/www.intoscana.it\/wp-content\/uploads\/DSC2720-ph.-Antonio-Agostinelli-scaled.jpg\",\"width\":2048,\"height\":1366,\"caption\":\"Bowland\"},{\"@type\":\"BreadcrumbList\",\"@id\":\"https:\/\/www.intoscana.it\/it\/bowland-film-gli-immortali-colonna-sonora\/#breadcrumb\",\"itemListElement\":[{\"@type\":\"ListItem\",\"position\":1,\"name\":\"Home\",\"item\":\"https:\/\/www.intoscana.it\/it\/\"},{\"@type\":\"ListItem\",\"position\":2,\"name\":\"La &#8220;prima volta&#8221; dei BowLand al cinema per la colonna sonora del film &#8220;Gli Immortali&#8221;\"}]},{\"@type\":\"WebSite\",\"@id\":\"https:\/\/www.intoscana.it\/it\/#website\",\"url\":\"https:\/\/www.intoscana.it\/it\/\",\"name\":\"intoscana\",\"description\":\"\",\"potentialAction\":[{\"@type\":\"SearchAction\",\"target\":{\"@type\":\"EntryPoint\",\"urlTemplate\":\"https:\/\/www.intoscana.it\/it\/?s={search_term_string}\"},\"query-input\":{\"@type\":\"PropertyValueSpecification\",\"valueRequired\":true,\"valueName\":\"search_term_string\"}}],\"inLanguage\":\"it-IT\"},{\"@type\":\"Person\",\"@id\":\"https:\/\/www.intoscana.it\/it\/#\/schema\/person\/d469f35f09739bdf00bf5dd3f0647a82\",\"name\":\"Costanza Baldini\",\"url\":\"https:\/\/www.intoscana.it\/it\/author\/costanza-baldini\/\"}]}<\/script>\n<!-- \/ Yoast SEO Premium plugin. -->","yoast_head_json":{"title":"La \"prima volta\" dei BowLand al cinema per la colonna sonora del film \"Gli Immortali\" - intoscana","description":"Intervista a Saeed che ci racconta l'incontro con la regista Anne-Riitta Ciccone e com'\u00e8 stato comporre musica per il cinema","robots":{"index":"index","follow":"follow","max-snippet":"max-snippet:-1","max-image-preview":"max-image-preview:large","max-video-preview":"max-video-preview:-1"},"canonical":"https:\/\/www.intoscana.it\/it\/bowland-film-gli-immortali-colonna-sonora\/","og_locale":"it_IT","og_type":"article","og_title":"La \"prima volta\" dei BowLand al cinema per la colonna sonora del film \"Gli Immortali\"","og_description":"Intervista a Saeed che ci racconta l'incontro con la regista Anne-Riitta Ciccone e com'\u00e8 stato comporre musica per il cinema","og_url":"https:\/\/www.intoscana.it\/it\/bowland-film-gli-immortali-colonna-sonora\/","og_site_name":"intoscana","article_publisher":"https:\/\/www.facebook.com\/intoscana.it","article_published_time":"2024-06-27T09:58:29+00:00","article_modified_time":"2024-06-27T10:01:24+00:00","og_image":[{"width":2048,"height":1366,"url":"https:\/\/www.intoscana.it\/wp-content\/uploads\/DSC2720-ph.-Antonio-Agostinelli-scaled.jpg","type":"image\/jpeg"}],"author":"Costanza Baldini","twitter_card":"summary_large_image","twitter_creator":"@intoscana","twitter_site":"@intoscana","twitter_misc":{"Written by":"Costanza Baldini","Est. reading time":"4 minuti"},"schema":{"@context":"https:\/\/schema.org","@graph":[{"@type":"WebPage","@id":"https:\/\/www.intoscana.it\/it\/bowland-film-gli-immortali-colonna-sonora\/","url":"https:\/\/www.intoscana.it\/it\/bowland-film-gli-immortali-colonna-sonora\/","name":"La \"prima volta\" dei BowLand al cinema per la colonna sonora del film \"Gli Immortali\" - intoscana","isPartOf":{"@id":"https:\/\/www.intoscana.it\/it\/#website"},"primaryImageOfPage":{"@id":"https:\/\/www.intoscana.it\/it\/bowland-film-gli-immortali-colonna-sonora\/#primaryimage"},"image":{"@id":"https:\/\/www.intoscana.it\/it\/bowland-film-gli-immortali-colonna-sonora\/#primaryimage"},"thumbnailUrl":"https:\/\/www.intoscana.it\/wp-content\/uploads\/DSC2720-ph.-Antonio-Agostinelli-scaled.jpg","datePublished":"2024-06-27T09:58:29+00:00","dateModified":"2024-06-27T10:01:24+00:00","author":{"@id":"https:\/\/www.intoscana.it\/it\/#\/schema\/person\/d469f35f09739bdf00bf5dd3f0647a82"},"description":"Intervista a Saeed che ci racconta l'incontro con la regista Anne-Riitta Ciccone e com'\u00e8 stato comporre musica per il cinema","breadcrumb":{"@id":"https:\/\/www.intoscana.it\/it\/bowland-film-gli-immortali-colonna-sonora\/#breadcrumb"},"inLanguage":"it-IT","potentialAction":[{"@type":"ReadAction","target":["https:\/\/www.intoscana.it\/it\/bowland-film-gli-immortali-colonna-sonora\/"]}]},{"@type":"ImageObject","inLanguage":"it-IT","@id":"https:\/\/www.intoscana.it\/it\/bowland-film-gli-immortali-colonna-sonora\/#primaryimage","url":"https:\/\/www.intoscana.it\/wp-content\/uploads\/DSC2720-ph.-Antonio-Agostinelli-scaled.jpg","contentUrl":"https:\/\/www.intoscana.it\/wp-content\/uploads\/DSC2720-ph.-Antonio-Agostinelli-scaled.jpg","width":2048,"height":1366,"caption":"Bowland"},{"@type":"BreadcrumbList","@id":"https:\/\/www.intoscana.it\/it\/bowland-film-gli-immortali-colonna-sonora\/#breadcrumb","itemListElement":[{"@type":"ListItem","position":1,"name":"Home","item":"https:\/\/www.intoscana.it\/it\/"},{"@type":"ListItem","position":2,"name":"La &#8220;prima volta&#8221; dei BowLand al cinema per la colonna sonora del film &#8220;Gli Immortali&#8221;"}]},{"@type":"WebSite","@id":"https:\/\/www.intoscana.it\/it\/#website","url":"https:\/\/www.intoscana.it\/it\/","name":"intoscana","description":"","potentialAction":[{"@type":"SearchAction","target":{"@type":"EntryPoint","urlTemplate":"https:\/\/www.intoscana.it\/it\/?s={search_term_string}"},"query-input":{"@type":"PropertyValueSpecification","valueRequired":true,"valueName":"search_term_string"}}],"inLanguage":"it-IT"},{"@type":"Person","@id":"https:\/\/www.intoscana.it\/it\/#\/schema\/person\/d469f35f09739bdf00bf5dd3f0647a82","name":"Costanza Baldini","url":"https:\/\/www.intoscana.it\/it\/author\/costanza-baldini\/"}]}},"_links":{"self":[{"href":"https:\/\/www.intoscana.it\/it\/wp-json\/wp\/v2\/posts\/346944","targetHints":{"allow":["GET"]}}],"collection":[{"href":"https:\/\/www.intoscana.it\/it\/wp-json\/wp\/v2\/posts"}],"about":[{"href":"https:\/\/www.intoscana.it\/it\/wp-json\/wp\/v2\/types\/post"}],"author":[{"embeddable":true,"href":"https:\/\/www.intoscana.it\/it\/wp-json\/wp\/v2\/users\/518"}],"replies":[{"embeddable":true,"href":"https:\/\/www.intoscana.it\/it\/wp-json\/wp\/v2\/comments?post=346944"}],"version-history":[{"count":13,"href":"https:\/\/www.intoscana.it\/it\/wp-json\/wp\/v2\/posts\/346944\/revisions"}],"predecessor-version":[{"id":347071,"href":"https:\/\/www.intoscana.it\/it\/wp-json\/wp\/v2\/posts\/346944\/revisions\/347071"}],"wp:featuredmedia":[{"embeddable":true,"href":"https:\/\/www.intoscana.it\/it\/wp-json\/wp\/v2\/media\/254689"}],"wp:attachment":[{"href":"https:\/\/www.intoscana.it\/it\/wp-json\/wp\/v2\/media?parent=346944"}],"wp:term":[{"taxonomy":"category","embeddable":true,"href":"https:\/\/www.intoscana.it\/it\/wp-json\/wp\/v2\/categories?post=346944"},{"taxonomy":"post_tag","embeddable":true,"href":"https:\/\/www.intoscana.it\/it\/wp-json\/wp\/v2\/tags?post=346944"}],"curies":[{"name":"wp","href":"https:\/\/api.w.org\/{rel}","templated":true}]}}