{"id":346963,"date":"2024-06-27T14:17:45","date_gmt":"2024-06-27T12:17:45","guid":{"rendered":"https:\/\/www.intoscana.it\/it\/?p=346963"},"modified":"2024-06-27T14:17:45","modified_gmt":"2024-06-27T12:17:45","slug":"spiragli-teatro-dietro-le-quinte-a-firenze-arriva-il-festival-itinerante-tra-il-carcere-e-la-citta","status":"publish","type":"post","link":"https:\/\/www.intoscana.it\/it\/spiragli-teatro-dietro-le-quinte-a-firenze-arriva-il-festival-itinerante-tra-il-carcere-e-la-citta\/","title":{"rendered":"&#8220;Spiragli. Teatro dietro le quinte&#8221; a Firenze arriva il festival itinerante tra il carcere e la citt\u00e0"},"content":{"rendered":"<p>Arriva a Firenze <strong>dal 28 giugno al 13 luglio <em>&#8220;Spiragli. Teatri dietro le quinte&#8221;<\/em> <\/strong>una rassegna itinerante che coinvolger\u00e0 i quartieri della citt\u00e0 in un percorso di conoscenza delle marginalit\u00e0 sociali, attraverso un ricco cartellone di<strong> spettacoli ed eventi<\/strong> che si pone l\u2019obiettivo di costruire un ponte tra il <strong>carcere minorile &#8220;G. Meucci\u201c<\/strong> e la comunit\u00e0 locale.<\/p>\n<p>Il Festival rappresenta anche l\u2018occasione per porre i riflettori sul lavoro che la<strong> Compagnia Interazioni Elementari,<\/strong> organizzatrice della rassegna, svolge, dal 2017, nel carcere minorile di Firenze, all\u2019interno del quale, grazie al teatro, si coinvolgono i giovani detenuti nel laboratorio di arti performative dal titolo <strong><em>\u201cLa Piccola Accademia degli Stupori\u201d.<\/em><\/strong><\/p>\n<p><em>\u201cPenso che un Festival come SPIRAGLI &#8211; Teatri dietro le quinte sia qualcosa di necessario per Firenze e per il mondo che stiamo vivendo \u2013 <\/em>spiega <strong>Claudio Suzzi, direttore artistico della compagnia Interazioni Elementari &#8211;<\/strong><em>. Il teatro \u00e8 un potente mezzo per creare relazioni e anche quest\u2019anno, grazie agli eventi proposti, avremo l\u2019occasione per seminare tematiche, riflessioni, domande che nel nostro piccolo speriamo possano riverberare e trasformarsi in occasione di cambiamento.&#8221;<\/em><\/p>\n<p><em>&#8220;Ormai da molti anni l&#8217;Istituto Meucci collabora con la Compagnia Interazioni Elementari che realizza un laboratorio di teatro per i giovani detenuti all&#8217;interno della struttura \u2013<\/em><strong> spiega la direttrice dell\u2019IPM Antonia Bianco<\/strong><em> -. Siamo convinti che il progetto sia un&#8217;occasione preziosa per i ragazzi perch\u00e9 \u00e8 uno strumento di crescita personale emotiva ed espressiva e, allo stesso tempo, rafforza lo spirito di gruppo. Conoscere e approcciarsi ai mestieri del teatro pu\u00f2 costituire, inoltre, una opportunit\u00e0 tutta nuova da esplorare per trovare la propria strada nel mondo del lavoro\u201d.<\/em><\/p>\n<figure id=\"post-346967 media-346967\" class=\"align-none\"><img decoding=\"async\" src=\"https:\/\/www.intoscana.it\/wp-content\/uploads\/Spiragli-festival_ABBRACCIO.png\" alt=\"\" \/><\/figure>\n<h3>Spiragli: il programma degli spettacoli<\/h3>\n<p>Dopo una serata di anteprima del festival, in programma il <strong>28 giugno<\/strong> alle 18 con il <strong>Radio Oblivion dj set<\/strong> al Centro GAV (via Gran Bretagna, 48) si entra nel vivo il<strong> 1\u00b0 e 2 luglio<\/strong> dalle 10 alle 17 al Lavoratorio (via Giovanni Lanza, 64\/A) con il workshop <strong><em>\u201cIl tartufo di Moli\u00e8re&#8221;<\/em><\/strong> tenuto da uno dei protagonisti del festival, <strong>Michele Sinisi,<\/strong> attore e regista teatrale, Premio Della Critica 2016, finalista nel 2014 e nel 2008 e pi\u00f9 volte segnalato per i \u201cPREMI UBU\u201d (per iscriversi al workshop inviare una email a organizzazione@interazionielementari.com con curriculum vitae, foto e video o lettera di presentazione).<\/p>\n<p><strong>Marted\u00ec 2 luglio<\/strong>, alle 10:30 alla Casa delle Donne (via delle Vecchie Carceri, 8) in programma la conferenza <strong><em>\u201cTeatro e violenza in Colombia\u201d<\/em><\/strong>, alla quale parteciper\u00e0 e porter\u00e0 la sua testimonianza diretta l\u2019attrice, pedagoga e regista cubano-colombiana, nonch\u00e9 fondatrice dell&#8217;Associazione Culturale Mi Compa\u00f1\u00eda Teatro,<strong> M\u00e9rida Urqu\u00eda<\/strong> insieme a <strong>Claudia Stella Rodriguez<\/strong>, rappresentante di Fasol \u2013 Fondo colombiano di solidariet\u00e0 per le vittime di giustizia e i loro familiari, in collegamento video.<\/p>\n<p>Sempre il 2 luglio (dalle 15:30 alle 18:30) e il 3 luglio (dalle 10 alle 18:30) <strong>M\u00e9rida Urqu\u00eca<\/strong> terr\u00e0 il workshop, in lingua spagnola con traduzione simultanea, \u201c<strong><em>Mi cuerpo, mi sangre y otro yo<\/em><\/strong>\u201d (Il mio corpo, il mio sangue, l\u2019altro da s\u00e9), alla sala delle Ex Leopoldine (piazza Torquato Tasso, 7).<\/p>\n<p><strong>Mercoled\u00ec 3 luglio,<\/strong> sempre alle Ex Leopoldine, sar\u00e0 il giorno della prima regionale dello spettacolo <strong><em>\u201cLa simpatia di tutte le cose\u201d<\/em><\/strong>, di <strong>Michele Sinisi,<\/strong> alle 21, un viaggio che parte \u201cdal ricordo di una lezione di scienze in cui la professoressa affronta in classe le qualit\u00e0 dei liquidi di stare assieme: la simpatia\u201c. Alla lezione di scienze si alternano aneddoti di vita vissuta, forme immaginate dall\u2019artista nello spazio scenico e pian piano la simpatia si alleggerisce di ogni pretesa dottrinale. La classe percepisce l\u2019occasione di un\u2019esperienza che, grazie alle relazioni tra le persone e gli eventi intorno, apre ad una visione nuova. Nello spettacolo, senza giudizio, la vita si fa materia.<\/p>\n<p><strong>Gioved\u00ec 4 luglio,<\/strong> alle 21, andr\u00e0 in scena negli spazi di MAD Murate Art District (piazza delle Murate) <strong><em>\u201cFlor de marmol\u201d<\/em><\/strong> di <strong>M\u00e9rida Urqu\u00eda<\/strong>, storia d&#8217;amore e testimonianza di memoria storica su una delle piaghe del conflitto armato che pi\u00f9 ha colpito l&#8217;animo della Colombia, ovvero la sparizione forzata degli esseri umani. Lo spettacolo \u2013 in lingua spagnola \u2013 ha la regia di <strong>Else Marie Laukvik<\/strong>, grande protagonista della scena teatrale internazionale nonch\u00e9 fondatrice, insieme a Eugenio Barba, dell\u2019Odin Teatret.<\/p>\n<p><strong>Sabato 6 luglio Claudio Suzzi,<\/strong> direttore artistico della compagnia Interazioni Elementari, si esibir\u00e0 nella sua performance<strong> Radio Oblivion<\/strong> al Centro Gav su musiche di Sergio Zanforlin e dello stesso Suzzi (ore 21).<\/p>\n<p><strong>Il 12 luglio<\/strong> (ore 19:30) all\u2019<strong>Istituto Penitenziario Minorile G. Meucci di Firenze<\/strong> (via degli Orti Oricellari, 18\/A) si terr\u00e0 \u201cIl viaggio dell\u2019eroe\u201d, restituzione del laboratorio di teatro <strong><em>\u201cLa Piccola Accademia degli Stupori\u201d<\/em><\/strong> tenuto dalla compagnia teatrale all\u2019interno del carcere tra l\u2019autunno 2023 e la primavera del 2024, realizzato con il contributo di Fondazione CR Firenze nell\u2019ambito del bando Spettacolo dal vivo 2024 (per questioni di sicurezza la restituzione del laboratorio non sar\u00e0 accessibile al pubblico).<\/p>\n<p>Infine, per chiudere il festival, appuntamento <strong>venerd\u00ec 13 luglio<\/strong> alle 20 per una<strong> festa con djset finale<\/strong> al Giardino della Catena (parco delle Cascine).<\/p>\n<p><strong>L\u2019ingresso agli eventi \u00e8 libero su prenotazione.<\/strong><\/p>\n<figure id=\"post-346968 media-346968\" class=\"align-none\"><img decoding=\"async\" src=\"https:\/\/www.intoscana.it\/wp-content\/uploads\/Spiragli-festival_Carcere-3.jpg\" alt=\"\" \/><\/figure>\n<div class=\"titleimg\"><\/div>\n","protected":false},"excerpt":{"rendered":"<p>La rassegna teatrale organizzata dalla Compagnia Interazioni Elementari ha come obiettivo costruire un ponte tra il carcere minorile &#8220;G. Meucci\u201c di Firenze e la comunit\u00e0 locale<\/p>\n","protected":false},"author":525,"featured_media":346966,"comment_status":"open","ping_status":"open","sticky":false,"template":"","format":"standard","meta":{"_acf_changed":false,"footnotes":""},"categories":[493],"tags":[4474,228,202,236],"class_list":["post-346963","post","type-post","status-publish","format-standard","has-post-thumbnail","hentry","category-cultura","tag-eventi","tag-festival","tag-firenze","tag-teatro"],"acf":[],"yoast_head":"<!-- This site is optimized with the Yoast SEO Premium plugin v24.2 (Yoast SEO v25.6) - https:\/\/yoast.com\/wordpress\/plugins\/seo\/ -->\n<title>&quot;Spiragli. Teatro dietro le quinte&quot; a Firenze arriva il festival itinerante tra il carcere e la citt\u00e0 - intoscana<\/title>\n<meta name=\"description\" content=\"La rassegna teatrale organizzata dalla Compagnia Interazioni Elementari ha come obiettivo costruire un ponte con il carcere minorile Meucci\" \/>\n<meta name=\"robots\" content=\"index, follow, max-snippet:-1, max-image-preview:large, max-video-preview:-1\" \/>\n<link rel=\"canonical\" href=\"https:\/\/www.intoscana.it\/it\/spiragli-teatro-dietro-le-quinte-a-firenze-arriva-il-festival-itinerante-tra-il-carcere-e-la-citta\/\" \/>\n<meta property=\"og:locale\" content=\"it_IT\" \/>\n<meta property=\"og:type\" content=\"article\" \/>\n<meta property=\"og:title\" content=\"&quot;Spiragli. Teatro dietro le quinte&quot; a Firenze arriva il festival itinerante tra il carcere e la citt\u00e0\" \/>\n<meta property=\"og:description\" content=\"La rassegna teatrale organizzata dalla Compagnia Interazioni Elementari ha come obiettivo costruire un ponte con il carcere minorile Meucci\" \/>\n<meta property=\"og:url\" content=\"https:\/\/www.intoscana.it\/it\/spiragli-teatro-dietro-le-quinte-a-firenze-arriva-il-festival-itinerante-tra-il-carcere-e-la-citta\/\" \/>\n<meta property=\"og:site_name\" content=\"intoscana\" \/>\n<meta property=\"article:publisher\" content=\"https:\/\/www.facebook.com\/intoscana.it\" \/>\n<meta property=\"article:published_time\" content=\"2024-06-27T12:17:45+00:00\" \/>\n<meta property=\"og:image\" content=\"https:\/\/www.intoscana.it\/wp-content\/uploads\/Spiragli-Festival_-Carcere_1.jpg\" \/>\n\t<meta property=\"og:image:width\" content=\"2048\" \/>\n\t<meta property=\"og:image:height\" content=\"1365\" \/>\n\t<meta property=\"og:image:type\" content=\"image\/jpeg\" \/>\n<meta name=\"author\" content=\"Redazione\" \/>\n<meta name=\"twitter:card\" content=\"summary_large_image\" \/>\n<meta name=\"twitter:creator\" content=\"@intoscana\" \/>\n<meta name=\"twitter:site\" content=\"@intoscana\" \/>\n<meta name=\"twitter:label1\" content=\"Written by\" \/>\n\t<meta name=\"twitter:data1\" content=\"Redazione\" \/>\n\t<meta name=\"twitter:label2\" content=\"Est. reading time\" \/>\n\t<meta name=\"twitter:data2\" content=\"5 minuti\" \/>\n<script type=\"application\/ld+json\" class=\"yoast-schema-graph\">{\"@context\":\"https:\/\/schema.org\",\"@graph\":[{\"@type\":\"WebPage\",\"@id\":\"https:\/\/www.intoscana.it\/it\/spiragli-teatro-dietro-le-quinte-a-firenze-arriva-il-festival-itinerante-tra-il-carcere-e-la-citta\/\",\"url\":\"https:\/\/www.intoscana.it\/it\/spiragli-teatro-dietro-le-quinte-a-firenze-arriva-il-festival-itinerante-tra-il-carcere-e-la-citta\/\",\"name\":\"\\\"Spiragli. Teatro dietro le quinte\\\" a Firenze arriva il festival itinerante tra il carcere e la citt\u00e0 - intoscana\",\"isPartOf\":{\"@id\":\"https:\/\/www.intoscana.it\/it\/#website\"},\"primaryImageOfPage\":{\"@id\":\"https:\/\/www.intoscana.it\/it\/spiragli-teatro-dietro-le-quinte-a-firenze-arriva-il-festival-itinerante-tra-il-carcere-e-la-citta\/#primaryimage\"},\"image\":{\"@id\":\"https:\/\/www.intoscana.it\/it\/spiragli-teatro-dietro-le-quinte-a-firenze-arriva-il-festival-itinerante-tra-il-carcere-e-la-citta\/#primaryimage\"},\"thumbnailUrl\":\"https:\/\/www.intoscana.it\/wp-content\/uploads\/Spiragli-Festival_-Carcere_1.jpg\",\"datePublished\":\"2024-06-27T12:17:45+00:00\",\"author\":{\"@id\":\"https:\/\/www.intoscana.it\/it\/#\/schema\/person\/9223810753230f20bd670fdd322661f8\"},\"description\":\"La rassegna teatrale organizzata dalla Compagnia Interazioni Elementari ha come obiettivo costruire un ponte con il carcere minorile Meucci\",\"breadcrumb\":{\"@id\":\"https:\/\/www.intoscana.it\/it\/spiragli-teatro-dietro-le-quinte-a-firenze-arriva-il-festival-itinerante-tra-il-carcere-e-la-citta\/#breadcrumb\"},\"inLanguage\":\"it-IT\",\"potentialAction\":[{\"@type\":\"ReadAction\",\"target\":[\"https:\/\/www.intoscana.it\/it\/spiragli-teatro-dietro-le-quinte-a-firenze-arriva-il-festival-itinerante-tra-il-carcere-e-la-citta\/\"]}]},{\"@type\":\"ImageObject\",\"inLanguage\":\"it-IT\",\"@id\":\"https:\/\/www.intoscana.it\/it\/spiragli-teatro-dietro-le-quinte-a-firenze-arriva-il-festival-itinerante-tra-il-carcere-e-la-citta\/#primaryimage\",\"url\":\"https:\/\/www.intoscana.it\/wp-content\/uploads\/Spiragli-Festival_-Carcere_1.jpg\",\"contentUrl\":\"https:\/\/www.intoscana.it\/wp-content\/uploads\/Spiragli-Festival_-Carcere_1.jpg\",\"width\":2048,\"height\":1365},{\"@type\":\"BreadcrumbList\",\"@id\":\"https:\/\/www.intoscana.it\/it\/spiragli-teatro-dietro-le-quinte-a-firenze-arriva-il-festival-itinerante-tra-il-carcere-e-la-citta\/#breadcrumb\",\"itemListElement\":[{\"@type\":\"ListItem\",\"position\":1,\"name\":\"Home\",\"item\":\"https:\/\/www.intoscana.it\/it\/\"},{\"@type\":\"ListItem\",\"position\":2,\"name\":\"&#8220;Spiragli. Teatro dietro le quinte&#8221; a Firenze arriva il festival itinerante tra il carcere e la citt\u00e0\"}]},{\"@type\":\"WebSite\",\"@id\":\"https:\/\/www.intoscana.it\/it\/#website\",\"url\":\"https:\/\/www.intoscana.it\/it\/\",\"name\":\"intoscana\",\"description\":\"\",\"potentialAction\":[{\"@type\":\"SearchAction\",\"target\":{\"@type\":\"EntryPoint\",\"urlTemplate\":\"https:\/\/www.intoscana.it\/it\/?s={search_term_string}\"},\"query-input\":{\"@type\":\"PropertyValueSpecification\",\"valueRequired\":true,\"valueName\":\"search_term_string\"}}],\"inLanguage\":\"it-IT\"},{\"@type\":\"Person\",\"@id\":\"https:\/\/www.intoscana.it\/it\/#\/schema\/person\/9223810753230f20bd670fdd322661f8\",\"name\":\"Redazione\",\"url\":\"https:\/\/www.intoscana.it\/it\/author\/redazione\/\"}]}<\/script>\n<!-- \/ Yoast SEO Premium plugin. -->","yoast_head_json":{"title":"\"Spiragli. Teatro dietro le quinte\" a Firenze arriva il festival itinerante tra il carcere e la citt\u00e0 - intoscana","description":"La rassegna teatrale organizzata dalla Compagnia Interazioni Elementari ha come obiettivo costruire un ponte con il carcere minorile Meucci","robots":{"index":"index","follow":"follow","max-snippet":"max-snippet:-1","max-image-preview":"max-image-preview:large","max-video-preview":"max-video-preview:-1"},"canonical":"https:\/\/www.intoscana.it\/it\/spiragli-teatro-dietro-le-quinte-a-firenze-arriva-il-festival-itinerante-tra-il-carcere-e-la-citta\/","og_locale":"it_IT","og_type":"article","og_title":"\"Spiragli. Teatro dietro le quinte\" a Firenze arriva il festival itinerante tra il carcere e la citt\u00e0","og_description":"La rassegna teatrale organizzata dalla Compagnia Interazioni Elementari ha come obiettivo costruire un ponte con il carcere minorile Meucci","og_url":"https:\/\/www.intoscana.it\/it\/spiragli-teatro-dietro-le-quinte-a-firenze-arriva-il-festival-itinerante-tra-il-carcere-e-la-citta\/","og_site_name":"intoscana","article_publisher":"https:\/\/www.facebook.com\/intoscana.it","article_published_time":"2024-06-27T12:17:45+00:00","og_image":[{"width":2048,"height":1365,"url":"https:\/\/www.intoscana.it\/wp-content\/uploads\/Spiragli-Festival_-Carcere_1.jpg","type":"image\/jpeg"}],"author":"Redazione","twitter_card":"summary_large_image","twitter_creator":"@intoscana","twitter_site":"@intoscana","twitter_misc":{"Written by":"Redazione","Est. reading time":"5 minuti"},"schema":{"@context":"https:\/\/schema.org","@graph":[{"@type":"WebPage","@id":"https:\/\/www.intoscana.it\/it\/spiragli-teatro-dietro-le-quinte-a-firenze-arriva-il-festival-itinerante-tra-il-carcere-e-la-citta\/","url":"https:\/\/www.intoscana.it\/it\/spiragli-teatro-dietro-le-quinte-a-firenze-arriva-il-festival-itinerante-tra-il-carcere-e-la-citta\/","name":"\"Spiragli. Teatro dietro le quinte\" a Firenze arriva il festival itinerante tra il carcere e la citt\u00e0 - intoscana","isPartOf":{"@id":"https:\/\/www.intoscana.it\/it\/#website"},"primaryImageOfPage":{"@id":"https:\/\/www.intoscana.it\/it\/spiragli-teatro-dietro-le-quinte-a-firenze-arriva-il-festival-itinerante-tra-il-carcere-e-la-citta\/#primaryimage"},"image":{"@id":"https:\/\/www.intoscana.it\/it\/spiragli-teatro-dietro-le-quinte-a-firenze-arriva-il-festival-itinerante-tra-il-carcere-e-la-citta\/#primaryimage"},"thumbnailUrl":"https:\/\/www.intoscana.it\/wp-content\/uploads\/Spiragli-Festival_-Carcere_1.jpg","datePublished":"2024-06-27T12:17:45+00:00","author":{"@id":"https:\/\/www.intoscana.it\/it\/#\/schema\/person\/9223810753230f20bd670fdd322661f8"},"description":"La rassegna teatrale organizzata dalla Compagnia Interazioni Elementari ha come obiettivo costruire un ponte con il carcere minorile Meucci","breadcrumb":{"@id":"https:\/\/www.intoscana.it\/it\/spiragli-teatro-dietro-le-quinte-a-firenze-arriva-il-festival-itinerante-tra-il-carcere-e-la-citta\/#breadcrumb"},"inLanguage":"it-IT","potentialAction":[{"@type":"ReadAction","target":["https:\/\/www.intoscana.it\/it\/spiragli-teatro-dietro-le-quinte-a-firenze-arriva-il-festival-itinerante-tra-il-carcere-e-la-citta\/"]}]},{"@type":"ImageObject","inLanguage":"it-IT","@id":"https:\/\/www.intoscana.it\/it\/spiragli-teatro-dietro-le-quinte-a-firenze-arriva-il-festival-itinerante-tra-il-carcere-e-la-citta\/#primaryimage","url":"https:\/\/www.intoscana.it\/wp-content\/uploads\/Spiragli-Festival_-Carcere_1.jpg","contentUrl":"https:\/\/www.intoscana.it\/wp-content\/uploads\/Spiragli-Festival_-Carcere_1.jpg","width":2048,"height":1365},{"@type":"BreadcrumbList","@id":"https:\/\/www.intoscana.it\/it\/spiragli-teatro-dietro-le-quinte-a-firenze-arriva-il-festival-itinerante-tra-il-carcere-e-la-citta\/#breadcrumb","itemListElement":[{"@type":"ListItem","position":1,"name":"Home","item":"https:\/\/www.intoscana.it\/it\/"},{"@type":"ListItem","position":2,"name":"&#8220;Spiragli. Teatro dietro le quinte&#8221; a Firenze arriva il festival itinerante tra il carcere e la citt\u00e0"}]},{"@type":"WebSite","@id":"https:\/\/www.intoscana.it\/it\/#website","url":"https:\/\/www.intoscana.it\/it\/","name":"intoscana","description":"","potentialAction":[{"@type":"SearchAction","target":{"@type":"EntryPoint","urlTemplate":"https:\/\/www.intoscana.it\/it\/?s={search_term_string}"},"query-input":{"@type":"PropertyValueSpecification","valueRequired":true,"valueName":"search_term_string"}}],"inLanguage":"it-IT"},{"@type":"Person","@id":"https:\/\/www.intoscana.it\/it\/#\/schema\/person\/9223810753230f20bd670fdd322661f8","name":"Redazione","url":"https:\/\/www.intoscana.it\/it\/author\/redazione\/"}]}},"_links":{"self":[{"href":"https:\/\/www.intoscana.it\/it\/wp-json\/wp\/v2\/posts\/346963","targetHints":{"allow":["GET"]}}],"collection":[{"href":"https:\/\/www.intoscana.it\/it\/wp-json\/wp\/v2\/posts"}],"about":[{"href":"https:\/\/www.intoscana.it\/it\/wp-json\/wp\/v2\/types\/post"}],"author":[{"embeddable":true,"href":"https:\/\/www.intoscana.it\/it\/wp-json\/wp\/v2\/users\/525"}],"replies":[{"embeddable":true,"href":"https:\/\/www.intoscana.it\/it\/wp-json\/wp\/v2\/comments?post=346963"}],"version-history":[{"count":6,"href":"https:\/\/www.intoscana.it\/it\/wp-json\/wp\/v2\/posts\/346963\/revisions"}],"predecessor-version":[{"id":347119,"href":"https:\/\/www.intoscana.it\/it\/wp-json\/wp\/v2\/posts\/346963\/revisions\/347119"}],"wp:featuredmedia":[{"embeddable":true,"href":"https:\/\/www.intoscana.it\/it\/wp-json\/wp\/v2\/media\/346966"}],"wp:attachment":[{"href":"https:\/\/www.intoscana.it\/it\/wp-json\/wp\/v2\/media?parent=346963"}],"wp:term":[{"taxonomy":"category","embeddable":true,"href":"https:\/\/www.intoscana.it\/it\/wp-json\/wp\/v2\/categories?post=346963"},{"taxonomy":"post_tag","embeddable":true,"href":"https:\/\/www.intoscana.it\/it\/wp-json\/wp\/v2\/tags?post=346963"}],"curies":[{"name":"wp","href":"https:\/\/api.w.org\/{rel}","templated":true}]}}