{"id":347043,"date":"2024-06-27T11:50:21","date_gmt":"2024-06-27T09:50:21","guid":{"rendered":"https:\/\/www.intoscana.it\/it\/?p=347043"},"modified":"2024-06-28T11:35:47","modified_gmt":"2024-06-28T09:35:47","slug":"tour-de-france-tutti-i-provvedimenti-per-viabilita-treni-bus-e-tramvia","status":"publish","type":"post","link":"https:\/\/www.intoscana.it\/it\/tour-de-france-tutti-i-provvedimenti-per-viabilita-treni-bus-e-tramvia\/","title":{"rendered":"Tour de France, i provvedimenti per viabilit\u00e0, treni, bus e tramvia"},"content":{"rendered":"<p>Sabato 29 giugno occhi puntati su Firenze e la Toscana per la Grand Depart del Tour de France che partir\u00e0 proprio dalla citt\u00e0 gigliata. Per questa prima tappa, che oltre a Firenze, attraverser\u00e0 i comuni di <strong>Bagno a Ripoli, Pontassieve, Pelago, Rufina, Dicomano e San Godenzo\u00a0<\/strong>prima di passare in Emilia-Romagna dove \u00e8 fissato l&#8217;arrivo, sono previsti numerosi provvedimenti che riguardano la viabilit\u00e0 e tutto il trasporto pubblico su ferro e gomma.<\/p>\n<h3>Treni<\/h3>\n<p style=\"font-weight: 400;\">Durante la mattina di sabato per consentire il transito della carovana e della gara, sar\u00e0 riprogrammato il servizio di tre treni del Regionale di Trenitalia che viaggiano tra Firenze e Borgo San Lorenzo (via Pontassieve).<\/p>\n<p style=\"font-weight: 400;\">Ad essere interessati dalla gara sono due passaggi a livello situati lungo la Strada Statale 67 fra le stazioni di Contea Londa e Dicomano e tra Rufina e Contea Londa per cui i treni del Regionale subiranno alcune modifiche: 18954 Borgo San Lorenzo partenza 12:16 diretto a Pontassieve \u00e8 cancellato, previsto nuovo treno con partenza anticipata da Borgo San Lorenzo alle 11:30 e arrivo a Pontassieve alle 12:40; 18956 Borgo San Lorenzo partenza 12:40 diretto a Firenze \u00e8 cancellato, previsto nuovo treno con partenza posticipata da Borgo San Lorenzo alle 13:30 e arrivo a Firenze alle 15:43; 18952 Borgo San Lorenzo partenza\u00a010:40\u00a0per Firenze\u00a0alle 10:40\u00a0\u00e8 cancellato.<\/p>\n<h3>Tramvia<\/h3>\n<p>Per quanto riguarda la tramvia di Firenze intorno alle 10.30 e alle 12 del 29 giugno, il servizio della linea T1 potr\u00e0 fermarsi qualche minuto per lasciar passare i ciclisti in zona Cascine. Le informazioni in tempo reale, su questi ed altri eventuali interruzioni e disagi, verranno date in fermata, a bordo dei tram e sul canale Telegram di Gest.<\/p>\n<h3>Bus urbani ed extraurbani<\/h3>\n<p>Sabato 29 giugno<strong>\u00a0<\/strong>sono previste deviazioni e limitazioni dei bus per il servizio di trasporto pubblico di Autolinee Toscane.\u00a0Le\u00a0<strong>linee urbane<\/strong>\u00a0interessate dalle modifiche sono:<strong>\u00a06, 8, 11,\u00a012,\u00a013,\u00a014,\u00a017, 23, 31, 32, 36, 37,38, 39, 41, 42, 48,\u00a055, 85,\u00a0C1,<\/strong>\u00a0<strong>C2,\u00a0C3,\u00a0C4.<\/strong>\u00a0Le\u00a0<strong>linee extraurbane<\/strong>\u00a0interessate dalle modifiche sono:\u00a0<strong>37, 322A, 322B,\u00a0336C,\u00a0343A, 343B,\u00a0 345A, 345BisA, 350A,\u00a0351A, 353A, 354A, 357A, 365A, 368A, 370A, 371A,\u00a0372A,\u00a0131, 131R,\u00a050G, SFS\u00a0<\/strong>e<strong>\u00a0SI90<\/strong>.<\/p>\n<p>Vi rimandiamo al <a href=\"https:\/\/www.at-bus.it\/it\/tourdefrance\" target=\"_blank\" rel=\"noopener\" class=\"broken_link\">sito di AT per conoscere nel dettaglio tutti i provvedimenti<\/a>.<\/p>\n<h3>Viabilit\u00e0<\/h3>\n<p>Intorno alle 10 di sabato la carovana del Tour de France partir\u00e0 dalle Cascine, seguita a mezzogiorno dai ciclisti che raggiungeranno il centro passando dai lungarni, sotto al Duomo e in via Calzaiuoli, fino a piazza Signoria dove davanti a Palazzo Vecchio sar\u00e0 dato il via istituzionale; da qui Por Santa Maria, Ponte Vecchio, Palazzo Pitti, infine la salita a piazzale Michelangelo e la discesa verso Gavinana per un omaggio a Gino Bartali. A Bagno a Ripoli, in corrispondenza del Viola Park, ci sar\u00e0 lo start della gara con l\u2019inizio della tappa competitiva fino a Rimini, dopo aver attraversato sei comuni della Citt\u00e0 Metropolitana di Firenze (Pontassieve, Pelago, Rufina, Dicomano e San Godenzo oltre a Bagno a Ripoli) prima di scollinare in Emilia Romagna. Tutte le strade interessate dal passaggio dei ciclisti saranno chiuse al traffico veicolare.<\/p>\n<p>Per le strade di <strong>Firenze<\/strong> interessate nel dettaglio vi rimandiamo alla <a href=\"https:\/\/www.comune.fi.it\/dalle-redazioni\/tour-de-france-2024-il-grand-depart-da-firenze\" target=\"_blank\" rel=\"noopener\">pagina dedicata sul sito del Comune<\/a>.<\/p>\n<p>Per quanto riguarda <strong>Bagno a Ripoli<\/strong>, dalle 9,30 alle 14,00 di sabato via di Rosano sar\u00e0 chiusa al transito. La viabilit\u00e0 alternativa: per chi proviene da San Donato in Collina ed \u00e8 diretto a Firenze \u2013 Via Roma fino a Osteria Nuova, Antella, Ponte a Ema, viadotto Marco Polo. Per chi proviene da Firenze ed \u00e8 diretto a Pontassieve \u2013 viadotto Marco Polo,\u00a0 Ponte a Ema,\u00a0 Antella, Osteria Nuova\u00a0 e poi direzione Rignano\/Rosano oppure\u00a0 via Roma SP01 da Piazza N. Rodolico fino ad Osteria Nuova e poi direzione Rignano\/Rosano<\/p>\n<p>Da qui arriver\u00e0 a <strong>Pontassieve<\/strong>, dalla strada provinciale sp34 di Rosano e, attraversando la rotatoria della Vicas, entrer\u00e0 nell\u2019abitato di Pontassieve percorrendo Via Aretina, Via Garibaldi, Via Gori per arrivare a San Francesco in via Forlivese, attraverso il Ponte Nuovo, fino alla fine del paese, per poi proseguire in direzione Rufina. Per permettere il passaggio della corsa e della carovana del Tour la viabilit\u00e0, sabato 29 dalle ore 9,30 alle 13,30 ca. chiusura di tutte le strade interessate e degli accessi (anche privati) che si immettono nel percorso di gara. Si segnala che tali limitazioni all\u2019accesso sul tracciato di gara saranno in vigore anche per le frazioni di Montebonello, Acone e Colognole in coincidenza con l\u2019immissione sulla strada SS67 nel Comune di Rufina, anch\u2019essa compresa nel tracciato di gara.<\/p>\n<p>&nbsp;<\/p>\n","protected":false},"excerpt":{"rendered":"<p>Oltre a Firenze, la partenza della Grand Boucle interesser\u00e0 i comuni di Bagno a Ripoli, Pontassieve, Pelago, Rufina, Dicomano e San Godenzo con modifiche alla circolazione di treni e autobus urbani e extraurbani<\/p>\n","protected":false},"author":507,"featured_media":346977,"comment_status":"open","ping_status":"open","sticky":false,"template":"","format":"standard","meta":{"_acf_changed":false,"footnotes":""},"categories":[494],"tags":[1577,6752],"class_list":["post-347043","post","type-post","status-publish","format-standard","has-post-thumbnail","hentry","category-attualita","tag-muoversi-in-toscana","tag-tour-de-france"],"acf":[],"yoast_head":"<!-- This site is optimized with the Yoast SEO Premium plugin v24.2 (Yoast SEO v25.6) - https:\/\/yoast.com\/wordpress\/plugins\/seo\/ -->\n<title>Tour de France, i provvedimenti per viabilit\u00e0, treni, bus e tramvia - intoscana<\/title>\n<meta name=\"robots\" content=\"index, follow, max-snippet:-1, max-image-preview:large, max-video-preview:-1\" \/>\n<link rel=\"canonical\" href=\"https:\/\/www.intoscana.it\/it\/tour-de-france-tutti-i-provvedimenti-per-viabilita-treni-bus-e-tramvia\/\" \/>\n<meta property=\"og:locale\" content=\"it_IT\" \/>\n<meta property=\"og:type\" content=\"article\" \/>\n<meta property=\"og:title\" content=\"Tour de France, i provvedimenti per viabilit\u00e0, treni, bus e tramvia\" \/>\n<meta property=\"og:description\" content=\"Oltre a Firenze, la partenza della Grand Boucle interesser\u00e0 i comuni di Bagno a Ripoli, Pontassieve, Pelago, Rufina, Dicomano e San Godenzo con modifiche alla circolazione di treni e autobus urbani e extraurbani\" \/>\n<meta property=\"og:url\" content=\"https:\/\/www.intoscana.it\/it\/tour-de-france-tutti-i-provvedimenti-per-viabilita-treni-bus-e-tramvia\/\" \/>\n<meta property=\"og:site_name\" content=\"intoscana\" \/>\n<meta property=\"article:publisher\" content=\"https:\/\/www.facebook.com\/intoscana.it\" \/>\n<meta property=\"article:published_time\" content=\"2024-06-27T09:50:21+00:00\" \/>\n<meta property=\"article:modified_time\" content=\"2024-06-28T09:35:47+00:00\" \/>\n<meta property=\"og:image\" content=\"https:\/\/www.intoscana.it\/wp-content\/uploads\/divieti-tourdefrance.jpeg\" \/>\n\t<meta property=\"og:image:width\" content=\"1280\" \/>\n\t<meta property=\"og:image:height\" content=\"960\" \/>\n\t<meta property=\"og:image:type\" content=\"image\/jpeg\" \/>\n<meta name=\"author\" content=\"Chiara Bianchini\" \/>\n<meta name=\"twitter:card\" content=\"summary_large_image\" \/>\n<meta name=\"twitter:creator\" content=\"@intoscana\" \/>\n<meta name=\"twitter:site\" content=\"@intoscana\" \/>\n<meta name=\"twitter:label1\" content=\"Written by\" \/>\n\t<meta name=\"twitter:data1\" content=\"Chiara Bianchini\" \/>\n\t<meta name=\"twitter:label2\" content=\"Est. reading time\" \/>\n\t<meta name=\"twitter:data2\" content=\"5 minuti\" \/>\n<script type=\"application\/ld+json\" class=\"yoast-schema-graph\">{\"@context\":\"https:\/\/schema.org\",\"@graph\":[{\"@type\":\"WebPage\",\"@id\":\"https:\/\/www.intoscana.it\/it\/tour-de-france-tutti-i-provvedimenti-per-viabilita-treni-bus-e-tramvia\/\",\"url\":\"https:\/\/www.intoscana.it\/it\/tour-de-france-tutti-i-provvedimenti-per-viabilita-treni-bus-e-tramvia\/\",\"name\":\"Tour de France, i provvedimenti per viabilit\u00e0, treni, bus e tramvia - intoscana\",\"isPartOf\":{\"@id\":\"https:\/\/www.intoscana.it\/it\/#website\"},\"primaryImageOfPage\":{\"@id\":\"https:\/\/www.intoscana.it\/it\/tour-de-france-tutti-i-provvedimenti-per-viabilita-treni-bus-e-tramvia\/#primaryimage\"},\"image\":{\"@id\":\"https:\/\/www.intoscana.it\/it\/tour-de-france-tutti-i-provvedimenti-per-viabilita-treni-bus-e-tramvia\/#primaryimage\"},\"thumbnailUrl\":\"https:\/\/www.intoscana.it\/wp-content\/uploads\/divieti-tourdefrance.jpeg\",\"datePublished\":\"2024-06-27T09:50:21+00:00\",\"dateModified\":\"2024-06-28T09:35:47+00:00\",\"author\":{\"@id\":\"https:\/\/www.intoscana.it\/it\/#\/schema\/person\/010af92117f50561886339ad5b873a41\"},\"breadcrumb\":{\"@id\":\"https:\/\/www.intoscana.it\/it\/tour-de-france-tutti-i-provvedimenti-per-viabilita-treni-bus-e-tramvia\/#breadcrumb\"},\"inLanguage\":\"it-IT\",\"potentialAction\":[{\"@type\":\"ReadAction\",\"target\":[\"https:\/\/www.intoscana.it\/it\/tour-de-france-tutti-i-provvedimenti-per-viabilita-treni-bus-e-tramvia\/\"]}]},{\"@type\":\"ImageObject\",\"inLanguage\":\"it-IT\",\"@id\":\"https:\/\/www.intoscana.it\/it\/tour-de-france-tutti-i-provvedimenti-per-viabilita-treni-bus-e-tramvia\/#primaryimage\",\"url\":\"https:\/\/www.intoscana.it\/wp-content\/uploads\/divieti-tourdefrance.jpeg\",\"contentUrl\":\"https:\/\/www.intoscana.it\/wp-content\/uploads\/divieti-tourdefrance.jpeg\",\"width\":1280,\"height\":960},{\"@type\":\"BreadcrumbList\",\"@id\":\"https:\/\/www.intoscana.it\/it\/tour-de-france-tutti-i-provvedimenti-per-viabilita-treni-bus-e-tramvia\/#breadcrumb\",\"itemListElement\":[{\"@type\":\"ListItem\",\"position\":1,\"name\":\"Home\",\"item\":\"https:\/\/www.intoscana.it\/it\/\"},{\"@type\":\"ListItem\",\"position\":2,\"name\":\"Tour de France, i provvedimenti per viabilit\u00e0, treni, bus e tramvia\"}]},{\"@type\":\"WebSite\",\"@id\":\"https:\/\/www.intoscana.it\/it\/#website\",\"url\":\"https:\/\/www.intoscana.it\/it\/\",\"name\":\"intoscana\",\"description\":\"\",\"potentialAction\":[{\"@type\":\"SearchAction\",\"target\":{\"@type\":\"EntryPoint\",\"urlTemplate\":\"https:\/\/www.intoscana.it\/it\/?s={search_term_string}\"},\"query-input\":{\"@type\":\"PropertyValueSpecification\",\"valueRequired\":true,\"valueName\":\"search_term_string\"}}],\"inLanguage\":\"it-IT\"},{\"@type\":\"Person\",\"@id\":\"https:\/\/www.intoscana.it\/it\/#\/schema\/person\/010af92117f50561886339ad5b873a41\",\"name\":\"Chiara Bianchini\",\"sameAs\":[\"c.bianchini@fst.it\"],\"url\":\"https:\/\/www.intoscana.it\/it\/author\/chiara-bianchini\/\"}]}<\/script>\n<!-- \/ Yoast SEO Premium plugin. -->","yoast_head_json":{"title":"Tour de France, i provvedimenti per viabilit\u00e0, treni, bus e tramvia - intoscana","robots":{"index":"index","follow":"follow","max-snippet":"max-snippet:-1","max-image-preview":"max-image-preview:large","max-video-preview":"max-video-preview:-1"},"canonical":"https:\/\/www.intoscana.it\/it\/tour-de-france-tutti-i-provvedimenti-per-viabilita-treni-bus-e-tramvia\/","og_locale":"it_IT","og_type":"article","og_title":"Tour de France, i provvedimenti per viabilit\u00e0, treni, bus e tramvia","og_description":"Oltre a Firenze, la partenza della Grand Boucle interesser\u00e0 i comuni di Bagno a Ripoli, Pontassieve, Pelago, Rufina, Dicomano e San Godenzo con modifiche alla circolazione di treni e autobus urbani e extraurbani","og_url":"https:\/\/www.intoscana.it\/it\/tour-de-france-tutti-i-provvedimenti-per-viabilita-treni-bus-e-tramvia\/","og_site_name":"intoscana","article_publisher":"https:\/\/www.facebook.com\/intoscana.it","article_published_time":"2024-06-27T09:50:21+00:00","article_modified_time":"2024-06-28T09:35:47+00:00","og_image":[{"width":1280,"height":960,"url":"https:\/\/www.intoscana.it\/wp-content\/uploads\/divieti-tourdefrance.jpeg","type":"image\/jpeg"}],"author":"Chiara Bianchini","twitter_card":"summary_large_image","twitter_creator":"@intoscana","twitter_site":"@intoscana","twitter_misc":{"Written by":"Chiara Bianchini","Est. reading time":"5 minuti"},"schema":{"@context":"https:\/\/schema.org","@graph":[{"@type":"WebPage","@id":"https:\/\/www.intoscana.it\/it\/tour-de-france-tutti-i-provvedimenti-per-viabilita-treni-bus-e-tramvia\/","url":"https:\/\/www.intoscana.it\/it\/tour-de-france-tutti-i-provvedimenti-per-viabilita-treni-bus-e-tramvia\/","name":"Tour de France, i provvedimenti per viabilit\u00e0, treni, bus e tramvia - intoscana","isPartOf":{"@id":"https:\/\/www.intoscana.it\/it\/#website"},"primaryImageOfPage":{"@id":"https:\/\/www.intoscana.it\/it\/tour-de-france-tutti-i-provvedimenti-per-viabilita-treni-bus-e-tramvia\/#primaryimage"},"image":{"@id":"https:\/\/www.intoscana.it\/it\/tour-de-france-tutti-i-provvedimenti-per-viabilita-treni-bus-e-tramvia\/#primaryimage"},"thumbnailUrl":"https:\/\/www.intoscana.it\/wp-content\/uploads\/divieti-tourdefrance.jpeg","datePublished":"2024-06-27T09:50:21+00:00","dateModified":"2024-06-28T09:35:47+00:00","author":{"@id":"https:\/\/www.intoscana.it\/it\/#\/schema\/person\/010af92117f50561886339ad5b873a41"},"breadcrumb":{"@id":"https:\/\/www.intoscana.it\/it\/tour-de-france-tutti-i-provvedimenti-per-viabilita-treni-bus-e-tramvia\/#breadcrumb"},"inLanguage":"it-IT","potentialAction":[{"@type":"ReadAction","target":["https:\/\/www.intoscana.it\/it\/tour-de-france-tutti-i-provvedimenti-per-viabilita-treni-bus-e-tramvia\/"]}]},{"@type":"ImageObject","inLanguage":"it-IT","@id":"https:\/\/www.intoscana.it\/it\/tour-de-france-tutti-i-provvedimenti-per-viabilita-treni-bus-e-tramvia\/#primaryimage","url":"https:\/\/www.intoscana.it\/wp-content\/uploads\/divieti-tourdefrance.jpeg","contentUrl":"https:\/\/www.intoscana.it\/wp-content\/uploads\/divieti-tourdefrance.jpeg","width":1280,"height":960},{"@type":"BreadcrumbList","@id":"https:\/\/www.intoscana.it\/it\/tour-de-france-tutti-i-provvedimenti-per-viabilita-treni-bus-e-tramvia\/#breadcrumb","itemListElement":[{"@type":"ListItem","position":1,"name":"Home","item":"https:\/\/www.intoscana.it\/it\/"},{"@type":"ListItem","position":2,"name":"Tour de France, i provvedimenti per viabilit\u00e0, treni, bus e tramvia"}]},{"@type":"WebSite","@id":"https:\/\/www.intoscana.it\/it\/#website","url":"https:\/\/www.intoscana.it\/it\/","name":"intoscana","description":"","potentialAction":[{"@type":"SearchAction","target":{"@type":"EntryPoint","urlTemplate":"https:\/\/www.intoscana.it\/it\/?s={search_term_string}"},"query-input":{"@type":"PropertyValueSpecification","valueRequired":true,"valueName":"search_term_string"}}],"inLanguage":"it-IT"},{"@type":"Person","@id":"https:\/\/www.intoscana.it\/it\/#\/schema\/person\/010af92117f50561886339ad5b873a41","name":"Chiara Bianchini","sameAs":["c.bianchini@fst.it"],"url":"https:\/\/www.intoscana.it\/it\/author\/chiara-bianchini\/"}]}},"_links":{"self":[{"href":"https:\/\/www.intoscana.it\/it\/wp-json\/wp\/v2\/posts\/347043","targetHints":{"allow":["GET"]}}],"collection":[{"href":"https:\/\/www.intoscana.it\/it\/wp-json\/wp\/v2\/posts"}],"about":[{"href":"https:\/\/www.intoscana.it\/it\/wp-json\/wp\/v2\/types\/post"}],"author":[{"embeddable":true,"href":"https:\/\/www.intoscana.it\/it\/wp-json\/wp\/v2\/users\/507"}],"replies":[{"embeddable":true,"href":"https:\/\/www.intoscana.it\/it\/wp-json\/wp\/v2\/comments?post=347043"}],"version-history":[{"count":6,"href":"https:\/\/www.intoscana.it\/it\/wp-json\/wp\/v2\/posts\/347043\/revisions"}],"predecessor-version":[{"id":347349,"href":"https:\/\/www.intoscana.it\/it\/wp-json\/wp\/v2\/posts\/347043\/revisions\/347349"}],"wp:featuredmedia":[{"embeddable":true,"href":"https:\/\/www.intoscana.it\/it\/wp-json\/wp\/v2\/media\/346977"}],"wp:attachment":[{"href":"https:\/\/www.intoscana.it\/it\/wp-json\/wp\/v2\/media?parent=347043"}],"wp:term":[{"taxonomy":"category","embeddable":true,"href":"https:\/\/www.intoscana.it\/it\/wp-json\/wp\/v2\/categories?post=347043"},{"taxonomy":"post_tag","embeddable":true,"href":"https:\/\/www.intoscana.it\/it\/wp-json\/wp\/v2\/tags?post=347043"}],"curies":[{"name":"wp","href":"https:\/\/api.w.org\/{rel}","templated":true}]}}