{"id":347090,"date":"2024-06-27T13:45:52","date_gmt":"2024-06-27T11:45:52","guid":{"rendered":"https:\/\/www.intoscana.it\/it\/?p=347090"},"modified":"2024-06-27T14:59:51","modified_gmt":"2024-06-27T12:59:51","slug":"moda-la-ricetta-di-cucinelli-in-azienda-serve-lavorare-il-giusto","status":"publish","type":"post","link":"https:\/\/www.intoscana.it\/it\/moda-la-ricetta-di-cucinelli-in-azienda-serve-lavorare-il-giusto\/","title":{"rendered":"Moda, la ricetta di Cucinelli: &#8220;In azienda serve lavorare il giusto&#8221;"},"content":{"rendered":"<p>Sulla quantit\u00e0 di <strong>ore in un&#8217;azienda<\/strong> non ha dubbi: &#8220;<em>io sono un sostenitore di lavorare il giusto<\/em>&#8220;. <strong>Brunello Cucinelli<\/strong> offre un approccio illuminante sul modo corretto di concepire l&#8217;<strong>attivit\u00e0 imprenditoriale<\/strong>. L&#8217;occasione per ascoltarlo parlare a Firenze \u00e8 arrivata con i &#8220;<em>Colloqui dell&#8217;economia<\/em>&#8216; , un format della locale Camera di commercio, organizzato in collaborazione con Il Sole 24 Ore Radiocor.<\/p>\n<p>&#8220;<em>Noi entriamo tutti insieme alle 8, manager o non manager. Alle 13 si va a pranzo. Io faccio anche il pisolino dopo pranzo. Poi si inizia alle 14.30 fino alle 17.30, sono le giuste ore lavorative<\/em>&#8221; ha raccontato il presidente del brand di lusso portando ad esempio l&#8217;esperienza della sua azienda.<\/p>\n<h3>Alla ricerca del giusto equilibrio<\/h3>\n<p>&#8220;<em>Il tema \u00e8 quanto realmente al lavoro noi siamo concentrati sul lavoro<\/em> &#8211; ha aggiunto -. <em>Nelle nostre riunioni nessuno usa i telefonini. Poi dopo le 17.30 ognuno va a vivere la propria vita privata. \u00c8 un riequilibrio. Dobbiamo lavorare otto ore, in bei luoghi, ed avere una sostenibilit\u00e0 spirituale. Se io ti tratto bene tu mi tratti meglio e lavoriamo meglio, altrimenti il nostro spirito sta peggio e la creativit\u00e0 \u00e8 ancora inferiore. Rousseau dice che tutto \u00e8 creativo quando intorno \u00e8 in equilibrio il Creato. Dobbiamo ritrovare un vivere secondo misura, equilibrato&#8221;<\/em>.<\/p>\n<p>Il mondo, ha aggiunto Cucinelli, &#8220;<em>ha bisogno di trovare un nuovo equilibrio, siamo alla ricerca di qualcosa, il mal dell&#8217;anima \u00e8 molto forte<\/em>&#8220;. Ai giovani ha ricordato &#8220;d<em>i sostituire la paura con la speranza e tutto cambier\u00e0. Se dedichi met\u00e0 del tuo tempo allo studio e met\u00e0 all&#8217;intelligenza dell&#8217;anima vieni su migliore come essere umano<\/em>&#8220;.<\/p>\n<p>&#8220;<em>Noi abbiamo trasmesso ai figli l&#8217;obbligo di aver paura invece della speranza<\/em> &#8211; ha aggiunto -.<em> Ma fate la met\u00e0 dei compiti, andate avanti con l&#8217;intelligenza dell&#8217;anima. Possiamo tornare a che i nostri figli e nipoti si divertano, riposino, facciano i compiti il giusto? Invece, ci sono gli insegnanti che mandano i compiti la domenica&#8221;.<\/em><\/p>\n<figure id=\"post-266418 media-266418\" class=\"align-none\"><img decoding=\"async\" src=\"https:\/\/www.intoscana.it\/wp-content\/uploads\/IMG_4862-scaled.jpg\" alt=\"\" \/><\/figure>\n<div class=\"titleimg\">Brunello Cucinelli<\/div>\n<h3>Cucinelli, un brand di successo nel mondo<\/h3>\n<p>Sul settore della moda &#8220;<em>abbiamo fatto un triennio dove quasi tutti abbiamo raddoppiato il fatturato e ora stiamo riaffrontando un momento di grande riequilibrio&#8221;. &#8220;Io sono per una crescita sana, equilibrata&#8221; e dobbiamo ritrovare un vivere secondo misura, in modo equilibrato&#8221; <\/em>ha aggiunto.<\/p>\n<p>Secondo Cucinelli quello dei prezzi &#8220;<em>\u00e8 un altro grande tema. Credo che noi dobbiamo avere il giusto profitto. Serve ridare la dignit\u00e0 al lavoro operaio ed \u00e8 molto difficile. Tu vai a lavorare in fabbrica: se gli uffici hanno finestre belle, la produzione non ha finestre. Questo perch\u00e9 siamo stati educati con un concetto: quando produci non alzi gli occhi al cielo, senn\u00f2 perdi tempo. Dobbiamo fare un cambio di fondo sul lavoro operaio&#8221;.<\/em><\/p>\n<p>Sulla propria azienda &#8220;<em>noi siamo quotati in borsa, siamo credibili: questo lo sento, quando affrontiamo gli investitori la prima cosa che ti dicono non ti parlano dell&#8217;azienda ma del valore dell&#8217;Italia, siamo i pi\u00f9 grandi manifatturieri al mondo di qualit\u00e0. Ma per fare manufatti di qualit\u00e0, serve ridare dignit\u00e0 morale ed economica al lavoro manuale&#8221;.<\/em> Sui ricavi del 2024, ha concluso Cucinelli,<em> &#8220;le cose stanno andando bene, io sono contentissimo&#8221;.<\/em><\/p>\n<figure id=\"post-177002 media-177002\" class=\"align-none\"><img decoding=\"async\" src=\"https:\/\/www.intoscana.it\/wp-content\/uploads\/PRIMANTE_2021_AV__1251.jpg\" alt=\"\" \/><\/figure>\n<div class=\"titleimg\">Leonardo Bassilichi &#8211; \u00a9 Antonio Viscido<\/div>\n<h3>Bassilichi e le difficolt\u00e0 del comparto moda<\/h3>\n<p>Il presidente della Camera di commercio fiorentina, Leonardo Bassilichi ha ricordato le difficolt\u00e0 del comparto moda: \u201c<em>non sono congiunturali, ma strutturali. Il pubblico \u00e8 disposto a spendere ma a patto di avere un prodotto davvero di alta qualit\u00e0. La massificazione del lusso<\/em> &#8211; ha detto \u2013 <em>ha fatto il suo tempo e le imprese devono fare i conti con questo cambiamento radicale, a cominciare dalla riorganizzazione delle filiere produttive\u201d.<\/em><\/p>\n<p>Il <strong>report sul settore<\/strong> moda dell\u2019Ufficio studi della Camera di commercio mette in evidenza le difficolt\u00e0 del comparto, con una <strong>flessione delle esportazioni<\/strong> nel 2023 del 7,2% per la <strong>pelletteria<\/strong>, del 7,7% per l\u2019<strong>abbigliamento<\/strong>, del 15,5% per la <strong>maglieria<\/strong> e del 22,7% per le <strong>calzature<\/strong>, a fronte di un buon andamento complessivo dell\u2019export per l\u2019economia fiorentina (+2,5% lo scorso anno).<\/p>\n<p>I numeri confermano <strong>il peso della Toscana e di Firenze<\/strong> in particolare nel settore della moda. A livello nazionale, le imprese che operano nel settore moda sono <strong>oltre 281mila<\/strong> (4,4% del totale delle imprese attive), di cui 34.662 in Toscana (7,8% del totale regionale) e <strong>10.691 a Firenze<\/strong> (9,2% del totale nella citt\u00e0 metropolitana). Per quanto riguarda <strong>gli addetti<\/strong>, sono quasi <strong>844mila in Italia<\/strong> (4,3% del totale), <strong>142mila in Toscana<\/strong> (10,8% del totale) e poco meno di <strong>50mila a Firenze<\/strong> (12,5% del totale).<\/p>\n","protected":false},"excerpt":{"rendered":"<p>Il presidente del brand di lusso ospite del format &#8220;Colloqui dell&#8217;economia&#8221; alla Camera di commercio di Firenze<\/p>\n","protected":false},"author":525,"featured_media":278756,"comment_status":"open","ping_status":"open","sticky":false,"template":"","format":"standard","meta":{"_acf_changed":false,"footnotes":""},"categories":[9],"tags":[189],"class_list":["post-347090","post","type-post","status-publish","format-standard","has-post-thumbnail","hentry","category-made-in-toscana","tag-moda"],"acf":[],"yoast_head":"<!-- This site is optimized with the Yoast SEO Premium plugin v24.2 (Yoast SEO v25.6) - https:\/\/yoast.com\/wordpress\/plugins\/seo\/ -->\n<title>Moda, la ricetta di Cucinelli: &quot;In azienda serve lavorare il giusto&quot; - intoscana<\/title>\n<meta name=\"description\" content=\"Il presidente del brand di lusso ospite del format &quot;Colloqui dell&#039;economia&quot; alla Camera di commercio di Firenze\" \/>\n<meta name=\"robots\" content=\"index, follow, max-snippet:-1, max-image-preview:large, max-video-preview:-1\" \/>\n<link rel=\"canonical\" href=\"https:\/\/www.intoscana.it\/it\/moda-la-ricetta-di-cucinelli-in-azienda-serve-lavorare-il-giusto\/\" \/>\n<meta property=\"og:locale\" content=\"it_IT\" \/>\n<meta property=\"og:type\" content=\"article\" \/>\n<meta property=\"og:title\" content=\"Moda, la ricetta di Cucinelli: &quot;In azienda serve lavorare il giusto&quot;\" \/>\n<meta property=\"og:description\" content=\"Il presidente del brand di lusso ospite del format &quot;Colloqui dell&#039;economia&quot; alla Camera di commercio di Firenze\" \/>\n<meta property=\"og:url\" content=\"https:\/\/www.intoscana.it\/it\/moda-la-ricetta-di-cucinelli-in-azienda-serve-lavorare-il-giusto\/\" \/>\n<meta property=\"og:site_name\" content=\"intoscana\" \/>\n<meta property=\"article:publisher\" content=\"https:\/\/www.facebook.com\/intoscana.it\" \/>\n<meta property=\"article:published_time\" content=\"2024-06-27T11:45:52+00:00\" \/>\n<meta property=\"article:modified_time\" content=\"2024-06-27T12:59:51+00:00\" \/>\n<meta property=\"og:image\" content=\"https:\/\/www.intoscana.it\/wp-content\/uploads\/Brunello-Cucinelli-1-e1679589660614.jpeg\" \/>\n\t<meta property=\"og:image:width\" content=\"1024\" \/>\n\t<meta property=\"og:image:height\" content=\"739\" \/>\n\t<meta property=\"og:image:type\" content=\"image\/jpeg\" \/>\n<meta name=\"author\" content=\"Redazione\" \/>\n<meta name=\"twitter:card\" content=\"summary_large_image\" \/>\n<meta name=\"twitter:creator\" content=\"@intoscana\" \/>\n<meta name=\"twitter:site\" content=\"@intoscana\" \/>\n<meta name=\"twitter:label1\" content=\"Written by\" \/>\n\t<meta name=\"twitter:data1\" content=\"Redazione\" \/>\n\t<meta name=\"twitter:label2\" content=\"Est. reading time\" \/>\n\t<meta name=\"twitter:data2\" content=\"5 minuti\" \/>\n<script type=\"application\/ld+json\" class=\"yoast-schema-graph\">{\"@context\":\"https:\/\/schema.org\",\"@graph\":[{\"@type\":\"WebPage\",\"@id\":\"https:\/\/www.intoscana.it\/it\/moda-la-ricetta-di-cucinelli-in-azienda-serve-lavorare-il-giusto\/\",\"url\":\"https:\/\/www.intoscana.it\/it\/moda-la-ricetta-di-cucinelli-in-azienda-serve-lavorare-il-giusto\/\",\"name\":\"Moda, la ricetta di Cucinelli: \\\"In azienda serve lavorare il giusto\\\" - intoscana\",\"isPartOf\":{\"@id\":\"https:\/\/www.intoscana.it\/it\/#website\"},\"primaryImageOfPage\":{\"@id\":\"https:\/\/www.intoscana.it\/it\/moda-la-ricetta-di-cucinelli-in-azienda-serve-lavorare-il-giusto\/#primaryimage\"},\"image\":{\"@id\":\"https:\/\/www.intoscana.it\/it\/moda-la-ricetta-di-cucinelli-in-azienda-serve-lavorare-il-giusto\/#primaryimage\"},\"thumbnailUrl\":\"https:\/\/www.intoscana.it\/wp-content\/uploads\/Brunello-Cucinelli-1-e1679589660614.jpeg\",\"datePublished\":\"2024-06-27T11:45:52+00:00\",\"dateModified\":\"2024-06-27T12:59:51+00:00\",\"author\":{\"@id\":\"https:\/\/www.intoscana.it\/it\/#\/schema\/person\/9223810753230f20bd670fdd322661f8\"},\"description\":\"Il presidente del brand di lusso ospite del format \\\"Colloqui dell'economia\\\" alla Camera di commercio di Firenze\",\"breadcrumb\":{\"@id\":\"https:\/\/www.intoscana.it\/it\/moda-la-ricetta-di-cucinelli-in-azienda-serve-lavorare-il-giusto\/#breadcrumb\"},\"inLanguage\":\"it-IT\",\"potentialAction\":[{\"@type\":\"ReadAction\",\"target\":[\"https:\/\/www.intoscana.it\/it\/moda-la-ricetta-di-cucinelli-in-azienda-serve-lavorare-il-giusto\/\"]}]},{\"@type\":\"ImageObject\",\"inLanguage\":\"it-IT\",\"@id\":\"https:\/\/www.intoscana.it\/it\/moda-la-ricetta-di-cucinelli-in-azienda-serve-lavorare-il-giusto\/#primaryimage\",\"url\":\"https:\/\/www.intoscana.it\/wp-content\/uploads\/Brunello-Cucinelli-1-e1679589660614.jpeg\",\"contentUrl\":\"https:\/\/www.intoscana.it\/wp-content\/uploads\/Brunello-Cucinelli-1-e1679589660614.jpeg\",\"width\":1024,\"height\":739},{\"@type\":\"BreadcrumbList\",\"@id\":\"https:\/\/www.intoscana.it\/it\/moda-la-ricetta-di-cucinelli-in-azienda-serve-lavorare-il-giusto\/#breadcrumb\",\"itemListElement\":[{\"@type\":\"ListItem\",\"position\":1,\"name\":\"Home\",\"item\":\"https:\/\/www.intoscana.it\/it\/\"},{\"@type\":\"ListItem\",\"position\":2,\"name\":\"Moda, la ricetta di Cucinelli: &#8220;In azienda serve lavorare il giusto&#8221;\"}]},{\"@type\":\"WebSite\",\"@id\":\"https:\/\/www.intoscana.it\/it\/#website\",\"url\":\"https:\/\/www.intoscana.it\/it\/\",\"name\":\"intoscana\",\"description\":\"\",\"potentialAction\":[{\"@type\":\"SearchAction\",\"target\":{\"@type\":\"EntryPoint\",\"urlTemplate\":\"https:\/\/www.intoscana.it\/it\/?s={search_term_string}\"},\"query-input\":{\"@type\":\"PropertyValueSpecification\",\"valueRequired\":true,\"valueName\":\"search_term_string\"}}],\"inLanguage\":\"it-IT\"},{\"@type\":\"Person\",\"@id\":\"https:\/\/www.intoscana.it\/it\/#\/schema\/person\/9223810753230f20bd670fdd322661f8\",\"name\":\"Redazione\",\"url\":\"https:\/\/www.intoscana.it\/it\/author\/redazione\/\"}]}<\/script>\n<!-- \/ Yoast SEO Premium plugin. -->","yoast_head_json":{"title":"Moda, la ricetta di Cucinelli: \"In azienda serve lavorare il giusto\" - intoscana","description":"Il presidente del brand di lusso ospite del format \"Colloqui dell'economia\" alla Camera di commercio di Firenze","robots":{"index":"index","follow":"follow","max-snippet":"max-snippet:-1","max-image-preview":"max-image-preview:large","max-video-preview":"max-video-preview:-1"},"canonical":"https:\/\/www.intoscana.it\/it\/moda-la-ricetta-di-cucinelli-in-azienda-serve-lavorare-il-giusto\/","og_locale":"it_IT","og_type":"article","og_title":"Moda, la ricetta di Cucinelli: \"In azienda serve lavorare il giusto\"","og_description":"Il presidente del brand di lusso ospite del format \"Colloqui dell'economia\" alla Camera di commercio di Firenze","og_url":"https:\/\/www.intoscana.it\/it\/moda-la-ricetta-di-cucinelli-in-azienda-serve-lavorare-il-giusto\/","og_site_name":"intoscana","article_publisher":"https:\/\/www.facebook.com\/intoscana.it","article_published_time":"2024-06-27T11:45:52+00:00","article_modified_time":"2024-06-27T12:59:51+00:00","og_image":[{"width":1024,"height":739,"url":"https:\/\/www.intoscana.it\/wp-content\/uploads\/Brunello-Cucinelli-1-e1679589660614.jpeg","type":"image\/jpeg"}],"author":"Redazione","twitter_card":"summary_large_image","twitter_creator":"@intoscana","twitter_site":"@intoscana","twitter_misc":{"Written by":"Redazione","Est. reading time":"5 minuti"},"schema":{"@context":"https:\/\/schema.org","@graph":[{"@type":"WebPage","@id":"https:\/\/www.intoscana.it\/it\/moda-la-ricetta-di-cucinelli-in-azienda-serve-lavorare-il-giusto\/","url":"https:\/\/www.intoscana.it\/it\/moda-la-ricetta-di-cucinelli-in-azienda-serve-lavorare-il-giusto\/","name":"Moda, la ricetta di Cucinelli: \"In azienda serve lavorare il giusto\" - intoscana","isPartOf":{"@id":"https:\/\/www.intoscana.it\/it\/#website"},"primaryImageOfPage":{"@id":"https:\/\/www.intoscana.it\/it\/moda-la-ricetta-di-cucinelli-in-azienda-serve-lavorare-il-giusto\/#primaryimage"},"image":{"@id":"https:\/\/www.intoscana.it\/it\/moda-la-ricetta-di-cucinelli-in-azienda-serve-lavorare-il-giusto\/#primaryimage"},"thumbnailUrl":"https:\/\/www.intoscana.it\/wp-content\/uploads\/Brunello-Cucinelli-1-e1679589660614.jpeg","datePublished":"2024-06-27T11:45:52+00:00","dateModified":"2024-06-27T12:59:51+00:00","author":{"@id":"https:\/\/www.intoscana.it\/it\/#\/schema\/person\/9223810753230f20bd670fdd322661f8"},"description":"Il presidente del brand di lusso ospite del format \"Colloqui dell'economia\" alla Camera di commercio di Firenze","breadcrumb":{"@id":"https:\/\/www.intoscana.it\/it\/moda-la-ricetta-di-cucinelli-in-azienda-serve-lavorare-il-giusto\/#breadcrumb"},"inLanguage":"it-IT","potentialAction":[{"@type":"ReadAction","target":["https:\/\/www.intoscana.it\/it\/moda-la-ricetta-di-cucinelli-in-azienda-serve-lavorare-il-giusto\/"]}]},{"@type":"ImageObject","inLanguage":"it-IT","@id":"https:\/\/www.intoscana.it\/it\/moda-la-ricetta-di-cucinelli-in-azienda-serve-lavorare-il-giusto\/#primaryimage","url":"https:\/\/www.intoscana.it\/wp-content\/uploads\/Brunello-Cucinelli-1-e1679589660614.jpeg","contentUrl":"https:\/\/www.intoscana.it\/wp-content\/uploads\/Brunello-Cucinelli-1-e1679589660614.jpeg","width":1024,"height":739},{"@type":"BreadcrumbList","@id":"https:\/\/www.intoscana.it\/it\/moda-la-ricetta-di-cucinelli-in-azienda-serve-lavorare-il-giusto\/#breadcrumb","itemListElement":[{"@type":"ListItem","position":1,"name":"Home","item":"https:\/\/www.intoscana.it\/it\/"},{"@type":"ListItem","position":2,"name":"Moda, la ricetta di Cucinelli: &#8220;In azienda serve lavorare il giusto&#8221;"}]},{"@type":"WebSite","@id":"https:\/\/www.intoscana.it\/it\/#website","url":"https:\/\/www.intoscana.it\/it\/","name":"intoscana","description":"","potentialAction":[{"@type":"SearchAction","target":{"@type":"EntryPoint","urlTemplate":"https:\/\/www.intoscana.it\/it\/?s={search_term_string}"},"query-input":{"@type":"PropertyValueSpecification","valueRequired":true,"valueName":"search_term_string"}}],"inLanguage":"it-IT"},{"@type":"Person","@id":"https:\/\/www.intoscana.it\/it\/#\/schema\/person\/9223810753230f20bd670fdd322661f8","name":"Redazione","url":"https:\/\/www.intoscana.it\/it\/author\/redazione\/"}]}},"_links":{"self":[{"href":"https:\/\/www.intoscana.it\/it\/wp-json\/wp\/v2\/posts\/347090","targetHints":{"allow":["GET"]}}],"collection":[{"href":"https:\/\/www.intoscana.it\/it\/wp-json\/wp\/v2\/posts"}],"about":[{"href":"https:\/\/www.intoscana.it\/it\/wp-json\/wp\/v2\/types\/post"}],"author":[{"embeddable":true,"href":"https:\/\/www.intoscana.it\/it\/wp-json\/wp\/v2\/users\/525"}],"replies":[{"embeddable":true,"href":"https:\/\/www.intoscana.it\/it\/wp-json\/wp\/v2\/comments?post=347090"}],"version-history":[{"count":15,"href":"https:\/\/www.intoscana.it\/it\/wp-json\/wp\/v2\/posts\/347090\/revisions"}],"predecessor-version":[{"id":347145,"href":"https:\/\/www.intoscana.it\/it\/wp-json\/wp\/v2\/posts\/347090\/revisions\/347145"}],"wp:featuredmedia":[{"embeddable":true,"href":"https:\/\/www.intoscana.it\/it\/wp-json\/wp\/v2\/media\/278756"}],"wp:attachment":[{"href":"https:\/\/www.intoscana.it\/it\/wp-json\/wp\/v2\/media?parent=347090"}],"wp:term":[{"taxonomy":"category","embeddable":true,"href":"https:\/\/www.intoscana.it\/it\/wp-json\/wp\/v2\/categories?post=347090"},{"taxonomy":"post_tag","embeddable":true,"href":"https:\/\/www.intoscana.it\/it\/wp-json\/wp\/v2\/tags?post=347090"}],"curies":[{"name":"wp","href":"https:\/\/api.w.org\/{rel}","templated":true}]}}