{"id":347344,"date":"2024-06-28T11:28:36","date_gmt":"2024-06-28T09:28:36","guid":{"rendered":"https:\/\/www.intoscana.it\/it\/?p=347344"},"modified":"2024-06-28T11:28:54","modified_gmt":"2024-06-28T09:28:54","slug":"incendi-divieto-abbruciamenti","status":"publish","type":"post","link":"https:\/\/www.intoscana.it\/it\/incendi-divieto-abbruciamenti\/","title":{"rendered":"Rischio incendi, dal 1 luglio scatta il divieto di abbruciamenti su tutto il territorio regionale"},"content":{"rendered":"<p>Con l&#8217;arrivo del caldo, torna il divieto di accendere fuochi in tutta la Toscana dall&#8217;<strong>1 luglio al 31 agosto<\/strong>, salvo proroghe, per il rischio di incendi boschivi. A partire da luned\u00ec saranno\u00a0vietati su tutto il territorio regionale gli abbruciamenti di residui vegetali. Negli stessi due mesi \u00e8 vietata anche qualsiasi accensione di fuochi, ad esclusione della cottura di cibi in bracieri e barbecue situati in abitazioni o pertinenze e all&#8217;interno delle aree attrezzate. Anche in questi casi vanno, comunque, osservate le prescrizioni del regolamento forestale.<\/p>\n<h3>Il bollettino di previsione incendi<\/h3>\n<p>La Regione Toscana, in collaborazione con il Consorzio LaMMA e Cnr-Ibe ha predisposto un sistema di previsione del rischio incendi boschivi sul territorio toscano che utilizza l&#8217;indice canadese FWI (Fire Weather Index) per determinare giornalmente il livello di rischio di sviluppo e propagazione di incendio sul territorio regionale ed emettere il relativo bollettino.<\/p>\n<p>Durante il periodo a rischio incendi il\u00a0bollettino\u00a0\u00e8 pubblicato sulla <strong>home page<\/strong> di Regione Toscana.<\/p>\n<p>La classificazione del rischio \u00e8 il frutto di una procedura condivisa a livello nazionale per individuare quattro livelli di pericolosit\u00e0, cos\u00ec come gi\u00e0 avviene, ad esempio, per le allerte meteo.<\/p>\n<p>Alle quattro classi di rischio sono associati altrettanti colori che, per ogni singolo comune della Toscana, consentono di visualizzare immediatamente il livello di pericolo di innesco e propagazione degli incendi boschivi. Oltre al monitoraggio del rischio, il bollettino ospita una sezione che evidenzia i comportamenti corretti che ciascuno di noi deve tenere, sia per evitare l&#8217;innesco di un incendio forestale, sia nel caso di avvistamento di un principio di incendio.<\/p>\n<h3>I numeri da chiamare<\/h3>\n<p>Chiunque avvisti un incendio \u00e8 pregato di segnalarlo tempestivamente al numero verde\u00a0800.425.425\u00a0della Sala operativa regionale antincendi boschivi o al numero di emergenza unico europeo\u00a0<strong>112<\/strong>.<\/p>\n<h3>Come funziona l\u2019Organizzazione regionale AIB<\/h3>\n<p>La lotta attiva \u00e8 coordinata operativamente da una Sala regionale (SOUP) e da 7 Centri operativi provinciali (COP AIB) attivi nei mesi di luglio e agosto con orario 8-20.<\/p>\n<p>La direzione delle operazioni di spegnimento \u00e8 svolta da 170 tecnici di Regione Toscana e degli Enti competenti.<\/p>\n<p>Sul territorio sono impegnate Unioni di Comuni, Citt\u00e0 metropolitana di Firenze, Comuni ed Enti Parco regionali, che organizzano squadre operative costituite da circa 400 operai forestali idonei all&#8217;AIB, ai quali si affiancano le Associazioni di volontariato AIB che in Toscana riuniscono circa 4.000 volontari, tra i soci del Coordinamento Volontariato Toscano e di Croce Rossa Italiana.<\/p>\n<p>La flotta regionale AIB per il supporto alle forze terrestri prevede uno schieramento variabile fino a un massimo di dieci elicotteri, in relazione alle condizioni di rischio.<\/p>\n","protected":false},"excerpt":{"rendered":"<p>La Regione Toscana insieme al Consorzio LaMMA e al Cnr-Ibe ha predisposto un sistema di previsione del rischio incendi boschivi che sar\u00e0 pubblicato sulla home page<\/p>\n","protected":false},"author":525,"featured_media":239301,"comment_status":"open","ping_status":"open","sticky":false,"template":"","format":"standard","meta":{"_acf_changed":false,"footnotes":""},"categories":[494],"tags":[177,6511,3471],"class_list":["post-347344","post","type-post","status-publish","format-standard","has-post-thumbnail","hentry","category-attualita","tag-ambiente","tag-incendi","tag-protezione-civile"],"acf":[],"yoast_head":"<!-- This site is optimized with the Yoast SEO Premium plugin v24.2 (Yoast SEO v25.6) - https:\/\/yoast.com\/wordpress\/plugins\/seo\/ -->\n<title>Rischio incendi, dal 1 luglio scatta il divieto di abbruciamenti su tutto il territorio regionale - intoscana<\/title>\n<meta name=\"description\" content=\"La Regione Toscana ha predisposto un sistema di previsione del rischio incendi boschivi che sar\u00e0 pubblicato sulla home page\" \/>\n<meta name=\"robots\" content=\"index, follow, max-snippet:-1, max-image-preview:large, max-video-preview:-1\" \/>\n<link rel=\"canonical\" href=\"https:\/\/www.intoscana.it\/it\/incendi-divieto-abbruciamenti\/\" \/>\n<meta property=\"og:locale\" content=\"it_IT\" \/>\n<meta property=\"og:type\" content=\"article\" \/>\n<meta property=\"og:title\" content=\"Rischio incendi, dal 1 luglio scatta il divieto di abbruciamenti su tutto il territorio regionale\" \/>\n<meta property=\"og:description\" content=\"La Regione Toscana ha predisposto un sistema di previsione del rischio incendi boschivi che sar\u00e0 pubblicato sulla home page\" \/>\n<meta property=\"og:url\" content=\"https:\/\/www.intoscana.it\/it\/incendi-divieto-abbruciamenti\/\" \/>\n<meta property=\"og:site_name\" content=\"intoscana\" \/>\n<meta property=\"article:publisher\" content=\"https:\/\/www.facebook.com\/intoscana.it\" \/>\n<meta property=\"article:published_time\" content=\"2024-06-28T09:28:36+00:00\" \/>\n<meta property=\"article:modified_time\" content=\"2024-06-28T09:28:54+00:00\" \/>\n<meta property=\"og:image\" content=\"https:\/\/www.intoscana.it\/wp-content\/uploads\/incendio-cinigiano-261053.large_.jpeg\" \/>\n\t<meta property=\"og:image:width\" content=\"1024\" \/>\n\t<meta property=\"og:image:height\" content=\"768\" \/>\n\t<meta property=\"og:image:type\" content=\"image\/jpeg\" \/>\n<meta name=\"author\" content=\"Redazione\" \/>\n<meta name=\"twitter:card\" content=\"summary_large_image\" \/>\n<meta name=\"twitter:creator\" content=\"@intoscana\" \/>\n<meta name=\"twitter:site\" content=\"@intoscana\" \/>\n<meta name=\"twitter:label1\" content=\"Written by\" \/>\n\t<meta name=\"twitter:data1\" content=\"Redazione\" \/>\n\t<meta name=\"twitter:label2\" content=\"Est. reading time\" \/>\n\t<meta name=\"twitter:data2\" content=\"3 minuti\" \/>\n<script type=\"application\/ld+json\" class=\"yoast-schema-graph\">{\"@context\":\"https:\/\/schema.org\",\"@graph\":[{\"@type\":\"WebPage\",\"@id\":\"https:\/\/www.intoscana.it\/it\/incendi-divieto-abbruciamenti\/\",\"url\":\"https:\/\/www.intoscana.it\/it\/incendi-divieto-abbruciamenti\/\",\"name\":\"Rischio incendi, dal 1 luglio scatta il divieto di abbruciamenti su tutto il territorio regionale - intoscana\",\"isPartOf\":{\"@id\":\"https:\/\/www.intoscana.it\/it\/#website\"},\"primaryImageOfPage\":{\"@id\":\"https:\/\/www.intoscana.it\/it\/incendi-divieto-abbruciamenti\/#primaryimage\"},\"image\":{\"@id\":\"https:\/\/www.intoscana.it\/it\/incendi-divieto-abbruciamenti\/#primaryimage\"},\"thumbnailUrl\":\"https:\/\/www.intoscana.it\/wp-content\/uploads\/incendio-cinigiano-261053.large_.jpeg\",\"datePublished\":\"2024-06-28T09:28:36+00:00\",\"dateModified\":\"2024-06-28T09:28:54+00:00\",\"author\":{\"@id\":\"https:\/\/www.intoscana.it\/it\/#\/schema\/person\/9223810753230f20bd670fdd322661f8\"},\"description\":\"La Regione Toscana ha predisposto un sistema di previsione del rischio incendi boschivi che sar\u00e0 pubblicato sulla home page\",\"breadcrumb\":{\"@id\":\"https:\/\/www.intoscana.it\/it\/incendi-divieto-abbruciamenti\/#breadcrumb\"},\"inLanguage\":\"it-IT\",\"potentialAction\":[{\"@type\":\"ReadAction\",\"target\":[\"https:\/\/www.intoscana.it\/it\/incendi-divieto-abbruciamenti\/\"]}]},{\"@type\":\"ImageObject\",\"inLanguage\":\"it-IT\",\"@id\":\"https:\/\/www.intoscana.it\/it\/incendi-divieto-abbruciamenti\/#primaryimage\",\"url\":\"https:\/\/www.intoscana.it\/wp-content\/uploads\/incendio-cinigiano-261053.large_.jpeg\",\"contentUrl\":\"https:\/\/www.intoscana.it\/wp-content\/uploads\/incendio-cinigiano-261053.large_.jpeg\",\"width\":1024,\"height\":768},{\"@type\":\"BreadcrumbList\",\"@id\":\"https:\/\/www.intoscana.it\/it\/incendi-divieto-abbruciamenti\/#breadcrumb\",\"itemListElement\":[{\"@type\":\"ListItem\",\"position\":1,\"name\":\"Home\",\"item\":\"https:\/\/www.intoscana.it\/it\/\"},{\"@type\":\"ListItem\",\"position\":2,\"name\":\"Rischio incendi, dal 1 luglio scatta il divieto di abbruciamenti su tutto il territorio regionale\"}]},{\"@type\":\"WebSite\",\"@id\":\"https:\/\/www.intoscana.it\/it\/#website\",\"url\":\"https:\/\/www.intoscana.it\/it\/\",\"name\":\"intoscana\",\"description\":\"\",\"potentialAction\":[{\"@type\":\"SearchAction\",\"target\":{\"@type\":\"EntryPoint\",\"urlTemplate\":\"https:\/\/www.intoscana.it\/it\/?s={search_term_string}\"},\"query-input\":{\"@type\":\"PropertyValueSpecification\",\"valueRequired\":true,\"valueName\":\"search_term_string\"}}],\"inLanguage\":\"it-IT\"},{\"@type\":\"Person\",\"@id\":\"https:\/\/www.intoscana.it\/it\/#\/schema\/person\/9223810753230f20bd670fdd322661f8\",\"name\":\"Redazione\",\"url\":\"https:\/\/www.intoscana.it\/it\/author\/redazione\/\"}]}<\/script>\n<!-- \/ Yoast SEO Premium plugin. -->","yoast_head_json":{"title":"Rischio incendi, dal 1 luglio scatta il divieto di abbruciamenti su tutto il territorio regionale - intoscana","description":"La Regione Toscana ha predisposto un sistema di previsione del rischio incendi boschivi che sar\u00e0 pubblicato sulla home page","robots":{"index":"index","follow":"follow","max-snippet":"max-snippet:-1","max-image-preview":"max-image-preview:large","max-video-preview":"max-video-preview:-1"},"canonical":"https:\/\/www.intoscana.it\/it\/incendi-divieto-abbruciamenti\/","og_locale":"it_IT","og_type":"article","og_title":"Rischio incendi, dal 1 luglio scatta il divieto di abbruciamenti su tutto il territorio regionale","og_description":"La Regione Toscana ha predisposto un sistema di previsione del rischio incendi boschivi che sar\u00e0 pubblicato sulla home page","og_url":"https:\/\/www.intoscana.it\/it\/incendi-divieto-abbruciamenti\/","og_site_name":"intoscana","article_publisher":"https:\/\/www.facebook.com\/intoscana.it","article_published_time":"2024-06-28T09:28:36+00:00","article_modified_time":"2024-06-28T09:28:54+00:00","og_image":[{"width":1024,"height":768,"url":"https:\/\/www.intoscana.it\/wp-content\/uploads\/incendio-cinigiano-261053.large_.jpeg","type":"image\/jpeg"}],"author":"Redazione","twitter_card":"summary_large_image","twitter_creator":"@intoscana","twitter_site":"@intoscana","twitter_misc":{"Written by":"Redazione","Est. reading time":"3 minuti"},"schema":{"@context":"https:\/\/schema.org","@graph":[{"@type":"WebPage","@id":"https:\/\/www.intoscana.it\/it\/incendi-divieto-abbruciamenti\/","url":"https:\/\/www.intoscana.it\/it\/incendi-divieto-abbruciamenti\/","name":"Rischio incendi, dal 1 luglio scatta il divieto di abbruciamenti su tutto il territorio regionale - intoscana","isPartOf":{"@id":"https:\/\/www.intoscana.it\/it\/#website"},"primaryImageOfPage":{"@id":"https:\/\/www.intoscana.it\/it\/incendi-divieto-abbruciamenti\/#primaryimage"},"image":{"@id":"https:\/\/www.intoscana.it\/it\/incendi-divieto-abbruciamenti\/#primaryimage"},"thumbnailUrl":"https:\/\/www.intoscana.it\/wp-content\/uploads\/incendio-cinigiano-261053.large_.jpeg","datePublished":"2024-06-28T09:28:36+00:00","dateModified":"2024-06-28T09:28:54+00:00","author":{"@id":"https:\/\/www.intoscana.it\/it\/#\/schema\/person\/9223810753230f20bd670fdd322661f8"},"description":"La Regione Toscana ha predisposto un sistema di previsione del rischio incendi boschivi che sar\u00e0 pubblicato sulla home page","breadcrumb":{"@id":"https:\/\/www.intoscana.it\/it\/incendi-divieto-abbruciamenti\/#breadcrumb"},"inLanguage":"it-IT","potentialAction":[{"@type":"ReadAction","target":["https:\/\/www.intoscana.it\/it\/incendi-divieto-abbruciamenti\/"]}]},{"@type":"ImageObject","inLanguage":"it-IT","@id":"https:\/\/www.intoscana.it\/it\/incendi-divieto-abbruciamenti\/#primaryimage","url":"https:\/\/www.intoscana.it\/wp-content\/uploads\/incendio-cinigiano-261053.large_.jpeg","contentUrl":"https:\/\/www.intoscana.it\/wp-content\/uploads\/incendio-cinigiano-261053.large_.jpeg","width":1024,"height":768},{"@type":"BreadcrumbList","@id":"https:\/\/www.intoscana.it\/it\/incendi-divieto-abbruciamenti\/#breadcrumb","itemListElement":[{"@type":"ListItem","position":1,"name":"Home","item":"https:\/\/www.intoscana.it\/it\/"},{"@type":"ListItem","position":2,"name":"Rischio incendi, dal 1 luglio scatta il divieto di abbruciamenti su tutto il territorio regionale"}]},{"@type":"WebSite","@id":"https:\/\/www.intoscana.it\/it\/#website","url":"https:\/\/www.intoscana.it\/it\/","name":"intoscana","description":"","potentialAction":[{"@type":"SearchAction","target":{"@type":"EntryPoint","urlTemplate":"https:\/\/www.intoscana.it\/it\/?s={search_term_string}"},"query-input":{"@type":"PropertyValueSpecification","valueRequired":true,"valueName":"search_term_string"}}],"inLanguage":"it-IT"},{"@type":"Person","@id":"https:\/\/www.intoscana.it\/it\/#\/schema\/person\/9223810753230f20bd670fdd322661f8","name":"Redazione","url":"https:\/\/www.intoscana.it\/it\/author\/redazione\/"}]}},"_links":{"self":[{"href":"https:\/\/www.intoscana.it\/it\/wp-json\/wp\/v2\/posts\/347344","targetHints":{"allow":["GET"]}}],"collection":[{"href":"https:\/\/www.intoscana.it\/it\/wp-json\/wp\/v2\/posts"}],"about":[{"href":"https:\/\/www.intoscana.it\/it\/wp-json\/wp\/v2\/types\/post"}],"author":[{"embeddable":true,"href":"https:\/\/www.intoscana.it\/it\/wp-json\/wp\/v2\/users\/525"}],"replies":[{"embeddable":true,"href":"https:\/\/www.intoscana.it\/it\/wp-json\/wp\/v2\/comments?post=347344"}],"version-history":[{"count":1,"href":"https:\/\/www.intoscana.it\/it\/wp-json\/wp\/v2\/posts\/347344\/revisions"}],"predecessor-version":[{"id":347346,"href":"https:\/\/www.intoscana.it\/it\/wp-json\/wp\/v2\/posts\/347344\/revisions\/347346"}],"wp:featuredmedia":[{"embeddable":true,"href":"https:\/\/www.intoscana.it\/it\/wp-json\/wp\/v2\/media\/239301"}],"wp:attachment":[{"href":"https:\/\/www.intoscana.it\/it\/wp-json\/wp\/v2\/media?parent=347344"}],"wp:term":[{"taxonomy":"category","embeddable":true,"href":"https:\/\/www.intoscana.it\/it\/wp-json\/wp\/v2\/categories?post=347344"},{"taxonomy":"post_tag","embeddable":true,"href":"https:\/\/www.intoscana.it\/it\/wp-json\/wp\/v2\/tags?post=347344"}],"curies":[{"name":"wp","href":"https:\/\/api.w.org\/{rel}","templated":true}]}}