{"id":347460,"date":"2024-06-29T15:06:21","date_gmt":"2024-06-29T13:06:21","guid":{"rendered":"https:\/\/www.intoscana.it\/it\/?p=347460"},"modified":"2024-06-29T15:09:10","modified_gmt":"2024-06-29T13:09:10","slug":"lucca-mondovisione-da-record-per-puccini-secondo-muti","status":"publish","type":"post","link":"https:\/\/www.intoscana.it\/it\/lucca-mondovisione-da-record-per-puccini-secondo-muti\/","title":{"rendered":"Lucca, mondovisione da record per Puccini secondo Muti"},"content":{"rendered":"<p>Un omaggio in mondovisione a 100 anni dalla morte di <strong>Giacomo Puccini<\/strong>. Il momento clou di un 2024 nel segno del genio del <strong>maestro lucchese<\/strong> celebrato su Rai3 in prima serata. Sul podio il maestro <strong>Riccardo Muti<\/strong> a dirigere la \u201csua\u201d <strong>orchestra Cherubini<\/strong>, fondata da lui 20 anni fa.<\/p>\n<p>Un concerto evento non solo per la platea di<strong> 20 milioni di telespettatori<\/strong> che, grazie al piccolo schermo, si \u00e8 rivelata molto pi\u00f9 ampia dei <strong>6mila seduti<\/strong> sotto le stelle, a due passi dalla cinta muraria di Lucca. Tra il pubblico il ministro della Cultura <strong>Gennaro Sangiuliano<\/strong>, il presidente della Regione <strong>Eugenio Giani<\/strong> e pure il regista <strong>Peter Greenway<\/strong> e l&#8217;attore <strong>Dustin Hoffman<\/strong>.<\/p>\n<h3>Puccini 100, il momento clou delle celebrazioni<\/h3>\n<p>&#8220;<em>Puccini secondo Muti<\/em>&#8221; prometteva gi\u00e0 dal titolo il concerto a firma del <strong>Comitato per le celebrazioni pucciniane<\/strong>. Promessa mantenuta con un repertorio tutt&#8217;altro che scontato, selezionato dal direttore d&#8217;orchestra. Cos\u00ec alcune celebri arie celebri, una su tutte: <strong>Nessun Dorma<\/strong>, sono rimaste fuori.<\/p>\n<p>Il concerto \u00e8 stato gestito e organizzato dal <strong>Comune di Lucca<\/strong> con la collaborazione del <mark>Teatro del Giglio, Rai Cultura, Siae, sul palco messo a disposizione da Lucca Summer Festival e dalla &#8216;D&#8217;Alessandro e Galli&#8217;<\/mark>, con il patrocinio del <strong>Ministero della Cultura<\/strong>.<\/p>\n<figure id=\"post-347477 media-347477\" class=\"align-none\"><img decoding=\"async\" src=\"https:\/\/www.intoscana.it\/wp-content\/uploads\/Puccini-il-concerto-a-Lucca-di-Riccardo-Muti-scaled.jpg\" alt=\"\" \/><\/figure>\n<div class=\"titleimg\">Puccini, il concerto a Lucca di Riccardo Muti<\/div>\n<h3>Un repertorio selezionato per un cast stellare<\/h3>\n<p>Durante la serata sono risuonate le arie delle <strong>opere di Puccini.<\/strong>\u00a0Cast d&#8217;alto livello per confrontarsi con da Un bel d\u00ec vedremo da Madama Butterfly (soprano, <strong>Eleonora Buratto<\/strong>) alla Recondita armonia di Tosca (tenore, <strong>Luciano Ganci<\/strong>), quindi Che gelida manina da La boh\u00e8me (tenore, <strong>Dmitry Korchak<\/strong>), Vissi d&#8217;arte da Tosca (<strong>Eleonora Buratto<\/strong>); Ch&#8217;ella mi creda da La fanciulla del West (tenore, <strong>Francesco Meli<\/strong>).<\/p>\n<p>Eseguiti <strong>l&#8217;intermezzo di Manon Lescaut<\/strong> e il <strong>Preludio sinfonico<\/strong>. La soprano <strong>Mariangela Sicilia<\/strong> ha interpretato Donde lieta e la soprano <strong>Lidia Fridman<\/strong> protagonista ancora con Meli nell&#8217;interpretazione del quarto anno di Manon Lescaut. Il tenore <strong>Luciano Ganci<\/strong> \u00e8 stato applauditissimo con l&#8217;interpretazione di E lucean le stelle dalla Tosca.<\/p>\n<figure id=\"post-347475 media-347475\" class=\"align-none\"><img decoding=\"async\" src=\"https:\/\/www.intoscana.it\/wp-content\/uploads\/Puccini-secondo-Muti-a-Lucca-il-maestro-con-Serena-Autieri-scaled.jpg\" alt=\"\" \/><\/figure>\n<div class=\"titleimg\">Puccini secondo Muti a Lucca, il maestro con Serena Autieri<\/div>\n<h3>Muti: Puccini e il metronomo del cuore<\/h3>\n<p>A condurre la serata, trasmessa in diretta in mondovisione su Rai3, <strong>Serena Autieri<\/strong> che, nel nome di Napoli, ha tirato fuori l&#8217;anima partenopea del maestro Muti durante uno scambio di battute sul palco.\u00a0&#8220;<em>Puccini era estremamente rigoroso, meticolosissimo, preciso nei metronomi. Senza dimenticare il metronomo del cuore, che \u00e8 quello che comanda. Che non vuol dire sbracarsi, come si fa solitamente, perch\u00e9 cos\u00ec si fa male a una colonna della musica. Bisogna trovare la profonda espressione nel rispetto delle partiture. Puccini era un uomo che amava la vita. Se non lo avesse fatto non avrebbe scritto quello che ha scritto. Se faceva il monaco buddista avrebbe scritto un&#8217;altra cosa. Con tutto il rispetto per i monaci buddisti&#8221;<\/em> ha detto il direttore Riccardo Muti a Lucca.<\/p>\n<h3>Il ventennale dell&#8217;orchestra Cherubini<\/h3>\n<p>Il maestro ha poi ricordato il ventennale dell&#8217;<strong>orchestra Cherubini<\/strong> a Lucca in formazione extralarge con 123 musicisti, fondata per trasmettere insegnamento a giovani musicisti. &#8220;<em>Ho fondato questa orchestra perch\u00e9 volevo fare qualcosa per il mio Paese. Lo dico per orgoglio di appartenenza al nostro grande Paese. Mi dissi che prima che queste cose che avevo appreso dai miei maestri e che nei libri non ci sono, spariscano con loro devo trasmetterle agli altri\u00ec&#8221;<\/em>, ha sottolineato Muti.<\/p>\n<p>&#8220;<em>Lo dico in tutto il mondo, io provengo dal conservatorio di San Pietro a Majella e dal conservatorio Verdi di Milano, va bene? Poi visto che qualcosa so fare, mi hanno fatto accademico di qua e di l\u00e0.<\/em> -ha sottolineato-. <em>Ci\u00f2 che ho imparato dai miei insegnanti, da Antonino Votto, che fu assistente di Toscanini alla Scala, dalle orchestre di tutto il mondo, ma anche da quelle piccole di provincia, voglio insegnarlo ai ragazzi, non solo elementi di musica, ma soprattutto l&#8217;atteggiamento etico, morale, professionale dello stare in orchestra senza subire l&#8217;autorit\u00e0, l&#8217;autorevolezza del direttore&#8221;.<\/em><\/p>\n<figure id=\"post-347476 media-347476\" class=\"align-none\">\n<figure id=\"post-347476 media-347476\" class=\"align-none\"><img decoding=\"async\" src=\"https:\/\/www.intoscana.it\/wp-content\/uploads\/puccini-muti-ansa.jpg\" alt=\"\" \/><\/figure>\n<div class=\"titleimg\">Puccini, il concerto di Riccardo Muti a Lucca<\/div>\n<\/figure>\n<h3>Cherubini, il meglio della giovent\u00f9 italiana<\/h3>\n<p>Muti ha indicato i musicisti della Cherubini dicendo che &#8220;<em>questi ragazzi rappresentano una parte del meglio della giovent\u00f9 italiana e non sono secondi a nessuno&#8221;<\/em>, poi ampliando il discorso, il grande direttore ha detto che se &#8220;<em>i media si occupassero dei bei fiori che l&#8217;Italia produce e non delle cose negative&#8230;&#8221;<\/em>, quindi ha riportato un detto cinese secondo il quale &#8220;<em>\u00e8 a forza di pensare ai fiori che i fiori crescono<\/em>&#8220;. Muti ha detto di aver conosciuto un piccolo <strong>gruppo di giovani<\/strong> che a <strong>Scampia<\/strong> &#8220;<em>si riunisce in una stanza per fare musica per liberarsi dal male che li circonda, in quella stanza nascono dei fiori. Perch\u00e9 nessuno ne parla?&#8221;.<\/em><\/p>\n<h3>Un omaggio a Puccini, un momento d&#8217;orgoglio per Lucca<\/h3>\n<p>&#8220;<em>Puccini \u00e8 un grande compositore, riconosciuto a tutte le latitudini, le sue opere vengono sempre rappresentate in tutto il mondo. Nell&#8217;anno del centenario della morte \u00e8 giusto rendergli omaggio<\/em> &#8211; ha commentato il ministro alla Cultura, <strong>Gennaro Sangiuliano<\/strong> &#8211; <em>Noi ci siamo fortemente impegnati in questo concerto. Il canto lirico italiano \u00e8 una delle pi\u00f9 importanti espressioni della nostra identit\u00e0 nazionale&#8221;.<\/em><\/p>\n<p>Per Lucca la serata \u00e8 stata un momento di orgoglio per la citt\u00e0, che ha indossato il suo abito migliore per mettersi in posa sotto gli occhi di tutti. &#8220;<em>Siamo emozionati, \u00e8 uno spettacolo che far\u00e0 la storia<\/em> &#8211; ha dichiarato soddisfatto il sindaco <strong>Mario Pardini<\/strong> &#8211; <em>Ci aspettiamo che Lucca sia quello che ha gi\u00e0 confermato nei fatti, ovvero una capitale della cultura, un luogo dove possono essere fatti eventi magici che rimangono pietre miliari&#8221;<\/em>.<\/p>\n","protected":false},"excerpt":{"rendered":"<p>Il concerto sotto le stelle ha rappresentato il clou delle celebrazioni per i 100 anni della morte del maestro lucchese<\/p>\n","protected":false},"author":554,"featured_media":347478,"comment_status":"open","ping_status":"open","sticky":false,"template":"","format":"standard","meta":{"_acf_changed":false,"footnotes":""},"categories":[493],"tags":[170,6024],"class_list":["post-347460","post","type-post","status-publish","format-standard","has-post-thumbnail","hentry","category-cultura","tag-lucca","tag-puccini"],"acf":[],"yoast_head":"<!-- This site is optimized with the Yoast SEO Premium plugin v24.2 (Yoast SEO v25.6) - https:\/\/yoast.com\/wordpress\/plugins\/seo\/ -->\n<title>Lucca, mondovisione da record per Puccini secondo Muti - intoscana<\/title>\n<meta name=\"description\" content=\"Il concerto sotto le stelle ha rappresentato il clou delle celebrazioni per i 100 anni della morte del maestro lucchese\" \/>\n<meta name=\"robots\" content=\"index, follow, max-snippet:-1, max-image-preview:large, max-video-preview:-1\" \/>\n<link rel=\"canonical\" href=\"https:\/\/www.intoscana.it\/it\/lucca-mondovisione-da-record-per-puccini-secondo-muti\/\" \/>\n<meta property=\"og:locale\" content=\"it_IT\" \/>\n<meta property=\"og:type\" content=\"article\" \/>\n<meta property=\"og:title\" content=\"Lucca, mondovisione da record per Puccini secondo Muti\" \/>\n<meta property=\"og:description\" content=\"Il concerto sotto le stelle ha rappresentato il clou delle celebrazioni per i 100 anni della morte del maestro lucchese\" \/>\n<meta property=\"og:url\" content=\"https:\/\/www.intoscana.it\/it\/lucca-mondovisione-da-record-per-puccini-secondo-muti\/\" \/>\n<meta property=\"og:site_name\" content=\"intoscana\" \/>\n<meta property=\"article:publisher\" content=\"https:\/\/www.facebook.com\/intoscana.it\" \/>\n<meta property=\"article:published_time\" content=\"2024-06-29T13:06:21+00:00\" \/>\n<meta property=\"article:modified_time\" content=\"2024-06-29T13:09:10+00:00\" \/>\n<meta property=\"og:image\" content=\"https:\/\/www.intoscana.it\/wp-content\/uploads\/Il-maestro-Muti-dirige-lorchestra-Cherubini-a-Lucca-per-il-concerto-dedicato-a-Puccini-scaled.jpg\" \/>\n\t<meta property=\"og:image:width\" content=\"2048\" \/>\n\t<meta property=\"og:image:height\" content=\"1157\" \/>\n\t<meta property=\"og:image:type\" content=\"image\/jpeg\" \/>\n<meta name=\"author\" content=\"Raffaella Galamini\" \/>\n<meta name=\"twitter:card\" content=\"summary_large_image\" \/>\n<meta name=\"twitter:creator\" content=\"@orio\" \/>\n<meta name=\"twitter:site\" content=\"@intoscana\" \/>\n<meta name=\"twitter:label1\" content=\"Written by\" \/>\n\t<meta name=\"twitter:data1\" content=\"Raffaella Galamini\" \/>\n\t<meta name=\"twitter:label2\" content=\"Est. reading time\" \/>\n\t<meta name=\"twitter:data2\" content=\"6 minuti\" \/>\n<script type=\"application\/ld+json\" class=\"yoast-schema-graph\">{\"@context\":\"https:\/\/schema.org\",\"@graph\":[{\"@type\":\"WebPage\",\"@id\":\"https:\/\/www.intoscana.it\/it\/lucca-mondovisione-da-record-per-puccini-secondo-muti\/\",\"url\":\"https:\/\/www.intoscana.it\/it\/lucca-mondovisione-da-record-per-puccini-secondo-muti\/\",\"name\":\"Lucca, mondovisione da record per Puccini secondo Muti - intoscana\",\"isPartOf\":{\"@id\":\"https:\/\/www.intoscana.it\/it\/#website\"},\"primaryImageOfPage\":{\"@id\":\"https:\/\/www.intoscana.it\/it\/lucca-mondovisione-da-record-per-puccini-secondo-muti\/#primaryimage\"},\"image\":{\"@id\":\"https:\/\/www.intoscana.it\/it\/lucca-mondovisione-da-record-per-puccini-secondo-muti\/#primaryimage\"},\"thumbnailUrl\":\"https:\/\/www.intoscana.it\/wp-content\/uploads\/Il-maestro-Muti-dirige-lorchestra-Cherubini-a-Lucca-per-il-concerto-dedicato-a-Puccini-scaled.jpg\",\"datePublished\":\"2024-06-29T13:06:21+00:00\",\"dateModified\":\"2024-06-29T13:09:10+00:00\",\"author\":{\"@id\":\"https:\/\/www.intoscana.it\/it\/#\/schema\/person\/9eb9daa846a49fe51af39a73d9d1986b\"},\"description\":\"Il concerto sotto le stelle ha rappresentato il clou delle celebrazioni per i 100 anni della morte del maestro lucchese\",\"breadcrumb\":{\"@id\":\"https:\/\/www.intoscana.it\/it\/lucca-mondovisione-da-record-per-puccini-secondo-muti\/#breadcrumb\"},\"inLanguage\":\"it-IT\",\"potentialAction\":[{\"@type\":\"ReadAction\",\"target\":[\"https:\/\/www.intoscana.it\/it\/lucca-mondovisione-da-record-per-puccini-secondo-muti\/\"]}]},{\"@type\":\"ImageObject\",\"inLanguage\":\"it-IT\",\"@id\":\"https:\/\/www.intoscana.it\/it\/lucca-mondovisione-da-record-per-puccini-secondo-muti\/#primaryimage\",\"url\":\"https:\/\/www.intoscana.it\/wp-content\/uploads\/Il-maestro-Muti-dirige-lorchestra-Cherubini-a-Lucca-per-il-concerto-dedicato-a-Puccini-scaled.jpg\",\"contentUrl\":\"https:\/\/www.intoscana.it\/wp-content\/uploads\/Il-maestro-Muti-dirige-lorchestra-Cherubini-a-Lucca-per-il-concerto-dedicato-a-Puccini-scaled.jpg\",\"width\":2048,\"height\":1157},{\"@type\":\"BreadcrumbList\",\"@id\":\"https:\/\/www.intoscana.it\/it\/lucca-mondovisione-da-record-per-puccini-secondo-muti\/#breadcrumb\",\"itemListElement\":[{\"@type\":\"ListItem\",\"position\":1,\"name\":\"Home\",\"item\":\"https:\/\/www.intoscana.it\/it\/\"},{\"@type\":\"ListItem\",\"position\":2,\"name\":\"Lucca, mondovisione da record per Puccini secondo Muti\"}]},{\"@type\":\"WebSite\",\"@id\":\"https:\/\/www.intoscana.it\/it\/#website\",\"url\":\"https:\/\/www.intoscana.it\/it\/\",\"name\":\"intoscana\",\"description\":\"\",\"potentialAction\":[{\"@type\":\"SearchAction\",\"target\":{\"@type\":\"EntryPoint\",\"urlTemplate\":\"https:\/\/www.intoscana.it\/it\/?s={search_term_string}\"},\"query-input\":{\"@type\":\"PropertyValueSpecification\",\"valueRequired\":true,\"valueName\":\"search_term_string\"}}],\"inLanguage\":\"it-IT\"},{\"@type\":\"Person\",\"@id\":\"https:\/\/www.intoscana.it\/it\/#\/schema\/person\/9eb9daa846a49fe51af39a73d9d1986b\",\"name\":\"Raffaella Galamini\",\"sameAs\":[\"https:\/\/x.com\/orio\"],\"url\":\"https:\/\/www.intoscana.it\/it\/author\/r-galamini\/\"}]}<\/script>\n<!-- \/ Yoast SEO Premium plugin. -->","yoast_head_json":{"title":"Lucca, mondovisione da record per Puccini secondo Muti - intoscana","description":"Il concerto sotto le stelle ha rappresentato il clou delle celebrazioni per i 100 anni della morte del maestro lucchese","robots":{"index":"index","follow":"follow","max-snippet":"max-snippet:-1","max-image-preview":"max-image-preview:large","max-video-preview":"max-video-preview:-1"},"canonical":"https:\/\/www.intoscana.it\/it\/lucca-mondovisione-da-record-per-puccini-secondo-muti\/","og_locale":"it_IT","og_type":"article","og_title":"Lucca, mondovisione da record per Puccini secondo Muti","og_description":"Il concerto sotto le stelle ha rappresentato il clou delle celebrazioni per i 100 anni della morte del maestro lucchese","og_url":"https:\/\/www.intoscana.it\/it\/lucca-mondovisione-da-record-per-puccini-secondo-muti\/","og_site_name":"intoscana","article_publisher":"https:\/\/www.facebook.com\/intoscana.it","article_published_time":"2024-06-29T13:06:21+00:00","article_modified_time":"2024-06-29T13:09:10+00:00","og_image":[{"width":2048,"height":1157,"url":"https:\/\/www.intoscana.it\/wp-content\/uploads\/Il-maestro-Muti-dirige-lorchestra-Cherubini-a-Lucca-per-il-concerto-dedicato-a-Puccini-scaled.jpg","type":"image\/jpeg"}],"author":"Raffaella Galamini","twitter_card":"summary_large_image","twitter_creator":"@orio","twitter_site":"@intoscana","twitter_misc":{"Written by":"Raffaella Galamini","Est. reading time":"6 minuti"},"schema":{"@context":"https:\/\/schema.org","@graph":[{"@type":"WebPage","@id":"https:\/\/www.intoscana.it\/it\/lucca-mondovisione-da-record-per-puccini-secondo-muti\/","url":"https:\/\/www.intoscana.it\/it\/lucca-mondovisione-da-record-per-puccini-secondo-muti\/","name":"Lucca, mondovisione da record per Puccini secondo Muti - intoscana","isPartOf":{"@id":"https:\/\/www.intoscana.it\/it\/#website"},"primaryImageOfPage":{"@id":"https:\/\/www.intoscana.it\/it\/lucca-mondovisione-da-record-per-puccini-secondo-muti\/#primaryimage"},"image":{"@id":"https:\/\/www.intoscana.it\/it\/lucca-mondovisione-da-record-per-puccini-secondo-muti\/#primaryimage"},"thumbnailUrl":"https:\/\/www.intoscana.it\/wp-content\/uploads\/Il-maestro-Muti-dirige-lorchestra-Cherubini-a-Lucca-per-il-concerto-dedicato-a-Puccini-scaled.jpg","datePublished":"2024-06-29T13:06:21+00:00","dateModified":"2024-06-29T13:09:10+00:00","author":{"@id":"https:\/\/www.intoscana.it\/it\/#\/schema\/person\/9eb9daa846a49fe51af39a73d9d1986b"},"description":"Il concerto sotto le stelle ha rappresentato il clou delle celebrazioni per i 100 anni della morte del maestro lucchese","breadcrumb":{"@id":"https:\/\/www.intoscana.it\/it\/lucca-mondovisione-da-record-per-puccini-secondo-muti\/#breadcrumb"},"inLanguage":"it-IT","potentialAction":[{"@type":"ReadAction","target":["https:\/\/www.intoscana.it\/it\/lucca-mondovisione-da-record-per-puccini-secondo-muti\/"]}]},{"@type":"ImageObject","inLanguage":"it-IT","@id":"https:\/\/www.intoscana.it\/it\/lucca-mondovisione-da-record-per-puccini-secondo-muti\/#primaryimage","url":"https:\/\/www.intoscana.it\/wp-content\/uploads\/Il-maestro-Muti-dirige-lorchestra-Cherubini-a-Lucca-per-il-concerto-dedicato-a-Puccini-scaled.jpg","contentUrl":"https:\/\/www.intoscana.it\/wp-content\/uploads\/Il-maestro-Muti-dirige-lorchestra-Cherubini-a-Lucca-per-il-concerto-dedicato-a-Puccini-scaled.jpg","width":2048,"height":1157},{"@type":"BreadcrumbList","@id":"https:\/\/www.intoscana.it\/it\/lucca-mondovisione-da-record-per-puccini-secondo-muti\/#breadcrumb","itemListElement":[{"@type":"ListItem","position":1,"name":"Home","item":"https:\/\/www.intoscana.it\/it\/"},{"@type":"ListItem","position":2,"name":"Lucca, mondovisione da record per Puccini secondo Muti"}]},{"@type":"WebSite","@id":"https:\/\/www.intoscana.it\/it\/#website","url":"https:\/\/www.intoscana.it\/it\/","name":"intoscana","description":"","potentialAction":[{"@type":"SearchAction","target":{"@type":"EntryPoint","urlTemplate":"https:\/\/www.intoscana.it\/it\/?s={search_term_string}"},"query-input":{"@type":"PropertyValueSpecification","valueRequired":true,"valueName":"search_term_string"}}],"inLanguage":"it-IT"},{"@type":"Person","@id":"https:\/\/www.intoscana.it\/it\/#\/schema\/person\/9eb9daa846a49fe51af39a73d9d1986b","name":"Raffaella Galamini","sameAs":["https:\/\/x.com\/orio"],"url":"https:\/\/www.intoscana.it\/it\/author\/r-galamini\/"}]}},"_links":{"self":[{"href":"https:\/\/www.intoscana.it\/it\/wp-json\/wp\/v2\/posts\/347460","targetHints":{"allow":["GET"]}}],"collection":[{"href":"https:\/\/www.intoscana.it\/it\/wp-json\/wp\/v2\/posts"}],"about":[{"href":"https:\/\/www.intoscana.it\/it\/wp-json\/wp\/v2\/types\/post"}],"author":[{"embeddable":true,"href":"https:\/\/www.intoscana.it\/it\/wp-json\/wp\/v2\/users\/554"}],"replies":[{"embeddable":true,"href":"https:\/\/www.intoscana.it\/it\/wp-json\/wp\/v2\/comments?post=347460"}],"version-history":[{"count":9,"href":"https:\/\/www.intoscana.it\/it\/wp-json\/wp\/v2\/posts\/347460\/revisions"}],"predecessor-version":[{"id":347485,"href":"https:\/\/www.intoscana.it\/it\/wp-json\/wp\/v2\/posts\/347460\/revisions\/347485"}],"wp:featuredmedia":[{"embeddable":true,"href":"https:\/\/www.intoscana.it\/it\/wp-json\/wp\/v2\/media\/347478"}],"wp:attachment":[{"href":"https:\/\/www.intoscana.it\/it\/wp-json\/wp\/v2\/media?parent=347460"}],"wp:term":[{"taxonomy":"category","embeddable":true,"href":"https:\/\/www.intoscana.it\/it\/wp-json\/wp\/v2\/categories?post=347460"},{"taxonomy":"post_tag","embeddable":true,"href":"https:\/\/www.intoscana.it\/it\/wp-json\/wp\/v2\/tags?post=347460"}],"curies":[{"name":"wp","href":"https:\/\/api.w.org\/{rel}","templated":true}]}}