{"id":347883,"date":"2024-07-03T14:10:45","date_gmt":"2024-07-03T12:10:45","guid":{"rendered":"https:\/\/www.intoscana.it\/it\/?p=347883"},"modified":"2024-07-03T14:25:59","modified_gmt":"2024-07-03T12:25:59","slug":"covid-245-casi-negli-ultimi-sette-giorni-due-i-decessi","status":"publish","type":"post","link":"https:\/\/www.intoscana.it\/it\/covid-245-casi-negli-ultimi-sette-giorni-due-i-decessi\/","title":{"rendered":"Covid, 245 casi negli ultimi sette giorni, due i decessi"},"content":{"rendered":"<p>Negli ultimi sette giorni si sono registrati in Toscana <strong>245<\/strong> nuovi casi di Covid-19: 107 confermati con tampone molecolare e gli altri 138 con test rapido.<\/p>\n<p>Il numero dei contagiati rilevati in regione dall&#8217;inizio della pandemia sale dunque a <strong>1.655.006.<\/strong> A oggi in 497 risultano ancora positivi. I guariti crescono dello 0,01% (209 persone) e raggiungono quota 1.641.993 (99,2% dei casi totali).<\/p>\n<p>A oggi sono ricoverate in ospedale 71 persone (3 in pi\u00f9 rispetto alla settimana precedente, pi\u00f9 4,4%), di cui 3 (1 in pi\u00f9, pi\u00f9 50%) si trovano in terapia intensiva. In 426 sono in isolamento a casa, perch\u00e9 presentano sintomi lievi che non richiedono cure ospedaliere o risultano prive di sintomi (31 in pi\u00f9 rispetto alla settimana precedente, pi\u00f9 7,8%).<\/p>\n<h2>L&#8217;andamento per provincia<\/h2>\n<p>Con gli ultimi casi salgono a 442.176 i positivi dall&#8217;inizio dell&#8217;emergenza nei comuni della Citt\u00e0 metropolitana di <strong>Firenze<\/strong> (100 in pi\u00f9 rispetto alla settimana precedente), 107.151 in provincia di <strong>Prato<\/strong> (6 in pi\u00f9), 128.138 a <strong>Pistoia<\/strong> (15 in pi\u00f9), 86.893 a <strong>Massa Carrara<\/strong> (12 in pi\u00f9), 180.142 a <strong>Lucca<\/strong> (17 in pi\u00f9), 194.591 a <strong>Pisa<\/strong> (23 in pi\u00f9), 152.904 a <strong>Livorno<\/strong> (11 in pi\u00f9), 149.666 ad <strong>Arezzo<\/strong> (37 in pi\u00f9), 118.797 a <strong>Siena<\/strong> (17 in pi\u00f9) e 92.944 a <strong>Grosseto<\/strong> (7 in pi\u00f9). A questi vanno aggiunti 571 casi di positivit\u00e0 notificati in Toscana ma che riguardano residenti in altre regioni.<\/p>\n<p>La Toscana ha circa 45.194 casi complessivi ogni 100.000 abitanti dall&#8217;inizio della pandemia (tra residenti e non residenti). Al momento la provincia di notifica con il tasso pi\u00f9 alto \u00e9 Lucca (con 47.135 casi ogni 100 mila abitanti), seguita da Livorno (46.816) e Pisa (46.645). La pi\u00f9 bassa concentrazione si riscontra a Prato (con un tasso di 41.332).<\/p>\n<h3>I decessi<\/h3>\n<p>La lista dei decessi si aggiorna con 2 nuovi decessi: <strong>2 donne, con un&#8217;et\u00e0 media di 91 anni.<\/strong><\/p>\n<p>Relativamente alla provincia di residenza, le persone decedute sono: 1 a <strong>Pistoia<\/strong>, 1 a <strong>Siena<\/strong>.<\/p>\n<p>Sono 12.516 i deceduti dall&#8217;inizio dell&#8217;epidemia: 3.926 nella Citt\u00e0 metropolitana di Firenze, 990 in provincia di Prato, 1.140 a Pistoia, 750 a Massa Carrara, 1.118 a Lucca, 1.416 a Pisa, 941 a Livorno, 814 ad Arezzo, 734 a Siena, 473 a Grosseto. Vanno aggiunte 214 persone decedute sul suolo toscano ma erano residenti fuori regione.<\/p>\n<p>Il tasso grezzo di mortalit\u00e0 per Covid-19 (numero di deceduti\/popolazione residente) \u00e8 al momento 341,8 ogni 100 mila residenti. Per quanto riguarda le province, il tasso di mortalit\u00e0 pi\u00f9 alto si riscontra a Massa Carrara (399,8 ogni 100 mila abitanti), seguita da Firenze (397,3 x100.000) e Pistoia (393,4 x100.000), mentre il pi\u00f9 basso \u00e8 a Grosseto (218,3 x100.000).<\/p>\n","protected":false},"excerpt":{"rendered":"<p>Sono ricoverate in ospedale 71 persone (3 in pi\u00f9 rispetto alla settimana precedente)\u00a0 di cui 3 si trovano in terapia intensiva. 91 anni l&#8217;et\u00e0 media delle due persone decedute<\/p>\n","protected":false},"author":525,"featured_media":260000,"comment_status":"open","ping_status":"open","sticky":false,"template":"","format":"standard","meta":{"_acf_changed":false,"footnotes":""},"categories":[494],"tags":[4868,4809,134],"class_list":["post-347883","post","type-post","status-publish","format-standard","has-post-thumbnail","hentry","category-attualita","tag-bollettino-covid-toscana","tag-covid","tag-salute"],"acf":[],"yoast_head":"<!-- This site is optimized with the Yoast SEO Premium plugin v24.2 (Yoast SEO v25.6) - https:\/\/yoast.com\/wordpress\/plugins\/seo\/ -->\n<title>Covid, 245 casi negli ultimi sette giorni, due i decessi - intoscana<\/title>\n<meta name=\"description\" content=\"Sono ricoverate in ospedale 71 persone (3 in pi\u00f9 rispetto alla settimana precedente)\u00a0 di cui 3 si trovano in terapia intensiva\" \/>\n<meta name=\"robots\" content=\"index, follow, max-snippet:-1, max-image-preview:large, max-video-preview:-1\" \/>\n<link rel=\"canonical\" href=\"https:\/\/www.intoscana.it\/it\/covid-245-casi-negli-ultimi-sette-giorni-due-i-decessi\/\" \/>\n<meta property=\"og:locale\" content=\"it_IT\" \/>\n<meta property=\"og:type\" content=\"article\" \/>\n<meta property=\"og:title\" content=\"Covid, 245 casi negli ultimi sette giorni, due i decessi\" \/>\n<meta property=\"og:description\" content=\"Sono ricoverate in ospedale 71 persone (3 in pi\u00f9 rispetto alla settimana precedente)\u00a0 di cui 3 si trovano in terapia intensiva\" \/>\n<meta property=\"og:url\" content=\"https:\/\/www.intoscana.it\/it\/covid-245-casi-negli-ultimi-sette-giorni-due-i-decessi\/\" \/>\n<meta property=\"og:site_name\" content=\"intoscana\" \/>\n<meta property=\"article:publisher\" content=\"https:\/\/www.facebook.com\/intoscana.it\" \/>\n<meta property=\"article:published_time\" content=\"2024-07-03T12:10:45+00:00\" \/>\n<meta property=\"article:modified_time\" content=\"2024-07-03T12:25:59+00:00\" \/>\n<meta property=\"og:image\" content=\"https:\/\/www.intoscana.it\/wp-content\/uploads\/antigen-6939138_1920.jpg\" \/>\n\t<meta property=\"og:image:width\" content=\"1920\" \/>\n\t<meta property=\"og:image:height\" content=\"1081\" \/>\n\t<meta property=\"og:image:type\" content=\"image\/jpeg\" \/>\n<meta name=\"author\" content=\"Redazione\" \/>\n<meta name=\"twitter:card\" content=\"summary_large_image\" \/>\n<meta name=\"twitter:creator\" content=\"@intoscana\" \/>\n<meta name=\"twitter:site\" content=\"@intoscana\" \/>\n<meta name=\"twitter:label1\" content=\"Written by\" \/>\n\t<meta name=\"twitter:data1\" content=\"Redazione\" \/>\n\t<meta name=\"twitter:label2\" content=\"Est. reading time\" \/>\n\t<meta name=\"twitter:data2\" content=\"3 minuti\" \/>\n<script type=\"application\/ld+json\" class=\"yoast-schema-graph\">{\"@context\":\"https:\/\/schema.org\",\"@graph\":[{\"@type\":\"WebPage\",\"@id\":\"https:\/\/www.intoscana.it\/it\/covid-245-casi-negli-ultimi-sette-giorni-due-i-decessi\/\",\"url\":\"https:\/\/www.intoscana.it\/it\/covid-245-casi-negli-ultimi-sette-giorni-due-i-decessi\/\",\"name\":\"Covid, 245 casi negli ultimi sette giorni, due i decessi - intoscana\",\"isPartOf\":{\"@id\":\"https:\/\/www.intoscana.it\/it\/#website\"},\"primaryImageOfPage\":{\"@id\":\"https:\/\/www.intoscana.it\/it\/covid-245-casi-negli-ultimi-sette-giorni-due-i-decessi\/#primaryimage\"},\"image\":{\"@id\":\"https:\/\/www.intoscana.it\/it\/covid-245-casi-negli-ultimi-sette-giorni-due-i-decessi\/#primaryimage\"},\"thumbnailUrl\":\"https:\/\/www.intoscana.it\/wp-content\/uploads\/antigen-6939138_1920.jpg\",\"datePublished\":\"2024-07-03T12:10:45+00:00\",\"dateModified\":\"2024-07-03T12:25:59+00:00\",\"author\":{\"@id\":\"https:\/\/www.intoscana.it\/it\/#\/schema\/person\/9223810753230f20bd670fdd322661f8\"},\"description\":\"Sono ricoverate in ospedale 71 persone (3 in pi\u00f9 rispetto alla settimana precedente)\u00a0 di cui 3 si trovano in terapia intensiva\",\"breadcrumb\":{\"@id\":\"https:\/\/www.intoscana.it\/it\/covid-245-casi-negli-ultimi-sette-giorni-due-i-decessi\/#breadcrumb\"},\"inLanguage\":\"it-IT\",\"potentialAction\":[{\"@type\":\"ReadAction\",\"target\":[\"https:\/\/www.intoscana.it\/it\/covid-245-casi-negli-ultimi-sette-giorni-due-i-decessi\/\"]}]},{\"@type\":\"ImageObject\",\"inLanguage\":\"it-IT\",\"@id\":\"https:\/\/www.intoscana.it\/it\/covid-245-casi-negli-ultimi-sette-giorni-due-i-decessi\/#primaryimage\",\"url\":\"https:\/\/www.intoscana.it\/wp-content\/uploads\/antigen-6939138_1920.jpg\",\"contentUrl\":\"https:\/\/www.intoscana.it\/wp-content\/uploads\/antigen-6939138_1920.jpg\",\"width\":1920,\"height\":1081,\"caption\":\"Un test rapido per il Covid-19\"},{\"@type\":\"BreadcrumbList\",\"@id\":\"https:\/\/www.intoscana.it\/it\/covid-245-casi-negli-ultimi-sette-giorni-due-i-decessi\/#breadcrumb\",\"itemListElement\":[{\"@type\":\"ListItem\",\"position\":1,\"name\":\"Home\",\"item\":\"https:\/\/www.intoscana.it\/it\/\"},{\"@type\":\"ListItem\",\"position\":2,\"name\":\"Covid, 245 casi negli ultimi sette giorni, due i decessi\"}]},{\"@type\":\"WebSite\",\"@id\":\"https:\/\/www.intoscana.it\/it\/#website\",\"url\":\"https:\/\/www.intoscana.it\/it\/\",\"name\":\"intoscana\",\"description\":\"\",\"potentialAction\":[{\"@type\":\"SearchAction\",\"target\":{\"@type\":\"EntryPoint\",\"urlTemplate\":\"https:\/\/www.intoscana.it\/it\/?s={search_term_string}\"},\"query-input\":{\"@type\":\"PropertyValueSpecification\",\"valueRequired\":true,\"valueName\":\"search_term_string\"}}],\"inLanguage\":\"it-IT\"},{\"@type\":\"Person\",\"@id\":\"https:\/\/www.intoscana.it\/it\/#\/schema\/person\/9223810753230f20bd670fdd322661f8\",\"name\":\"Redazione\",\"url\":\"https:\/\/www.intoscana.it\/it\/author\/redazione\/\"}]}<\/script>\n<!-- \/ Yoast SEO Premium plugin. -->","yoast_head_json":{"title":"Covid, 245 casi negli ultimi sette giorni, due i decessi - intoscana","description":"Sono ricoverate in ospedale 71 persone (3 in pi\u00f9 rispetto alla settimana precedente)\u00a0 di cui 3 si trovano in terapia intensiva","robots":{"index":"index","follow":"follow","max-snippet":"max-snippet:-1","max-image-preview":"max-image-preview:large","max-video-preview":"max-video-preview:-1"},"canonical":"https:\/\/www.intoscana.it\/it\/covid-245-casi-negli-ultimi-sette-giorni-due-i-decessi\/","og_locale":"it_IT","og_type":"article","og_title":"Covid, 245 casi negli ultimi sette giorni, due i decessi","og_description":"Sono ricoverate in ospedale 71 persone (3 in pi\u00f9 rispetto alla settimana precedente)\u00a0 di cui 3 si trovano in terapia intensiva","og_url":"https:\/\/www.intoscana.it\/it\/covid-245-casi-negli-ultimi-sette-giorni-due-i-decessi\/","og_site_name":"intoscana","article_publisher":"https:\/\/www.facebook.com\/intoscana.it","article_published_time":"2024-07-03T12:10:45+00:00","article_modified_time":"2024-07-03T12:25:59+00:00","og_image":[{"width":1920,"height":1081,"url":"https:\/\/www.intoscana.it\/wp-content\/uploads\/antigen-6939138_1920.jpg","type":"image\/jpeg"}],"author":"Redazione","twitter_card":"summary_large_image","twitter_creator":"@intoscana","twitter_site":"@intoscana","twitter_misc":{"Written by":"Redazione","Est. reading time":"3 minuti"},"schema":{"@context":"https:\/\/schema.org","@graph":[{"@type":"WebPage","@id":"https:\/\/www.intoscana.it\/it\/covid-245-casi-negli-ultimi-sette-giorni-due-i-decessi\/","url":"https:\/\/www.intoscana.it\/it\/covid-245-casi-negli-ultimi-sette-giorni-due-i-decessi\/","name":"Covid, 245 casi negli ultimi sette giorni, due i decessi - intoscana","isPartOf":{"@id":"https:\/\/www.intoscana.it\/it\/#website"},"primaryImageOfPage":{"@id":"https:\/\/www.intoscana.it\/it\/covid-245-casi-negli-ultimi-sette-giorni-due-i-decessi\/#primaryimage"},"image":{"@id":"https:\/\/www.intoscana.it\/it\/covid-245-casi-negli-ultimi-sette-giorni-due-i-decessi\/#primaryimage"},"thumbnailUrl":"https:\/\/www.intoscana.it\/wp-content\/uploads\/antigen-6939138_1920.jpg","datePublished":"2024-07-03T12:10:45+00:00","dateModified":"2024-07-03T12:25:59+00:00","author":{"@id":"https:\/\/www.intoscana.it\/it\/#\/schema\/person\/9223810753230f20bd670fdd322661f8"},"description":"Sono ricoverate in ospedale 71 persone (3 in pi\u00f9 rispetto alla settimana precedente)\u00a0 di cui 3 si trovano in terapia intensiva","breadcrumb":{"@id":"https:\/\/www.intoscana.it\/it\/covid-245-casi-negli-ultimi-sette-giorni-due-i-decessi\/#breadcrumb"},"inLanguage":"it-IT","potentialAction":[{"@type":"ReadAction","target":["https:\/\/www.intoscana.it\/it\/covid-245-casi-negli-ultimi-sette-giorni-due-i-decessi\/"]}]},{"@type":"ImageObject","inLanguage":"it-IT","@id":"https:\/\/www.intoscana.it\/it\/covid-245-casi-negli-ultimi-sette-giorni-due-i-decessi\/#primaryimage","url":"https:\/\/www.intoscana.it\/wp-content\/uploads\/antigen-6939138_1920.jpg","contentUrl":"https:\/\/www.intoscana.it\/wp-content\/uploads\/antigen-6939138_1920.jpg","width":1920,"height":1081,"caption":"Un test rapido per il Covid-19"},{"@type":"BreadcrumbList","@id":"https:\/\/www.intoscana.it\/it\/covid-245-casi-negli-ultimi-sette-giorni-due-i-decessi\/#breadcrumb","itemListElement":[{"@type":"ListItem","position":1,"name":"Home","item":"https:\/\/www.intoscana.it\/it\/"},{"@type":"ListItem","position":2,"name":"Covid, 245 casi negli ultimi sette giorni, due i decessi"}]},{"@type":"WebSite","@id":"https:\/\/www.intoscana.it\/it\/#website","url":"https:\/\/www.intoscana.it\/it\/","name":"intoscana","description":"","potentialAction":[{"@type":"SearchAction","target":{"@type":"EntryPoint","urlTemplate":"https:\/\/www.intoscana.it\/it\/?s={search_term_string}"},"query-input":{"@type":"PropertyValueSpecification","valueRequired":true,"valueName":"search_term_string"}}],"inLanguage":"it-IT"},{"@type":"Person","@id":"https:\/\/www.intoscana.it\/it\/#\/schema\/person\/9223810753230f20bd670fdd322661f8","name":"Redazione","url":"https:\/\/www.intoscana.it\/it\/author\/redazione\/"}]}},"_links":{"self":[{"href":"https:\/\/www.intoscana.it\/it\/wp-json\/wp\/v2\/posts\/347883","targetHints":{"allow":["GET"]}}],"collection":[{"href":"https:\/\/www.intoscana.it\/it\/wp-json\/wp\/v2\/posts"}],"about":[{"href":"https:\/\/www.intoscana.it\/it\/wp-json\/wp\/v2\/types\/post"}],"author":[{"embeddable":true,"href":"https:\/\/www.intoscana.it\/it\/wp-json\/wp\/v2\/users\/525"}],"replies":[{"embeddable":true,"href":"https:\/\/www.intoscana.it\/it\/wp-json\/wp\/v2\/comments?post=347883"}],"version-history":[{"count":3,"href":"https:\/\/www.intoscana.it\/it\/wp-json\/wp\/v2\/posts\/347883\/revisions"}],"predecessor-version":[{"id":347888,"href":"https:\/\/www.intoscana.it\/it\/wp-json\/wp\/v2\/posts\/347883\/revisions\/347888"}],"wp:featuredmedia":[{"embeddable":true,"href":"https:\/\/www.intoscana.it\/it\/wp-json\/wp\/v2\/media\/260000"}],"wp:attachment":[{"href":"https:\/\/www.intoscana.it\/it\/wp-json\/wp\/v2\/media?parent=347883"}],"wp:term":[{"taxonomy":"category","embeddable":true,"href":"https:\/\/www.intoscana.it\/it\/wp-json\/wp\/v2\/categories?post=347883"},{"taxonomy":"post_tag","embeddable":true,"href":"https:\/\/www.intoscana.it\/it\/wp-json\/wp\/v2\/tags?post=347883"}],"curies":[{"name":"wp","href":"https:\/\/api.w.org\/{rel}","templated":true}]}}