{"id":348721,"date":"2024-07-10T14:49:08","date_gmt":"2024-07-10T12:49:08","guid":{"rendered":"https:\/\/www.intoscana.it\/it\/?p=348721"},"modified":"2024-07-10T14:54:48","modified_gmt":"2024-07-10T12:54:48","slug":"alpinista-lucca-bergamini-khan-tengri","status":"publish","type":"post","link":"https:\/\/www.intoscana.it\/it\/alpinista-lucca-bergamini-khan-tengri\/","title":{"rendered":"Una nuova impresa per l&#8217;alpinista lucchese Bergamini: scaler\u00e0 i 7mila metri del Khan Tengri"},"content":{"rendered":"<p>Una nuova avventura per <strong>l&#8217;alpinista lucchese Riccardo Bergamini<\/strong>, che lo scorso novembre ha conquistato l&#8217;Himalaya, raggiungendo la vetta del Parchemuche Peak a 6279 metri in Nepal, e questa estate scaler\u00e0 il Khan Tengri, la montagna pi\u00f9 a nord al mondo, che supera i 7mila metri d\u2019altitudine.<\/p>\n<h3>La montagna pi\u00f9 settentrionale al mondo<\/h3>\n<p>Bergamini ha illustrato oggi a Lucca a Palazzo Orsetti, alla presenza dell\u2019assessore allo sport del Comune Fabio Barsanti la sua nuova impresa.<br \/>\n<strong>Tra luglio e agosto<\/strong> cercher\u00e0 di scalare la montagna a forma di piramide, alta 7.010 metri, che divide ben tre paesi, il Kirghizistan, il Kazakistan e la Cina, ed \u00e8 chiamata nell&#8217;ambiente dell&#8217;alpinismo <strong>&#8220;Il Signore del Cielo&#8221;.<\/strong><\/p>\n<p>Bergamini, secondo il programma della spedizione, nei primi giorni si acclimater\u00e0 scalando una montagna di oltre 6mila metri. Partir\u00e0 da solo dall&#8217;Italia il 19 luglio e poi arrivato al <strong>campo base in Kirghizistan,<\/strong> a 4mila metri di altitudine, salir\u00e0 in cordata con un alpinista russo. La spedizione in tutto durer\u00e0 un mese.<\/p>\n<p>Il proposito \u00e8 quello di salire sul Khan Tengri dalla cresta ovest, <strong>una strada che viene considerata molto impegnativa<\/strong> e che richiede una grande preparazione tecnica, perch\u00e9 ci sono pendii con pendenza di oltre 50 gradi, senza contare le condizioni climatiche che possono diventare difficili da gestire.<\/p>\n<h3>Bergamini pronto ad affrontare le difficolt\u00e0<\/h3>\n<p>Ma le difficolt\u00e0 non spaventano<strong> Bergamini,<\/strong> che per la sua scalata all&#8217;Himalaya lo scorso novembre ha scelto una via di salita dalla valle del Rolwaling che non era mai stata percorsa prima.<\/p>\n<p><mark><em>\u201cNon ho mai cercato una salita banale e anche questa spedizione non fa eccezione. Le difficolt\u00e0 mi saranno da stimolo per concentrarmi e dare tutto me stesso<\/em><\/mark> \u2013 ha spiegato Bergamini \u2013 <em>mi sento pronto sia psicologicamente che fisicamente, poter tentare queste imprese ed inseguire i miei sogni mi rende un uomo fortunato. Cercher\u00f2 di salire la montagna dalla cresta ovest, \u00e8 una scalata molto impegnativa, per\u00f2 mi acclimater\u00f2 prima sulla montagna di otre 6mila metri, ho fatto parecchi tetti di mila metri nell\u2019ultimo periodo e sento pronto per ripartire.&#8221;<\/em><\/p>\n<p><em>\u201cSosteniamo con entusiasmo questa nuova avventura di Bergamini che ci ha abituato ad imprese di grande blasone, che tutta la citt\u00e0 ha sempre seguito con passione&#8221;<\/em> ha commentato l\u2019assessore allo sport <strong>Fabio Barsanti.<\/strong><\/p>\n","protected":false},"excerpt":{"rendered":"<p>Lo sportivo oggi a Lucca ha presentato la sua nuova avventura: questa estate si propone di arrivare in cima alla montagna pi\u00f9 a nord del mondo, che si trova tra il Kirghizstan, il Kazakistan e la Cina<\/p>\n","protected":false},"author":502,"featured_media":348725,"comment_status":"open","ping_status":"open","sticky":false,"template":"","format":"standard","meta":{"_acf_changed":false,"footnotes":""},"categories":[4],"tags":[170,4588,159],"class_list":["post-348721","post","type-post","status-publish","format-standard","has-post-thumbnail","hentry","category-storie","tag-lucca","tag-montagna","tag-sport"],"acf":[],"yoast_head":"<!-- This site is optimized with the Yoast SEO Premium plugin v24.2 (Yoast SEO v25.6) - https:\/\/yoast.com\/wordpress\/plugins\/seo\/ -->\n<title>Una nuova impresa per l&#039;alpinista lucchese Bergamini: scaler\u00e0 i 7mila metri del Khan Tengri - intoscana<\/title>\n<meta name=\"robots\" content=\"index, follow, max-snippet:-1, max-image-preview:large, max-video-preview:-1\" \/>\n<link rel=\"canonical\" href=\"https:\/\/www.intoscana.it\/it\/alpinista-lucca-bergamini-khan-tengri\/\" \/>\n<meta property=\"og:locale\" content=\"it_IT\" \/>\n<meta property=\"og:type\" content=\"article\" \/>\n<meta property=\"og:title\" content=\"Una nuova impresa per l&#039;alpinista lucchese Bergamini: scaler\u00e0 i 7mila metri del Khan Tengri\" \/>\n<meta property=\"og:description\" content=\"Lo sportivo oggi a Lucca ha presentato la sua nuova avventura: questa estate si propone di arrivare in cima alla montagna pi\u00f9 a nord del mondo, che si trova tra il Kirghizstan, il Kazakistan e la Cina\" \/>\n<meta property=\"og:url\" content=\"https:\/\/www.intoscana.it\/it\/alpinista-lucca-bergamini-khan-tengri\/\" \/>\n<meta property=\"og:site_name\" content=\"intoscana\" \/>\n<meta property=\"article:publisher\" content=\"https:\/\/www.facebook.com\/intoscana.it\" \/>\n<meta property=\"article:published_time\" content=\"2024-07-10T12:49:08+00:00\" \/>\n<meta property=\"article:modified_time\" content=\"2024-07-10T12:54:48+00:00\" \/>\n<meta property=\"og:image\" content=\"https:\/\/www.intoscana.it\/wp-content\/uploads\/b-2.jpg\" \/>\n\t<meta property=\"og:image:width\" content=\"768\" \/>\n\t<meta property=\"og:image:height\" content=\"1024\" \/>\n\t<meta property=\"og:image:type\" content=\"image\/jpeg\" \/>\n<meta name=\"author\" content=\"Ilaria Giannini\" \/>\n<meta name=\"twitter:card\" content=\"summary_large_image\" \/>\n<meta name=\"twitter:creator\" content=\"@i.giannini@fst.it\" \/>\n<meta name=\"twitter:site\" content=\"@intoscana\" \/>\n<meta name=\"twitter:label1\" content=\"Written by\" \/>\n\t<meta name=\"twitter:data1\" content=\"Ilaria Giannini\" \/>\n\t<meta name=\"twitter:label2\" content=\"Est. reading time\" \/>\n\t<meta name=\"twitter:data2\" content=\"3 minuti\" \/>\n<script type=\"application\/ld+json\" class=\"yoast-schema-graph\">{\"@context\":\"https:\/\/schema.org\",\"@graph\":[{\"@type\":\"WebPage\",\"@id\":\"https:\/\/www.intoscana.it\/it\/alpinista-lucca-bergamini-khan-tengri\/\",\"url\":\"https:\/\/www.intoscana.it\/it\/alpinista-lucca-bergamini-khan-tengri\/\",\"name\":\"Una nuova impresa per l'alpinista lucchese Bergamini: scaler\u00e0 i 7mila metri del Khan Tengri - intoscana\",\"isPartOf\":{\"@id\":\"https:\/\/www.intoscana.it\/it\/#website\"},\"primaryImageOfPage\":{\"@id\":\"https:\/\/www.intoscana.it\/it\/alpinista-lucca-bergamini-khan-tengri\/#primaryimage\"},\"image\":{\"@id\":\"https:\/\/www.intoscana.it\/it\/alpinista-lucca-bergamini-khan-tengri\/#primaryimage\"},\"thumbnailUrl\":\"https:\/\/www.intoscana.it\/wp-content\/uploads\/b-2.jpg\",\"datePublished\":\"2024-07-10T12:49:08+00:00\",\"dateModified\":\"2024-07-10T12:54:48+00:00\",\"author\":{\"@id\":\"https:\/\/www.intoscana.it\/it\/#\/schema\/person\/de95e1ed2c1c8c30a6922bbba3a90185\"},\"breadcrumb\":{\"@id\":\"https:\/\/www.intoscana.it\/it\/alpinista-lucca-bergamini-khan-tengri\/#breadcrumb\"},\"inLanguage\":\"it-IT\",\"potentialAction\":[{\"@type\":\"ReadAction\",\"target\":[\"https:\/\/www.intoscana.it\/it\/alpinista-lucca-bergamini-khan-tengri\/\"]}]},{\"@type\":\"ImageObject\",\"inLanguage\":\"it-IT\",\"@id\":\"https:\/\/www.intoscana.it\/it\/alpinista-lucca-bergamini-khan-tengri\/#primaryimage\",\"url\":\"https:\/\/www.intoscana.it\/wp-content\/uploads\/b-2.jpg\",\"contentUrl\":\"https:\/\/www.intoscana.it\/wp-content\/uploads\/b-2.jpg\",\"width\":768,\"height\":1024,\"caption\":\"Riccardo Bergamini sull'Himalaya\"},{\"@type\":\"BreadcrumbList\",\"@id\":\"https:\/\/www.intoscana.it\/it\/alpinista-lucca-bergamini-khan-tengri\/#breadcrumb\",\"itemListElement\":[{\"@type\":\"ListItem\",\"position\":1,\"name\":\"Home\",\"item\":\"https:\/\/www.intoscana.it\/it\/\"},{\"@type\":\"ListItem\",\"position\":2,\"name\":\"Una nuova impresa per l&#8217;alpinista lucchese Bergamini: scaler\u00e0 i 7mila metri del Khan Tengri\"}]},{\"@type\":\"WebSite\",\"@id\":\"https:\/\/www.intoscana.it\/it\/#website\",\"url\":\"https:\/\/www.intoscana.it\/it\/\",\"name\":\"intoscana\",\"description\":\"\",\"potentialAction\":[{\"@type\":\"SearchAction\",\"target\":{\"@type\":\"EntryPoint\",\"urlTemplate\":\"https:\/\/www.intoscana.it\/it\/?s={search_term_string}\"},\"query-input\":{\"@type\":\"PropertyValueSpecification\",\"valueRequired\":true,\"valueName\":\"search_term_string\"}}],\"inLanguage\":\"it-IT\"},{\"@type\":\"Person\",\"@id\":\"https:\/\/www.intoscana.it\/it\/#\/schema\/person\/de95e1ed2c1c8c30a6922bbba3a90185\",\"name\":\"Ilaria Giannini\",\"sameAs\":[\"https:\/\/x.com\/i.giannini@fst.it\"],\"url\":\"https:\/\/www.intoscana.it\/it\/author\/ilaria-giannini\/\"}]}<\/script>\n<!-- \/ Yoast SEO Premium plugin. -->","yoast_head_json":{"title":"Una nuova impresa per l'alpinista lucchese Bergamini: scaler\u00e0 i 7mila metri del Khan Tengri - intoscana","robots":{"index":"index","follow":"follow","max-snippet":"max-snippet:-1","max-image-preview":"max-image-preview:large","max-video-preview":"max-video-preview:-1"},"canonical":"https:\/\/www.intoscana.it\/it\/alpinista-lucca-bergamini-khan-tengri\/","og_locale":"it_IT","og_type":"article","og_title":"Una nuova impresa per l'alpinista lucchese Bergamini: scaler\u00e0 i 7mila metri del Khan Tengri","og_description":"Lo sportivo oggi a Lucca ha presentato la sua nuova avventura: questa estate si propone di arrivare in cima alla montagna pi\u00f9 a nord del mondo, che si trova tra il Kirghizstan, il Kazakistan e la Cina","og_url":"https:\/\/www.intoscana.it\/it\/alpinista-lucca-bergamini-khan-tengri\/","og_site_name":"intoscana","article_publisher":"https:\/\/www.facebook.com\/intoscana.it","article_published_time":"2024-07-10T12:49:08+00:00","article_modified_time":"2024-07-10T12:54:48+00:00","og_image":[{"width":768,"height":1024,"url":"https:\/\/www.intoscana.it\/wp-content\/uploads\/b-2.jpg","type":"image\/jpeg"}],"author":"Ilaria Giannini","twitter_card":"summary_large_image","twitter_creator":"@i.giannini@fst.it","twitter_site":"@intoscana","twitter_misc":{"Written by":"Ilaria Giannini","Est. reading time":"3 minuti"},"schema":{"@context":"https:\/\/schema.org","@graph":[{"@type":"WebPage","@id":"https:\/\/www.intoscana.it\/it\/alpinista-lucca-bergamini-khan-tengri\/","url":"https:\/\/www.intoscana.it\/it\/alpinista-lucca-bergamini-khan-tengri\/","name":"Una nuova impresa per l'alpinista lucchese Bergamini: scaler\u00e0 i 7mila metri del Khan Tengri - intoscana","isPartOf":{"@id":"https:\/\/www.intoscana.it\/it\/#website"},"primaryImageOfPage":{"@id":"https:\/\/www.intoscana.it\/it\/alpinista-lucca-bergamini-khan-tengri\/#primaryimage"},"image":{"@id":"https:\/\/www.intoscana.it\/it\/alpinista-lucca-bergamini-khan-tengri\/#primaryimage"},"thumbnailUrl":"https:\/\/www.intoscana.it\/wp-content\/uploads\/b-2.jpg","datePublished":"2024-07-10T12:49:08+00:00","dateModified":"2024-07-10T12:54:48+00:00","author":{"@id":"https:\/\/www.intoscana.it\/it\/#\/schema\/person\/de95e1ed2c1c8c30a6922bbba3a90185"},"breadcrumb":{"@id":"https:\/\/www.intoscana.it\/it\/alpinista-lucca-bergamini-khan-tengri\/#breadcrumb"},"inLanguage":"it-IT","potentialAction":[{"@type":"ReadAction","target":["https:\/\/www.intoscana.it\/it\/alpinista-lucca-bergamini-khan-tengri\/"]}]},{"@type":"ImageObject","inLanguage":"it-IT","@id":"https:\/\/www.intoscana.it\/it\/alpinista-lucca-bergamini-khan-tengri\/#primaryimage","url":"https:\/\/www.intoscana.it\/wp-content\/uploads\/b-2.jpg","contentUrl":"https:\/\/www.intoscana.it\/wp-content\/uploads\/b-2.jpg","width":768,"height":1024,"caption":"Riccardo Bergamini sull'Himalaya"},{"@type":"BreadcrumbList","@id":"https:\/\/www.intoscana.it\/it\/alpinista-lucca-bergamini-khan-tengri\/#breadcrumb","itemListElement":[{"@type":"ListItem","position":1,"name":"Home","item":"https:\/\/www.intoscana.it\/it\/"},{"@type":"ListItem","position":2,"name":"Una nuova impresa per l&#8217;alpinista lucchese Bergamini: scaler\u00e0 i 7mila metri del Khan Tengri"}]},{"@type":"WebSite","@id":"https:\/\/www.intoscana.it\/it\/#website","url":"https:\/\/www.intoscana.it\/it\/","name":"intoscana","description":"","potentialAction":[{"@type":"SearchAction","target":{"@type":"EntryPoint","urlTemplate":"https:\/\/www.intoscana.it\/it\/?s={search_term_string}"},"query-input":{"@type":"PropertyValueSpecification","valueRequired":true,"valueName":"search_term_string"}}],"inLanguage":"it-IT"},{"@type":"Person","@id":"https:\/\/www.intoscana.it\/it\/#\/schema\/person\/de95e1ed2c1c8c30a6922bbba3a90185","name":"Ilaria Giannini","sameAs":["https:\/\/x.com\/i.giannini@fst.it"],"url":"https:\/\/www.intoscana.it\/it\/author\/ilaria-giannini\/"}]}},"_links":{"self":[{"href":"https:\/\/www.intoscana.it\/it\/wp-json\/wp\/v2\/posts\/348721","targetHints":{"allow":["GET"]}}],"collection":[{"href":"https:\/\/www.intoscana.it\/it\/wp-json\/wp\/v2\/posts"}],"about":[{"href":"https:\/\/www.intoscana.it\/it\/wp-json\/wp\/v2\/types\/post"}],"author":[{"embeddable":true,"href":"https:\/\/www.intoscana.it\/it\/wp-json\/wp\/v2\/users\/502"}],"replies":[{"embeddable":true,"href":"https:\/\/www.intoscana.it\/it\/wp-json\/wp\/v2\/comments?post=348721"}],"version-history":[{"count":15,"href":"https:\/\/www.intoscana.it\/it\/wp-json\/wp\/v2\/posts\/348721\/revisions"}],"predecessor-version":[{"id":348741,"href":"https:\/\/www.intoscana.it\/it\/wp-json\/wp\/v2\/posts\/348721\/revisions\/348741"}],"wp:featuredmedia":[{"embeddable":true,"href":"https:\/\/www.intoscana.it\/it\/wp-json\/wp\/v2\/media\/348725"}],"wp:attachment":[{"href":"https:\/\/www.intoscana.it\/it\/wp-json\/wp\/v2\/media?parent=348721"}],"wp:term":[{"taxonomy":"category","embeddable":true,"href":"https:\/\/www.intoscana.it\/it\/wp-json\/wp\/v2\/categories?post=348721"},{"taxonomy":"post_tag","embeddable":true,"href":"https:\/\/www.intoscana.it\/it\/wp-json\/wp\/v2\/tags?post=348721"}],"curies":[{"name":"wp","href":"https:\/\/api.w.org\/{rel}","templated":true}]}}