{"id":348734,"date":"2024-07-10T15:20:03","date_gmt":"2024-07-10T13:20:03","guid":{"rendered":"https:\/\/www.intoscana.it\/it\/?p=348734"},"modified":"2024-07-10T17:04:28","modified_gmt":"2024-07-10T15:04:28","slug":"litorale-pisano-bus","status":"publish","type":"post","link":"https:\/\/www.intoscana.it\/it\/litorale-pisano-bus\/","title":{"rendered":"A Pisa al mare si va in bus, presentato il servizio &#8220;Litorale pisano&#8221;: pi\u00f9 corse e tariffe agevolate"},"content":{"rendered":"<p>Durante la stagione estiva <strong>aumentano i mezzi pubblici<\/strong> per il <strong>litorale pisano<\/strong>. Si chiama \u201c<strong>Da Pisa al mare in bus<\/strong>\u201d ed \u00e8 l\u2019iniziativa promossa da Comune di Pisa e Autolinee Toscane per incentivare l\u2019utilizzo del trasporto pubblico tra cittadini e turisti grazie al <mark>potenziamento delle corse, della frequenza ravvicinata tra un passaggio e l&#8217;altro e ai prezzi agevolati <\/mark>.<\/p>\n<p>\u201cCon Autolinee Toscane -ha spiegato il sindaco della citt\u00e0 della torre pendente <strong>Michele Conti<\/strong>\u00a0&#8211; abbiamo potenziato il servizio di trasporto pubblico con maggiori corse rispetto al passato e una frequenza di 15 minuti per favorire residenti e turisti nel collegamento tra la citt\u00e0 e le nostre localit\u00e0 balneari. In attivit\u00e0, poi, mezzi dalla <strong>capienza di 150 passeggeri\u201d<\/strong>.<\/p>\n<h3>Frequenza, capienza e tariffe ridotte<\/h3>\n<p><strong>Frequenza<\/strong>, <strong>capienza<\/strong> ma anche<strong> tariffe agevolate<\/strong>, questa la ricetta pisana per un\u2019estate pi\u00f9 sostenibile e con meno auto in circolazione. <mark>Grazie ad una convenzione con il Comune il costo del biglietto per il litorale \u00e8 stato ridotto a 2 euro (anzich\u00e9 2,90 euro) e, fino al 31 agosto, permette di andare a Pisa partendo da Marina, Tirrenia e Calambrone (linee 10, 20, 30), ha durata 90 minuti e comprende anche i mezzi urbani su Pisa <\/mark>. Tariffa contenuta anche per l\u2019abbonamento mensile ISEE che \u00e8 rimasto fermo a 30 euro anzich\u00e9 42,60.<\/p>\n<h3>Ancora pi\u00f9 corse nei week end<\/h3>\n<p>Nel fine settimana (sabato, domenica e festivi) nell\u2019arco orario dalle ore <strong>17:00 alle ore 20:00<\/strong> il\u00a0servizio \u00e8 stato ulteriormente potenziato con\u00a0ulteriori sei corse di collegamento da Tirrenia per Pisa, al fine di incrementare l\u2019offerta a vantaggio degli utenti nel rientro dal mare per il centro citt\u00e0. Il servizio \u00e8 garantito con l\u2019impiego di\u00a0<strong>bus autosnodati<\/strong> ad elevata capacit\u00e0 di trasporto. In particolare, sono stati\u00a0inseriti 9 nuovi bus\u00a0di tale tipologia con\u00a0alimentazione a metano, a minore impatto ambientale.<\/p>\n<h3>La campagna di comunicazione di At<\/h3>\n<p>La campagna di comunicazione \u201c<a href=\"http:\/\/at-bus.it\/litoralepisano\" class=\"broken_link\">Pisa-Mare in Bus<\/a>\u201d , riconoscibile anche da una apposita livrea, \u00e8 stata ideata e realizzata per aiutare residenti e turisti a raggiungere la costa pisana in modo facile, etico e sostenibile, utilizzando l\u2019autobus. Il collegamento per il mare \u00e8 stato poi arricchito con il <strong>restyiling<\/strong> di tutti gli impianti di fermata, riportanti il brand aziendale e tutte le informazioni necessarie all\u2019utenza. In particolare, alcune di esse sono\u00a0paline elettroniche\u00a0che in tempo reale trasmettono gli arrivi dei bus grazie al sistema di geolocalizzazione della flotta.<\/p>\n","protected":false},"excerpt":{"rendered":"<p>Dal\u00a011 giugno\u00a0al\u00a031 agosto \u00e8 attivo il servizio &#8220;Litorale Pisano&#8221; che collega Pisa\u00a0con\u00a0Marina di Pisa, Tirrenia\u00a0e Calambrone: pi\u00f9 corse, autobus pi\u00f9 capienti e tariffe agevolate<\/p>\n","protected":false},"author":503,"featured_media":348747,"comment_status":"open","ping_status":"open","sticky":false,"template":"","format":"standard","meta":{"_acf_changed":false,"footnotes":""},"categories":[494],"tags":[6707,235,359,1438,1577,203],"class_list":["post-348734","post","type-post","status-publish","format-standard","has-post-thumbnail","hentry","category-attualita","tag-autolinee-toscana","tag-estate","tag-mare","tag-mobilita-sostenibile","tag-muoversi-in-toscana","tag-pisa"],"acf":[],"yoast_head":"<!-- This site is optimized with the Yoast SEO Premium plugin v24.2 (Yoast SEO v25.6) - https:\/\/yoast.com\/wordpress\/plugins\/seo\/ -->\n<title>A Pisa al mare si va in bus, presentato il servizio &quot;Litorale pisano&quot;: pi\u00f9 corse e tariffe agevolate - intoscana<\/title>\n<meta name=\"description\" content=\"Dal\u00a011 giugno\u00a0al\u00a031 agosto \u00e8 attivo il servizio &quot;Litorale Pisano&quot; che collega Pisa\u00a0con\u00a0Marina di Pisa, Tirrenia\u00a0e Calambrone\" \/>\n<meta name=\"robots\" content=\"index, follow, max-snippet:-1, max-image-preview:large, max-video-preview:-1\" \/>\n<link rel=\"canonical\" href=\"https:\/\/www.intoscana.it\/it\/litorale-pisano-bus\/\" \/>\n<meta property=\"og:locale\" content=\"it_IT\" \/>\n<meta property=\"og:type\" content=\"article\" \/>\n<meta property=\"og:title\" content=\"A Pisa al mare si va in bus, presentato il servizio &quot;Litorale pisano&quot;: pi\u00f9 corse e tariffe agevolate\" \/>\n<meta property=\"og:description\" content=\"Dal\u00a011 giugno\u00a0al\u00a031 agosto \u00e8 attivo il servizio &quot;Litorale Pisano&quot; che collega Pisa\u00a0con\u00a0Marina di Pisa, Tirrenia\u00a0e Calambrone\" \/>\n<meta property=\"og:url\" content=\"https:\/\/www.intoscana.it\/it\/litorale-pisano-bus\/\" \/>\n<meta property=\"og:site_name\" content=\"intoscana\" \/>\n<meta property=\"article:publisher\" content=\"https:\/\/www.facebook.com\/intoscana.it\" \/>\n<meta property=\"article:published_time\" content=\"2024-07-10T13:20:03+00:00\" \/>\n<meta property=\"article:modified_time\" content=\"2024-07-10T15:04:28+00:00\" \/>\n<meta property=\"og:image\" content=\"https:\/\/www.intoscana.it\/wp-content\/uploads\/20240831Pisamareinbus-e1720617394848.jpeg\" \/>\n\t<meta property=\"og:image:width\" content=\"628\" \/>\n\t<meta property=\"og:image:height\" content=\"329\" \/>\n\t<meta property=\"og:image:type\" content=\"image\/jpeg\" \/>\n<meta name=\"author\" content=\"Giulia Rafanelli\" \/>\n<meta name=\"twitter:card\" content=\"summary_large_image\" \/>\n<meta name=\"twitter:creator\" content=\"@intoscana\" \/>\n<meta name=\"twitter:site\" content=\"@intoscana\" \/>\n<meta name=\"twitter:label1\" content=\"Written by\" \/>\n\t<meta name=\"twitter:data1\" content=\"Giulia Rafanelli\" \/>\n\t<meta name=\"twitter:label2\" content=\"Est. reading time\" \/>\n\t<meta name=\"twitter:data2\" content=\"3 minuti\" \/>\n<script type=\"application\/ld+json\" class=\"yoast-schema-graph\">{\"@context\":\"https:\/\/schema.org\",\"@graph\":[{\"@type\":\"WebPage\",\"@id\":\"https:\/\/www.intoscana.it\/it\/litorale-pisano-bus\/\",\"url\":\"https:\/\/www.intoscana.it\/it\/litorale-pisano-bus\/\",\"name\":\"A Pisa al mare si va in bus, presentato il servizio \\\"Litorale pisano\\\": pi\u00f9 corse e tariffe agevolate - intoscana\",\"isPartOf\":{\"@id\":\"https:\/\/www.intoscana.it\/it\/#website\"},\"primaryImageOfPage\":{\"@id\":\"https:\/\/www.intoscana.it\/it\/litorale-pisano-bus\/#primaryimage\"},\"image\":{\"@id\":\"https:\/\/www.intoscana.it\/it\/litorale-pisano-bus\/#primaryimage\"},\"thumbnailUrl\":\"https:\/\/www.intoscana.it\/wp-content\/uploads\/20240831Pisamareinbus-e1720617394848.jpeg\",\"datePublished\":\"2024-07-10T13:20:03+00:00\",\"dateModified\":\"2024-07-10T15:04:28+00:00\",\"author\":{\"@id\":\"https:\/\/www.intoscana.it\/it\/#\/schema\/person\/333569b367b301e30262defcea56c939\"},\"description\":\"Dal\u00a011 giugno\u00a0al\u00a031 agosto \u00e8 attivo il servizio \\\"Litorale Pisano\\\" che collega Pisa\u00a0con\u00a0Marina di Pisa, Tirrenia\u00a0e Calambrone\",\"breadcrumb\":{\"@id\":\"https:\/\/www.intoscana.it\/it\/litorale-pisano-bus\/#breadcrumb\"},\"inLanguage\":\"it-IT\",\"potentialAction\":[{\"@type\":\"ReadAction\",\"target\":[\"https:\/\/www.intoscana.it\/it\/litorale-pisano-bus\/\"]}]},{\"@type\":\"ImageObject\",\"inLanguage\":\"it-IT\",\"@id\":\"https:\/\/www.intoscana.it\/it\/litorale-pisano-bus\/#primaryimage\",\"url\":\"https:\/\/www.intoscana.it\/wp-content\/uploads\/20240831Pisamareinbus-e1720617394848.jpeg\",\"contentUrl\":\"https:\/\/www.intoscana.it\/wp-content\/uploads\/20240831Pisamareinbus-e1720617394848.jpeg\",\"width\":628,\"height\":329,\"caption\":\"Locandina servizio per il litorale Pisano\"},{\"@type\":\"BreadcrumbList\",\"@id\":\"https:\/\/www.intoscana.it\/it\/litorale-pisano-bus\/#breadcrumb\",\"itemListElement\":[{\"@type\":\"ListItem\",\"position\":1,\"name\":\"Home\",\"item\":\"https:\/\/www.intoscana.it\/it\/\"},{\"@type\":\"ListItem\",\"position\":2,\"name\":\"A Pisa al mare si va in bus, presentato il servizio &#8220;Litorale pisano&#8221;: pi\u00f9 corse e tariffe agevolate\"}]},{\"@type\":\"WebSite\",\"@id\":\"https:\/\/www.intoscana.it\/it\/#website\",\"url\":\"https:\/\/www.intoscana.it\/it\/\",\"name\":\"intoscana\",\"description\":\"\",\"potentialAction\":[{\"@type\":\"SearchAction\",\"target\":{\"@type\":\"EntryPoint\",\"urlTemplate\":\"https:\/\/www.intoscana.it\/it\/?s={search_term_string}\"},\"query-input\":{\"@type\":\"PropertyValueSpecification\",\"valueRequired\":true,\"valueName\":\"search_term_string\"}}],\"inLanguage\":\"it-IT\"},{\"@type\":\"Person\",\"@id\":\"https:\/\/www.intoscana.it\/it\/#\/schema\/person\/333569b367b301e30262defcea56c939\",\"name\":\"Giulia Rafanelli\",\"url\":\"https:\/\/www.intoscana.it\/it\/author\/giulia-rafanelli\/\"}]}<\/script>\n<!-- \/ Yoast SEO Premium plugin. -->","yoast_head_json":{"title":"A Pisa al mare si va in bus, presentato il servizio \"Litorale pisano\": pi\u00f9 corse e tariffe agevolate - intoscana","description":"Dal\u00a011 giugno\u00a0al\u00a031 agosto \u00e8 attivo il servizio \"Litorale Pisano\" che collega Pisa\u00a0con\u00a0Marina di Pisa, Tirrenia\u00a0e Calambrone","robots":{"index":"index","follow":"follow","max-snippet":"max-snippet:-1","max-image-preview":"max-image-preview:large","max-video-preview":"max-video-preview:-1"},"canonical":"https:\/\/www.intoscana.it\/it\/litorale-pisano-bus\/","og_locale":"it_IT","og_type":"article","og_title":"A Pisa al mare si va in bus, presentato il servizio \"Litorale pisano\": pi\u00f9 corse e tariffe agevolate","og_description":"Dal\u00a011 giugno\u00a0al\u00a031 agosto \u00e8 attivo il servizio \"Litorale Pisano\" che collega Pisa\u00a0con\u00a0Marina di Pisa, Tirrenia\u00a0e Calambrone","og_url":"https:\/\/www.intoscana.it\/it\/litorale-pisano-bus\/","og_site_name":"intoscana","article_publisher":"https:\/\/www.facebook.com\/intoscana.it","article_published_time":"2024-07-10T13:20:03+00:00","article_modified_time":"2024-07-10T15:04:28+00:00","og_image":[{"width":628,"height":329,"url":"https:\/\/www.intoscana.it\/wp-content\/uploads\/20240831Pisamareinbus-e1720617394848.jpeg","type":"image\/jpeg"}],"author":"Giulia Rafanelli","twitter_card":"summary_large_image","twitter_creator":"@intoscana","twitter_site":"@intoscana","twitter_misc":{"Written by":"Giulia Rafanelli","Est. reading time":"3 minuti"},"schema":{"@context":"https:\/\/schema.org","@graph":[{"@type":"WebPage","@id":"https:\/\/www.intoscana.it\/it\/litorale-pisano-bus\/","url":"https:\/\/www.intoscana.it\/it\/litorale-pisano-bus\/","name":"A Pisa al mare si va in bus, presentato il servizio \"Litorale pisano\": pi\u00f9 corse e tariffe agevolate - intoscana","isPartOf":{"@id":"https:\/\/www.intoscana.it\/it\/#website"},"primaryImageOfPage":{"@id":"https:\/\/www.intoscana.it\/it\/litorale-pisano-bus\/#primaryimage"},"image":{"@id":"https:\/\/www.intoscana.it\/it\/litorale-pisano-bus\/#primaryimage"},"thumbnailUrl":"https:\/\/www.intoscana.it\/wp-content\/uploads\/20240831Pisamareinbus-e1720617394848.jpeg","datePublished":"2024-07-10T13:20:03+00:00","dateModified":"2024-07-10T15:04:28+00:00","author":{"@id":"https:\/\/www.intoscana.it\/it\/#\/schema\/person\/333569b367b301e30262defcea56c939"},"description":"Dal\u00a011 giugno\u00a0al\u00a031 agosto \u00e8 attivo il servizio \"Litorale Pisano\" che collega Pisa\u00a0con\u00a0Marina di Pisa, Tirrenia\u00a0e Calambrone","breadcrumb":{"@id":"https:\/\/www.intoscana.it\/it\/litorale-pisano-bus\/#breadcrumb"},"inLanguage":"it-IT","potentialAction":[{"@type":"ReadAction","target":["https:\/\/www.intoscana.it\/it\/litorale-pisano-bus\/"]}]},{"@type":"ImageObject","inLanguage":"it-IT","@id":"https:\/\/www.intoscana.it\/it\/litorale-pisano-bus\/#primaryimage","url":"https:\/\/www.intoscana.it\/wp-content\/uploads\/20240831Pisamareinbus-e1720617394848.jpeg","contentUrl":"https:\/\/www.intoscana.it\/wp-content\/uploads\/20240831Pisamareinbus-e1720617394848.jpeg","width":628,"height":329,"caption":"Locandina servizio per il litorale Pisano"},{"@type":"BreadcrumbList","@id":"https:\/\/www.intoscana.it\/it\/litorale-pisano-bus\/#breadcrumb","itemListElement":[{"@type":"ListItem","position":1,"name":"Home","item":"https:\/\/www.intoscana.it\/it\/"},{"@type":"ListItem","position":2,"name":"A Pisa al mare si va in bus, presentato il servizio &#8220;Litorale pisano&#8221;: pi\u00f9 corse e tariffe agevolate"}]},{"@type":"WebSite","@id":"https:\/\/www.intoscana.it\/it\/#website","url":"https:\/\/www.intoscana.it\/it\/","name":"intoscana","description":"","potentialAction":[{"@type":"SearchAction","target":{"@type":"EntryPoint","urlTemplate":"https:\/\/www.intoscana.it\/it\/?s={search_term_string}"},"query-input":{"@type":"PropertyValueSpecification","valueRequired":true,"valueName":"search_term_string"}}],"inLanguage":"it-IT"},{"@type":"Person","@id":"https:\/\/www.intoscana.it\/it\/#\/schema\/person\/333569b367b301e30262defcea56c939","name":"Giulia Rafanelli","url":"https:\/\/www.intoscana.it\/it\/author\/giulia-rafanelli\/"}]}},"_links":{"self":[{"href":"https:\/\/www.intoscana.it\/it\/wp-json\/wp\/v2\/posts\/348734","targetHints":{"allow":["GET"]}}],"collection":[{"href":"https:\/\/www.intoscana.it\/it\/wp-json\/wp\/v2\/posts"}],"about":[{"href":"https:\/\/www.intoscana.it\/it\/wp-json\/wp\/v2\/types\/post"}],"author":[{"embeddable":true,"href":"https:\/\/www.intoscana.it\/it\/wp-json\/wp\/v2\/users\/503"}],"replies":[{"embeddable":true,"href":"https:\/\/www.intoscana.it\/it\/wp-json\/wp\/v2\/comments?post=348734"}],"version-history":[{"count":7,"href":"https:\/\/www.intoscana.it\/it\/wp-json\/wp\/v2\/posts\/348734\/revisions"}],"predecessor-version":[{"id":348779,"href":"https:\/\/www.intoscana.it\/it\/wp-json\/wp\/v2\/posts\/348734\/revisions\/348779"}],"wp:featuredmedia":[{"embeddable":true,"href":"https:\/\/www.intoscana.it\/it\/wp-json\/wp\/v2\/media\/348747"}],"wp:attachment":[{"href":"https:\/\/www.intoscana.it\/it\/wp-json\/wp\/v2\/media?parent=348734"}],"wp:term":[{"taxonomy":"category","embeddable":true,"href":"https:\/\/www.intoscana.it\/it\/wp-json\/wp\/v2\/categories?post=348734"},{"taxonomy":"post_tag","embeddable":true,"href":"https:\/\/www.intoscana.it\/it\/wp-json\/wp\/v2\/tags?post=348734"}],"curies":[{"name":"wp","href":"https:\/\/api.w.org\/{rel}","templated":true}]}}