{"id":348831,"date":"2024-07-11T10:44:40","date_gmt":"2024-07-11T08:44:40","guid":{"rendered":"https:\/\/www.intoscana.it\/it\/?p=348831"},"modified":"2024-07-12T09:32:27","modified_gmt":"2024-07-12T07:32:27","slug":"xxii-edizione-corri-la-vita-testimonial-michael-stipe","status":"publish","type":"post","link":"https:\/\/www.intoscana.it\/it\/xxii-edizione-corri-la-vita-testimonial-michael-stipe\/","title":{"rendered":"Presentata la XXII edizione di Corri La Vita. Tra i testimonial anche Michael Stipe"},"content":{"rendered":"<p>C\u2019\u00e8 anche <strong>Michael Stipe<\/strong>, voce indimenticabile dei <strong>REM<\/strong>, tra i testimonial di <strong>Corri La Vita<\/strong>, la prima manifestazione podistica non competitiva in Italia all\u2019insegna della solidariet\u00e0, della salute e della cultura. Tra le strade di <strong>Firenze<\/strong>, domenica 29 settembre, i partecipanti potranno scegliere tra due percorsi diversificati per gradi di difficolt\u00e0 &#8211; uno di circa 11 km dedicato a chi vorr\u00e0 correre e uno di 6 km per chi preferir\u00e0 godersi le mete culturali lungo il percorso.<\/p>\n<p>Per questa ventiduesima edizione il fiume di sportivi si snoder\u00e0 dal Parco delle Cascine fino alla straordinaria cornice della Loggia dei Lanzi in Piazza della Signoria: persone di ogni et\u00e0, famiglie, gruppi di colleghi parteciperanno alla manifestazione colorando la citt\u00e0 di verde, grazie alle<strong> t-shirt<\/strong> ufficiali, firmate anche quest\u2019anno da Ferragamo.<\/p>\n<p>\u201c<em>Corri La Vita rappresenta un&#8217;occasione straordinaria per la comunit\u00e0 non solo fiorentina di unirsi e dimostrare solidariet\u00e0 verso le donne colpite dal tumore al seno contribuendo al contempo a finanziare progetti concreti e servizi di supporto per i pazienti, prevenzione e recupero psico-oncologico<\/em> &#8211; ha dichiarato <strong>Eleonora Frescobaldi<\/strong>, presidente dell&#8217;associazione &#8211;<em>. La partecipazione e il sostegno di cittadini, aziende e istituzioni rende possibile il successo di questa manifestazione, confermando il valore della solidariet\u00e0 e dell&#8217;impegno collettivo nella lotta contro questo male unendo cultura, sport e beneficenza nella cornice spettacolare di Firenze. Fa bene al cuore di tutti noi registrare un successo cos\u00ec clamoroso e crescente per quello che ormai \u00e8 divenuto negli anni un appuntamento tradizionale per tanti amici, anche stranieri, che decidono di passare l\u2019ultima domenica di settembre con noi<\/em>\u201d.<\/p>\n<h3>Il Pegaso della Regione Toscana<\/h3>\n<p>\u201c<em><a href=\"https:\/\/www.intoscana.it\/it\/pegaso-dello-sport-a-corri-la-vita-il-2-ottobre-a-firenze-ledizione-numero-20\/\">Corri La Vita<\/a> \u00e8 un punto di riferimento imprescindibile da 22 anni e rappresenta il connubio perfetto tra sport socialit\u00e0 e cultura. Il suo legame con Firenze e la Toscana \u00e8 inscindibile, anche se ormai la manifestazione ha assunto un carattere di rilevanza nazionale<\/em> &#8211; ha affermato <strong>Eugenio Giani<\/strong>, presidente della Regione Toscana &#8211;<em>. Tematiche cos\u00ec importanti come la prevenzione e la cura del tumore al seno richiedono la solidariet\u00e0 e l\u2019impegno crescente di tutti, a partire dalle Istituzioni. Per questo come Regione Toscana in occasione del ventennale di Corri La Vita abbiamo conferito il Pegaso, il nostro massimo riconoscimento, per simboleggiare il nostro essere a fianco in questa battaglia di civilt\u00e0 per la qualit\u00e0 della vita delle donne<\/em>\u201d.<\/p>\n<h3>Villaggio della salute<\/h3>\n<p>In piazza della Repubblica, inoltre, verr\u00e0 realizzato il \u201cVillaggio della salute\u201d\u00a0 dove &#8211; da venerd\u00ec 27 a domenica 29 &#8211; sar\u00e0 possibile effettuare la mammografia presso l\u2019unit\u00e0 mobile <strong>ISPRO<\/strong>, seguire lezioni di ginnastica e pilates, sottoporsi ai test attitudinali, dialogare con nutrizionisti e medici sportivi e ritirare le magliette nel gazebo appositamente allestito.<\/p>\n<figure id=\"post-348844 media-348844\" class=\"align-none\"><img decoding=\"async\" src=\"https:\/\/www.intoscana.it\/wp-content\/uploads\/Comitato-Organizzatore-Corri-La-Vita-scaled.jpeg\" alt=\"\" \/><\/figure>\n<div class=\"titleimg\">Comitato organizzatore di Corri La Vita<\/div>\n<h3>Un&#8217;occasione per scoprire le bellezze di Firenze<\/h3>\n<p>Corri La Vita offrir\u00e0 a tutti la possibilit\u00e0 di trascorrere un fine settimana unico a Firenze: nel corso del weekend i partecipanti avranno la possibilit\u00e0 di visitare gratuitamente alcuni dei <strong>luoghi pi\u00f9 belli della citt\u00e0<\/strong> come ad esempio Palazzo Strozzi, dove sar\u00e0 possibile scoprire la nuova mostra \u201cHelen Frankenthaler: Dipingere senza regole\u201d, il Museo Ferragamo con \u201cSalvatore Ferragamo 1898-1960\u201d, il Museo degli Innocenti, l\u2019Osservatorio Astrofisico di Arcetri, il Complesso di Santa Croce, il museo di Storia Naturale La specola, Palazzo Medici Riccardi, Museo HZero, il Museo Stibbert e tanti altri.<\/p>\n<h3>Testimonial<\/h3>\n<figure id=\"post-348853 media-348853\" class=\"align-none\"><img decoding=\"async\" src=\"https:\/\/www.intoscana.it\/wp-content\/uploads\/poster-CLV-2024_50X70.jpg\" alt=\"\" \/><\/figure>\n<div class=\"titleimg\">Il testimonial grafico di Corri La Vita 2024 \u00e8 la statua equestre di Cosimo I del Giambologna<\/div>\n<p>Il <a href=\"https:\/\/www.intoscana.it\/it\/corri-la-vita-ferragni-pellegrini\/\">testimonial<\/a> grafico di questa edizione \u00e8 la statua equestre di <strong>Cosimo I del Giambologna<\/strong> appena restaurata che si trova proprio in piazza della Signoria e che per l\u2019occasione indossa la maglietta di Corri La Vita.<\/p>\n<p>Per il 2024 ha gi\u00e0 aderito come testimonial Michael Stipe, leader dei REM. Nel corso degli anni sono tantissimi i personaggi noti a livello internazionale che hanno accolto l\u2019appello di Corri La Vita indossandone la maglietta: da <mark>Hugh Grant a Valeria Golino, da Jovanotti a Rupert Everett, da Monica Bellucci a Morgan Freeman, da Sting a Laura Pausini, da Tilda Swinton a Valentino Rossi, da Luca Guadagnino a Marina Abramovich senza dimenticare il presidente della Repubblica Giorgio Napolitano<\/mark>.<\/p>\n<h3>La t-shirt dell&#8217;edizione 2024<\/h3>\n<figure id=\"post-348841 media-348841\" class=\"align-none\"><img decoding=\"async\" src=\"https:\/\/www.intoscana.it\/wp-content\/uploads\/Maglietta_CORRI-LA-VITA-2024-scaled.jpeg\" alt=\"\" \/><\/figure>\n<div class=\"titleimg\">La maglietta di Corri La Vita<\/div>\n<p>Dal 1\u00b0 settembre sar\u00e0 possibile assicurarsi una delle <strong>37mila ambite magliette <\/strong>dal colore Green Forest (verde foresta) e il suo packaging \u00e8 totalmente bio-compostabile. Per chi vorr\u00e0\u0300 aiutare il progetto Corri la Vita ma non potra\u0300 recarsi presso uno dei punti di distribuzione, la maglietta ufficiale, fino ad esaurimento scorte, verr\u00e0 recapitata gratuitamente in tutta Italia.<\/p>\n<h3>L&#8217;associazione Corri La Vita<\/h3>\n<p>L\u2019associazione Corri La Vita Onlus investe da sempre tutto ci\u00f2 che raccoglie in progetti concreti di <strong>sostegno e prevenzione <\/strong>per le donne che devono affrontare la battaglia col <strong>tumore al seno<\/strong>. Il progetto nato nel 2003 per aiutare le donne colpite dal tumore al seno finanzia iniziative riguardo la prevenzione, la diagnosi precoce, la cura di questa malattia, il sostegno psicologico della paziente. In questi anni Corri La Vita &#8211; riunendo <strong>488.000 partecipanti<\/strong> &#8211; ha raccolto e donato oltre <strong>8.500.000 euro<\/strong> e consentito un\u2019assistenza di qualit\u00e0 ad oltre <strong>500.000 donne<\/strong> colpite dal tumore al seno.<\/p>\n","protected":false},"excerpt":{"rendered":"<p>La manifestazione \u00e8 in programma domenica 29 settembre per le strade di Firenze. A sostenere il progetto anche il leader dei REM<\/p>\n","protected":false},"author":483,"featured_media":348832,"comment_status":"open","ping_status":"open","sticky":false,"template":"","format":"standard","meta":{"_acf_changed":false,"footnotes":""},"categories":[494],"tags":[6144,4474,202,159],"class_list":["post-348831","post","type-post","status-publish","format-standard","has-post-thumbnail","hentry","category-attualita","tag-corri-la-vita","tag-eventi","tag-firenze","tag-sport"],"acf":[],"yoast_head":"<!-- This site is optimized with the Yoast SEO Premium plugin v24.2 (Yoast SEO v25.6) - https:\/\/yoast.com\/wordpress\/plugins\/seo\/ -->\n<title>Presentata la XXII edizione di Corri La Vita. Tra i testimonial anche Michael Stipe - intoscana<\/title>\n<meta name=\"description\" content=\"Presentata la XXII edizione di Corri La Vita in programma domenica 29 settembre a Firenze. Tra i testimonial anche Michael Stipe.\" \/>\n<meta name=\"robots\" content=\"index, follow, max-snippet:-1, max-image-preview:large, max-video-preview:-1\" \/>\n<link rel=\"canonical\" href=\"https:\/\/www.intoscana.it\/it\/xxii-edizione-corri-la-vita-testimonial-michael-stipe\/\" \/>\n<meta property=\"og:locale\" content=\"it_IT\" \/>\n<meta property=\"og:type\" content=\"article\" \/>\n<meta property=\"og:title\" content=\"Presentata la XXII edizione di Corri La Vita. Tra i testimonial anche Michael Stipe\" \/>\n<meta property=\"og:description\" content=\"Presentata la XXII edizione di Corri La Vita in programma domenica 29 settembre a Firenze. Tra i testimonial anche Michael Stipe.\" \/>\n<meta property=\"og:url\" content=\"https:\/\/www.intoscana.it\/it\/xxii-edizione-corri-la-vita-testimonial-michael-stipe\/\" \/>\n<meta property=\"og:site_name\" content=\"intoscana\" \/>\n<meta property=\"article:publisher\" content=\"https:\/\/www.facebook.com\/intoscana.it\" \/>\n<meta property=\"article:published_time\" content=\"2024-07-11T08:44:40+00:00\" \/>\n<meta property=\"article:modified_time\" content=\"2024-07-12T07:32:27+00:00\" \/>\n<meta property=\"og:image\" content=\"https:\/\/www.intoscana.it\/wp-content\/uploads\/Michael-Stipe.jpeg\" \/>\n\t<meta property=\"og:image:width\" content=\"1600\" \/>\n\t<meta property=\"og:image:height\" content=\"1199\" \/>\n\t<meta property=\"og:image:type\" content=\"image\/jpeg\" \/>\n<meta name=\"author\" content=\"Marta Mancini\" \/>\n<meta name=\"twitter:card\" content=\"summary_large_image\" \/>\n<meta name=\"twitter:creator\" content=\"@intoscana\" \/>\n<meta name=\"twitter:site\" content=\"@intoscana\" \/>\n<meta name=\"twitter:label1\" content=\"Written by\" \/>\n\t<meta name=\"twitter:data1\" content=\"Marta Mancini\" \/>\n\t<meta name=\"twitter:label2\" content=\"Est. reading time\" \/>\n\t<meta name=\"twitter:data2\" content=\"6 minuti\" \/>\n<script type=\"application\/ld+json\" class=\"yoast-schema-graph\">{\"@context\":\"https:\/\/schema.org\",\"@graph\":[{\"@type\":\"WebPage\",\"@id\":\"https:\/\/www.intoscana.it\/it\/xxii-edizione-corri-la-vita-testimonial-michael-stipe\/\",\"url\":\"https:\/\/www.intoscana.it\/it\/xxii-edizione-corri-la-vita-testimonial-michael-stipe\/\",\"name\":\"Presentata la XXII edizione di Corri La Vita. Tra i testimonial anche Michael Stipe - intoscana\",\"isPartOf\":{\"@id\":\"https:\/\/www.intoscana.it\/it\/#website\"},\"primaryImageOfPage\":{\"@id\":\"https:\/\/www.intoscana.it\/it\/xxii-edizione-corri-la-vita-testimonial-michael-stipe\/#primaryimage\"},\"image\":{\"@id\":\"https:\/\/www.intoscana.it\/it\/xxii-edizione-corri-la-vita-testimonial-michael-stipe\/#primaryimage\"},\"thumbnailUrl\":\"https:\/\/www.intoscana.it\/wp-content\/uploads\/Michael-Stipe.jpeg\",\"datePublished\":\"2024-07-11T08:44:40+00:00\",\"dateModified\":\"2024-07-12T07:32:27+00:00\",\"author\":{\"@id\":\"https:\/\/www.intoscana.it\/it\/#\/schema\/person\/ba955c49c389f39a8208f182b0652479\"},\"description\":\"Presentata la XXII edizione di Corri La Vita in programma domenica 29 settembre a Firenze. Tra i testimonial anche Michael Stipe.\",\"breadcrumb\":{\"@id\":\"https:\/\/www.intoscana.it\/it\/xxii-edizione-corri-la-vita-testimonial-michael-stipe\/#breadcrumb\"},\"inLanguage\":\"it-IT\",\"potentialAction\":[{\"@type\":\"ReadAction\",\"target\":[\"https:\/\/www.intoscana.it\/it\/xxii-edizione-corri-la-vita-testimonial-michael-stipe\/\"]}]},{\"@type\":\"ImageObject\",\"inLanguage\":\"it-IT\",\"@id\":\"https:\/\/www.intoscana.it\/it\/xxii-edizione-corri-la-vita-testimonial-michael-stipe\/#primaryimage\",\"url\":\"https:\/\/www.intoscana.it\/wp-content\/uploads\/Michael-Stipe.jpeg\",\"contentUrl\":\"https:\/\/www.intoscana.it\/wp-content\/uploads\/Michael-Stipe.jpeg\",\"width\":1600,\"height\":1199,\"caption\":\"Michael Stipe primo testimonial dell\u2019edizione 2024 di Corri La Vita\"},{\"@type\":\"BreadcrumbList\",\"@id\":\"https:\/\/www.intoscana.it\/it\/xxii-edizione-corri-la-vita-testimonial-michael-stipe\/#breadcrumb\",\"itemListElement\":[{\"@type\":\"ListItem\",\"position\":1,\"name\":\"Home\",\"item\":\"https:\/\/www.intoscana.it\/it\/\"},{\"@type\":\"ListItem\",\"position\":2,\"name\":\"Presentata la XXII edizione di Corri La Vita. Tra i testimonial anche Michael Stipe\"}]},{\"@type\":\"WebSite\",\"@id\":\"https:\/\/www.intoscana.it\/it\/#website\",\"url\":\"https:\/\/www.intoscana.it\/it\/\",\"name\":\"intoscana\",\"description\":\"\",\"potentialAction\":[{\"@type\":\"SearchAction\",\"target\":{\"@type\":\"EntryPoint\",\"urlTemplate\":\"https:\/\/www.intoscana.it\/it\/?s={search_term_string}\"},\"query-input\":{\"@type\":\"PropertyValueSpecification\",\"valueRequired\":true,\"valueName\":\"search_term_string\"}}],\"inLanguage\":\"it-IT\"},{\"@type\":\"Person\",\"@id\":\"https:\/\/www.intoscana.it\/it\/#\/schema\/person\/ba955c49c389f39a8208f182b0652479\",\"name\":\"Marta Mancini\",\"url\":\"https:\/\/www.intoscana.it\/it\/author\/marta-mancini\/\"}]}<\/script>\n<!-- \/ Yoast SEO Premium plugin. -->","yoast_head_json":{"title":"Presentata la XXII edizione di Corri La Vita. Tra i testimonial anche Michael Stipe - intoscana","description":"Presentata la XXII edizione di Corri La Vita in programma domenica 29 settembre a Firenze. Tra i testimonial anche Michael Stipe.","robots":{"index":"index","follow":"follow","max-snippet":"max-snippet:-1","max-image-preview":"max-image-preview:large","max-video-preview":"max-video-preview:-1"},"canonical":"https:\/\/www.intoscana.it\/it\/xxii-edizione-corri-la-vita-testimonial-michael-stipe\/","og_locale":"it_IT","og_type":"article","og_title":"Presentata la XXII edizione di Corri La Vita. Tra i testimonial anche Michael Stipe","og_description":"Presentata la XXII edizione di Corri La Vita in programma domenica 29 settembre a Firenze. Tra i testimonial anche Michael Stipe.","og_url":"https:\/\/www.intoscana.it\/it\/xxii-edizione-corri-la-vita-testimonial-michael-stipe\/","og_site_name":"intoscana","article_publisher":"https:\/\/www.facebook.com\/intoscana.it","article_published_time":"2024-07-11T08:44:40+00:00","article_modified_time":"2024-07-12T07:32:27+00:00","og_image":[{"width":1600,"height":1199,"url":"https:\/\/www.intoscana.it\/wp-content\/uploads\/Michael-Stipe.jpeg","type":"image\/jpeg"}],"author":"Marta Mancini","twitter_card":"summary_large_image","twitter_creator":"@intoscana","twitter_site":"@intoscana","twitter_misc":{"Written by":"Marta Mancini","Est. reading time":"6 minuti"},"schema":{"@context":"https:\/\/schema.org","@graph":[{"@type":"WebPage","@id":"https:\/\/www.intoscana.it\/it\/xxii-edizione-corri-la-vita-testimonial-michael-stipe\/","url":"https:\/\/www.intoscana.it\/it\/xxii-edizione-corri-la-vita-testimonial-michael-stipe\/","name":"Presentata la XXII edizione di Corri La Vita. Tra i testimonial anche Michael Stipe - intoscana","isPartOf":{"@id":"https:\/\/www.intoscana.it\/it\/#website"},"primaryImageOfPage":{"@id":"https:\/\/www.intoscana.it\/it\/xxii-edizione-corri-la-vita-testimonial-michael-stipe\/#primaryimage"},"image":{"@id":"https:\/\/www.intoscana.it\/it\/xxii-edizione-corri-la-vita-testimonial-michael-stipe\/#primaryimage"},"thumbnailUrl":"https:\/\/www.intoscana.it\/wp-content\/uploads\/Michael-Stipe.jpeg","datePublished":"2024-07-11T08:44:40+00:00","dateModified":"2024-07-12T07:32:27+00:00","author":{"@id":"https:\/\/www.intoscana.it\/it\/#\/schema\/person\/ba955c49c389f39a8208f182b0652479"},"description":"Presentata la XXII edizione di Corri La Vita in programma domenica 29 settembre a Firenze. Tra i testimonial anche Michael Stipe.","breadcrumb":{"@id":"https:\/\/www.intoscana.it\/it\/xxii-edizione-corri-la-vita-testimonial-michael-stipe\/#breadcrumb"},"inLanguage":"it-IT","potentialAction":[{"@type":"ReadAction","target":["https:\/\/www.intoscana.it\/it\/xxii-edizione-corri-la-vita-testimonial-michael-stipe\/"]}]},{"@type":"ImageObject","inLanguage":"it-IT","@id":"https:\/\/www.intoscana.it\/it\/xxii-edizione-corri-la-vita-testimonial-michael-stipe\/#primaryimage","url":"https:\/\/www.intoscana.it\/wp-content\/uploads\/Michael-Stipe.jpeg","contentUrl":"https:\/\/www.intoscana.it\/wp-content\/uploads\/Michael-Stipe.jpeg","width":1600,"height":1199,"caption":"Michael Stipe primo testimonial dell\u2019edizione 2024 di Corri La Vita"},{"@type":"BreadcrumbList","@id":"https:\/\/www.intoscana.it\/it\/xxii-edizione-corri-la-vita-testimonial-michael-stipe\/#breadcrumb","itemListElement":[{"@type":"ListItem","position":1,"name":"Home","item":"https:\/\/www.intoscana.it\/it\/"},{"@type":"ListItem","position":2,"name":"Presentata la XXII edizione di Corri La Vita. Tra i testimonial anche Michael Stipe"}]},{"@type":"WebSite","@id":"https:\/\/www.intoscana.it\/it\/#website","url":"https:\/\/www.intoscana.it\/it\/","name":"intoscana","description":"","potentialAction":[{"@type":"SearchAction","target":{"@type":"EntryPoint","urlTemplate":"https:\/\/www.intoscana.it\/it\/?s={search_term_string}"},"query-input":{"@type":"PropertyValueSpecification","valueRequired":true,"valueName":"search_term_string"}}],"inLanguage":"it-IT"},{"@type":"Person","@id":"https:\/\/www.intoscana.it\/it\/#\/schema\/person\/ba955c49c389f39a8208f182b0652479","name":"Marta Mancini","url":"https:\/\/www.intoscana.it\/it\/author\/marta-mancini\/"}]}},"_links":{"self":[{"href":"https:\/\/www.intoscana.it\/it\/wp-json\/wp\/v2\/posts\/348831","targetHints":{"allow":["GET"]}}],"collection":[{"href":"https:\/\/www.intoscana.it\/it\/wp-json\/wp\/v2\/posts"}],"about":[{"href":"https:\/\/www.intoscana.it\/it\/wp-json\/wp\/v2\/types\/post"}],"author":[{"embeddable":true,"href":"https:\/\/www.intoscana.it\/it\/wp-json\/wp\/v2\/users\/483"}],"replies":[{"embeddable":true,"href":"https:\/\/www.intoscana.it\/it\/wp-json\/wp\/v2\/comments?post=348831"}],"version-history":[{"count":17,"href":"https:\/\/www.intoscana.it\/it\/wp-json\/wp\/v2\/posts\/348831\/revisions"}],"predecessor-version":[{"id":349005,"href":"https:\/\/www.intoscana.it\/it\/wp-json\/wp\/v2\/posts\/348831\/revisions\/349005"}],"wp:featuredmedia":[{"embeddable":true,"href":"https:\/\/www.intoscana.it\/it\/wp-json\/wp\/v2\/media\/348832"}],"wp:attachment":[{"href":"https:\/\/www.intoscana.it\/it\/wp-json\/wp\/v2\/media?parent=348831"}],"wp:term":[{"taxonomy":"category","embeddable":true,"href":"https:\/\/www.intoscana.it\/it\/wp-json\/wp\/v2\/categories?post=348831"},{"taxonomy":"post_tag","embeddable":true,"href":"https:\/\/www.intoscana.it\/it\/wp-json\/wp\/v2\/tags?post=348831"}],"curies":[{"name":"wp","href":"https:\/\/api.w.org\/{rel}","templated":true}]}}