{"id":348964,"date":"2024-07-11T16:17:44","date_gmt":"2024-07-11T14:17:44","guid":{"rendered":"https:\/\/www.intoscana.it\/it\/?p=348964"},"modified":"2024-07-11T16:20:53","modified_gmt":"2024-07-11T14:20:53","slug":"pitti-fragranze-2024-firenze-180-brand","status":"publish","type":"post","link":"https:\/\/www.intoscana.it\/it\/pitti-fragranze-2024-firenze-180-brand\/","title":{"rendered":"Pitti Fragranze, un viaggio tra profumi e musica con 180 brand"},"content":{"rendered":"<p>\u00c8 <strong>The Sound of Fragrance<\/strong> il tema dell\u2019edizione numero ventidue di <strong>Pitti Fragranze<\/strong>, il salone di Pitti Immagine dedicato al mondo della profumeria artistica internazionale.<br \/>\nL\u2019appuntamento pensato per professionisti ed esperti \u00e8 in programma <strong>dal 13 al 15 settembre 2024<\/strong> alla Stazione Leopolda di Firenze con una ricca selezione del meglio della scena internazionale delle fragranze, nomi di punta e promettenti giovani realt\u00e0, assieme a linee <strong>skincare, beauty e benessere<\/strong>.<\/p>\n<p>Grazie a un continuo lavoro di scouting e selezione, assieme a progetti, partecipazioni speciali e talk con i protagonisti di riferimento del settore, il salone coglie le tendenze e l&#8217;innovazione che animano l&#8217;universo della cultura olfattiva contemporanea.<\/p>\n<figure id=\"post-348976 media-348976\" class=\"align-none\"><img decoding=\"async\" src=\"https:\/\/www.intoscana.it\/wp-content\/uploads\/Fragranze_21___100-scaled.jpg\" alt=\"\" \/><\/figure>\n<div class=\"titleimg\">Pitti Fragranze 2024<\/div>\n<p>\u201c<em>Pitti Fragranze conferma il suo ruolo di riferimento nel panorama della cultura olfattiva internazionale<\/em> &#8211; ha dichiarato <strong>Agostino Poletto<\/strong>, direttore generale di Pitti Immagine &#8211;<em>. Nei mesi scorsi abbiamo ricevuto tante richieste di partecipazione al salone, in arrivo da tutto il mondo, segno che l\u2019attenzione e l\u2019interesse verso la manifestazione sono in crescita. Dal canto nostro stiamo lavorando mantenendo saldi i principi di selezione e di scouting di novit\u00e0, presentando al pubblico di buyer e stampa internazionali una proposta delle migliori realt\u00e0 di profumeria di nicchia, linee skincare e beauty. Al tempo stesso concepiamo ogni nuova edizione come un vero e proprio osservatorio sulla cultura olfattiva contemporanea.<\/em><\/p>\n<p><mark><em>Il calendario degli eventi e dei progetti speciali, che vede protagonisti i pi\u00f9 importanti player del settore, esplora ogni aspetto della profumeria artistica, dalle tendenze del mercato alle nuove frontiere della comunicazione e della perfume culture. A partire dal tema che ispira la nuova campagna di Fragranze e l\u2019installazione evento speciale The Sound of Fragrance, dedicata alla stretta connessione tra il mondo dei profumi e quello della musica<\/em><\/mark><em>. Un\u2019esperienza immersiva imperdibile, che invitiamo il nostro pubblico a provare in Leopolda<\/em>\u201d.<\/p>\n<h3>I numeri di questa edizione<\/h3>\n<figure id=\"post-348975 media-348975\" class=\"align-none\"><img decoding=\"async\" src=\"https:\/\/www.intoscana.it\/wp-content\/uploads\/Fragranze_07-scaled.jpg\" alt=\"\" \/><\/figure>\n<div class=\"titleimg\">Pitti Fragranze 2024<\/div>\n<p><strong>180 brand<\/strong>, perlopi\u00f9 provenienti dall\u2019estero, <strong>60<\/strong> tra nomi nuovi e rientri, <strong>36<\/strong> debutti assoluti. I principali <strong>paesi di provenienza<\/strong> sono Francia, Regno Unito, Stati Uniti, Germania, Emirati Arabi, Spagna, Turchia, con marchi provenienti anche da Armenia, Australia, Austria, Barbados, Cina, Corea del Sud, Croazia, Danimarca, Giappone, India, Lituania, Norvegia, Olanda, Oman, Polonia, Repubblica Ceca, Romania, Russia, Senegal, Singapore, Svezia, Svizzera. Sono alcuni numeri e caratteristiche di questa edizione di Pitti Fragranze che esplora le corrispondenze e le implicazioni creative tra <strong>profumi e musica<\/strong>.<\/p>\n<h3>Il tema della campagna<\/h3>\n<figure id=\"post-348978 media-348978\" class=\"align-none\"><img decoding=\"async\" src=\"https:\/\/www.intoscana.it\/wp-content\/uploads\/NEWS-adv_FRAGRANZE-scaled.jpg\" alt=\"\" \/><\/figure>\n<div class=\"titleimg\">Pitti Fragranze 2024<\/div>\n<p>\u201c<em>L&#8217;idea dell&#8217;immagine di campagna \u00e8 stata ispirata da un quadro del pittore fiorentino Bartolomeo Bimbi<\/em> &#8211; ha spiegato <strong>Francesca Tacconi<\/strong>, coordinatore eventi speciale di Pitti Immagine &#8211; <em>i cui capolavori sono custoditi nel Museo della Natura Morta della <a href=\"https:\/\/www.intoscana.it\/it\/via-medicea\/\" target=\"_blank\" rel=\"noopener\">Villa Medicea di Poggio a Caiano<\/a>, progettata da Giuliano da Sangallo per Lorenzo il Magnifico. Raffigura una composizione di fiori, fiori esuberanti, che tracimano dal vaso, hanno colori vividi, brillanti, la natura appare pi\u00f9 viva che mai, rumorosa, fragorosa, si fa vedere, sentire, si impone allo spettatore, come certa musica. Di contro c&#8217;\u00e8 il silenzio di certi fiori solitari, che si affacciano timidi come nelle composizioni di Francisco de Zurbar\u00e1n, ma il suono di quei fiori \u00e8 denso di significato ed \u00e8 prezioso provare ad ascoltarlo. L&#8217;immagine \u00e8 stata ideata da <strong>Alessandro Gori.Laboratorium<\/strong>, riprendendo i fiori direttamente sul piatto di uno scanner, una modalit\u00e0 rappresentativa per cui il designer ha coniato il neologismo scan-life<\/em>&#8220;.<\/p>\n<figure id=\"post-348982 media-348982\" class=\"align-none\"><img decoding=\"async\" src=\"https:\/\/www.intoscana.it\/wp-content\/uploads\/RAW_by_MANE_04-scaled.jpg\" alt=\"\" \/><\/figure>\n<div class=\"titleimg\">Pitti Fragranze, il salone dedicato alla profumeria artistica internazionale<\/div>\n<p>A partire dall\u2019ispirazione floreale, <a href=\"https:\/\/fragranze.pittimmagine.com\/\" target=\"_blank\" rel=\"noopener\">Fragranze<\/a> invita a cogliere proprio la natura rumorosa o silenziosa di una fragranza, l\u2019espressione intima del profumo interpretata attraverso la musica, e indaga il legame tra due sensi, quelli dell\u2019olfatto e dell\u2019udito, che perlustrano l\u2019invisibile e si sottraggono alla dittatura dell\u2019immagine, permettendo di conoscere ancora di pi\u00f9 le avventurose vie della creazione olfattiva. Durante i giorni del salone, il tema \u201cThe Sound of Fragrance\u201d si decliner\u00e0 nella speciale<strong> installazione immersiva<\/strong> in scena allo Spazio Alcatraz, progetto speciale di questa edizione, approfondito anche in un <strong>talk<\/strong> dedicato in programma.<\/p>\n","protected":false},"excerpt":{"rendered":"<p>Il salone dedicato alla profumeria artistica internazionale \u00e8 in programma alla Stazione Leopolda a Firenze dal 13 al 15 settembre. Il tema dell&#8217;edizione numero ventidue \u00e8 The Sound of Fragrance<\/p>\n","protected":false},"author":483,"featured_media":348977,"comment_status":"open","ping_status":"open","sticky":false,"template":"","format":"standard","meta":{"_acf_changed":false,"footnotes":""},"categories":[9],"tags":[202,403,5726],"class_list":["post-348964","post","type-post","status-publish","format-standard","has-post-thumbnail","hentry","category-made-in-toscana","tag-firenze","tag-pitti-immagine","tag-profumo"],"acf":[],"yoast_head":"<!-- This site is optimized with the Yoast SEO Premium plugin v24.2 (Yoast SEO v25.6) - https:\/\/yoast.com\/wordpress\/plugins\/seo\/ -->\n<title>Pitti Fragranze, un viaggio tra profumi e musica con 180 brand - intoscana<\/title>\n<meta name=\"description\" content=\"Pitti Fragranze \u00e8 in programma a Firenze dal 13 al 15 settembre 2024. Il tema dell&#039;edizione numero ventidue \u00e8 The Sound of Fragrance\" \/>\n<meta name=\"robots\" content=\"index, follow, max-snippet:-1, max-image-preview:large, max-video-preview:-1\" \/>\n<link rel=\"canonical\" href=\"https:\/\/www.intoscana.it\/it\/pitti-fragranze-2024-firenze-180-brand\/\" \/>\n<meta property=\"og:locale\" content=\"it_IT\" \/>\n<meta property=\"og:type\" content=\"article\" \/>\n<meta property=\"og:title\" content=\"Pitti Fragranze, un viaggio tra profumi e musica con 180 brand\" \/>\n<meta property=\"og:description\" content=\"Pitti Fragranze \u00e8 in programma a Firenze dal 13 al 15 settembre 2024. Il tema dell&#039;edizione numero ventidue \u00e8 The Sound of Fragrance\" \/>\n<meta property=\"og:url\" content=\"https:\/\/www.intoscana.it\/it\/pitti-fragranze-2024-firenze-180-brand\/\" \/>\n<meta property=\"og:site_name\" content=\"intoscana\" \/>\n<meta property=\"article:publisher\" content=\"https:\/\/www.facebook.com\/intoscana.it\" \/>\n<meta property=\"article:published_time\" content=\"2024-07-11T14:17:44+00:00\" \/>\n<meta property=\"article:modified_time\" content=\"2024-07-11T14:20:53+00:00\" \/>\n<meta property=\"og:image\" content=\"https:\/\/www.intoscana.it\/wp-content\/uploads\/Fragranze_63-scaled.jpg\" \/>\n\t<meta property=\"og:image:width\" content=\"2048\" \/>\n\t<meta property=\"og:image:height\" content=\"1365\" \/>\n\t<meta property=\"og:image:type\" content=\"image\/jpeg\" \/>\n<meta name=\"author\" content=\"Marta Mancini\" \/>\n<meta name=\"twitter:card\" content=\"summary_large_image\" \/>\n<meta name=\"twitter:creator\" content=\"@intoscana\" \/>\n<meta name=\"twitter:site\" content=\"@intoscana\" \/>\n<meta name=\"twitter:label1\" content=\"Written by\" \/>\n\t<meta name=\"twitter:data1\" content=\"Marta Mancini\" \/>\n\t<meta name=\"twitter:label2\" content=\"Est. reading time\" \/>\n\t<meta name=\"twitter:data2\" content=\"5 minuti\" \/>\n<script type=\"application\/ld+json\" class=\"yoast-schema-graph\">{\"@context\":\"https:\/\/schema.org\",\"@graph\":[{\"@type\":\"WebPage\",\"@id\":\"https:\/\/www.intoscana.it\/it\/pitti-fragranze-2024-firenze-180-brand\/\",\"url\":\"https:\/\/www.intoscana.it\/it\/pitti-fragranze-2024-firenze-180-brand\/\",\"name\":\"Pitti Fragranze, un viaggio tra profumi e musica con 180 brand - intoscana\",\"isPartOf\":{\"@id\":\"https:\/\/www.intoscana.it\/it\/#website\"},\"primaryImageOfPage\":{\"@id\":\"https:\/\/www.intoscana.it\/it\/pitti-fragranze-2024-firenze-180-brand\/#primaryimage\"},\"image\":{\"@id\":\"https:\/\/www.intoscana.it\/it\/pitti-fragranze-2024-firenze-180-brand\/#primaryimage\"},\"thumbnailUrl\":\"https:\/\/www.intoscana.it\/wp-content\/uploads\/Fragranze_63-scaled.jpg\",\"datePublished\":\"2024-07-11T14:17:44+00:00\",\"dateModified\":\"2024-07-11T14:20:53+00:00\",\"author\":{\"@id\":\"https:\/\/www.intoscana.it\/it\/#\/schema\/person\/ba955c49c389f39a8208f182b0652479\"},\"description\":\"Pitti Fragranze \u00e8 in programma a Firenze dal 13 al 15 settembre 2024. Il tema dell'edizione numero ventidue \u00e8 The Sound of Fragrance\",\"breadcrumb\":{\"@id\":\"https:\/\/www.intoscana.it\/it\/pitti-fragranze-2024-firenze-180-brand\/#breadcrumb\"},\"inLanguage\":\"it-IT\",\"potentialAction\":[{\"@type\":\"ReadAction\",\"target\":[\"https:\/\/www.intoscana.it\/it\/pitti-fragranze-2024-firenze-180-brand\/\"]}]},{\"@type\":\"ImageObject\",\"inLanguage\":\"it-IT\",\"@id\":\"https:\/\/www.intoscana.it\/it\/pitti-fragranze-2024-firenze-180-brand\/#primaryimage\",\"url\":\"https:\/\/www.intoscana.it\/wp-content\/uploads\/Fragranze_63-scaled.jpg\",\"contentUrl\":\"https:\/\/www.intoscana.it\/wp-content\/uploads\/Fragranze_63-scaled.jpg\",\"width\":2048,\"height\":1365,\"caption\":\"Pitti Fragranze 2024\"},{\"@type\":\"BreadcrumbList\",\"@id\":\"https:\/\/www.intoscana.it\/it\/pitti-fragranze-2024-firenze-180-brand\/#breadcrumb\",\"itemListElement\":[{\"@type\":\"ListItem\",\"position\":1,\"name\":\"Home\",\"item\":\"https:\/\/www.intoscana.it\/it\/\"},{\"@type\":\"ListItem\",\"position\":2,\"name\":\"Pitti Fragranze, un viaggio tra profumi e musica con 180 brand\"}]},{\"@type\":\"WebSite\",\"@id\":\"https:\/\/www.intoscana.it\/it\/#website\",\"url\":\"https:\/\/www.intoscana.it\/it\/\",\"name\":\"intoscana\",\"description\":\"\",\"potentialAction\":[{\"@type\":\"SearchAction\",\"target\":{\"@type\":\"EntryPoint\",\"urlTemplate\":\"https:\/\/www.intoscana.it\/it\/?s={search_term_string}\"},\"query-input\":{\"@type\":\"PropertyValueSpecification\",\"valueRequired\":true,\"valueName\":\"search_term_string\"}}],\"inLanguage\":\"it-IT\"},{\"@type\":\"Person\",\"@id\":\"https:\/\/www.intoscana.it\/it\/#\/schema\/person\/ba955c49c389f39a8208f182b0652479\",\"name\":\"Marta Mancini\",\"url\":\"https:\/\/www.intoscana.it\/it\/author\/marta-mancini\/\"}]}<\/script>\n<!-- \/ Yoast SEO Premium plugin. -->","yoast_head_json":{"title":"Pitti Fragranze, un viaggio tra profumi e musica con 180 brand - intoscana","description":"Pitti Fragranze \u00e8 in programma a Firenze dal 13 al 15 settembre 2024. Il tema dell'edizione numero ventidue \u00e8 The Sound of Fragrance","robots":{"index":"index","follow":"follow","max-snippet":"max-snippet:-1","max-image-preview":"max-image-preview:large","max-video-preview":"max-video-preview:-1"},"canonical":"https:\/\/www.intoscana.it\/it\/pitti-fragranze-2024-firenze-180-brand\/","og_locale":"it_IT","og_type":"article","og_title":"Pitti Fragranze, un viaggio tra profumi e musica con 180 brand","og_description":"Pitti Fragranze \u00e8 in programma a Firenze dal 13 al 15 settembre 2024. Il tema dell'edizione numero ventidue \u00e8 The Sound of Fragrance","og_url":"https:\/\/www.intoscana.it\/it\/pitti-fragranze-2024-firenze-180-brand\/","og_site_name":"intoscana","article_publisher":"https:\/\/www.facebook.com\/intoscana.it","article_published_time":"2024-07-11T14:17:44+00:00","article_modified_time":"2024-07-11T14:20:53+00:00","og_image":[{"width":2048,"height":1365,"url":"https:\/\/www.intoscana.it\/wp-content\/uploads\/Fragranze_63-scaled.jpg","type":"image\/jpeg"}],"author":"Marta Mancini","twitter_card":"summary_large_image","twitter_creator":"@intoscana","twitter_site":"@intoscana","twitter_misc":{"Written by":"Marta Mancini","Est. reading time":"5 minuti"},"schema":{"@context":"https:\/\/schema.org","@graph":[{"@type":"WebPage","@id":"https:\/\/www.intoscana.it\/it\/pitti-fragranze-2024-firenze-180-brand\/","url":"https:\/\/www.intoscana.it\/it\/pitti-fragranze-2024-firenze-180-brand\/","name":"Pitti Fragranze, un viaggio tra profumi e musica con 180 brand - intoscana","isPartOf":{"@id":"https:\/\/www.intoscana.it\/it\/#website"},"primaryImageOfPage":{"@id":"https:\/\/www.intoscana.it\/it\/pitti-fragranze-2024-firenze-180-brand\/#primaryimage"},"image":{"@id":"https:\/\/www.intoscana.it\/it\/pitti-fragranze-2024-firenze-180-brand\/#primaryimage"},"thumbnailUrl":"https:\/\/www.intoscana.it\/wp-content\/uploads\/Fragranze_63-scaled.jpg","datePublished":"2024-07-11T14:17:44+00:00","dateModified":"2024-07-11T14:20:53+00:00","author":{"@id":"https:\/\/www.intoscana.it\/it\/#\/schema\/person\/ba955c49c389f39a8208f182b0652479"},"description":"Pitti Fragranze \u00e8 in programma a Firenze dal 13 al 15 settembre 2024. Il tema dell'edizione numero ventidue \u00e8 The Sound of Fragrance","breadcrumb":{"@id":"https:\/\/www.intoscana.it\/it\/pitti-fragranze-2024-firenze-180-brand\/#breadcrumb"},"inLanguage":"it-IT","potentialAction":[{"@type":"ReadAction","target":["https:\/\/www.intoscana.it\/it\/pitti-fragranze-2024-firenze-180-brand\/"]}]},{"@type":"ImageObject","inLanguage":"it-IT","@id":"https:\/\/www.intoscana.it\/it\/pitti-fragranze-2024-firenze-180-brand\/#primaryimage","url":"https:\/\/www.intoscana.it\/wp-content\/uploads\/Fragranze_63-scaled.jpg","contentUrl":"https:\/\/www.intoscana.it\/wp-content\/uploads\/Fragranze_63-scaled.jpg","width":2048,"height":1365,"caption":"Pitti Fragranze 2024"},{"@type":"BreadcrumbList","@id":"https:\/\/www.intoscana.it\/it\/pitti-fragranze-2024-firenze-180-brand\/#breadcrumb","itemListElement":[{"@type":"ListItem","position":1,"name":"Home","item":"https:\/\/www.intoscana.it\/it\/"},{"@type":"ListItem","position":2,"name":"Pitti Fragranze, un viaggio tra profumi e musica con 180 brand"}]},{"@type":"WebSite","@id":"https:\/\/www.intoscana.it\/it\/#website","url":"https:\/\/www.intoscana.it\/it\/","name":"intoscana","description":"","potentialAction":[{"@type":"SearchAction","target":{"@type":"EntryPoint","urlTemplate":"https:\/\/www.intoscana.it\/it\/?s={search_term_string}"},"query-input":{"@type":"PropertyValueSpecification","valueRequired":true,"valueName":"search_term_string"}}],"inLanguage":"it-IT"},{"@type":"Person","@id":"https:\/\/www.intoscana.it\/it\/#\/schema\/person\/ba955c49c389f39a8208f182b0652479","name":"Marta Mancini","url":"https:\/\/www.intoscana.it\/it\/author\/marta-mancini\/"}]}},"_links":{"self":[{"href":"https:\/\/www.intoscana.it\/it\/wp-json\/wp\/v2\/posts\/348964","targetHints":{"allow":["GET"]}}],"collection":[{"href":"https:\/\/www.intoscana.it\/it\/wp-json\/wp\/v2\/posts"}],"about":[{"href":"https:\/\/www.intoscana.it\/it\/wp-json\/wp\/v2\/types\/post"}],"author":[{"embeddable":true,"href":"https:\/\/www.intoscana.it\/it\/wp-json\/wp\/v2\/users\/483"}],"replies":[{"embeddable":true,"href":"https:\/\/www.intoscana.it\/it\/wp-json\/wp\/v2\/comments?post=348964"}],"version-history":[{"count":10,"href":"https:\/\/www.intoscana.it\/it\/wp-json\/wp\/v2\/posts\/348964\/revisions"}],"predecessor-version":[{"id":348986,"href":"https:\/\/www.intoscana.it\/it\/wp-json\/wp\/v2\/posts\/348964\/revisions\/348986"}],"wp:featuredmedia":[{"embeddable":true,"href":"https:\/\/www.intoscana.it\/it\/wp-json\/wp\/v2\/media\/348977"}],"wp:attachment":[{"href":"https:\/\/www.intoscana.it\/it\/wp-json\/wp\/v2\/media?parent=348964"}],"wp:term":[{"taxonomy":"category","embeddable":true,"href":"https:\/\/www.intoscana.it\/it\/wp-json\/wp\/v2\/categories?post=348964"},{"taxonomy":"post_tag","embeddable":true,"href":"https:\/\/www.intoscana.it\/it\/wp-json\/wp\/v2\/tags?post=348964"}],"curies":[{"name":"wp","href":"https:\/\/api.w.org\/{rel}","templated":true}]}}