{"id":349019,"date":"2024-07-12T11:24:01","date_gmt":"2024-07-12T09:24:01","guid":{"rendered":"https:\/\/www.intoscana.it\/it\/?p=349019"},"modified":"2024-07-12T14:33:45","modified_gmt":"2024-07-12T12:33:45","slug":"caldo-giornate-da-bollino-rosso-stop-al-lavoro-nei-campi-dalle-12-30-alle-16","status":"publish","type":"post","link":"https:\/\/www.intoscana.it\/it\/caldo-giornate-da-bollino-rosso-stop-al-lavoro-nei-campi-dalle-12-30-alle-16\/","title":{"rendered":"Caldo, giornate da bollino rosso: stop al lavoro nei campi dalle 12.30 alle 16"},"content":{"rendered":"<p>Stop al lavoro nei campi e sotto il sole dalle 12.30 alle 16. La <strong>Regione <\/strong>ha emanato una ordinanza contingibile ed urgente per vietare in tutta la Toscana il lavoro nei settori agricolo e florovivaistico, in condizioni di esposizione prolungata al sole, nelle ore pi\u00f9 calde delle giornate da bollino rosso fino al 31 agosto.\u00a0 A motivare la decisione presa dal presidente della Regione <strong>Eugenio Giani<\/strong>, in accordo con la vicepresidente e assessore all&#8217;agricoltura <strong>Stefania Saccardi<\/strong>, le previsioni dei prossimi giorni e i rischi legati allo stress termico e la necessit\u00e0 di prevenire conseguenze che possono essere anche gravi per la <strong>salute<\/strong>.<\/p>\n<p>In particolare, il divieto lavorativo sar\u00e0 valido nei giorni pi\u00f9 a rischio, vale a dire quelli in cui la mappa indicata sul <a href=\"http:\/\/www.worklimate.it\/scelta-mappa\/sole-attivita-fisica-alta\" target=\"_blank\" rel=\"noopener\">sito dedicato\u00a0<\/a>riferita a <mark>\u201clavoratori esposti al sole\u201d con \u201cattivit\u00e0 fisica intensa\u201d segnali un livello di rischio \u201calto&#8221;.<\/mark><\/p>\n<p>&#8220;Il forte innalzamento della temperatura e il livello elevato di umidit\u00e0 che registriamo in questi giorni &#8211; spiega il presidente\u00a0<strong>Giani<\/strong> &#8211; ci ha spinto a mettere in atto tutte le <mark>misure di prevenzione necessarie per consentire di operare in sicurezza a coloro che lavorano all&#8217;aperto, senza possibilit\u00e0 di ripararsi dal sole e dalla calura nei momenti pi\u00f9 torridi della giornata, tutelandone cos\u00ec la salute e l&#8217;equilibrio psicofisico&#8221;.<\/mark><\/p>\n<div class=\"focuson\"><a href=\"https:\/\/www.intoscana.it\/it\/dallaria-condizionata-alla-conservazione-dei-farmaci-come-proteggersi-dal-caldo-consigli-per-fragili-e-lavoratori\/\"><img decoding=\"async\" class=\"lazy\" src=\"https:\/\/www.intoscana.it\/wp-content\/uploads\/caldo.jpg\" style=\"\">\n                <div class=\"cat\">Come proteggersi dal caldo: consigli per fragili e lavoratori<\/div>\n                <h4><\/h4><\/a>\n              <\/div>\n<h3><em>L&#8217;ondata di calore: Firenze da bollino rosso<\/em><\/h3>\n<p>Bollino rosso per le ondate di calore anche a <strong>Firenze da venerd\u00ec 11 a domenica 14 luglio<\/strong>. Il capoluogo toscano \u00e8 tra le 11 citt\u00e0 da bollino rosso secondo il monitoraggio del <strong>ministero della Salute.<\/strong><\/p>\n<p>Le ondate di calore si verificano quando si registrano <mark>temperature molto elevate per pi\u00f9 giorni consecutivi, spesso associate a tassi elevati di umidit\u00e0, forte irraggiamento solare e assenza di ventilazione.<\/mark><\/p>\n","protected":false},"excerpt":{"rendered":"<p>Previste ondate di calore nei prossimi giorni e la Regione Toscana emana un&#8217;ordinanza urgente per salvaguardare il personale del settore agricolo. Giani: &#8220;Misure di prevenzione necessarie&#8221;<\/p>\n","protected":false},"author":525,"featured_media":349032,"comment_status":"open","ping_status":"open","sticky":false,"template":"","format":"standard","meta":{"_acf_changed":false,"footnotes":""},"categories":[494],"tags":[6520,158,260,151,4769],"class_list":["post-349019","post","type-post","status-publish","format-standard","has-post-thumbnail","hentry","category-attualita","tag-caldo","tag-eugenio-giani","tag-lavoro","tag-regione-toscana","tag-stefania-saccardi"],"acf":[],"yoast_head":"<!-- This site is optimized with the Yoast SEO Premium plugin v24.2 (Yoast SEO v25.6) - https:\/\/yoast.com\/wordpress\/plugins\/seo\/ -->\n<title>Caldo, giornate da bollino rosso: stop al lavoro nei campi dalle 12.30 alle 16 - intoscana<\/title>\n<meta name=\"description\" content=\"Previste ondate di calore nei prossimi giorni e la Regione Toscana emana un&#039;ordinanza urgente per salvaguardare il personale del settore agricolo. Giani: &quot;Misure di prevenzione necessarie&quot;\" \/>\n<meta name=\"robots\" content=\"index, follow, max-snippet:-1, max-image-preview:large, max-video-preview:-1\" \/>\n<link rel=\"canonical\" href=\"https:\/\/www.intoscana.it\/it\/caldo-giornate-da-bollino-rosso-stop-al-lavoro-nei-campi-dalle-12-30-alle-16\/\" \/>\n<meta property=\"og:locale\" content=\"it_IT\" \/>\n<meta property=\"og:type\" content=\"article\" \/>\n<meta property=\"og:title\" content=\"Caldo, giornate da bollino rosso: stop al lavoro nei campi dalle 12.30 alle 16\" \/>\n<meta property=\"og:description\" content=\"Previste ondate di calore nei prossimi giorni e la Regione Toscana emana un&#039;ordinanza urgente per salvaguardare il personale del settore agricolo. Giani: &quot;Misure di prevenzione necessarie&quot;\" \/>\n<meta property=\"og:url\" content=\"https:\/\/www.intoscana.it\/it\/caldo-giornate-da-bollino-rosso-stop-al-lavoro-nei-campi-dalle-12-30-alle-16\/\" \/>\n<meta property=\"og:site_name\" content=\"intoscana\" \/>\n<meta property=\"article:publisher\" content=\"https:\/\/www.facebook.com\/intoscana.it\" \/>\n<meta property=\"article:published_time\" content=\"2024-07-12T09:24:01+00:00\" \/>\n<meta property=\"article:modified_time\" content=\"2024-07-12T12:33:45+00:00\" \/>\n<meta property=\"og:image\" content=\"https:\/\/www.intoscana.it\/wp-content\/uploads\/caldo-agricoltura-campi.jpeg\" \/>\n\t<meta property=\"og:image:width\" content=\"1217\" \/>\n\t<meta property=\"og:image:height\" content=\"655\" \/>\n\t<meta property=\"og:image:type\" content=\"image\/jpeg\" \/>\n<meta name=\"author\" content=\"Redazione\" \/>\n<meta name=\"twitter:card\" content=\"summary_large_image\" \/>\n<meta name=\"twitter:creator\" content=\"@intoscana\" \/>\n<meta name=\"twitter:site\" content=\"@intoscana\" \/>\n<meta name=\"twitter:label1\" content=\"Written by\" \/>\n\t<meta name=\"twitter:data1\" content=\"Redazione\" \/>\n\t<meta name=\"twitter:label2\" content=\"Est. reading time\" \/>\n\t<meta name=\"twitter:data2\" content=\"2 minuti\" \/>\n<script type=\"application\/ld+json\" class=\"yoast-schema-graph\">{\"@context\":\"https:\/\/schema.org\",\"@graph\":[{\"@type\":\"WebPage\",\"@id\":\"https:\/\/www.intoscana.it\/it\/caldo-giornate-da-bollino-rosso-stop-al-lavoro-nei-campi-dalle-12-30-alle-16\/\",\"url\":\"https:\/\/www.intoscana.it\/it\/caldo-giornate-da-bollino-rosso-stop-al-lavoro-nei-campi-dalle-12-30-alle-16\/\",\"name\":\"Caldo, giornate da bollino rosso: stop al lavoro nei campi dalle 12.30 alle 16 - intoscana\",\"isPartOf\":{\"@id\":\"https:\/\/www.intoscana.it\/it\/#website\"},\"primaryImageOfPage\":{\"@id\":\"https:\/\/www.intoscana.it\/it\/caldo-giornate-da-bollino-rosso-stop-al-lavoro-nei-campi-dalle-12-30-alle-16\/#primaryimage\"},\"image\":{\"@id\":\"https:\/\/www.intoscana.it\/it\/caldo-giornate-da-bollino-rosso-stop-al-lavoro-nei-campi-dalle-12-30-alle-16\/#primaryimage\"},\"thumbnailUrl\":\"https:\/\/www.intoscana.it\/wp-content\/uploads\/caldo-agricoltura-campi.jpeg\",\"datePublished\":\"2024-07-12T09:24:01+00:00\",\"dateModified\":\"2024-07-12T12:33:45+00:00\",\"author\":{\"@id\":\"https:\/\/www.intoscana.it\/it\/#\/schema\/person\/9223810753230f20bd670fdd322661f8\"},\"description\":\"Previste ondate di calore nei prossimi giorni e la Regione Toscana emana un'ordinanza urgente per salvaguardare il personale del settore agricolo. Giani: \\\"Misure di prevenzione necessarie\\\"\",\"breadcrumb\":{\"@id\":\"https:\/\/www.intoscana.it\/it\/caldo-giornate-da-bollino-rosso-stop-al-lavoro-nei-campi-dalle-12-30-alle-16\/#breadcrumb\"},\"inLanguage\":\"it-IT\",\"potentialAction\":[{\"@type\":\"ReadAction\",\"target\":[\"https:\/\/www.intoscana.it\/it\/caldo-giornate-da-bollino-rosso-stop-al-lavoro-nei-campi-dalle-12-30-alle-16\/\"]}]},{\"@type\":\"ImageObject\",\"inLanguage\":\"it-IT\",\"@id\":\"https:\/\/www.intoscana.it\/it\/caldo-giornate-da-bollino-rosso-stop-al-lavoro-nei-campi-dalle-12-30-alle-16\/#primaryimage\",\"url\":\"https:\/\/www.intoscana.it\/wp-content\/uploads\/caldo-agricoltura-campi.jpeg\",\"contentUrl\":\"https:\/\/www.intoscana.it\/wp-content\/uploads\/caldo-agricoltura-campi.jpeg\",\"width\":1217,\"height\":655,\"caption\":\"Agricoltura\"},{\"@type\":\"BreadcrumbList\",\"@id\":\"https:\/\/www.intoscana.it\/it\/caldo-giornate-da-bollino-rosso-stop-al-lavoro-nei-campi-dalle-12-30-alle-16\/#breadcrumb\",\"itemListElement\":[{\"@type\":\"ListItem\",\"position\":1,\"name\":\"Home\",\"item\":\"https:\/\/www.intoscana.it\/it\/\"},{\"@type\":\"ListItem\",\"position\":2,\"name\":\"Caldo, giornate da bollino rosso: stop al lavoro nei campi dalle 12.30 alle 16\"}]},{\"@type\":\"WebSite\",\"@id\":\"https:\/\/www.intoscana.it\/it\/#website\",\"url\":\"https:\/\/www.intoscana.it\/it\/\",\"name\":\"intoscana\",\"description\":\"\",\"potentialAction\":[{\"@type\":\"SearchAction\",\"target\":{\"@type\":\"EntryPoint\",\"urlTemplate\":\"https:\/\/www.intoscana.it\/it\/?s={search_term_string}\"},\"query-input\":{\"@type\":\"PropertyValueSpecification\",\"valueRequired\":true,\"valueName\":\"search_term_string\"}}],\"inLanguage\":\"it-IT\"},{\"@type\":\"Person\",\"@id\":\"https:\/\/www.intoscana.it\/it\/#\/schema\/person\/9223810753230f20bd670fdd322661f8\",\"name\":\"Redazione\",\"url\":\"https:\/\/www.intoscana.it\/it\/author\/redazione\/\"}]}<\/script>\n<!-- \/ Yoast SEO Premium plugin. -->","yoast_head_json":{"title":"Caldo, giornate da bollino rosso: stop al lavoro nei campi dalle 12.30 alle 16 - intoscana","description":"Previste ondate di calore nei prossimi giorni e la Regione Toscana emana un'ordinanza urgente per salvaguardare il personale del settore agricolo. Giani: \"Misure di prevenzione necessarie\"","robots":{"index":"index","follow":"follow","max-snippet":"max-snippet:-1","max-image-preview":"max-image-preview:large","max-video-preview":"max-video-preview:-1"},"canonical":"https:\/\/www.intoscana.it\/it\/caldo-giornate-da-bollino-rosso-stop-al-lavoro-nei-campi-dalle-12-30-alle-16\/","og_locale":"it_IT","og_type":"article","og_title":"Caldo, giornate da bollino rosso: stop al lavoro nei campi dalle 12.30 alle 16","og_description":"Previste ondate di calore nei prossimi giorni e la Regione Toscana emana un'ordinanza urgente per salvaguardare il personale del settore agricolo. Giani: \"Misure di prevenzione necessarie\"","og_url":"https:\/\/www.intoscana.it\/it\/caldo-giornate-da-bollino-rosso-stop-al-lavoro-nei-campi-dalle-12-30-alle-16\/","og_site_name":"intoscana","article_publisher":"https:\/\/www.facebook.com\/intoscana.it","article_published_time":"2024-07-12T09:24:01+00:00","article_modified_time":"2024-07-12T12:33:45+00:00","og_image":[{"width":1217,"height":655,"url":"https:\/\/www.intoscana.it\/wp-content\/uploads\/caldo-agricoltura-campi.jpeg","type":"image\/jpeg"}],"author":"Redazione","twitter_card":"summary_large_image","twitter_creator":"@intoscana","twitter_site":"@intoscana","twitter_misc":{"Written by":"Redazione","Est. reading time":"2 minuti"},"schema":{"@context":"https:\/\/schema.org","@graph":[{"@type":"WebPage","@id":"https:\/\/www.intoscana.it\/it\/caldo-giornate-da-bollino-rosso-stop-al-lavoro-nei-campi-dalle-12-30-alle-16\/","url":"https:\/\/www.intoscana.it\/it\/caldo-giornate-da-bollino-rosso-stop-al-lavoro-nei-campi-dalle-12-30-alle-16\/","name":"Caldo, giornate da bollino rosso: stop al lavoro nei campi dalle 12.30 alle 16 - intoscana","isPartOf":{"@id":"https:\/\/www.intoscana.it\/it\/#website"},"primaryImageOfPage":{"@id":"https:\/\/www.intoscana.it\/it\/caldo-giornate-da-bollino-rosso-stop-al-lavoro-nei-campi-dalle-12-30-alle-16\/#primaryimage"},"image":{"@id":"https:\/\/www.intoscana.it\/it\/caldo-giornate-da-bollino-rosso-stop-al-lavoro-nei-campi-dalle-12-30-alle-16\/#primaryimage"},"thumbnailUrl":"https:\/\/www.intoscana.it\/wp-content\/uploads\/caldo-agricoltura-campi.jpeg","datePublished":"2024-07-12T09:24:01+00:00","dateModified":"2024-07-12T12:33:45+00:00","author":{"@id":"https:\/\/www.intoscana.it\/it\/#\/schema\/person\/9223810753230f20bd670fdd322661f8"},"description":"Previste ondate di calore nei prossimi giorni e la Regione Toscana emana un'ordinanza urgente per salvaguardare il personale del settore agricolo. Giani: \"Misure di prevenzione necessarie\"","breadcrumb":{"@id":"https:\/\/www.intoscana.it\/it\/caldo-giornate-da-bollino-rosso-stop-al-lavoro-nei-campi-dalle-12-30-alle-16\/#breadcrumb"},"inLanguage":"it-IT","potentialAction":[{"@type":"ReadAction","target":["https:\/\/www.intoscana.it\/it\/caldo-giornate-da-bollino-rosso-stop-al-lavoro-nei-campi-dalle-12-30-alle-16\/"]}]},{"@type":"ImageObject","inLanguage":"it-IT","@id":"https:\/\/www.intoscana.it\/it\/caldo-giornate-da-bollino-rosso-stop-al-lavoro-nei-campi-dalle-12-30-alle-16\/#primaryimage","url":"https:\/\/www.intoscana.it\/wp-content\/uploads\/caldo-agricoltura-campi.jpeg","contentUrl":"https:\/\/www.intoscana.it\/wp-content\/uploads\/caldo-agricoltura-campi.jpeg","width":1217,"height":655,"caption":"Agricoltura"},{"@type":"BreadcrumbList","@id":"https:\/\/www.intoscana.it\/it\/caldo-giornate-da-bollino-rosso-stop-al-lavoro-nei-campi-dalle-12-30-alle-16\/#breadcrumb","itemListElement":[{"@type":"ListItem","position":1,"name":"Home","item":"https:\/\/www.intoscana.it\/it\/"},{"@type":"ListItem","position":2,"name":"Caldo, giornate da bollino rosso: stop al lavoro nei campi dalle 12.30 alle 16"}]},{"@type":"WebSite","@id":"https:\/\/www.intoscana.it\/it\/#website","url":"https:\/\/www.intoscana.it\/it\/","name":"intoscana","description":"","potentialAction":[{"@type":"SearchAction","target":{"@type":"EntryPoint","urlTemplate":"https:\/\/www.intoscana.it\/it\/?s={search_term_string}"},"query-input":{"@type":"PropertyValueSpecification","valueRequired":true,"valueName":"search_term_string"}}],"inLanguage":"it-IT"},{"@type":"Person","@id":"https:\/\/www.intoscana.it\/it\/#\/schema\/person\/9223810753230f20bd670fdd322661f8","name":"Redazione","url":"https:\/\/www.intoscana.it\/it\/author\/redazione\/"}]}},"_links":{"self":[{"href":"https:\/\/www.intoscana.it\/it\/wp-json\/wp\/v2\/posts\/349019","targetHints":{"allow":["GET"]}}],"collection":[{"href":"https:\/\/www.intoscana.it\/it\/wp-json\/wp\/v2\/posts"}],"about":[{"href":"https:\/\/www.intoscana.it\/it\/wp-json\/wp\/v2\/types\/post"}],"author":[{"embeddable":true,"href":"https:\/\/www.intoscana.it\/it\/wp-json\/wp\/v2\/users\/525"}],"replies":[{"embeddable":true,"href":"https:\/\/www.intoscana.it\/it\/wp-json\/wp\/v2\/comments?post=349019"}],"version-history":[{"count":10,"href":"https:\/\/www.intoscana.it\/it\/wp-json\/wp\/v2\/posts\/349019\/revisions"}],"predecessor-version":[{"id":349034,"href":"https:\/\/www.intoscana.it\/it\/wp-json\/wp\/v2\/posts\/349019\/revisions\/349034"}],"wp:featuredmedia":[{"embeddable":true,"href":"https:\/\/www.intoscana.it\/it\/wp-json\/wp\/v2\/media\/349032"}],"wp:attachment":[{"href":"https:\/\/www.intoscana.it\/it\/wp-json\/wp\/v2\/media?parent=349019"}],"wp:term":[{"taxonomy":"category","embeddable":true,"href":"https:\/\/www.intoscana.it\/it\/wp-json\/wp\/v2\/categories?post=349019"},{"taxonomy":"post_tag","embeddable":true,"href":"https:\/\/www.intoscana.it\/it\/wp-json\/wp\/v2\/tags?post=349019"}],"curies":[{"name":"wp","href":"https:\/\/api.w.org\/{rel}","templated":true}]}}