{"id":349161,"date":"2024-07-13T18:05:00","date_gmt":"2024-07-13T16:05:00","guid":{"rendered":"https:\/\/www.intoscana.it\/it\/?p=349161"},"modified":"2024-07-15T11:58:03","modified_gmt":"2024-07-15T09:58:03","slug":"jasmine-paolini-combatte-ma-non-basta-la-finale-di-wimbledon-va-a-krejcikova","status":"publish","type":"post","link":"https:\/\/www.intoscana.it\/it\/jasmine-paolini-combatte-ma-non-basta-la-finale-di-wimbledon-va-a-krejcikova\/","title":{"rendered":"Jasmine Paolini combatte, ma non basta: la finale di Wimbledon va a Krej\u010d\u00edkov\u00e1"},"content":{"rendered":"<p>Ha portato il tennis italiano (e toscano) in alto, su vette mai raggiunte, poi la delusione bruciante di una finale di <strong>Wimbledon<\/strong> sfumata in troppi errori: <strong>Jasmin Paolini<\/strong> ha lottato fino alla fine, poi il sogno di alzare l&#8217;ambito trofeo si \u00e8 infranto in tre set contro una pi\u00f9 forte Barbora Krej\u010d\u00edkov\u00e1.<\/p>\n<p>Una partita bella, emozionante, la vittoria del secondo set e poi l&#8217;amaro finale con il risultato di 6-2 2-6 6-4. <mark>Ora Jasmine Paolini \u00e8 la numero 5 al mondo.<\/mark><\/p>\n<h3><em>Il sorriso di Jasmine<\/em><\/h3>\n<p>&#8220;Sono un po&#8217; triste, cerco di continuare a sorridere perch\u00e9 mi devo ricordare che oggi \u00e8 comunque una bella giornata&#8221;, ha detto Jasmine salutando il pubblico. &#8220;Sono arrivata in finale a Wimbledon, da ragazzina le guardavo e tifavo Federer. Essere qui \u00e8 folle, ho apprezzato ogni momento qui&#8221;. <mark>&#8220;Da Parigi a Wimbledon, gli ultimi due mesi sono stati folli, ringrazio la mia famiglia e il mio team che mi sostiene, senza di loro non sarei qui. In queste due bellissime settimane &#8211; ha aggiunto &#8211;\u00a0 ho ricevuto tantissimo sostegno, \u00e8 bellissimo sentire l&#8217;amore del pubblico&#8221;.<\/mark><\/p>\n<h3><em>L&#8217;affetto della Versilia e di tutta la Toscana<\/em><\/h3>\n<p>Tutta la Toscana ha tifato per la campionessa di <strong>Bagni di Lucca<\/strong>, soprattutto in Versilia. Paolini \u00e8 tesserata a <strong>Forte dei Marmi<\/strong> al Tc Italia e il circolo ha allestito un maxischermo per far seguire ai soci la partita. <mark>A tifare anche il patron, l&#8217;ex tennista Sergio Marrai, e il figlio Matteo che di Jasmine \u00e8 stato l&#8217;allenatore.<\/mark><\/p>\n<p>Forti emozioni anche a Bagni di Lucca, il paese di Jasmine, dove il Comune ha allestito un <strong>maxischermo<\/strong> al Circolo Tennis Mirafiume, dove la tennista ha cominciato a usare la racchetta da bambina. \u00c8 rimasta a casa, invece, la nonna Ivonne che, come per la semifinale, ha preferito guardare il match della nipote da sola. Un altro maxischermo \u00e8 stato messo anche nel borgo di Ponte al Serraglio.<\/p>\n<p>Tanti i messaggi di affetto. &#8220;Grazie lo stesso Jas &#8211; ha detto il presidente della Regione <strong>Eugenio Giani<\/strong> &#8211;\u00a0 Anche se il risultato finale non ti ha premiato, hai combattuto fino all\u2019ultimo punto di una partita fantastica che ha tenuto col fiato sospeso tutti i tuoi tifosi\u201d. <mark>&#8220;Tutti i toscani sono orgogliosi di te che nello spazio di un mese hai conquistato le finali di Parigi e di Londra, a dimostrazione che ormai sei una delle migliori tenniste del circuito.<\/mark> La tua tenacia, i tuoi colpi bellissimi e anche il tuo sorriso contagioso siano d\u2019esempio a tutti i giovani che si avvicinano allo sport&#8221;.<\/p>\n<p>Complimenti anche dal presidente del Consiglio regionale, <strong>Antonio Mazzeo<\/strong>, che annuncia: &#8220;Ti aspettiamo in Toscana per consegnarti il Gonfalone d&#8217;argento, il massimo riconoscimento del Consiglio regionale della Toscana&#8221;.<\/p>\n","protected":false},"excerpt":{"rendered":"<p>Delusione per la campionessa di Bagni di Lucca arrivata, prima volta per un&#8217;azzurra, nella finale del torneo pi\u00f9 prestigioso al mondo. Ringrazia i suoi tifosi e non perde il sorriso: &#8220;Mi devo ricordare che oggi \u00e8 comunque una bella giornata&#8221;<\/p>\n","protected":false},"author":545,"featured_media":349174,"comment_status":"open","ping_status":"open","sticky":false,"template":"","format":"standard","meta":{"_acf_changed":false,"footnotes":""},"categories":[494],"tags":[159,6192],"class_list":["post-349161","post","type-post","status-publish","format-standard","has-post-thumbnail","hentry","category-attualita","tag-sport","tag-tennis"],"acf":[],"yoast_head":"<!-- This site is optimized with the Yoast SEO Premium plugin v24.2 (Yoast SEO v25.6) - https:\/\/yoast.com\/wordpress\/plugins\/seo\/ -->\n<title>Jasmine Paolini combatte, ma non basta: la finale di Wimbledon va a Krej\u010d\u00edkov\u00e1 - intoscana<\/title>\n<meta name=\"description\" content=\"Delusione per la campionessa di Bagni di Lucca arrivata, prima volta per un&#039;azzurra, nella finale del torneo pi\u00f9 prestigioso al mondo. Ringrazia i suoi tifosi e non perde il sorriso: &quot;Mi devo ricordare che oggi \u00e8 comunque una bella giornata&quot;\" \/>\n<meta name=\"robots\" content=\"index, follow, max-snippet:-1, max-image-preview:large, max-video-preview:-1\" \/>\n<link rel=\"canonical\" href=\"https:\/\/www.intoscana.it\/it\/jasmine-paolini-combatte-ma-non-basta-la-finale-di-wimbledon-va-a-krejcikova\/\" \/>\n<meta property=\"og:locale\" content=\"it_IT\" \/>\n<meta property=\"og:type\" content=\"article\" \/>\n<meta property=\"og:title\" content=\"Jasmine Paolini combatte, ma non basta: la finale di Wimbledon va a Krej\u010d\u00edkov\u00e1\" \/>\n<meta property=\"og:description\" content=\"Delusione per la campionessa di Bagni di Lucca arrivata, prima volta per un&#039;azzurra, nella finale del torneo pi\u00f9 prestigioso al mondo. Ringrazia i suoi tifosi e non perde il sorriso: &quot;Mi devo ricordare che oggi \u00e8 comunque una bella giornata&quot;\" \/>\n<meta property=\"og:url\" content=\"https:\/\/www.intoscana.it\/it\/jasmine-paolini-combatte-ma-non-basta-la-finale-di-wimbledon-va-a-krejcikova\/\" \/>\n<meta property=\"og:site_name\" content=\"intoscana\" \/>\n<meta property=\"article:publisher\" content=\"https:\/\/www.facebook.com\/intoscana.it\" \/>\n<meta property=\"article:published_time\" content=\"2024-07-13T16:05:00+00:00\" \/>\n<meta property=\"article:modified_time\" content=\"2024-07-15T09:58:03+00:00\" \/>\n<meta property=\"og:image\" content=\"https:\/\/www.intoscana.it\/wp-content\/uploads\/Immagine-JPEG-4D76-8B3B-97-0-e1720886378457.jpeg\" \/>\n\t<meta property=\"og:image:width\" content=\"1080\" \/>\n\t<meta property=\"og:image:height\" content=\"843\" \/>\n\t<meta property=\"og:image:type\" content=\"image\/jpeg\" \/>\n<meta name=\"author\" content=\"Clara D&#039;Acunto\" \/>\n<meta name=\"twitter:card\" content=\"summary_large_image\" \/>\n<meta name=\"twitter:creator\" content=\"@intoscana\" \/>\n<meta name=\"twitter:site\" content=\"@intoscana\" \/>\n<meta name=\"twitter:label1\" content=\"Written by\" \/>\n\t<meta name=\"twitter:data1\" content=\"Clara D&#039;Acunto\" \/>\n\t<meta name=\"twitter:label2\" content=\"Est. reading time\" \/>\n\t<meta name=\"twitter:data2\" content=\"3 minuti\" \/>\n<script type=\"application\/ld+json\" class=\"yoast-schema-graph\">{\"@context\":\"https:\/\/schema.org\",\"@graph\":[{\"@type\":\"WebPage\",\"@id\":\"https:\/\/www.intoscana.it\/it\/jasmine-paolini-combatte-ma-non-basta-la-finale-di-wimbledon-va-a-krejcikova\/\",\"url\":\"https:\/\/www.intoscana.it\/it\/jasmine-paolini-combatte-ma-non-basta-la-finale-di-wimbledon-va-a-krejcikova\/\",\"name\":\"Jasmine Paolini combatte, ma non basta: la finale di Wimbledon va a Krej\u010d\u00edkov\u00e1 - intoscana\",\"isPartOf\":{\"@id\":\"https:\/\/www.intoscana.it\/it\/#website\"},\"primaryImageOfPage\":{\"@id\":\"https:\/\/www.intoscana.it\/it\/jasmine-paolini-combatte-ma-non-basta-la-finale-di-wimbledon-va-a-krejcikova\/#primaryimage\"},\"image\":{\"@id\":\"https:\/\/www.intoscana.it\/it\/jasmine-paolini-combatte-ma-non-basta-la-finale-di-wimbledon-va-a-krejcikova\/#primaryimage\"},\"thumbnailUrl\":\"https:\/\/www.intoscana.it\/wp-content\/uploads\/Immagine-JPEG-4D76-8B3B-97-0-e1720886378457.jpeg\",\"datePublished\":\"2024-07-13T16:05:00+00:00\",\"dateModified\":\"2024-07-15T09:58:03+00:00\",\"author\":{\"@id\":\"https:\/\/www.intoscana.it\/it\/#\/schema\/person\/137419af9ef5d385bde52864a841e6ce\"},\"description\":\"Delusione per la campionessa di Bagni di Lucca arrivata, prima volta per un'azzurra, nella finale del torneo pi\u00f9 prestigioso al mondo. Ringrazia i suoi tifosi e non perde il sorriso: \\\"Mi devo ricordare che oggi \u00e8 comunque una bella giornata\\\"\",\"breadcrumb\":{\"@id\":\"https:\/\/www.intoscana.it\/it\/jasmine-paolini-combatte-ma-non-basta-la-finale-di-wimbledon-va-a-krejcikova\/#breadcrumb\"},\"inLanguage\":\"it-IT\",\"potentialAction\":[{\"@type\":\"ReadAction\",\"target\":[\"https:\/\/www.intoscana.it\/it\/jasmine-paolini-combatte-ma-non-basta-la-finale-di-wimbledon-va-a-krejcikova\/\"]}]},{\"@type\":\"ImageObject\",\"inLanguage\":\"it-IT\",\"@id\":\"https:\/\/www.intoscana.it\/it\/jasmine-paolini-combatte-ma-non-basta-la-finale-di-wimbledon-va-a-krejcikova\/#primaryimage\",\"url\":\"https:\/\/www.intoscana.it\/wp-content\/uploads\/Immagine-JPEG-4D76-8B3B-97-0-e1720886378457.jpeg\",\"contentUrl\":\"https:\/\/www.intoscana.it\/wp-content\/uploads\/Immagine-JPEG-4D76-8B3B-97-0-e1720886378457.jpeg\",\"width\":1080,\"height\":843},{\"@type\":\"BreadcrumbList\",\"@id\":\"https:\/\/www.intoscana.it\/it\/jasmine-paolini-combatte-ma-non-basta-la-finale-di-wimbledon-va-a-krejcikova\/#breadcrumb\",\"itemListElement\":[{\"@type\":\"ListItem\",\"position\":1,\"name\":\"Home\",\"item\":\"https:\/\/www.intoscana.it\/it\/\"},{\"@type\":\"ListItem\",\"position\":2,\"name\":\"Jasmine Paolini combatte, ma non basta: la finale di Wimbledon va a Krej\u010d\u00edkov\u00e1\"}]},{\"@type\":\"WebSite\",\"@id\":\"https:\/\/www.intoscana.it\/it\/#website\",\"url\":\"https:\/\/www.intoscana.it\/it\/\",\"name\":\"intoscana\",\"description\":\"\",\"potentialAction\":[{\"@type\":\"SearchAction\",\"target\":{\"@type\":\"EntryPoint\",\"urlTemplate\":\"https:\/\/www.intoscana.it\/it\/?s={search_term_string}\"},\"query-input\":{\"@type\":\"PropertyValueSpecification\",\"valueRequired\":true,\"valueName\":\"search_term_string\"}}],\"inLanguage\":\"it-IT\"},{\"@type\":\"Person\",\"@id\":\"https:\/\/www.intoscana.it\/it\/#\/schema\/person\/137419af9ef5d385bde52864a841e6ce\",\"name\":\"Clara D'Acunto\",\"url\":\"https:\/\/www.intoscana.it\/it\/author\/clara-d_acunto\/\"}]}<\/script>\n<!-- \/ Yoast SEO Premium plugin. -->","yoast_head_json":{"title":"Jasmine Paolini combatte, ma non basta: la finale di Wimbledon va a Krej\u010d\u00edkov\u00e1 - intoscana","description":"Delusione per la campionessa di Bagni di Lucca arrivata, prima volta per un'azzurra, nella finale del torneo pi\u00f9 prestigioso al mondo. Ringrazia i suoi tifosi e non perde il sorriso: \"Mi devo ricordare che oggi \u00e8 comunque una bella giornata\"","robots":{"index":"index","follow":"follow","max-snippet":"max-snippet:-1","max-image-preview":"max-image-preview:large","max-video-preview":"max-video-preview:-1"},"canonical":"https:\/\/www.intoscana.it\/it\/jasmine-paolini-combatte-ma-non-basta-la-finale-di-wimbledon-va-a-krejcikova\/","og_locale":"it_IT","og_type":"article","og_title":"Jasmine Paolini combatte, ma non basta: la finale di Wimbledon va a Krej\u010d\u00edkov\u00e1","og_description":"Delusione per la campionessa di Bagni di Lucca arrivata, prima volta per un'azzurra, nella finale del torneo pi\u00f9 prestigioso al mondo. Ringrazia i suoi tifosi e non perde il sorriso: \"Mi devo ricordare che oggi \u00e8 comunque una bella giornata\"","og_url":"https:\/\/www.intoscana.it\/it\/jasmine-paolini-combatte-ma-non-basta-la-finale-di-wimbledon-va-a-krejcikova\/","og_site_name":"intoscana","article_publisher":"https:\/\/www.facebook.com\/intoscana.it","article_published_time":"2024-07-13T16:05:00+00:00","article_modified_time":"2024-07-15T09:58:03+00:00","og_image":[{"width":1080,"height":843,"url":"https:\/\/www.intoscana.it\/wp-content\/uploads\/Immagine-JPEG-4D76-8B3B-97-0-e1720886378457.jpeg","type":"image\/jpeg"}],"author":"Clara D'Acunto","twitter_card":"summary_large_image","twitter_creator":"@intoscana","twitter_site":"@intoscana","twitter_misc":{"Written by":"Clara D'Acunto","Est. reading time":"3 minuti"},"schema":{"@context":"https:\/\/schema.org","@graph":[{"@type":"WebPage","@id":"https:\/\/www.intoscana.it\/it\/jasmine-paolini-combatte-ma-non-basta-la-finale-di-wimbledon-va-a-krejcikova\/","url":"https:\/\/www.intoscana.it\/it\/jasmine-paolini-combatte-ma-non-basta-la-finale-di-wimbledon-va-a-krejcikova\/","name":"Jasmine Paolini combatte, ma non basta: la finale di Wimbledon va a Krej\u010d\u00edkov\u00e1 - intoscana","isPartOf":{"@id":"https:\/\/www.intoscana.it\/it\/#website"},"primaryImageOfPage":{"@id":"https:\/\/www.intoscana.it\/it\/jasmine-paolini-combatte-ma-non-basta-la-finale-di-wimbledon-va-a-krejcikova\/#primaryimage"},"image":{"@id":"https:\/\/www.intoscana.it\/it\/jasmine-paolini-combatte-ma-non-basta-la-finale-di-wimbledon-va-a-krejcikova\/#primaryimage"},"thumbnailUrl":"https:\/\/www.intoscana.it\/wp-content\/uploads\/Immagine-JPEG-4D76-8B3B-97-0-e1720886378457.jpeg","datePublished":"2024-07-13T16:05:00+00:00","dateModified":"2024-07-15T09:58:03+00:00","author":{"@id":"https:\/\/www.intoscana.it\/it\/#\/schema\/person\/137419af9ef5d385bde52864a841e6ce"},"description":"Delusione per la campionessa di Bagni di Lucca arrivata, prima volta per un'azzurra, nella finale del torneo pi\u00f9 prestigioso al mondo. Ringrazia i suoi tifosi e non perde il sorriso: \"Mi devo ricordare che oggi \u00e8 comunque una bella giornata\"","breadcrumb":{"@id":"https:\/\/www.intoscana.it\/it\/jasmine-paolini-combatte-ma-non-basta-la-finale-di-wimbledon-va-a-krejcikova\/#breadcrumb"},"inLanguage":"it-IT","potentialAction":[{"@type":"ReadAction","target":["https:\/\/www.intoscana.it\/it\/jasmine-paolini-combatte-ma-non-basta-la-finale-di-wimbledon-va-a-krejcikova\/"]}]},{"@type":"ImageObject","inLanguage":"it-IT","@id":"https:\/\/www.intoscana.it\/it\/jasmine-paolini-combatte-ma-non-basta-la-finale-di-wimbledon-va-a-krejcikova\/#primaryimage","url":"https:\/\/www.intoscana.it\/wp-content\/uploads\/Immagine-JPEG-4D76-8B3B-97-0-e1720886378457.jpeg","contentUrl":"https:\/\/www.intoscana.it\/wp-content\/uploads\/Immagine-JPEG-4D76-8B3B-97-0-e1720886378457.jpeg","width":1080,"height":843},{"@type":"BreadcrumbList","@id":"https:\/\/www.intoscana.it\/it\/jasmine-paolini-combatte-ma-non-basta-la-finale-di-wimbledon-va-a-krejcikova\/#breadcrumb","itemListElement":[{"@type":"ListItem","position":1,"name":"Home","item":"https:\/\/www.intoscana.it\/it\/"},{"@type":"ListItem","position":2,"name":"Jasmine Paolini combatte, ma non basta: la finale di Wimbledon va a Krej\u010d\u00edkov\u00e1"}]},{"@type":"WebSite","@id":"https:\/\/www.intoscana.it\/it\/#website","url":"https:\/\/www.intoscana.it\/it\/","name":"intoscana","description":"","potentialAction":[{"@type":"SearchAction","target":{"@type":"EntryPoint","urlTemplate":"https:\/\/www.intoscana.it\/it\/?s={search_term_string}"},"query-input":{"@type":"PropertyValueSpecification","valueRequired":true,"valueName":"search_term_string"}}],"inLanguage":"it-IT"},{"@type":"Person","@id":"https:\/\/www.intoscana.it\/it\/#\/schema\/person\/137419af9ef5d385bde52864a841e6ce","name":"Clara D'Acunto","url":"https:\/\/www.intoscana.it\/it\/author\/clara-d_acunto\/"}]}},"_links":{"self":[{"href":"https:\/\/www.intoscana.it\/it\/wp-json\/wp\/v2\/posts\/349161","targetHints":{"allow":["GET"]}}],"collection":[{"href":"https:\/\/www.intoscana.it\/it\/wp-json\/wp\/v2\/posts"}],"about":[{"href":"https:\/\/www.intoscana.it\/it\/wp-json\/wp\/v2\/types\/post"}],"author":[{"embeddable":true,"href":"https:\/\/www.intoscana.it\/it\/wp-json\/wp\/v2\/users\/545"}],"replies":[{"embeddable":true,"href":"https:\/\/www.intoscana.it\/it\/wp-json\/wp\/v2\/comments?post=349161"}],"version-history":[{"count":10,"href":"https:\/\/www.intoscana.it\/it\/wp-json\/wp\/v2\/posts\/349161\/revisions"}],"predecessor-version":[{"id":349240,"href":"https:\/\/www.intoscana.it\/it\/wp-json\/wp\/v2\/posts\/349161\/revisions\/349240"}],"wp:featuredmedia":[{"embeddable":true,"href":"https:\/\/www.intoscana.it\/it\/wp-json\/wp\/v2\/media\/349174"}],"wp:attachment":[{"href":"https:\/\/www.intoscana.it\/it\/wp-json\/wp\/v2\/media?parent=349161"}],"wp:term":[{"taxonomy":"category","embeddable":true,"href":"https:\/\/www.intoscana.it\/it\/wp-json\/wp\/v2\/categories?post=349161"},{"taxonomy":"post_tag","embeddable":true,"href":"https:\/\/www.intoscana.it\/it\/wp-json\/wp\/v2\/tags?post=349161"}],"curies":[{"name":"wp","href":"https:\/\/api.w.org\/{rel}","templated":true}]}}