{"id":349293,"date":"2024-07-15T17:28:42","date_gmt":"2024-07-15T15:28:42","guid":{"rendered":"https:\/\/www.intoscana.it\/it\/?p=349293"},"modified":"2024-07-15T17:29:02","modified_gmt":"2024-07-15T15:29:02","slug":"reggello-notti-destate","status":"publish","type":"post","link":"https:\/\/www.intoscana.it\/it\/reggello-notti-destate\/","title":{"rendered":"A Reggello arrivano le &#8220;Notti d&#8217;Estate&#8221;, un ricco programma di eventi culturali per grandi e piccoli"},"content":{"rendered":"<p>Dal 17 al 31 luglio arrivano le\u00a0 <strong>\u201cNotti d\u2019Estate\u201d a Reggello. <\/strong>Il<strong> Festival della Cultura<\/strong> di Reggello \u00e8 un evento annuale che anima il Comune e le sue frazioni con un ricco programma di attivit\u00e0 culturali. Organizzato dall\u2019amministrazione Comunale di Reggello, questo Festival \u00e8 <mark>pensato per coinvolgere tutte le fasce d\u2019et\u00e0 e soddisfare i pi\u00f9 diversi interessi, trasformando le giornate e le serate estive in momenti di svago, apprendimento e intrattenimento <\/mark>.<\/p>\n<p>Gli eventi si svolgono in diverse location, dal Parco Urbano di Donnini alle ville e alle chiese del territorio.<\/p>\n<p>Il Festival sar\u00e0 inaugurato il <strong>17 luglio<\/strong> al Parco Urbano di Donnini che ospiter\u00e0 \u201cLa stagione dei fiori: una piccola Boh\u00e8me per grandi sognatori\u201d, di Venti Lucenti, con musiche di <strong>Giacomo Puccini<\/strong> eseguite dall\u2019<strong>Orchestra Cupiditas,<\/strong> in collaborazione con l\u2019<strong>Accademia del Maggio Musicale Fiorentino<\/strong>, nell&#8217;ambito delle iniziative del Maggio Metropolitano 2024.<\/p>\n<p>\u201cNoi cerchiamo di aiutare a costruire il turismo diffuso cercando di valorizzare le tante iniziative che vengono organizzate in Toscana. Tra queste mi preme segnalare quella di Reggello, perch\u00e9 \u00e8 un\u2019iniziativa che pone al centro i temi della cultura e che va avanti da dieci anni, cosa che non \u00e8 mai scontata\u201d, ha dichiarato il presidente del Consiglio regionale,\u00a0<strong>Antonio Mazzeo.<\/strong> \u201cQuesta capacit\u00e0 di resistere nel tempo d\u00e0 il segno della qualit\u00e0 della proposta che il Comune di Reggello mette in campo. Al Comune dico perci\u00f2 grazie per lo sforzo e la voglia di investire in cultura.Ogni volta che si investe in cultura si investe sulla libert\u00e0 e si valorizza il proprio territorio e perci\u00f2 mi auguro che tanti cittadini, da ogni parte della regione, vadano a conoscere Reggello, uno dei territori pi\u00f9 belli della nostra Toscana\u201d.<\/p>\n<p>\u201cGrazie a una serie di manifestazioni andremo a coinvolgere tutte le frazioni del nostro territorio con l\u2019ambizione di essere un festival di riferimento non solo per Reggello e la sua comunit\u00e0, ma anche per l\u2019area metropolitana\u201d, ha aggiunto <strong>Piero Giunti,<\/strong> sindaco di Reggello.<\/p>\n","protected":false},"excerpt":{"rendered":"<p>Dal 17 luglio a Reggello la decima edizione del Festival della Cultura. Mazzeo: &#8220;Cos\u00ec aiutiamo a costruire il turismo diffuso valorizzando tutto il territorio della Toscana&#8221;<\/p>\n","protected":false},"author":525,"featured_media":349294,"comment_status":"open","ping_status":"open","sticky":false,"template":"","format":"standard","meta":{"_acf_changed":false,"footnotes":""},"categories":[493],"tags":[4753,235,167,6290],"class_list":["post-349293","post","type-post","status-publish","format-standard","has-post-thumbnail","hentry","category-cultura","tag-consiglio-regionale-della-toscana","tag-estate","tag-musica","tag-reggello"],"acf":[],"yoast_head":"<!-- This site is optimized with the Yoast SEO Premium plugin v24.2 (Yoast SEO v25.6) - https:\/\/yoast.com\/wordpress\/plugins\/seo\/ -->\n<title>A Reggello arrivano le &quot;Notti d&#039;Estate&quot;, un ricco programma di eventi culturali per grandi e piccoli - intoscana<\/title>\n<meta name=\"description\" content=\"Dal 17 luglio a Reggello la decima edizione del Festival della Cultura. Gli eventi si svolgono in diverse location del territorio\" \/>\n<meta name=\"robots\" content=\"index, follow, max-snippet:-1, max-image-preview:large, max-video-preview:-1\" \/>\n<link rel=\"canonical\" href=\"https:\/\/www.intoscana.it\/it\/reggello-notti-destate\/\" \/>\n<meta property=\"og:locale\" content=\"it_IT\" \/>\n<meta property=\"og:type\" content=\"article\" \/>\n<meta property=\"og:title\" content=\"A Reggello arrivano le &quot;Notti d&#039;Estate&quot;, un ricco programma di eventi culturali per grandi e piccoli\" \/>\n<meta property=\"og:description\" content=\"Dal 17 luglio a Reggello la decima edizione del Festival della Cultura. Gli eventi si svolgono in diverse location del territorio\" \/>\n<meta property=\"og:url\" content=\"https:\/\/www.intoscana.it\/it\/reggello-notti-destate\/\" \/>\n<meta property=\"og:site_name\" content=\"intoscana\" \/>\n<meta property=\"article:publisher\" content=\"https:\/\/www.facebook.com\/intoscana.it\" \/>\n<meta property=\"article:published_time\" content=\"2024-07-15T15:28:42+00:00\" \/>\n<meta property=\"article:modified_time\" content=\"2024-07-15T15:29:02+00:00\" \/>\n<meta property=\"og:image\" content=\"https:\/\/www.intoscana.it\/wp-content\/uploads\/Reggello-notti-dEstate-2024.jpeg\" \/>\n\t<meta property=\"og:image:width\" content=\"1913\" \/>\n\t<meta property=\"og:image:height\" content=\"1276\" \/>\n\t<meta property=\"og:image:type\" content=\"image\/jpeg\" \/>\n<meta name=\"author\" content=\"Redazione\" \/>\n<meta name=\"twitter:card\" content=\"summary_large_image\" \/>\n<meta name=\"twitter:creator\" content=\"@intoscana\" \/>\n<meta name=\"twitter:site\" content=\"@intoscana\" \/>\n<meta name=\"twitter:label1\" content=\"Written by\" \/>\n\t<meta name=\"twitter:data1\" content=\"Redazione\" \/>\n\t<meta name=\"twitter:label2\" content=\"Est. reading time\" \/>\n\t<meta name=\"twitter:data2\" content=\"2 minuti\" \/>\n<script type=\"application\/ld+json\" class=\"yoast-schema-graph\">{\"@context\":\"https:\/\/schema.org\",\"@graph\":[{\"@type\":\"WebPage\",\"@id\":\"https:\/\/www.intoscana.it\/it\/reggello-notti-destate\/\",\"url\":\"https:\/\/www.intoscana.it\/it\/reggello-notti-destate\/\",\"name\":\"A Reggello arrivano le \\\"Notti d'Estate\\\", un ricco programma di eventi culturali per grandi e piccoli - intoscana\",\"isPartOf\":{\"@id\":\"https:\/\/www.intoscana.it\/it\/#website\"},\"primaryImageOfPage\":{\"@id\":\"https:\/\/www.intoscana.it\/it\/reggello-notti-destate\/#primaryimage\"},\"image\":{\"@id\":\"https:\/\/www.intoscana.it\/it\/reggello-notti-destate\/#primaryimage\"},\"thumbnailUrl\":\"https:\/\/www.intoscana.it\/wp-content\/uploads\/Reggello-notti-dEstate-2024.jpeg\",\"datePublished\":\"2024-07-15T15:28:42+00:00\",\"dateModified\":\"2024-07-15T15:29:02+00:00\",\"author\":{\"@id\":\"https:\/\/www.intoscana.it\/it\/#\/schema\/person\/9223810753230f20bd670fdd322661f8\"},\"description\":\"Dal 17 luglio a Reggello la decima edizione del Festival della Cultura. Gli eventi si svolgono in diverse location del territorio\",\"breadcrumb\":{\"@id\":\"https:\/\/www.intoscana.it\/it\/reggello-notti-destate\/#breadcrumb\"},\"inLanguage\":\"it-IT\",\"potentialAction\":[{\"@type\":\"ReadAction\",\"target\":[\"https:\/\/www.intoscana.it\/it\/reggello-notti-destate\/\"]}]},{\"@type\":\"ImageObject\",\"inLanguage\":\"it-IT\",\"@id\":\"https:\/\/www.intoscana.it\/it\/reggello-notti-destate\/#primaryimage\",\"url\":\"https:\/\/www.intoscana.it\/wp-content\/uploads\/Reggello-notti-dEstate-2024.jpeg\",\"contentUrl\":\"https:\/\/www.intoscana.it\/wp-content\/uploads\/Reggello-notti-dEstate-2024.jpeg\",\"width\":1913,\"height\":1276},{\"@type\":\"BreadcrumbList\",\"@id\":\"https:\/\/www.intoscana.it\/it\/reggello-notti-destate\/#breadcrumb\",\"itemListElement\":[{\"@type\":\"ListItem\",\"position\":1,\"name\":\"Home\",\"item\":\"https:\/\/www.intoscana.it\/it\/\"},{\"@type\":\"ListItem\",\"position\":2,\"name\":\"A Reggello arrivano le &#8220;Notti d&#8217;Estate&#8221;, un ricco programma di eventi culturali per grandi e piccoli\"}]},{\"@type\":\"WebSite\",\"@id\":\"https:\/\/www.intoscana.it\/it\/#website\",\"url\":\"https:\/\/www.intoscana.it\/it\/\",\"name\":\"intoscana\",\"description\":\"\",\"potentialAction\":[{\"@type\":\"SearchAction\",\"target\":{\"@type\":\"EntryPoint\",\"urlTemplate\":\"https:\/\/www.intoscana.it\/it\/?s={search_term_string}\"},\"query-input\":{\"@type\":\"PropertyValueSpecification\",\"valueRequired\":true,\"valueName\":\"search_term_string\"}}],\"inLanguage\":\"it-IT\"},{\"@type\":\"Person\",\"@id\":\"https:\/\/www.intoscana.it\/it\/#\/schema\/person\/9223810753230f20bd670fdd322661f8\",\"name\":\"Redazione\",\"url\":\"https:\/\/www.intoscana.it\/it\/author\/redazione\/\"}]}<\/script>\n<!-- \/ Yoast SEO Premium plugin. -->","yoast_head_json":{"title":"A Reggello arrivano le \"Notti d'Estate\", un ricco programma di eventi culturali per grandi e piccoli - intoscana","description":"Dal 17 luglio a Reggello la decima edizione del Festival della Cultura. Gli eventi si svolgono in diverse location del territorio","robots":{"index":"index","follow":"follow","max-snippet":"max-snippet:-1","max-image-preview":"max-image-preview:large","max-video-preview":"max-video-preview:-1"},"canonical":"https:\/\/www.intoscana.it\/it\/reggello-notti-destate\/","og_locale":"it_IT","og_type":"article","og_title":"A Reggello arrivano le \"Notti d'Estate\", un ricco programma di eventi culturali per grandi e piccoli","og_description":"Dal 17 luglio a Reggello la decima edizione del Festival della Cultura. Gli eventi si svolgono in diverse location del territorio","og_url":"https:\/\/www.intoscana.it\/it\/reggello-notti-destate\/","og_site_name":"intoscana","article_publisher":"https:\/\/www.facebook.com\/intoscana.it","article_published_time":"2024-07-15T15:28:42+00:00","article_modified_time":"2024-07-15T15:29:02+00:00","og_image":[{"width":1913,"height":1276,"url":"https:\/\/www.intoscana.it\/wp-content\/uploads\/Reggello-notti-dEstate-2024.jpeg","type":"image\/jpeg"}],"author":"Redazione","twitter_card":"summary_large_image","twitter_creator":"@intoscana","twitter_site":"@intoscana","twitter_misc":{"Written by":"Redazione","Est. reading time":"2 minuti"},"schema":{"@context":"https:\/\/schema.org","@graph":[{"@type":"WebPage","@id":"https:\/\/www.intoscana.it\/it\/reggello-notti-destate\/","url":"https:\/\/www.intoscana.it\/it\/reggello-notti-destate\/","name":"A Reggello arrivano le \"Notti d'Estate\", un ricco programma di eventi culturali per grandi e piccoli - intoscana","isPartOf":{"@id":"https:\/\/www.intoscana.it\/it\/#website"},"primaryImageOfPage":{"@id":"https:\/\/www.intoscana.it\/it\/reggello-notti-destate\/#primaryimage"},"image":{"@id":"https:\/\/www.intoscana.it\/it\/reggello-notti-destate\/#primaryimage"},"thumbnailUrl":"https:\/\/www.intoscana.it\/wp-content\/uploads\/Reggello-notti-dEstate-2024.jpeg","datePublished":"2024-07-15T15:28:42+00:00","dateModified":"2024-07-15T15:29:02+00:00","author":{"@id":"https:\/\/www.intoscana.it\/it\/#\/schema\/person\/9223810753230f20bd670fdd322661f8"},"description":"Dal 17 luglio a Reggello la decima edizione del Festival della Cultura. Gli eventi si svolgono in diverse location del territorio","breadcrumb":{"@id":"https:\/\/www.intoscana.it\/it\/reggello-notti-destate\/#breadcrumb"},"inLanguage":"it-IT","potentialAction":[{"@type":"ReadAction","target":["https:\/\/www.intoscana.it\/it\/reggello-notti-destate\/"]}]},{"@type":"ImageObject","inLanguage":"it-IT","@id":"https:\/\/www.intoscana.it\/it\/reggello-notti-destate\/#primaryimage","url":"https:\/\/www.intoscana.it\/wp-content\/uploads\/Reggello-notti-dEstate-2024.jpeg","contentUrl":"https:\/\/www.intoscana.it\/wp-content\/uploads\/Reggello-notti-dEstate-2024.jpeg","width":1913,"height":1276},{"@type":"BreadcrumbList","@id":"https:\/\/www.intoscana.it\/it\/reggello-notti-destate\/#breadcrumb","itemListElement":[{"@type":"ListItem","position":1,"name":"Home","item":"https:\/\/www.intoscana.it\/it\/"},{"@type":"ListItem","position":2,"name":"A Reggello arrivano le &#8220;Notti d&#8217;Estate&#8221;, un ricco programma di eventi culturali per grandi e piccoli"}]},{"@type":"WebSite","@id":"https:\/\/www.intoscana.it\/it\/#website","url":"https:\/\/www.intoscana.it\/it\/","name":"intoscana","description":"","potentialAction":[{"@type":"SearchAction","target":{"@type":"EntryPoint","urlTemplate":"https:\/\/www.intoscana.it\/it\/?s={search_term_string}"},"query-input":{"@type":"PropertyValueSpecification","valueRequired":true,"valueName":"search_term_string"}}],"inLanguage":"it-IT"},{"@type":"Person","@id":"https:\/\/www.intoscana.it\/it\/#\/schema\/person\/9223810753230f20bd670fdd322661f8","name":"Redazione","url":"https:\/\/www.intoscana.it\/it\/author\/redazione\/"}]}},"_links":{"self":[{"href":"https:\/\/www.intoscana.it\/it\/wp-json\/wp\/v2\/posts\/349293","targetHints":{"allow":["GET"]}}],"collection":[{"href":"https:\/\/www.intoscana.it\/it\/wp-json\/wp\/v2\/posts"}],"about":[{"href":"https:\/\/www.intoscana.it\/it\/wp-json\/wp\/v2\/types\/post"}],"author":[{"embeddable":true,"href":"https:\/\/www.intoscana.it\/it\/wp-json\/wp\/v2\/users\/525"}],"replies":[{"embeddable":true,"href":"https:\/\/www.intoscana.it\/it\/wp-json\/wp\/v2\/comments?post=349293"}],"version-history":[{"count":1,"href":"https:\/\/www.intoscana.it\/it\/wp-json\/wp\/v2\/posts\/349293\/revisions"}],"predecessor-version":[{"id":349295,"href":"https:\/\/www.intoscana.it\/it\/wp-json\/wp\/v2\/posts\/349293\/revisions\/349295"}],"wp:featuredmedia":[{"embeddable":true,"href":"https:\/\/www.intoscana.it\/it\/wp-json\/wp\/v2\/media\/349294"}],"wp:attachment":[{"href":"https:\/\/www.intoscana.it\/it\/wp-json\/wp\/v2\/media?parent=349293"}],"wp:term":[{"taxonomy":"category","embeddable":true,"href":"https:\/\/www.intoscana.it\/it\/wp-json\/wp\/v2\/categories?post=349293"},{"taxonomy":"post_tag","embeddable":true,"href":"https:\/\/www.intoscana.it\/it\/wp-json\/wp\/v2\/tags?post=349293"}],"curies":[{"name":"wp","href":"https:\/\/api.w.org\/{rel}","templated":true}]}}