{"id":349657,"date":"2024-07-18T14:13:14","date_gmt":"2024-07-18T12:13:14","guid":{"rendered":"https:\/\/www.intoscana.it\/it\/?p=349657"},"modified":"2024-07-18T14:46:39","modified_gmt":"2024-07-18T12:46:39","slug":"emergenza-caldo-stop-al-lavoro-allaperto-dalle-12-30-alle-16-lordinanza-della-regione","status":"publish","type":"post","link":"https:\/\/www.intoscana.it\/it\/emergenza-caldo-stop-al-lavoro-allaperto-dalle-12-30-alle-16-lordinanza-della-regione\/","title":{"rendered":"Emergenza caldo, stop al lavoro nei cantieri dalle 12.30 alle 16: l&#8217;ordinanza della Regione"},"content":{"rendered":"<div class=\"rt-page__content rt-page-content--left\">\n<div class=\"rt-page__content-text\">\n<p>Dopo i lavoratori del <a href=\"https:\/\/www.intoscana.it\/it\/caldo-giornate-da-bollino-rosso-stop-al-lavoro-nei-campi-dalle-12-30-alle-16\/\" target=\"_blank\" rel=\"noopener\">comparto agricolo<\/a>, la Regione Toscana interviene con un&#8217;altra ordinanza sulla protezione della <strong>salute<\/strong> dei lavoratori che prevede <mark>limitazioni alle attivit\u00e0 nei cantieri edili e nelle cave nei giorni da bollino rosso per il caldo.<\/mark> Per capire i giorni in cui entrano in vigore i divieti\u00a0 baster\u00e0 consultare la mappa pubblicata sul <a href=\"http:\/\/www.worklimate.it\/scelta-mappa\/sole-attivita-fisica-alta\" target=\"_blank\" rel=\"noopener\">sito dedicato<\/a>.<\/p>\n<p>L\u2019ordinanza, appena firmata dal presidente <strong>Eugenio Giani<\/strong>, prevede sanzioni per chi viola le prescrizioni e <mark>vieta il lavoro in condizioni di esposizione prolungata dalle 12.30 alle 16, ogni giorno, fino al 31 agosto, cos\u00ec come era gi\u00e0 stato fatto, con le stesse indicazioni e gli stessi orari, per il lavoro nei campi e nelle serre.<\/mark> Fanno eccezione pubbliche amministrazioni, concessionari di pubblico servizio e loro appaltatori nel caso si tratti di interventi di pubblica utilit\u00e0, protezione civile o salvaguardia della pubblica incolumit\u00e0.<\/p>\n<p>\u201cTemperature alte e umidit\u00e0 elevate rischiano di creare <mark>situazioni pericolose per la salute e la sicurezza di chi lavora all\u2019aperto senza possibilit\u00e0 di potersi riparare dal sole, soprattutto nei momenti pi\u00f9 torridi della giornata&#8221;,<\/mark> sottolinea il presidente <strong>Giani<\/strong>. &#8220;Invito tutti \u00a0a seguire con attenzione le buone pratiche e le misure di <strong>prevenzione<\/strong> indicate e ad essere prudenti\u201d, aggiunge l\u2019assessore al diritto alla salute, <strong>Simone Bezzini<\/strong>.<\/p>\n<h3><strong>Terza et\u00e0 e fragili<\/strong><\/h3>\n<p>Per tutti gli altri lavoratori nei giorni non dal rischio alto, ma anche per anziani e persone fragili, valgono valgono le linee guida e le raccomandazioni gi\u00e0 diffuse nei mesi scorsi sul sito <a href=\"http:\/\/www.regione.toscana.it\/-\/ondate-di-calore\" target=\"_blank\" rel=\"noopener\">sul sito della Regione<\/a>.<\/p>\n<p>Alle persone <strong>anziane<\/strong> si suggerisce di rinfrescare i locali della propria abitazione alle prime ore del mattino e, durante la giornata, di non esagerare con l\u2019aria condizionata in modo da evitare bruschi sbalzi termici. Si ricorda anche di soggiornare nelle stanze pi\u00f9 fresche e ventilate e di evitare di lavarsi con acqua fredda.<\/p>\n<p>Per quanto riguarda l\u2019alimentazione si ricorda l\u2019importanza di una <mark>dieta leggera, a base di frutta, verdura e pesce, evitando alcol e caffeina, mentre \u00e8 raccomandata una costante idratazione e quindi bere.<\/mark><\/p>\n<p>Sono da evitare spostamenti in auto nelle ore pi\u00f9 calde del giorno (dalle 11 alle 17) ed \u00e8 raccomandato ventilare l\u2019abitacolo dopo una lunga permanenza sotto il sole prima di entrarvi, ma anche portare un po\u2019 di acqua con s\u00e9 (utile in caso di code e rallentamenti) oppure, prima di fermarsi se l\u2019auto \u00e8 climatizzata, di regolare la temperatura al massimo di cinque gradi inferiori a quella esterna.<\/p>\n<p>Una raccomandazione importante riguarda i <strong>farmaci<\/strong>, che si ricorda devono essere conservati a meno di trenta gradi e lontano da fonti di calore. Nel caso di terapie per la cura dell\u2019ipertensione o malattie cardiovascolari, l\u2019invito \u00e8 ad un controllo pi\u00f9 assiduo della pressione arteriosa, perch\u00e9 il caldo pu\u00f2 potenziare l\u2019effetto dei farmaci. Prima di qualsiasi decisione sulla terapia la raccomandazione \u00e8 quella di chiedere al medico.<\/p>\n<p>Per i<b> lavoratori, <\/b><a href=\"https:\/\/www.regione.toscana.it\/-\/linee-di-indirizzo-per-la-protezione-dei-lavoratori-dagli-effetti-del-calore\" target=\"_blank\" rel=\"noopener\">tra i consigli indicati nelle linee guida<\/a>\u00a0c\u2019\u00e8 quello di mettere a disposizione acqua ed aree ombreggiate per le pause, meglio se frequenti. Tra le raccomandazioni c\u2019\u00e8 anche la <mark>revisione dei turni di lavoro, riprogrammando ad esempio le attivit\u00e0 prioritarie e da condursi all&#8217;aperto nei giorni con le pi\u00f9 favorevoli condizioni meteo<\/mark> e pianificando invece le attivit\u00e0 pi\u00f9 impegnative dal punto di vista fisico nei momenti pi\u00f9 freschi della giornata.<\/p>\n<\/div>\n<\/div>\n<div class=\"rt-btn-wrapper rt-btn-wrapper--right-align\">\n<div class=\"a2a_kit a2a_kit_size_32 a2a_default_style\" data-a2a-title=\"Calura estiva, stop al lavoro nei cantieri edili e nelle cave nei giorni dal bollino rosso\u00a0\"><\/div>\n<\/div>\n","protected":false},"excerpt":{"rendered":"<p>Il provvedimento firmato dal presidente Giani prevede limitazioni nell&#8217;edilizia e nelle cave nei giorni con le temperature pi\u00f9 alte, come gi\u00e0 fatto per il comparto agricolo. I consigli per anziani e fragili<\/p>\n","protected":false},"author":525,"featured_media":76797,"comment_status":"open","ping_status":"open","sticky":false,"template":"","format":"standard","meta":{"_acf_changed":false,"footnotes":""},"categories":[494],"tags":[6520,158,260,151,4883],"class_list":["post-349657","post","type-post","status-publish","format-standard","has-post-thumbnail","hentry","category-attualita","tag-caldo","tag-eugenio-giani","tag-lavoro","tag-regione-toscana","tag-simone-bezzini"],"acf":[],"yoast_head":"<!-- This site is optimized with the Yoast SEO Premium plugin v24.2 (Yoast SEO v25.6) - https:\/\/yoast.com\/wordpress\/plugins\/seo\/ -->\n<title>Emergenza caldo, stop al lavoro nei cantieri dalle 12.30 alle 16: l&#039;ordinanza della Regione - intoscana<\/title>\n<meta name=\"description\" content=\"Il provvedimento firmato dal presidente Giani prevede limitazioni nell&#039;edilizia e nelle cave nei giorni con le temperature pi\u00f9 alte, come gi\u00e0 fatto per il comparto agricolo. I consigli per anziani e fragili\" \/>\n<meta name=\"robots\" content=\"index, follow, max-snippet:-1, max-image-preview:large, max-video-preview:-1\" \/>\n<link rel=\"canonical\" href=\"https:\/\/www.intoscana.it\/it\/emergenza-caldo-stop-al-lavoro-allaperto-dalle-12-30-alle-16-lordinanza-della-regione\/\" \/>\n<meta property=\"og:locale\" content=\"it_IT\" \/>\n<meta property=\"og:type\" content=\"article\" \/>\n<meta property=\"og:title\" content=\"Emergenza caldo, stop al lavoro nei cantieri dalle 12.30 alle 16: l&#039;ordinanza della Regione\" \/>\n<meta property=\"og:description\" content=\"Il provvedimento firmato dal presidente Giani prevede limitazioni nell&#039;edilizia e nelle cave nei giorni con le temperature pi\u00f9 alte, come gi\u00e0 fatto per il comparto agricolo. I consigli per anziani e fragili\" \/>\n<meta property=\"og:url\" content=\"https:\/\/www.intoscana.it\/it\/emergenza-caldo-stop-al-lavoro-allaperto-dalle-12-30-alle-16-lordinanza-della-regione\/\" \/>\n<meta property=\"og:site_name\" content=\"intoscana\" \/>\n<meta property=\"article:publisher\" content=\"https:\/\/www.facebook.com\/intoscana.it\" \/>\n<meta property=\"article:published_time\" content=\"2024-07-18T12:13:14+00:00\" \/>\n<meta property=\"article:modified_time\" content=\"2024-07-18T12:46:39+00:00\" \/>\n<meta property=\"og:image\" content=\"https:\/\/www.intoscana.it\/wp-content\/uploads\/f8404f856d0c1a4f0d1c7c6c8e77f757-1.jpg\" \/>\n\t<meta property=\"og:image:width\" content=\"470\" \/>\n\t<meta property=\"og:image:height\" content=\"276\" \/>\n\t<meta property=\"og:image:type\" content=\"image\/jpeg\" \/>\n<meta name=\"author\" content=\"Redazione\" \/>\n<meta name=\"twitter:card\" content=\"summary_large_image\" \/>\n<meta name=\"twitter:creator\" content=\"@intoscana\" \/>\n<meta name=\"twitter:site\" content=\"@intoscana\" \/>\n<meta name=\"twitter:label1\" content=\"Written by\" \/>\n\t<meta name=\"twitter:data1\" content=\"Redazione\" \/>\n\t<meta name=\"twitter:label2\" content=\"Est. reading time\" \/>\n\t<meta name=\"twitter:data2\" content=\"4 minuti\" \/>\n<script type=\"application\/ld+json\" class=\"yoast-schema-graph\">{\"@context\":\"https:\/\/schema.org\",\"@graph\":[{\"@type\":\"WebPage\",\"@id\":\"https:\/\/www.intoscana.it\/it\/emergenza-caldo-stop-al-lavoro-allaperto-dalle-12-30-alle-16-lordinanza-della-regione\/\",\"url\":\"https:\/\/www.intoscana.it\/it\/emergenza-caldo-stop-al-lavoro-allaperto-dalle-12-30-alle-16-lordinanza-della-regione\/\",\"name\":\"Emergenza caldo, stop al lavoro nei cantieri dalle 12.30 alle 16: l'ordinanza della Regione - intoscana\",\"isPartOf\":{\"@id\":\"https:\/\/www.intoscana.it\/it\/#website\"},\"primaryImageOfPage\":{\"@id\":\"https:\/\/www.intoscana.it\/it\/emergenza-caldo-stop-al-lavoro-allaperto-dalle-12-30-alle-16-lordinanza-della-regione\/#primaryimage\"},\"image\":{\"@id\":\"https:\/\/www.intoscana.it\/it\/emergenza-caldo-stop-al-lavoro-allaperto-dalle-12-30-alle-16-lordinanza-della-regione\/#primaryimage\"},\"thumbnailUrl\":\"https:\/\/www.intoscana.it\/wp-content\/uploads\/f8404f856d0c1a4f0d1c7c6c8e77f757-1.jpg\",\"datePublished\":\"2024-07-18T12:13:14+00:00\",\"dateModified\":\"2024-07-18T12:46:39+00:00\",\"author\":{\"@id\":\"https:\/\/www.intoscana.it\/it\/#\/schema\/person\/9223810753230f20bd670fdd322661f8\"},\"description\":\"Il provvedimento firmato dal presidente Giani prevede limitazioni nell'edilizia e nelle cave nei giorni con le temperature pi\u00f9 alte, come gi\u00e0 fatto per il comparto agricolo. I consigli per anziani e fragili\",\"breadcrumb\":{\"@id\":\"https:\/\/www.intoscana.it\/it\/emergenza-caldo-stop-al-lavoro-allaperto-dalle-12-30-alle-16-lordinanza-della-regione\/#breadcrumb\"},\"inLanguage\":\"it-IT\",\"potentialAction\":[{\"@type\":\"ReadAction\",\"target\":[\"https:\/\/www.intoscana.it\/it\/emergenza-caldo-stop-al-lavoro-allaperto-dalle-12-30-alle-16-lordinanza-della-regione\/\"]}]},{\"@type\":\"ImageObject\",\"inLanguage\":\"it-IT\",\"@id\":\"https:\/\/www.intoscana.it\/it\/emergenza-caldo-stop-al-lavoro-allaperto-dalle-12-30-alle-16-lordinanza-della-regione\/#primaryimage\",\"url\":\"https:\/\/www.intoscana.it\/wp-content\/uploads\/f8404f856d0c1a4f0d1c7c6c8e77f757-1.jpg\",\"contentUrl\":\"https:\/\/www.intoscana.it\/wp-content\/uploads\/f8404f856d0c1a4f0d1c7c6c8e77f757-1.jpg\",\"width\":470,\"height\":276},{\"@type\":\"BreadcrumbList\",\"@id\":\"https:\/\/www.intoscana.it\/it\/emergenza-caldo-stop-al-lavoro-allaperto-dalle-12-30-alle-16-lordinanza-della-regione\/#breadcrumb\",\"itemListElement\":[{\"@type\":\"ListItem\",\"position\":1,\"name\":\"Home\",\"item\":\"https:\/\/www.intoscana.it\/it\/\"},{\"@type\":\"ListItem\",\"position\":2,\"name\":\"Emergenza caldo, stop al lavoro nei cantieri dalle 12.30 alle 16: l&#8217;ordinanza della Regione\"}]},{\"@type\":\"WebSite\",\"@id\":\"https:\/\/www.intoscana.it\/it\/#website\",\"url\":\"https:\/\/www.intoscana.it\/it\/\",\"name\":\"intoscana\",\"description\":\"\",\"potentialAction\":[{\"@type\":\"SearchAction\",\"target\":{\"@type\":\"EntryPoint\",\"urlTemplate\":\"https:\/\/www.intoscana.it\/it\/?s={search_term_string}\"},\"query-input\":{\"@type\":\"PropertyValueSpecification\",\"valueRequired\":true,\"valueName\":\"search_term_string\"}}],\"inLanguage\":\"it-IT\"},{\"@type\":\"Person\",\"@id\":\"https:\/\/www.intoscana.it\/it\/#\/schema\/person\/9223810753230f20bd670fdd322661f8\",\"name\":\"Redazione\",\"url\":\"https:\/\/www.intoscana.it\/it\/author\/redazione\/\"}]}<\/script>\n<!-- \/ Yoast SEO Premium plugin. -->","yoast_head_json":{"title":"Emergenza caldo, stop al lavoro nei cantieri dalle 12.30 alle 16: l'ordinanza della Regione - intoscana","description":"Il provvedimento firmato dal presidente Giani prevede limitazioni nell'edilizia e nelle cave nei giorni con le temperature pi\u00f9 alte, come gi\u00e0 fatto per il comparto agricolo. I consigli per anziani e fragili","robots":{"index":"index","follow":"follow","max-snippet":"max-snippet:-1","max-image-preview":"max-image-preview:large","max-video-preview":"max-video-preview:-1"},"canonical":"https:\/\/www.intoscana.it\/it\/emergenza-caldo-stop-al-lavoro-allaperto-dalle-12-30-alle-16-lordinanza-della-regione\/","og_locale":"it_IT","og_type":"article","og_title":"Emergenza caldo, stop al lavoro nei cantieri dalle 12.30 alle 16: l'ordinanza della Regione","og_description":"Il provvedimento firmato dal presidente Giani prevede limitazioni nell'edilizia e nelle cave nei giorni con le temperature pi\u00f9 alte, come gi\u00e0 fatto per il comparto agricolo. I consigli per anziani e fragili","og_url":"https:\/\/www.intoscana.it\/it\/emergenza-caldo-stop-al-lavoro-allaperto-dalle-12-30-alle-16-lordinanza-della-regione\/","og_site_name":"intoscana","article_publisher":"https:\/\/www.facebook.com\/intoscana.it","article_published_time":"2024-07-18T12:13:14+00:00","article_modified_time":"2024-07-18T12:46:39+00:00","og_image":[{"width":470,"height":276,"url":"https:\/\/www.intoscana.it\/wp-content\/uploads\/f8404f856d0c1a4f0d1c7c6c8e77f757-1.jpg","type":"image\/jpeg"}],"author":"Redazione","twitter_card":"summary_large_image","twitter_creator":"@intoscana","twitter_site":"@intoscana","twitter_misc":{"Written by":"Redazione","Est. reading time":"4 minuti"},"schema":{"@context":"https:\/\/schema.org","@graph":[{"@type":"WebPage","@id":"https:\/\/www.intoscana.it\/it\/emergenza-caldo-stop-al-lavoro-allaperto-dalle-12-30-alle-16-lordinanza-della-regione\/","url":"https:\/\/www.intoscana.it\/it\/emergenza-caldo-stop-al-lavoro-allaperto-dalle-12-30-alle-16-lordinanza-della-regione\/","name":"Emergenza caldo, stop al lavoro nei cantieri dalle 12.30 alle 16: l'ordinanza della Regione - intoscana","isPartOf":{"@id":"https:\/\/www.intoscana.it\/it\/#website"},"primaryImageOfPage":{"@id":"https:\/\/www.intoscana.it\/it\/emergenza-caldo-stop-al-lavoro-allaperto-dalle-12-30-alle-16-lordinanza-della-regione\/#primaryimage"},"image":{"@id":"https:\/\/www.intoscana.it\/it\/emergenza-caldo-stop-al-lavoro-allaperto-dalle-12-30-alle-16-lordinanza-della-regione\/#primaryimage"},"thumbnailUrl":"https:\/\/www.intoscana.it\/wp-content\/uploads\/f8404f856d0c1a4f0d1c7c6c8e77f757-1.jpg","datePublished":"2024-07-18T12:13:14+00:00","dateModified":"2024-07-18T12:46:39+00:00","author":{"@id":"https:\/\/www.intoscana.it\/it\/#\/schema\/person\/9223810753230f20bd670fdd322661f8"},"description":"Il provvedimento firmato dal presidente Giani prevede limitazioni nell'edilizia e nelle cave nei giorni con le temperature pi\u00f9 alte, come gi\u00e0 fatto per il comparto agricolo. I consigli per anziani e fragili","breadcrumb":{"@id":"https:\/\/www.intoscana.it\/it\/emergenza-caldo-stop-al-lavoro-allaperto-dalle-12-30-alle-16-lordinanza-della-regione\/#breadcrumb"},"inLanguage":"it-IT","potentialAction":[{"@type":"ReadAction","target":["https:\/\/www.intoscana.it\/it\/emergenza-caldo-stop-al-lavoro-allaperto-dalle-12-30-alle-16-lordinanza-della-regione\/"]}]},{"@type":"ImageObject","inLanguage":"it-IT","@id":"https:\/\/www.intoscana.it\/it\/emergenza-caldo-stop-al-lavoro-allaperto-dalle-12-30-alle-16-lordinanza-della-regione\/#primaryimage","url":"https:\/\/www.intoscana.it\/wp-content\/uploads\/f8404f856d0c1a4f0d1c7c6c8e77f757-1.jpg","contentUrl":"https:\/\/www.intoscana.it\/wp-content\/uploads\/f8404f856d0c1a4f0d1c7c6c8e77f757-1.jpg","width":470,"height":276},{"@type":"BreadcrumbList","@id":"https:\/\/www.intoscana.it\/it\/emergenza-caldo-stop-al-lavoro-allaperto-dalle-12-30-alle-16-lordinanza-della-regione\/#breadcrumb","itemListElement":[{"@type":"ListItem","position":1,"name":"Home","item":"https:\/\/www.intoscana.it\/it\/"},{"@type":"ListItem","position":2,"name":"Emergenza caldo, stop al lavoro nei cantieri dalle 12.30 alle 16: l&#8217;ordinanza della Regione"}]},{"@type":"WebSite","@id":"https:\/\/www.intoscana.it\/it\/#website","url":"https:\/\/www.intoscana.it\/it\/","name":"intoscana","description":"","potentialAction":[{"@type":"SearchAction","target":{"@type":"EntryPoint","urlTemplate":"https:\/\/www.intoscana.it\/it\/?s={search_term_string}"},"query-input":{"@type":"PropertyValueSpecification","valueRequired":true,"valueName":"search_term_string"}}],"inLanguage":"it-IT"},{"@type":"Person","@id":"https:\/\/www.intoscana.it\/it\/#\/schema\/person\/9223810753230f20bd670fdd322661f8","name":"Redazione","url":"https:\/\/www.intoscana.it\/it\/author\/redazione\/"}]}},"_links":{"self":[{"href":"https:\/\/www.intoscana.it\/it\/wp-json\/wp\/v2\/posts\/349657","targetHints":{"allow":["GET"]}}],"collection":[{"href":"https:\/\/www.intoscana.it\/it\/wp-json\/wp\/v2\/posts"}],"about":[{"href":"https:\/\/www.intoscana.it\/it\/wp-json\/wp\/v2\/types\/post"}],"author":[{"embeddable":true,"href":"https:\/\/www.intoscana.it\/it\/wp-json\/wp\/v2\/users\/525"}],"replies":[{"embeddable":true,"href":"https:\/\/www.intoscana.it\/it\/wp-json\/wp\/v2\/comments?post=349657"}],"version-history":[{"count":9,"href":"https:\/\/www.intoscana.it\/it\/wp-json\/wp\/v2\/posts\/349657\/revisions"}],"predecessor-version":[{"id":349682,"href":"https:\/\/www.intoscana.it\/it\/wp-json\/wp\/v2\/posts\/349657\/revisions\/349682"}],"wp:featuredmedia":[{"embeddable":true,"href":"https:\/\/www.intoscana.it\/it\/wp-json\/wp\/v2\/media\/76797"}],"wp:attachment":[{"href":"https:\/\/www.intoscana.it\/it\/wp-json\/wp\/v2\/media?parent=349657"}],"wp:term":[{"taxonomy":"category","embeddable":true,"href":"https:\/\/www.intoscana.it\/it\/wp-json\/wp\/v2\/categories?post=349657"},{"taxonomy":"post_tag","embeddable":true,"href":"https:\/\/www.intoscana.it\/it\/wp-json\/wp\/v2\/tags?post=349657"}],"curies":[{"name":"wp","href":"https:\/\/api.w.org\/{rel}","templated":true}]}}