{"id":349669,"date":"2024-07-18T14:42:56","date_gmt":"2024-07-18T12:42:56","guid":{"rendered":"https:\/\/www.intoscana.it\/it\/?p=349669"},"modified":"2024-07-22T13:55:18","modified_gmt":"2024-07-22T11:55:18","slug":"intelligenza-artificiale-sfide-e-opportunita-il-22-luglio-un-convegno-in-regione-con-esperti-e-istituzioni","status":"publish","type":"post","link":"https:\/\/www.intoscana.it\/it\/intelligenza-artificiale-sfide-e-opportunita-il-22-luglio-un-convegno-in-regione-con-esperti-e-istituzioni\/","title":{"rendered":"Intelligenza artificiale, sfide e opportunit\u00e0: il punto in Regione"},"content":{"rendered":"<div class=\"rt-page__content rt-page-content--left\">\n<div class=\"rt-page__content-text\">\n<p>L&#8217;<strong>intelligenza artificiale<\/strong> \u00e8 realt\u00e0 ed \u00e8 bene conoscerne tutti gli aspetti, dalla sfera etica a quella giuridica. Tante le domande che affiorano nel dibattito pubblico: come sta cambiando le nostre vite e come si devono tutelare i dati sensibili degli utenti, come enti pubblici e imprese possono trarne vantaggio e quali sono i principali rischi. Per fare chiarezza la <strong>Regione Toscana<\/strong> ha organizzato un evento dedicato alle nuove frontiere\u00a0 di questa tecnologia: <mark>si intitola &#8220;Le nuove sfide dell\u2019intelligenza artificiale. Quali strategie per l\u2019AI in Toscana\u201d in programma luned\u00ec 22 luglio a Firenze, a partire dalle 9, nella sala Pegaso della sede della giunta regionale in piazza Duomo.<\/mark><\/p>\n<p>Si parler\u00e0 anche del regolamento sull&#8217;intelligenza artificiale &#8211; A.I. Act &#8211;\u00a0 approvato dal Parlamento Europeo il 13 marzo scorso il cui obiettovo \u00e8 <strong>garantire la sicurezza\u00a0<\/strong>e il\u00a0<strong>rispetto dei diritti fondamentali<\/strong>\u00a0nello sviluppo e nell&#8217;uso in Europa di queste tecnologie.<\/p>\n<div class=\"rt-page__content rt-page-content--left\">\n<div class=\"rt-page__content-text\">\n<p>I saluti istituzionali saranno di <strong>Stefano Ciuoffo<\/strong>, assessore regionale alle Infrastrutture Digitali\u00a0 e di <strong>Alessandra Pieroni<\/strong>, AgID &#8211; Area Iniziative Piano Nazionale di Ripresa e Resilienza, Servizio Single Digital Gateway. Tra gli ospiti vi saranno figure rappresentative del mondo ccademico ed i rappresentanti della pubblica amministrazione regionale in materia di innovazione, ricerca, formazione ed attivit\u00e0 produttive. Modera la giornalista di intoscana.it <strong>Simona Bellocci<\/strong>.<\/p>\n<p><strong>Marco Landi<\/strong>, ex presidente di Apple e attualmente a capo dell\u2019Institut EuropIA, terr\u00e0 una lectio magistralis. In programma un intervento del presidente della Regione Toscana, Eugenio Giani.<\/p>\n<p>&nbsp;<\/p>\n<\/div>\n<\/div>\n<figure id=\"post-349671 media-349671\" class=\"align-none\"><img decoding=\"async\" src=\"https:\/\/www.intoscana.it\/wp-content\/uploads\/Locandina-Programma-AI-ACT-2024-A3-Web-scaled.jpg\" alt=\"\" \/><\/figure>\n<p>&nbsp;<\/p>\n<h3><em>L&#8217;evento anche in diretta streaming<\/em><\/h3>\n<p>&nbsp;<\/p>\n<p><iframe loading=\"lazy\" title=\"AI Act. La nuova governance dell\u2019intelligenza artificiale\" src=\"https:\/\/www.youtube.com\/embed\/6uCsQhXG7xs\" width=\"850\" height=\"400\" frameborder=\"0\" allowfullscreen=\"allowfullscreen\"><span data-mce-type=\"bookmark\" style=\"display: inline-block; width: 0px; overflow: hidden; line-height: 0;\" class=\"mce_SELRES_start\">\ufeff<\/span><\/iframe><\/p>\n<p>&nbsp;<\/p>\n<\/div>\n<\/div>\n<div class=\"rt-btn-wrapper rt-btn-wrapper--right-align\"><\/div>\n","protected":false},"excerpt":{"rendered":"<p>Accademici e rappresentanti della pubblica amministrazione a confronto anche sul nuovo regolamento del Parlamento europeo il 22 luglio. Interverranno il presidente Giani e l&#8217;assessore Ciuoffo. Attesa la lectio magistralis di Marco Landi, ex capo di Apple<\/p>\n","protected":false},"author":525,"featured_media":145878,"comment_status":"open","ping_status":"open","sticky":false,"template":"","format":"standard","meta":{"_acf_changed":false,"footnotes":""},"categories":[475],"tags":[158,4506,5145],"class_list":["post-349669","post","type-post","status-publish","format-standard","has-post-thumbnail","hentry","category-innovazione","tag-eugenio-giani","tag-intelligenza-artificiale","tag-stefano-ciuoffo"],"acf":[],"yoast_head":"<!-- This site is optimized with the Yoast SEO Premium plugin v24.2 (Yoast SEO v25.6) - https:\/\/yoast.com\/wordpress\/plugins\/seo\/ -->\n<title>Intelligenza artificiale, sfide e opportunit\u00e0: il punto in Regione - intoscana<\/title>\n<meta name=\"description\" content=\"Accademici e rappresentanti della pubblica amministrazione a confronto anche sul nuovo regolamento del Parlamento europeo. Interverranno il presidente Giani e l&#039;assessore Ciuoffo. Attesa la lectio magistralis di Marco Landi, ex capo di Apple. L&#039;evento in streaming\" \/>\n<meta name=\"robots\" content=\"index, follow, max-snippet:-1, max-image-preview:large, max-video-preview:-1\" \/>\n<link rel=\"canonical\" href=\"https:\/\/www.intoscana.it\/it\/intelligenza-artificiale-sfide-e-opportunita-il-22-luglio-un-convegno-in-regione-con-esperti-e-istituzioni\/\" \/>\n<meta property=\"og:locale\" content=\"it_IT\" \/>\n<meta property=\"og:type\" content=\"article\" \/>\n<meta property=\"og:title\" content=\"Intelligenza artificiale, sfide e opportunit\u00e0: il punto in Regione\" \/>\n<meta property=\"og:description\" content=\"Accademici e rappresentanti della pubblica amministrazione a confronto anche sul nuovo regolamento del Parlamento europeo. Interverranno il presidente Giani e l&#039;assessore Ciuoffo. Attesa la lectio magistralis di Marco Landi, ex capo di Apple. L&#039;evento in streaming\" \/>\n<meta property=\"og:url\" content=\"https:\/\/www.intoscana.it\/it\/intelligenza-artificiale-sfide-e-opportunita-il-22-luglio-un-convegno-in-regione-con-esperti-e-istituzioni\/\" \/>\n<meta property=\"og:site_name\" content=\"intoscana\" \/>\n<meta property=\"article:publisher\" content=\"https:\/\/www.facebook.com\/intoscana.it\" \/>\n<meta property=\"article:published_time\" content=\"2024-07-18T12:42:56+00:00\" \/>\n<meta property=\"article:modified_time\" content=\"2024-07-22T11:55:18+00:00\" \/>\n<meta property=\"og:image\" content=\"https:\/\/www.intoscana.it\/wp-content\/uploads\/intelligenza-artificiale-1.jpg\" \/>\n\t<meta property=\"og:image:width\" content=\"960\" \/>\n\t<meta property=\"og:image:height\" content=\"320\" \/>\n\t<meta property=\"og:image:type\" content=\"image\/jpeg\" \/>\n<meta name=\"author\" content=\"Redazione\" \/>\n<meta name=\"twitter:card\" content=\"summary_large_image\" \/>\n<meta name=\"twitter:creator\" content=\"@intoscana\" \/>\n<meta name=\"twitter:site\" content=\"@intoscana\" \/>\n<meta name=\"twitter:label1\" content=\"Written by\" \/>\n\t<meta name=\"twitter:data1\" content=\"Redazione\" \/>\n\t<meta name=\"twitter:label2\" content=\"Est. reading time\" \/>\n\t<meta name=\"twitter:data2\" content=\"2 minuti\" \/>\n<script type=\"application\/ld+json\" class=\"yoast-schema-graph\">{\"@context\":\"https:\/\/schema.org\",\"@graph\":[{\"@type\":\"WebPage\",\"@id\":\"https:\/\/www.intoscana.it\/it\/intelligenza-artificiale-sfide-e-opportunita-il-22-luglio-un-convegno-in-regione-con-esperti-e-istituzioni\/\",\"url\":\"https:\/\/www.intoscana.it\/it\/intelligenza-artificiale-sfide-e-opportunita-il-22-luglio-un-convegno-in-regione-con-esperti-e-istituzioni\/\",\"name\":\"Intelligenza artificiale, sfide e opportunit\u00e0: il punto in Regione - intoscana\",\"isPartOf\":{\"@id\":\"https:\/\/www.intoscana.it\/it\/#website\"},\"primaryImageOfPage\":{\"@id\":\"https:\/\/www.intoscana.it\/it\/intelligenza-artificiale-sfide-e-opportunita-il-22-luglio-un-convegno-in-regione-con-esperti-e-istituzioni\/#primaryimage\"},\"image\":{\"@id\":\"https:\/\/www.intoscana.it\/it\/intelligenza-artificiale-sfide-e-opportunita-il-22-luglio-un-convegno-in-regione-con-esperti-e-istituzioni\/#primaryimage\"},\"thumbnailUrl\":\"https:\/\/www.intoscana.it\/wp-content\/uploads\/intelligenza-artificiale-1.jpg\",\"datePublished\":\"2024-07-18T12:42:56+00:00\",\"dateModified\":\"2024-07-22T11:55:18+00:00\",\"author\":{\"@id\":\"https:\/\/www.intoscana.it\/it\/#\/schema\/person\/9223810753230f20bd670fdd322661f8\"},\"description\":\"Accademici e rappresentanti della pubblica amministrazione a confronto anche sul nuovo regolamento del Parlamento europeo. Interverranno il presidente Giani e l'assessore Ciuoffo. Attesa la lectio magistralis di Marco Landi, ex capo di Apple. L'evento in streaming\",\"breadcrumb\":{\"@id\":\"https:\/\/www.intoscana.it\/it\/intelligenza-artificiale-sfide-e-opportunita-il-22-luglio-un-convegno-in-regione-con-esperti-e-istituzioni\/#breadcrumb\"},\"inLanguage\":\"it-IT\",\"potentialAction\":[{\"@type\":\"ReadAction\",\"target\":[\"https:\/\/www.intoscana.it\/it\/intelligenza-artificiale-sfide-e-opportunita-il-22-luglio-un-convegno-in-regione-con-esperti-e-istituzioni\/\"]}]},{\"@type\":\"ImageObject\",\"inLanguage\":\"it-IT\",\"@id\":\"https:\/\/www.intoscana.it\/it\/intelligenza-artificiale-sfide-e-opportunita-il-22-luglio-un-convegno-in-regione-con-esperti-e-istituzioni\/#primaryimage\",\"url\":\"https:\/\/www.intoscana.it\/wp-content\/uploads\/intelligenza-artificiale-1.jpg\",\"contentUrl\":\"https:\/\/www.intoscana.it\/wp-content\/uploads\/intelligenza-artificiale-1.jpg\",\"width\":960,\"height\":320,\"caption\":\"Intelligenza artificiale\"},{\"@type\":\"BreadcrumbList\",\"@id\":\"https:\/\/www.intoscana.it\/it\/intelligenza-artificiale-sfide-e-opportunita-il-22-luglio-un-convegno-in-regione-con-esperti-e-istituzioni\/#breadcrumb\",\"itemListElement\":[{\"@type\":\"ListItem\",\"position\":1,\"name\":\"Home\",\"item\":\"https:\/\/www.intoscana.it\/it\/\"},{\"@type\":\"ListItem\",\"position\":2,\"name\":\"Intelligenza artificiale, sfide e opportunit\u00e0: il punto in Regione\"}]},{\"@type\":\"WebSite\",\"@id\":\"https:\/\/www.intoscana.it\/it\/#website\",\"url\":\"https:\/\/www.intoscana.it\/it\/\",\"name\":\"intoscana\",\"description\":\"\",\"potentialAction\":[{\"@type\":\"SearchAction\",\"target\":{\"@type\":\"EntryPoint\",\"urlTemplate\":\"https:\/\/www.intoscana.it\/it\/?s={search_term_string}\"},\"query-input\":{\"@type\":\"PropertyValueSpecification\",\"valueRequired\":true,\"valueName\":\"search_term_string\"}}],\"inLanguage\":\"it-IT\"},{\"@type\":\"Person\",\"@id\":\"https:\/\/www.intoscana.it\/it\/#\/schema\/person\/9223810753230f20bd670fdd322661f8\",\"name\":\"Redazione\",\"url\":\"https:\/\/www.intoscana.it\/it\/author\/redazione\/\"}]}<\/script>\n<!-- \/ Yoast SEO Premium plugin. -->","yoast_head_json":{"title":"Intelligenza artificiale, sfide e opportunit\u00e0: il punto in Regione - intoscana","description":"Accademici e rappresentanti della pubblica amministrazione a confronto anche sul nuovo regolamento del Parlamento europeo. Interverranno il presidente Giani e l'assessore Ciuoffo. Attesa la lectio magistralis di Marco Landi, ex capo di Apple. L'evento in streaming","robots":{"index":"index","follow":"follow","max-snippet":"max-snippet:-1","max-image-preview":"max-image-preview:large","max-video-preview":"max-video-preview:-1"},"canonical":"https:\/\/www.intoscana.it\/it\/intelligenza-artificiale-sfide-e-opportunita-il-22-luglio-un-convegno-in-regione-con-esperti-e-istituzioni\/","og_locale":"it_IT","og_type":"article","og_title":"Intelligenza artificiale, sfide e opportunit\u00e0: il punto in Regione","og_description":"Accademici e rappresentanti della pubblica amministrazione a confronto anche sul nuovo regolamento del Parlamento europeo. Interverranno il presidente Giani e l'assessore Ciuoffo. Attesa la lectio magistralis di Marco Landi, ex capo di Apple. L'evento in streaming","og_url":"https:\/\/www.intoscana.it\/it\/intelligenza-artificiale-sfide-e-opportunita-il-22-luglio-un-convegno-in-regione-con-esperti-e-istituzioni\/","og_site_name":"intoscana","article_publisher":"https:\/\/www.facebook.com\/intoscana.it","article_published_time":"2024-07-18T12:42:56+00:00","article_modified_time":"2024-07-22T11:55:18+00:00","og_image":[{"width":960,"height":320,"url":"https:\/\/www.intoscana.it\/wp-content\/uploads\/intelligenza-artificiale-1.jpg","type":"image\/jpeg"}],"author":"Redazione","twitter_card":"summary_large_image","twitter_creator":"@intoscana","twitter_site":"@intoscana","twitter_misc":{"Written by":"Redazione","Est. reading time":"2 minuti"},"schema":{"@context":"https:\/\/schema.org","@graph":[{"@type":"WebPage","@id":"https:\/\/www.intoscana.it\/it\/intelligenza-artificiale-sfide-e-opportunita-il-22-luglio-un-convegno-in-regione-con-esperti-e-istituzioni\/","url":"https:\/\/www.intoscana.it\/it\/intelligenza-artificiale-sfide-e-opportunita-il-22-luglio-un-convegno-in-regione-con-esperti-e-istituzioni\/","name":"Intelligenza artificiale, sfide e opportunit\u00e0: il punto in Regione - intoscana","isPartOf":{"@id":"https:\/\/www.intoscana.it\/it\/#website"},"primaryImageOfPage":{"@id":"https:\/\/www.intoscana.it\/it\/intelligenza-artificiale-sfide-e-opportunita-il-22-luglio-un-convegno-in-regione-con-esperti-e-istituzioni\/#primaryimage"},"image":{"@id":"https:\/\/www.intoscana.it\/it\/intelligenza-artificiale-sfide-e-opportunita-il-22-luglio-un-convegno-in-regione-con-esperti-e-istituzioni\/#primaryimage"},"thumbnailUrl":"https:\/\/www.intoscana.it\/wp-content\/uploads\/intelligenza-artificiale-1.jpg","datePublished":"2024-07-18T12:42:56+00:00","dateModified":"2024-07-22T11:55:18+00:00","author":{"@id":"https:\/\/www.intoscana.it\/it\/#\/schema\/person\/9223810753230f20bd670fdd322661f8"},"description":"Accademici e rappresentanti della pubblica amministrazione a confronto anche sul nuovo regolamento del Parlamento europeo. Interverranno il presidente Giani e l'assessore Ciuoffo. Attesa la lectio magistralis di Marco Landi, ex capo di Apple. L'evento in streaming","breadcrumb":{"@id":"https:\/\/www.intoscana.it\/it\/intelligenza-artificiale-sfide-e-opportunita-il-22-luglio-un-convegno-in-regione-con-esperti-e-istituzioni\/#breadcrumb"},"inLanguage":"it-IT","potentialAction":[{"@type":"ReadAction","target":["https:\/\/www.intoscana.it\/it\/intelligenza-artificiale-sfide-e-opportunita-il-22-luglio-un-convegno-in-regione-con-esperti-e-istituzioni\/"]}]},{"@type":"ImageObject","inLanguage":"it-IT","@id":"https:\/\/www.intoscana.it\/it\/intelligenza-artificiale-sfide-e-opportunita-il-22-luglio-un-convegno-in-regione-con-esperti-e-istituzioni\/#primaryimage","url":"https:\/\/www.intoscana.it\/wp-content\/uploads\/intelligenza-artificiale-1.jpg","contentUrl":"https:\/\/www.intoscana.it\/wp-content\/uploads\/intelligenza-artificiale-1.jpg","width":960,"height":320,"caption":"Intelligenza artificiale"},{"@type":"BreadcrumbList","@id":"https:\/\/www.intoscana.it\/it\/intelligenza-artificiale-sfide-e-opportunita-il-22-luglio-un-convegno-in-regione-con-esperti-e-istituzioni\/#breadcrumb","itemListElement":[{"@type":"ListItem","position":1,"name":"Home","item":"https:\/\/www.intoscana.it\/it\/"},{"@type":"ListItem","position":2,"name":"Intelligenza artificiale, sfide e opportunit\u00e0: il punto in Regione"}]},{"@type":"WebSite","@id":"https:\/\/www.intoscana.it\/it\/#website","url":"https:\/\/www.intoscana.it\/it\/","name":"intoscana","description":"","potentialAction":[{"@type":"SearchAction","target":{"@type":"EntryPoint","urlTemplate":"https:\/\/www.intoscana.it\/it\/?s={search_term_string}"},"query-input":{"@type":"PropertyValueSpecification","valueRequired":true,"valueName":"search_term_string"}}],"inLanguage":"it-IT"},{"@type":"Person","@id":"https:\/\/www.intoscana.it\/it\/#\/schema\/person\/9223810753230f20bd670fdd322661f8","name":"Redazione","url":"https:\/\/www.intoscana.it\/it\/author\/redazione\/"}]}},"_links":{"self":[{"href":"https:\/\/www.intoscana.it\/it\/wp-json\/wp\/v2\/posts\/349669","targetHints":{"allow":["GET"]}}],"collection":[{"href":"https:\/\/www.intoscana.it\/it\/wp-json\/wp\/v2\/posts"}],"about":[{"href":"https:\/\/www.intoscana.it\/it\/wp-json\/wp\/v2\/types\/post"}],"author":[{"embeddable":true,"href":"https:\/\/www.intoscana.it\/it\/wp-json\/wp\/v2\/users\/525"}],"replies":[{"embeddable":true,"href":"https:\/\/www.intoscana.it\/it\/wp-json\/wp\/v2\/comments?post=349669"}],"version-history":[{"count":6,"href":"https:\/\/www.intoscana.it\/it\/wp-json\/wp\/v2\/posts\/349669\/revisions"}],"predecessor-version":[{"id":349970,"href":"https:\/\/www.intoscana.it\/it\/wp-json\/wp\/v2\/posts\/349669\/revisions\/349970"}],"wp:featuredmedia":[{"embeddable":true,"href":"https:\/\/www.intoscana.it\/it\/wp-json\/wp\/v2\/media\/145878"}],"wp:attachment":[{"href":"https:\/\/www.intoscana.it\/it\/wp-json\/wp\/v2\/media?parent=349669"}],"wp:term":[{"taxonomy":"category","embeddable":true,"href":"https:\/\/www.intoscana.it\/it\/wp-json\/wp\/v2\/categories?post=349669"},{"taxonomy":"post_tag","embeddable":true,"href":"https:\/\/www.intoscana.it\/it\/wp-json\/wp\/v2\/tags?post=349669"}],"curies":[{"name":"wp","href":"https:\/\/api.w.org\/{rel}","templated":true}]}}