{"id":350006,"date":"2024-07-22T17:31:35","date_gmt":"2024-07-22T15:31:35","guid":{"rendered":"https:\/\/www.intoscana.it\/it\/?p=350006"},"modified":"2024-07-22T17:31:35","modified_gmt":"2024-07-22T15:31:35","slug":"fare-rete-per-cogliere-la-sfida-dellia-le-strategie-in-campo-della-regione-toscana","status":"publish","type":"post","link":"https:\/\/www.intoscana.it\/it\/fare-rete-per-cogliere-la-sfida-dellia-le-strategie-in-campo-della-regione-toscana\/","title":{"rendered":"Fare rete per cogliere la sfida dell&#8217;IA, le strategie in campo della Regione Toscana"},"content":{"rendered":"<p>Un convegno dedicato al tema, pi\u00f9 che attuale, dell&#8217;<strong>intelligenza artificiale<\/strong> \u00e8 quello che \u00e8 stato organizzato nella mattinata di luned\u00ec dalla<strong> Regione Toscana<\/strong> dal titolo &#8220;<em>AI ACT &#8211; Le nuove sfide dell&#8217;intelligenza artificiale. Quali strategie per la Toscana?<\/em>&#8220;. Il punto di partenza \u00e8 stato proprio<a href=\"https:\/\/www.intoscana.it\/it\/intelligenza-artificiale-ai-act-regione-toscana\/\" target=\"_blank\" rel=\"noopener\"> l&#8217;<strong>AI Act<\/strong>, il nuovo regolamento europeo<\/a> che, a partire da i rischi che ad oggi rappresenta questa tecnologia, ha introdotto e andr\u00e0 ad introdurre nuove regole sull&#8217;intelligenza artificiale con l&#8217;obiettivo di tutelare i diritti dei cittadini, ma anche il diritto d&#8217;autore e la regolamenta in quanto prodotto. Da qui inizia il percorso della<strong> Regione Toscana<\/strong> che mira a affrontare la sfida rappresentata dall&#8217;intelligenza artificiale e le relative opportunit\u00e0 con un <strong>approccio chiaro, trasparente<\/strong>, partecipato, basato su conoscenza e competenze e sulla messa in rete di tutte le parti interessate ed i settori regionali di competenza. La Regione lo far\u00e0 in raccordo con tutte le universit\u00e0 toscane, sia nei confronti del mondo del lavoro che della popolazione. La prima tappa, dopo questo primo momento di confronto e dibattito sull&#8217;intelligenza artificiale con ricercatori, esperti di settore e istituzioni coinvolte, sar\u00e0 la creazione da settembre dell&#8217;<strong>Osservatorio regionale dedicato all&#8217;intelligenza artificiale<\/strong> di cui faranno parte tecnici ed esperti. Per il <strong>presidente Giani<\/strong>, la Toscana: &#8220;<em>cos\u00ec come anni fa \u00e8 avvenuto per l\u2019utilizzo di Internet, vuol fare da <strong>apripista in Italia<\/strong> per ci\u00f2 che riguarda le nuove sfide che l\u2019AI ci lancia. Abbiamo voluto creare uno slogan che recita \u201cl\u2019intelligenza artificiale in Toscana \u00e8 sempre pi\u00f9 umana\u201d e intendiamo applicarlo fedelmente<\/em>&#8220;. All&#8217;Osservatorio seguir\u00e0 la creazione di una <strong>infrastruttura regionale<\/strong> dedicata all\u2019Intelligenza artificiale che sar\u00e0 illustrata nelle prossime tappe in programma all&#8217;<strong>Internet Festival<\/strong> che si terr\u00e0 a Pisa nel mese di ottobre e all\u2019appuntamento di novembre con \u201c<strong>Toscana Digitale<\/strong>\u201d. <a href=\"https:\/\/www.intoscana.it\/it\/dettaglio-video\/opportunita-e-criticita-dellintelligenza-artificiale-giani-non-dobbiamo-averne-paura\/\" target=\"_blank\" rel=\"noopener\">Poi sar\u00e0 redatto anche il primo <strong>Piano regionale<\/strong> sulle applicazioni dell\u2019Intelligenza Artificiale nei servizi della Pubblica Amministrazione.<\/a><\/p>\n<p>Un impegno certamente importante quello in ponte da parte della Regione Toscana che per\u00f2 dovr\u00e0 superare le <strong>critiche<\/strong> che a tutt&#8217;oggi sono mosse nei confronti dell&#8217;Intelligenza Artificiale, che \u00e8 vista da alcuni come una <strong>minaccia<\/strong> soprattutto nei confronti del <strong>mondo del lavoro<\/strong>. Per molti infatti l&#8217;intelligenza artificiale andr\u00e0 a sostituire lavoratori. Per il presidente<strong> Eugenio Giani<\/strong>: \u201c<em>Dell\u2019intelligenza artificiale non dobbiamo averne paura, ma coglierne le opportunit\u00e0 senza ricorrere ad atteggiamenti luddistici, come facevano coloro che le macchine volevano distruggerle<\/em>\u201d. Della stessa opinione l&#8217;assessore regionale <strong>Stefano Ciuoffo<\/strong>, che nella cornice del convegno ha aggiunto: \u201c<em>Dobbiamo affrontare con decisione e <strong>vincere anche la sfida etica<\/strong>, oltre che quella tecnologica, che l\u2019utilizzo dell\u2019Intelligenza artificiale pone a tutti noi e alla Pubblica Amministrazione in particolare. Quella dell\u2019intelligenza artificiale \u00e8 una sfida che impone anche la pubblica amministrazione un\u2019assunzione di responsabilit\u00e0 che non pu\u00f2 pi\u00f9 essere rimandata<\/em>&#8220;. A questa opposizione all&#8217;IA si aggiunge il fatto che l&#8217;intelligenza artificiale si istruisce attraverso i dati, le informazioni che prende dal web e che purtroppo hanno una <strong>raffigurazione polarizzata del mondo<\/strong> in cui siamo e che viene assimilata cos\u00ec dall&#8217;intelligenza artificiale, su questo tema si \u00e8 concentrato l&#8217;intervento della <a href=\"https:\/\/www.intoscana.it\/it\/dettaglio-video\/milano-allo-studio-modelli-equi-per-superare-la-polarizzazione-dellintelligenza-artificiale\/\" target=\"_blank\" rel=\"noopener\"><strong>professoressa Michela Milano<\/strong><\/a> che ha sottolineato come sia importante come le donne trovino sempre maggiore spazio, non solo nelle discipline STEM, ma nelle aziende e nelle startup che si occupano di intelligenza artificiale e come l&#8217;Universit\u00e0 di Bologna sia al lavoro su un progetto dedicato alla creazione di <strong>metodi e modelli equi<\/strong> per superare la polarizzazione dell&#8217;intelligenza artificiale.<\/p>\n<p>Tante le <strong>buone pratiche toscane<\/strong> che stanno sfruttando e innovando sull&#8217;intelligenza artificiale. Ad esempio, viene sempre pi\u00f9 utilizzata nei servizi sanitari, ma anche nello stesso rapporto con i cittadini e gli Uffici per le relazioni con il pubblico attraverso assistenti virtuali, come<strong> Caterina per il Comune di Siena<\/strong>, ma anche la nuova piattaforma di intelligenza artificiale applicata al mercato del lavoro che sta sperimentando la Regione Toscana, prima in Italia a farlo. <strong>Intuition<\/strong> \u00e8 il software che sta aiutando i datori di lavoro a trovare, sempre attraverso i database dei Centri per l\u2019impiego, le professionalit\u00e0 di cui avevano bisogno. Sono state circa mille le imprese Toscane che hanno usufruito della <a href=\"https:\/\/www.intoscana.it\/it\/dettaglio-video\/regione-toscana-e-ia-successo-per-la-piattaforma-intuition-per-il-mercato-del-lavoro\/\" target=\"_blank\" rel=\"noopener\">nuova piattaforma di AI che si chiama Intuition<\/a> e che hanno cos\u00ec potuto ricercare circa <strong>30.000 profili professionali<\/strong> di cui avevano bisogno.<\/p>\n<p>Certo \u00e8 che l&#8217;Italia, ma anche l&#8217;Europa, rispetto alle grandi potenze di Stati Uniti e Cina, deve ricucire un importante gap e l&#8217;auspicio, sottolineato anche nel suo intervento da <a href=\"https:\/\/www.intoscana.it\/it\/dettaglio-video\/di-costanzo-lavoriamo-su-cultura-policy-e-competenze-per-lintelligenza-artificiale-nella-pa\/\" target=\"_blank\" rel=\"noopener\"><strong>Francesco Di Costanzo<\/strong>, presidente di Fondazione Italia Digitale<\/a> \u00e8 quello che avvenga in modo pi\u00f9 rapido rispetto alle tempistiche che sono state necessarie alla pubblica amministrazione per l&#8217;adozione del digitale e delle chat e dei social network.<\/p>\n<p>La mattinata dedicata all&#8217;intelligenza artificiale si \u00e8 conclusa con <a href=\"https:\/\/www.intoscana.it\/it\/dettaglio-video\/marco-landi-lia-e-stupida-siamo-noi-intelligenti-con-intuizioni-e-capacita-di-amare\/\" target=\"_blank\" rel=\"noopener\">la lectio magistralis dell&#8217;ingegner <strong>Marco Landi<\/strong><\/a>, gi\u00e0 presidente di Apple e presidente dell&#8217;Istituto EuropIA dedicato alla sensibilizzazione e all\u2019educazione su questa tecnologia.<\/p>\n<p>&nbsp;<\/p>\n","protected":false},"excerpt":{"rendered":"<p>Tante le azioni promosse dalla Regione Toscana per affrontare le opportunit\u00e0 rappresentate dall&#8217;intelligenza artificiale coinvolgendo istituzioni, aziende e cittadini<\/p>\n","protected":false},"author":507,"featured_media":350007,"comment_status":"open","ping_status":"open","sticky":false,"template":"","format":"standard","meta":{"_acf_changed":false,"footnotes":""},"categories":[475],"tags":[4506,151],"class_list":["post-350006","post","type-post","status-publish","format-standard","has-post-thumbnail","hentry","category-innovazione","tag-intelligenza-artificiale","tag-regione-toscana"],"acf":[],"yoast_head":"<!-- This site is optimized with the Yoast SEO Premium plugin v24.2 (Yoast SEO v25.6) - https:\/\/yoast.com\/wordpress\/plugins\/seo\/ -->\n<title>Fare rete per cogliere la sfida dell&#039;IA, le strategie in campo della Regione Toscana - intoscana<\/title>\n<meta name=\"robots\" content=\"index, follow, max-snippet:-1, max-image-preview:large, max-video-preview:-1\" \/>\n<link rel=\"canonical\" href=\"https:\/\/www.intoscana.it\/it\/fare-rete-per-cogliere-la-sfida-dellia-le-strategie-in-campo-della-regione-toscana\/\" \/>\n<meta property=\"og:locale\" content=\"it_IT\" \/>\n<meta property=\"og:type\" content=\"article\" \/>\n<meta property=\"og:title\" content=\"Fare rete per cogliere la sfida dell&#039;IA, le strategie in campo della Regione Toscana\" \/>\n<meta property=\"og:description\" content=\"Tante le azioni promosse dalla Regione Toscana per affrontare le opportunit\u00e0 rappresentate dall&#039;intelligenza artificiale coinvolgendo istituzioni, aziende e cittadini\" \/>\n<meta property=\"og:url\" content=\"https:\/\/www.intoscana.it\/it\/fare-rete-per-cogliere-la-sfida-dellia-le-strategie-in-campo-della-regione-toscana\/\" \/>\n<meta property=\"og:site_name\" content=\"intoscana\" \/>\n<meta property=\"article:publisher\" content=\"https:\/\/www.facebook.com\/intoscana.it\" \/>\n<meta property=\"article:published_time\" content=\"2024-07-22T15:31:35+00:00\" \/>\n<meta property=\"og:image\" content=\"https:\/\/www.intoscana.it\/wp-content\/uploads\/igor-omilaev-gVQLAbGVB6Q-unsplash-dimensioni-grandi.jpeg\" \/>\n\t<meta property=\"og:image:width\" content=\"1280\" \/>\n\t<meta property=\"og:image:height\" content=\"720\" \/>\n\t<meta property=\"og:image:type\" content=\"image\/jpeg\" \/>\n<meta name=\"author\" content=\"Chiara Bianchini\" \/>\n<meta name=\"twitter:card\" content=\"summary_large_image\" \/>\n<meta name=\"twitter:creator\" content=\"@intoscana\" \/>\n<meta name=\"twitter:site\" content=\"@intoscana\" \/>\n<meta name=\"twitter:label1\" content=\"Written by\" \/>\n\t<meta name=\"twitter:data1\" content=\"Chiara Bianchini\" \/>\n\t<meta name=\"twitter:label2\" content=\"Est. reading time\" \/>\n\t<meta name=\"twitter:data2\" content=\"5 minuti\" \/>\n<script type=\"application\/ld+json\" class=\"yoast-schema-graph\">{\"@context\":\"https:\/\/schema.org\",\"@graph\":[{\"@type\":\"WebPage\",\"@id\":\"https:\/\/www.intoscana.it\/it\/fare-rete-per-cogliere-la-sfida-dellia-le-strategie-in-campo-della-regione-toscana\/\",\"url\":\"https:\/\/www.intoscana.it\/it\/fare-rete-per-cogliere-la-sfida-dellia-le-strategie-in-campo-della-regione-toscana\/\",\"name\":\"Fare rete per cogliere la sfida dell'IA, le strategie in campo della Regione Toscana - intoscana\",\"isPartOf\":{\"@id\":\"https:\/\/www.intoscana.it\/it\/#website\"},\"primaryImageOfPage\":{\"@id\":\"https:\/\/www.intoscana.it\/it\/fare-rete-per-cogliere-la-sfida-dellia-le-strategie-in-campo-della-regione-toscana\/#primaryimage\"},\"image\":{\"@id\":\"https:\/\/www.intoscana.it\/it\/fare-rete-per-cogliere-la-sfida-dellia-le-strategie-in-campo-della-regione-toscana\/#primaryimage\"},\"thumbnailUrl\":\"https:\/\/www.intoscana.it\/wp-content\/uploads\/igor-omilaev-gVQLAbGVB6Q-unsplash-dimensioni-grandi.jpeg\",\"datePublished\":\"2024-07-22T15:31:35+00:00\",\"author\":{\"@id\":\"https:\/\/www.intoscana.it\/it\/#\/schema\/person\/010af92117f50561886339ad5b873a41\"},\"breadcrumb\":{\"@id\":\"https:\/\/www.intoscana.it\/it\/fare-rete-per-cogliere-la-sfida-dellia-le-strategie-in-campo-della-regione-toscana\/#breadcrumb\"},\"inLanguage\":\"it-IT\",\"potentialAction\":[{\"@type\":\"ReadAction\",\"target\":[\"https:\/\/www.intoscana.it\/it\/fare-rete-per-cogliere-la-sfida-dellia-le-strategie-in-campo-della-regione-toscana\/\"]}]},{\"@type\":\"ImageObject\",\"inLanguage\":\"it-IT\",\"@id\":\"https:\/\/www.intoscana.it\/it\/fare-rete-per-cogliere-la-sfida-dellia-le-strategie-in-campo-della-regione-toscana\/#primaryimage\",\"url\":\"https:\/\/www.intoscana.it\/wp-content\/uploads\/igor-omilaev-gVQLAbGVB6Q-unsplash-dimensioni-grandi.jpeg\",\"contentUrl\":\"https:\/\/www.intoscana.it\/wp-content\/uploads\/igor-omilaev-gVQLAbGVB6Q-unsplash-dimensioni-grandi.jpeg\",\"width\":1280,\"height\":720},{\"@type\":\"BreadcrumbList\",\"@id\":\"https:\/\/www.intoscana.it\/it\/fare-rete-per-cogliere-la-sfida-dellia-le-strategie-in-campo-della-regione-toscana\/#breadcrumb\",\"itemListElement\":[{\"@type\":\"ListItem\",\"position\":1,\"name\":\"Home\",\"item\":\"https:\/\/www.intoscana.it\/it\/\"},{\"@type\":\"ListItem\",\"position\":2,\"name\":\"Fare rete per cogliere la sfida dell&#8217;IA, le strategie in campo della Regione Toscana\"}]},{\"@type\":\"WebSite\",\"@id\":\"https:\/\/www.intoscana.it\/it\/#website\",\"url\":\"https:\/\/www.intoscana.it\/it\/\",\"name\":\"intoscana\",\"description\":\"\",\"potentialAction\":[{\"@type\":\"SearchAction\",\"target\":{\"@type\":\"EntryPoint\",\"urlTemplate\":\"https:\/\/www.intoscana.it\/it\/?s={search_term_string}\"},\"query-input\":{\"@type\":\"PropertyValueSpecification\",\"valueRequired\":true,\"valueName\":\"search_term_string\"}}],\"inLanguage\":\"it-IT\"},{\"@type\":\"Person\",\"@id\":\"https:\/\/www.intoscana.it\/it\/#\/schema\/person\/010af92117f50561886339ad5b873a41\",\"name\":\"Chiara Bianchini\",\"sameAs\":[\"c.bianchini@fst.it\"],\"url\":\"https:\/\/www.intoscana.it\/it\/author\/chiara-bianchini\/\"}]}<\/script>\n<!-- \/ Yoast SEO Premium plugin. -->","yoast_head_json":{"title":"Fare rete per cogliere la sfida dell'IA, le strategie in campo della Regione Toscana - intoscana","robots":{"index":"index","follow":"follow","max-snippet":"max-snippet:-1","max-image-preview":"max-image-preview:large","max-video-preview":"max-video-preview:-1"},"canonical":"https:\/\/www.intoscana.it\/it\/fare-rete-per-cogliere-la-sfida-dellia-le-strategie-in-campo-della-regione-toscana\/","og_locale":"it_IT","og_type":"article","og_title":"Fare rete per cogliere la sfida dell'IA, le strategie in campo della Regione Toscana","og_description":"Tante le azioni promosse dalla Regione Toscana per affrontare le opportunit\u00e0 rappresentate dall'intelligenza artificiale coinvolgendo istituzioni, aziende e cittadini","og_url":"https:\/\/www.intoscana.it\/it\/fare-rete-per-cogliere-la-sfida-dellia-le-strategie-in-campo-della-regione-toscana\/","og_site_name":"intoscana","article_publisher":"https:\/\/www.facebook.com\/intoscana.it","article_published_time":"2024-07-22T15:31:35+00:00","og_image":[{"width":1280,"height":720,"url":"https:\/\/www.intoscana.it\/wp-content\/uploads\/igor-omilaev-gVQLAbGVB6Q-unsplash-dimensioni-grandi.jpeg","type":"image\/jpeg"}],"author":"Chiara Bianchini","twitter_card":"summary_large_image","twitter_creator":"@intoscana","twitter_site":"@intoscana","twitter_misc":{"Written by":"Chiara Bianchini","Est. reading time":"5 minuti"},"schema":{"@context":"https:\/\/schema.org","@graph":[{"@type":"WebPage","@id":"https:\/\/www.intoscana.it\/it\/fare-rete-per-cogliere-la-sfida-dellia-le-strategie-in-campo-della-regione-toscana\/","url":"https:\/\/www.intoscana.it\/it\/fare-rete-per-cogliere-la-sfida-dellia-le-strategie-in-campo-della-regione-toscana\/","name":"Fare rete per cogliere la sfida dell'IA, le strategie in campo della Regione Toscana - intoscana","isPartOf":{"@id":"https:\/\/www.intoscana.it\/it\/#website"},"primaryImageOfPage":{"@id":"https:\/\/www.intoscana.it\/it\/fare-rete-per-cogliere-la-sfida-dellia-le-strategie-in-campo-della-regione-toscana\/#primaryimage"},"image":{"@id":"https:\/\/www.intoscana.it\/it\/fare-rete-per-cogliere-la-sfida-dellia-le-strategie-in-campo-della-regione-toscana\/#primaryimage"},"thumbnailUrl":"https:\/\/www.intoscana.it\/wp-content\/uploads\/igor-omilaev-gVQLAbGVB6Q-unsplash-dimensioni-grandi.jpeg","datePublished":"2024-07-22T15:31:35+00:00","author":{"@id":"https:\/\/www.intoscana.it\/it\/#\/schema\/person\/010af92117f50561886339ad5b873a41"},"breadcrumb":{"@id":"https:\/\/www.intoscana.it\/it\/fare-rete-per-cogliere-la-sfida-dellia-le-strategie-in-campo-della-regione-toscana\/#breadcrumb"},"inLanguage":"it-IT","potentialAction":[{"@type":"ReadAction","target":["https:\/\/www.intoscana.it\/it\/fare-rete-per-cogliere-la-sfida-dellia-le-strategie-in-campo-della-regione-toscana\/"]}]},{"@type":"ImageObject","inLanguage":"it-IT","@id":"https:\/\/www.intoscana.it\/it\/fare-rete-per-cogliere-la-sfida-dellia-le-strategie-in-campo-della-regione-toscana\/#primaryimage","url":"https:\/\/www.intoscana.it\/wp-content\/uploads\/igor-omilaev-gVQLAbGVB6Q-unsplash-dimensioni-grandi.jpeg","contentUrl":"https:\/\/www.intoscana.it\/wp-content\/uploads\/igor-omilaev-gVQLAbGVB6Q-unsplash-dimensioni-grandi.jpeg","width":1280,"height":720},{"@type":"BreadcrumbList","@id":"https:\/\/www.intoscana.it\/it\/fare-rete-per-cogliere-la-sfida-dellia-le-strategie-in-campo-della-regione-toscana\/#breadcrumb","itemListElement":[{"@type":"ListItem","position":1,"name":"Home","item":"https:\/\/www.intoscana.it\/it\/"},{"@type":"ListItem","position":2,"name":"Fare rete per cogliere la sfida dell&#8217;IA, le strategie in campo della Regione Toscana"}]},{"@type":"WebSite","@id":"https:\/\/www.intoscana.it\/it\/#website","url":"https:\/\/www.intoscana.it\/it\/","name":"intoscana","description":"","potentialAction":[{"@type":"SearchAction","target":{"@type":"EntryPoint","urlTemplate":"https:\/\/www.intoscana.it\/it\/?s={search_term_string}"},"query-input":{"@type":"PropertyValueSpecification","valueRequired":true,"valueName":"search_term_string"}}],"inLanguage":"it-IT"},{"@type":"Person","@id":"https:\/\/www.intoscana.it\/it\/#\/schema\/person\/010af92117f50561886339ad5b873a41","name":"Chiara Bianchini","sameAs":["c.bianchini@fst.it"],"url":"https:\/\/www.intoscana.it\/it\/author\/chiara-bianchini\/"}]}},"_links":{"self":[{"href":"https:\/\/www.intoscana.it\/it\/wp-json\/wp\/v2\/posts\/350006","targetHints":{"allow":["GET"]}}],"collection":[{"href":"https:\/\/www.intoscana.it\/it\/wp-json\/wp\/v2\/posts"}],"about":[{"href":"https:\/\/www.intoscana.it\/it\/wp-json\/wp\/v2\/types\/post"}],"author":[{"embeddable":true,"href":"https:\/\/www.intoscana.it\/it\/wp-json\/wp\/v2\/users\/507"}],"replies":[{"embeddable":true,"href":"https:\/\/www.intoscana.it\/it\/wp-json\/wp\/v2\/comments?post=350006"}],"version-history":[{"count":1,"href":"https:\/\/www.intoscana.it\/it\/wp-json\/wp\/v2\/posts\/350006\/revisions"}],"predecessor-version":[{"id":350008,"href":"https:\/\/www.intoscana.it\/it\/wp-json\/wp\/v2\/posts\/350006\/revisions\/350008"}],"wp:featuredmedia":[{"embeddable":true,"href":"https:\/\/www.intoscana.it\/it\/wp-json\/wp\/v2\/media\/350007"}],"wp:attachment":[{"href":"https:\/\/www.intoscana.it\/it\/wp-json\/wp\/v2\/media?parent=350006"}],"wp:term":[{"taxonomy":"category","embeddable":true,"href":"https:\/\/www.intoscana.it\/it\/wp-json\/wp\/v2\/categories?post=350006"},{"taxonomy":"post_tag","embeddable":true,"href":"https:\/\/www.intoscana.it\/it\/wp-json\/wp\/v2\/tags?post=350006"}],"curies":[{"name":"wp","href":"https:\/\/api.w.org\/{rel}","templated":true}]}}