{"id":350246,"date":"2024-07-25T09:27:24","date_gmt":"2024-07-25T07:27:24","guid":{"rendered":"https:\/\/www.intoscana.it\/it\/?p=350246"},"modified":"2024-07-25T09:32:52","modified_gmt":"2024-07-25T07:32:52","slug":"va-al-cantautore-roberto-vecchioni-il-premio-speciale-citta-di-viareggio-2024","status":"publish","type":"post","link":"https:\/\/www.intoscana.it\/it\/va-al-cantautore-roberto-vecchioni-il-premio-speciale-citta-di-viareggio-2024\/","title":{"rendered":"Il cantautore Roberto Vecchioni ricever\u00e0 il Premio Speciale Citt\u00e0 di Viareggio 2024"},"content":{"rendered":"<p>Dopo aver ricevuto il <a href=\"https:\/\/www.intoscana.it\/it\/pegaso-doro-a-roberto-vecchioni-il-prof-della-musica-italiana-sara-in-concerto-nel-parco-mediceo-di-pratolino\/\" target=\"_blank\" rel=\"noopener\"><strong>Pegaso d&#8217;oro della Regione Toscana<\/strong><\/a> un altro prestigioso riconoscimento tutto toscano per il cantautore <strong>Roberto Vecchioni.<\/strong><\/p>\n<p><strong>Venerd\u00ec 26 luglio a Viareggio<\/strong>, nella prima serata del <strong>Premio Viareggio R\u00e8paci, <\/strong>il &#8220;Prof&#8221; della musica italiana ricever\u00e0 il <strong>Premio Speciale Citt\u00e0 di Viareggio 2024.<\/strong><\/p>\n<p>Nell&#8217;occasione<strong> Roberto Vecchioni <\/strong>sar\u00e0 intervistato dal giornalista <strong>Paolo Mieli,<\/strong> presidente del Premio e verr\u00e0 premiato con<strong> la statuetta di Puccini<\/strong> in onore alle celebrazioni del Maestro, dal<strong> sindaco di Viareggio Giorgio Del Ghingaro.<\/strong><\/p>\n<p><strong>Questa la motivazione del premio<\/strong>: <em>&#8220;Cantautore, scrittore e poeta, ha svolto per oltre trent\u2019anni l\u2019attivit\u00e0 di insegnante di lettere nei licei classici: durante la sua carriera artistica Roberto Vecchioni ha legato il suo nome a brani musicali che oltrepassano i confini del tempo ed appartengono alla cultura musicale del nostro Paese. <\/em><em>Ha rivisitato molti generi musicali, ha scritto e interpretato testi che affrontano argomenti profondi e universali: Roberto Vecchioni trasmette emozioni e passioni in modo diretto e coinvolgente, toccando le corde pi\u00f9 profonde dell&#8217;animo umano. Poesia in musica accompagnata da un\u2019eccezionale formazione letteraria e culturale che parte dai miti dell\u2019antichit\u00e0 per arrivare ai temi dell\u2019attualit\u00e0.<\/em> <em>Il Comune di Viareggio ha scelto di assegnare a Roberto Vecchioni il Premio Speciale \u201cCitt\u00e0 di Viareggio\u201d 2024, anno del centenario della morte del maestro Giacomo Puccini, per celebrarne le straordinarie doti umane, artistiche e intellettuali.<\/em> <em>Nelle canzoni di Vecchioni, infatti, si rintraccia quell\u2019 innata capacit\u00e0 di fondere interpretazione, parole e melodia. E come accade alle opere del Maestro che, a distanza di anni risuonano nei teatri di tutto il mondo, i brani del cantautore italiano sanno trasmettere ad ogni ascolto antiche e nuove emozioni&#8221;.<\/em><\/p>\n<h3>I prossimi concerti di Roberto Vecchioni in Toscana<\/h3>\n<p><strong>Roberto Vecchioni<\/strong> sar\u00e0 in concerto il<strong> 19 agosto<\/strong> a Follonica, il<strong> 20 agosto<\/strong> a Castelnuovo di Garfagnana all&#8217;interno del festival <a href=\"https:\/\/www.intoscana.it\/it\/venditti-vecchioni-alfa-panariello-e-masini-per-il-festival-montalfonso-sotto-le-stelle-2024\/\" target=\"_blank\" rel=\"noopener\"><strong>&#8220;Mont&#8217;Alfonso sotto le stelle&#8221;<\/strong> <\/a>e il <strong>12 settembre<\/strong> a Villa Guicciadini a Prato per il festival <a href=\"https:\/\/www.intoscana.it\/it\/settembre-prato-spettacolo-2024-concerti\/\" target=\"_blank\" rel=\"noopener\"><strong>&#8220;Settembre Prato \u00e8 Spettacolo&#8221;.<\/strong><\/a><\/p>\n<h3>Rivedi la nostra intervista a Roberto Vecchioni<\/h3>\n<p><iframe loading=\"lazy\" title=\"YouTube video player\" src=\"https:\/\/www.youtube.com\/embed\/hQy9a-lJB74?si=6Z_ktWYFJlEqCAvi\" width=\"800\" height=\"450\" frameborder=\"0\" allowfullscreen=\"allowfullscreen\"><span data-mce-type=\"bookmark\" style=\"display: inline-block; width: 0px; overflow: hidden; line-height: 0;\" class=\"mce_SELRES_start\">\ufeff<\/span><\/iframe><\/p>\n","protected":false},"excerpt":{"rendered":"<p>La consegna del prestigioso riconoscimento si terr\u00e0 a Viareggio venerd\u00ec 26 luglio, Roberto Vecchioni sar\u00e0 ospite della prima serata del Premio Viareggio R\u00e8paci<\/p>\n","protected":false},"author":518,"featured_media":75483,"comment_status":"open","ping_status":"open","sticky":false,"template":"","format":"standard","meta":{"_acf_changed":false,"footnotes":""},"categories":[14],"tags":[216,275],"class_list":["post-350246","post","type-post","status-publish","format-standard","has-post-thumbnail","hentry","category-musica","tag-concerti","tag-viareggio"],"acf":[],"yoast_head":"<!-- This site is optimized with the Yoast SEO Premium plugin v24.2 (Yoast SEO v25.6) - https:\/\/yoast.com\/wordpress\/plugins\/seo\/ -->\n<title>Il cantautore Roberto Vecchioni ricever\u00e0 il Premio Speciale Citt\u00e0 di Viareggio 2024 - intoscana<\/title>\n<meta name=\"description\" content=\"La consegna del prestigioso riconoscimento sar\u00e0 a Viareggio venerd\u00ec 26 luglio, Vecchioni nella prima serata del Premio Viareggio R\u00e8paci\" \/>\n<meta name=\"robots\" content=\"index, follow, max-snippet:-1, max-image-preview:large, max-video-preview:-1\" \/>\n<link rel=\"canonical\" href=\"https:\/\/www.intoscana.it\/it\/va-al-cantautore-roberto-vecchioni-il-premio-speciale-citta-di-viareggio-2024\/\" \/>\n<meta property=\"og:locale\" content=\"it_IT\" \/>\n<meta property=\"og:type\" content=\"article\" \/>\n<meta property=\"og:title\" content=\"Il cantautore Roberto Vecchioni ricever\u00e0 il Premio Speciale Citt\u00e0 di Viareggio 2024\" \/>\n<meta property=\"og:description\" content=\"La consegna del prestigioso riconoscimento sar\u00e0 a Viareggio venerd\u00ec 26 luglio, Vecchioni nella prima serata del Premio Viareggio R\u00e8paci\" \/>\n<meta property=\"og:url\" content=\"https:\/\/www.intoscana.it\/it\/va-al-cantautore-roberto-vecchioni-il-premio-speciale-citta-di-viareggio-2024\/\" \/>\n<meta property=\"og:site_name\" content=\"intoscana\" \/>\n<meta property=\"article:publisher\" content=\"https:\/\/www.facebook.com\/intoscana.it\" \/>\n<meta property=\"article:published_time\" content=\"2024-07-25T07:27:24+00:00\" \/>\n<meta property=\"article:modified_time\" content=\"2024-07-25T07:32:52+00:00\" \/>\n<meta property=\"og:image\" content=\"https:\/\/www.intoscana.it\/wp-content\/uploads\/roberto-vecchioni-tumore-al-rene-medico_-1.jpg\" \/>\n\t<meta property=\"og:image:width\" content=\"1000\" \/>\n\t<meta property=\"og:image:height\" content=\"667\" \/>\n\t<meta property=\"og:image:type\" content=\"image\/jpeg\" \/>\n<meta name=\"author\" content=\"Costanza Baldini\" \/>\n<meta name=\"twitter:card\" content=\"summary_large_image\" \/>\n<meta name=\"twitter:creator\" content=\"@intoscana\" \/>\n<meta name=\"twitter:site\" content=\"@intoscana\" \/>\n<meta name=\"twitter:label1\" content=\"Written by\" \/>\n\t<meta name=\"twitter:data1\" content=\"Costanza Baldini\" \/>\n\t<meta name=\"twitter:label2\" content=\"Est. reading time\" \/>\n\t<meta name=\"twitter:data2\" content=\"2 minuti\" \/>\n<script type=\"application\/ld+json\" class=\"yoast-schema-graph\">{\"@context\":\"https:\/\/schema.org\",\"@graph\":[{\"@type\":\"WebPage\",\"@id\":\"https:\/\/www.intoscana.it\/it\/va-al-cantautore-roberto-vecchioni-il-premio-speciale-citta-di-viareggio-2024\/\",\"url\":\"https:\/\/www.intoscana.it\/it\/va-al-cantautore-roberto-vecchioni-il-premio-speciale-citta-di-viareggio-2024\/\",\"name\":\"Il cantautore Roberto Vecchioni ricever\u00e0 il Premio Speciale Citt\u00e0 di Viareggio 2024 - intoscana\",\"isPartOf\":{\"@id\":\"https:\/\/www.intoscana.it\/it\/#website\"},\"primaryImageOfPage\":{\"@id\":\"https:\/\/www.intoscana.it\/it\/va-al-cantautore-roberto-vecchioni-il-premio-speciale-citta-di-viareggio-2024\/#primaryimage\"},\"image\":{\"@id\":\"https:\/\/www.intoscana.it\/it\/va-al-cantautore-roberto-vecchioni-il-premio-speciale-citta-di-viareggio-2024\/#primaryimage\"},\"thumbnailUrl\":\"https:\/\/www.intoscana.it\/wp-content\/uploads\/roberto-vecchioni-tumore-al-rene-medico_-1.jpg\",\"datePublished\":\"2024-07-25T07:27:24+00:00\",\"dateModified\":\"2024-07-25T07:32:52+00:00\",\"author\":{\"@id\":\"https:\/\/www.intoscana.it\/it\/#\/schema\/person\/d469f35f09739bdf00bf5dd3f0647a82\"},\"description\":\"La consegna del prestigioso riconoscimento sar\u00e0 a Viareggio venerd\u00ec 26 luglio, Vecchioni nella prima serata del Premio Viareggio R\u00e8paci\",\"breadcrumb\":{\"@id\":\"https:\/\/www.intoscana.it\/it\/va-al-cantautore-roberto-vecchioni-il-premio-speciale-citta-di-viareggio-2024\/#breadcrumb\"},\"inLanguage\":\"it-IT\",\"potentialAction\":[{\"@type\":\"ReadAction\",\"target\":[\"https:\/\/www.intoscana.it\/it\/va-al-cantautore-roberto-vecchioni-il-premio-speciale-citta-di-viareggio-2024\/\"]}]},{\"@type\":\"ImageObject\",\"inLanguage\":\"it-IT\",\"@id\":\"https:\/\/www.intoscana.it\/it\/va-al-cantautore-roberto-vecchioni-il-premio-speciale-citta-di-viareggio-2024\/#primaryimage\",\"url\":\"https:\/\/www.intoscana.it\/wp-content\/uploads\/roberto-vecchioni-tumore-al-rene-medico_-1.jpg\",\"contentUrl\":\"https:\/\/www.intoscana.it\/wp-content\/uploads\/roberto-vecchioni-tumore-al-rene-medico_-1.jpg\",\"width\":1000,\"height\":667},{\"@type\":\"BreadcrumbList\",\"@id\":\"https:\/\/www.intoscana.it\/it\/va-al-cantautore-roberto-vecchioni-il-premio-speciale-citta-di-viareggio-2024\/#breadcrumb\",\"itemListElement\":[{\"@type\":\"ListItem\",\"position\":1,\"name\":\"Home\",\"item\":\"https:\/\/www.intoscana.it\/it\/\"},{\"@type\":\"ListItem\",\"position\":2,\"name\":\"Il cantautore Roberto Vecchioni ricever\u00e0 il Premio Speciale Citt\u00e0 di Viareggio 2024\"}]},{\"@type\":\"WebSite\",\"@id\":\"https:\/\/www.intoscana.it\/it\/#website\",\"url\":\"https:\/\/www.intoscana.it\/it\/\",\"name\":\"intoscana\",\"description\":\"\",\"potentialAction\":[{\"@type\":\"SearchAction\",\"target\":{\"@type\":\"EntryPoint\",\"urlTemplate\":\"https:\/\/www.intoscana.it\/it\/?s={search_term_string}\"},\"query-input\":{\"@type\":\"PropertyValueSpecification\",\"valueRequired\":true,\"valueName\":\"search_term_string\"}}],\"inLanguage\":\"it-IT\"},{\"@type\":\"Person\",\"@id\":\"https:\/\/www.intoscana.it\/it\/#\/schema\/person\/d469f35f09739bdf00bf5dd3f0647a82\",\"name\":\"Costanza Baldini\",\"url\":\"https:\/\/www.intoscana.it\/it\/author\/costanza-baldini\/\"}]}<\/script>\n<!-- \/ Yoast SEO Premium plugin. -->","yoast_head_json":{"title":"Il cantautore Roberto Vecchioni ricever\u00e0 il Premio Speciale Citt\u00e0 di Viareggio 2024 - intoscana","description":"La consegna del prestigioso riconoscimento sar\u00e0 a Viareggio venerd\u00ec 26 luglio, Vecchioni nella prima serata del Premio Viareggio R\u00e8paci","robots":{"index":"index","follow":"follow","max-snippet":"max-snippet:-1","max-image-preview":"max-image-preview:large","max-video-preview":"max-video-preview:-1"},"canonical":"https:\/\/www.intoscana.it\/it\/va-al-cantautore-roberto-vecchioni-il-premio-speciale-citta-di-viareggio-2024\/","og_locale":"it_IT","og_type":"article","og_title":"Il cantautore Roberto Vecchioni ricever\u00e0 il Premio Speciale Citt\u00e0 di Viareggio 2024","og_description":"La consegna del prestigioso riconoscimento sar\u00e0 a Viareggio venerd\u00ec 26 luglio, Vecchioni nella prima serata del Premio Viareggio R\u00e8paci","og_url":"https:\/\/www.intoscana.it\/it\/va-al-cantautore-roberto-vecchioni-il-premio-speciale-citta-di-viareggio-2024\/","og_site_name":"intoscana","article_publisher":"https:\/\/www.facebook.com\/intoscana.it","article_published_time":"2024-07-25T07:27:24+00:00","article_modified_time":"2024-07-25T07:32:52+00:00","og_image":[{"width":1000,"height":667,"url":"https:\/\/www.intoscana.it\/wp-content\/uploads\/roberto-vecchioni-tumore-al-rene-medico_-1.jpg","type":"image\/jpeg"}],"author":"Costanza Baldini","twitter_card":"summary_large_image","twitter_creator":"@intoscana","twitter_site":"@intoscana","twitter_misc":{"Written by":"Costanza Baldini","Est. reading time":"2 minuti"},"schema":{"@context":"https:\/\/schema.org","@graph":[{"@type":"WebPage","@id":"https:\/\/www.intoscana.it\/it\/va-al-cantautore-roberto-vecchioni-il-premio-speciale-citta-di-viareggio-2024\/","url":"https:\/\/www.intoscana.it\/it\/va-al-cantautore-roberto-vecchioni-il-premio-speciale-citta-di-viareggio-2024\/","name":"Il cantautore Roberto Vecchioni ricever\u00e0 il Premio Speciale Citt\u00e0 di Viareggio 2024 - intoscana","isPartOf":{"@id":"https:\/\/www.intoscana.it\/it\/#website"},"primaryImageOfPage":{"@id":"https:\/\/www.intoscana.it\/it\/va-al-cantautore-roberto-vecchioni-il-premio-speciale-citta-di-viareggio-2024\/#primaryimage"},"image":{"@id":"https:\/\/www.intoscana.it\/it\/va-al-cantautore-roberto-vecchioni-il-premio-speciale-citta-di-viareggio-2024\/#primaryimage"},"thumbnailUrl":"https:\/\/www.intoscana.it\/wp-content\/uploads\/roberto-vecchioni-tumore-al-rene-medico_-1.jpg","datePublished":"2024-07-25T07:27:24+00:00","dateModified":"2024-07-25T07:32:52+00:00","author":{"@id":"https:\/\/www.intoscana.it\/it\/#\/schema\/person\/d469f35f09739bdf00bf5dd3f0647a82"},"description":"La consegna del prestigioso riconoscimento sar\u00e0 a Viareggio venerd\u00ec 26 luglio, Vecchioni nella prima serata del Premio Viareggio R\u00e8paci","breadcrumb":{"@id":"https:\/\/www.intoscana.it\/it\/va-al-cantautore-roberto-vecchioni-il-premio-speciale-citta-di-viareggio-2024\/#breadcrumb"},"inLanguage":"it-IT","potentialAction":[{"@type":"ReadAction","target":["https:\/\/www.intoscana.it\/it\/va-al-cantautore-roberto-vecchioni-il-premio-speciale-citta-di-viareggio-2024\/"]}]},{"@type":"ImageObject","inLanguage":"it-IT","@id":"https:\/\/www.intoscana.it\/it\/va-al-cantautore-roberto-vecchioni-il-premio-speciale-citta-di-viareggio-2024\/#primaryimage","url":"https:\/\/www.intoscana.it\/wp-content\/uploads\/roberto-vecchioni-tumore-al-rene-medico_-1.jpg","contentUrl":"https:\/\/www.intoscana.it\/wp-content\/uploads\/roberto-vecchioni-tumore-al-rene-medico_-1.jpg","width":1000,"height":667},{"@type":"BreadcrumbList","@id":"https:\/\/www.intoscana.it\/it\/va-al-cantautore-roberto-vecchioni-il-premio-speciale-citta-di-viareggio-2024\/#breadcrumb","itemListElement":[{"@type":"ListItem","position":1,"name":"Home","item":"https:\/\/www.intoscana.it\/it\/"},{"@type":"ListItem","position":2,"name":"Il cantautore Roberto Vecchioni ricever\u00e0 il Premio Speciale Citt\u00e0 di Viareggio 2024"}]},{"@type":"WebSite","@id":"https:\/\/www.intoscana.it\/it\/#website","url":"https:\/\/www.intoscana.it\/it\/","name":"intoscana","description":"","potentialAction":[{"@type":"SearchAction","target":{"@type":"EntryPoint","urlTemplate":"https:\/\/www.intoscana.it\/it\/?s={search_term_string}"},"query-input":{"@type":"PropertyValueSpecification","valueRequired":true,"valueName":"search_term_string"}}],"inLanguage":"it-IT"},{"@type":"Person","@id":"https:\/\/www.intoscana.it\/it\/#\/schema\/person\/d469f35f09739bdf00bf5dd3f0647a82","name":"Costanza Baldini","url":"https:\/\/www.intoscana.it\/it\/author\/costanza-baldini\/"}]}},"_links":{"self":[{"href":"https:\/\/www.intoscana.it\/it\/wp-json\/wp\/v2\/posts\/350246","targetHints":{"allow":["GET"]}}],"collection":[{"href":"https:\/\/www.intoscana.it\/it\/wp-json\/wp\/v2\/posts"}],"about":[{"href":"https:\/\/www.intoscana.it\/it\/wp-json\/wp\/v2\/types\/post"}],"author":[{"embeddable":true,"href":"https:\/\/www.intoscana.it\/it\/wp-json\/wp\/v2\/users\/518"}],"replies":[{"embeddable":true,"href":"https:\/\/www.intoscana.it\/it\/wp-json\/wp\/v2\/comments?post=350246"}],"version-history":[{"count":8,"href":"https:\/\/www.intoscana.it\/it\/wp-json\/wp\/v2\/posts\/350246\/revisions"}],"predecessor-version":[{"id":350259,"href":"https:\/\/www.intoscana.it\/it\/wp-json\/wp\/v2\/posts\/350246\/revisions\/350259"}],"wp:featuredmedia":[{"embeddable":true,"href":"https:\/\/www.intoscana.it\/it\/wp-json\/wp\/v2\/media\/75483"}],"wp:attachment":[{"href":"https:\/\/www.intoscana.it\/it\/wp-json\/wp\/v2\/media?parent=350246"}],"wp:term":[{"taxonomy":"category","embeddable":true,"href":"https:\/\/www.intoscana.it\/it\/wp-json\/wp\/v2\/categories?post=350246"},{"taxonomy":"post_tag","embeddable":true,"href":"https:\/\/www.intoscana.it\/it\/wp-json\/wp\/v2\/tags?post=350246"}],"curies":[{"name":"wp","href":"https:\/\/api.w.org\/{rel}","templated":true}]}}