{"id":350260,"date":"2024-07-25T09:53:53","date_gmt":"2024-07-25T07:53:53","guid":{"rendered":"https:\/\/www.intoscana.it\/it\/?p=350260"},"modified":"2024-07-25T09:53:53","modified_gmt":"2024-07-25T07:53:53","slug":"concessioni-balneari-la-regione-toscana-vara-una-legge-premialita-e-indennizzo-per-i-gestori","status":"publish","type":"post","link":"https:\/\/www.intoscana.it\/it\/concessioni-balneari-la-regione-toscana-vara-una-legge-premialita-e-indennizzo-per-i-gestori\/","title":{"rendered":"Concessioni balneari, la Regione Toscana vara una legge: premialit\u00e0 e indennizzo per i gestori"},"content":{"rendered":"<p>Dare indicazioni omogenee e in tempi rapidi ai<strong> 34 Comuni costieri toscani<\/strong> in materia di<strong> concessioni demaniali marittime<\/strong>, prevedendo<strong> un criterio di premialit\u00e0<\/strong> e introducendo la previsione del<strong> riconoscimento di un equo indennizzo,<\/strong> da corrispondere al concessionario uscente <strong>da parte del concessionario subentrante.<\/strong><\/p>\n<p>Questo \u00e8 quanto prevede la <strong>proposta di legge approvata a maggioranza dal Consiglio regionale della Toscana<\/strong> con 30 voti favorevoli, 3 contrari e 6 astenuti.<\/p>\n<p>Ora toccher\u00e0 alla Giunta regionale, nei prossimi 45 giorni, a<strong> disciplinare le modalit\u00e0 di definizione dell&#8217;equo indennizzo<\/strong> aggiornando le linee guida di applicazione della legge.<\/p>\n<p><strong>Gianni Anselmi, presidente della commissione sviluppo economico<\/strong> ha spiegato che <em>&#8220;la Toscana interviene su un tema complesso come quello delle concessioni demaniali marittime, fornendo un quadro di riferimento chiaro alle amministrazioni locali e tutelando un sistema imprenditoriale che qualifica l&#8217;offerta turistica della Toscana. Questa proposta di legge modifica la normativa regionale (legge 31\/2016), con la quale la Toscana \u00e8 stata una delle prime regioni a tracciare un percorso in questo ambito&#8221;<\/em>.<\/p>\n<p><strong>Anselmi ha poi chiarito che<\/strong> &#8220;<em>attraverso un emendamento che fa riferimento al recente nuovo quadro normativo e giurisprudenziale abbiamo chiarito che questa legge secondo il nostro punto di vista non invade la tutela della concorrenza nella parte relativa all&#8217;equo indennizzo, piuttosto bilancia con essa la tutela degli investimenti non ammortizzati e il valore d&#8217;impresa generato nel tempo, e soprattutto intende offrire ai Comuni e di conseguenza al sistema imprenditoriale un quadro amministrativo di riferimento omogeneo a livello regionale, in attesa di un intervento statale&#8221;.<\/em><\/p>\n<p><strong>Il presidente della Regione Toscana Eugenio Giani ha dichiarato:<\/strong><em> &#8220;La legge approvata dalla Toscana \u00e8 una legge che intende tutelare in via prioritaria i servizi che il comparto turistico della regione offre e vuole essere uno strumento che mette oggi in condizioni le imprese di continuare a fare investimenti ed offrire una soluzione concreta e possibile in un quadro normativo nazionale che continua ad alimentare incertezze negli operatori&#8221;<\/em>. <em>&#8220;La Toscana &#8211; <\/em><strong>ha aggiunto <\/strong><em>&#8211; \u00e8 intervenuta in una situazione di estrema urgenza per ovviare ai ritardi del Governo che di fronte alla scadenza del prossimo 31 dicembre, termine entro il quale dovrebbero essere bandite le gare di assegnazione a livello nazionale, non ha adottato alcuna iniziativa. Questa inerzia rischia oggi di aprire una stagione di estrema incertezza per decine di migliaia di stabilimenti in Italia e per gli oltre 500 gestori toscani&#8221;. <\/em><\/p>\n<p><strong>L&#8217;assessore al turismo e all&#8217;economia Leonardo Marras<\/strong> ha spiegato di non aver <em>&#8220;mai strumentalizzato politicamente questa vertenza e con questo intervento legislativo vogliamo solo dare un contributo e offrire una soluzione alle imprese e ai Comuni per mantenere alto il livello dei servizi del turismo costiero. La Toscana pu\u00f2 essere un esempio per le altre regioni anche se non ci stiamo sostituendo a ci\u00f2 che deve essere svolto a livello nazionale. Saremo in campo subito per dare attuazione con le linee guida coinvolgendo i Comuni e le rappresentanze di categoria. La legge approvata oggi dalla Toscana \u00e8 uno stimolo al governo, dopo troppi indugi durati troppi anni, perch\u00e9 intervenga rapidamente sul fronte delle concessioni&#8221;.<\/em><\/p>\n<p><strong>Plauso dei balneari di Confesercenti e Confcommercio<\/strong> per l&#8217;approvazione della legge. <em>&#8220;La maggior parte della politica ha capito che questa legge doveva essere modificata<\/em> &#8211; <strong>sottolinea in una nota il presidente di Fiba Confesercenti Toscana, Simone Guerrini<\/strong> -. <em>Adesso \u00e8 importante che nei prossimi 45 giorni siano indicate le linee guida per definire dell&#8217;equo indennizzo, che \u00e8 molto importante perch\u00e9 d\u00e0 finalmente dignit\u00e0 alle nostre imprese, riconoscendone il valore commerciale. La Toscana \u00e8 tra le prime regioni a far chiarezza su una materia difficile e a delineare un sentiero chiaro per le amministrazioni locali e per tutelare l&#8217;imprenditoria balneare, questa \u00e8 davvero una vittoria storica per Fiba Confesercenti, che da 10 anni lavora per il riconoscimento dell&#8217;impresa balneare&#8221;. <\/em><\/p>\n<p><strong>Il presidente dei balneari toscani di Sib Confcommercio Alberto Nencetti <\/strong>esprime &#8220;<em>soddisfazione per l&#8217;avvenuto riconoscimento del valore delle aziende balneari toscane. La legge approvata dalla Regione Toscana modifica la normativa sulle concessioni balneari inserendo la doverosit\u00e0, in caso di evidenze pubbliche, che al concessionario uscente sia riconosciuto il valore di tutto ci\u00f2 che \u00e8 stato legittimamente creato sull&#8217;area demaniale&#8221;. <\/em><strong>Nencetti auspica che<\/strong> <em>&#8220;in futuro si possa armonizzare la normativa regionale con la legge Draghi, che aveva anche previsto la possibilit\u00e0 di ottenere concessioni temporalmente commisurate all&#8217;entit\u00e0 degli investimenti che si possono proporre ai Comuni. Siamo consapevoli che la competenza a riformare il settore spetta allo Stato e non cesseremo di chiedere una legge nazionale che possa garantire finalmente stabilit\u00e0 ai nostri imprenditori&#8221;.<\/em><\/p>\n","protected":false},"excerpt":{"rendered":"<p>I balneari che perderanno le gare per le concessioni saranno risarciti dai gestori vincenti: arriva una nuova legge approvata dal Consiglio regionale della Toscana<\/p>\n","protected":false},"author":525,"featured_media":143890,"comment_status":"open","ping_status":"open","sticky":false,"template":"","format":"standard","meta":{"_acf_changed":false,"footnotes":""},"categories":[494],"tags":[4655,151],"class_list":["post-350260","post","type-post","status-publish","format-standard","has-post-thumbnail","hentry","category-attualita","tag-costa-toscana","tag-regione-toscana"],"acf":[],"yoast_head":"<!-- This site is optimized with the Yoast SEO Premium plugin v24.2 (Yoast SEO v25.6) - https:\/\/yoast.com\/wordpress\/plugins\/seo\/ -->\n<title>Concessioni balneari, la Regione Toscana vara una legge: premialit\u00e0 e indennizzo per i gestori - intoscana<\/title>\n<meta name=\"description\" content=\"I balneari che perderanno le gare per le concessioni saranno risarciti dai gestori vincenti: arriva una nuova legge\" \/>\n<meta name=\"robots\" content=\"index, follow, max-snippet:-1, max-image-preview:large, max-video-preview:-1\" \/>\n<link rel=\"canonical\" href=\"https:\/\/www.intoscana.it\/it\/concessioni-balneari-la-regione-toscana-vara-una-legge-premialita-e-indennizzo-per-i-gestori\/\" \/>\n<meta property=\"og:locale\" content=\"it_IT\" \/>\n<meta property=\"og:type\" content=\"article\" \/>\n<meta property=\"og:title\" content=\"Concessioni balneari, la Regione Toscana vara una legge: premialit\u00e0 e indennizzo per i gestori\" \/>\n<meta property=\"og:description\" content=\"I balneari che perderanno le gare per le concessioni saranno risarciti dai gestori vincenti: arriva una nuova legge\" \/>\n<meta property=\"og:url\" content=\"https:\/\/www.intoscana.it\/it\/concessioni-balneari-la-regione-toscana-vara-una-legge-premialita-e-indennizzo-per-i-gestori\/\" \/>\n<meta property=\"og:site_name\" content=\"intoscana\" \/>\n<meta property=\"article:publisher\" content=\"https:\/\/www.facebook.com\/intoscana.it\" \/>\n<meta property=\"article:published_time\" content=\"2024-07-25T07:53:53+00:00\" \/>\n<meta property=\"og:image\" content=\"https:\/\/www.intoscana.it\/wp-content\/uploads\/mare-turismo-ombrelloni-versilia-13.jpg\" \/>\n\t<meta property=\"og:image:width\" content=\"847\" \/>\n\t<meta property=\"og:image:height\" content=\"567\" \/>\n\t<meta property=\"og:image:type\" content=\"image\/jpeg\" \/>\n<meta name=\"author\" content=\"Redazione\" \/>\n<meta name=\"twitter:card\" content=\"summary_large_image\" \/>\n<meta name=\"twitter:creator\" content=\"@intoscana\" \/>\n<meta name=\"twitter:site\" content=\"@intoscana\" \/>\n<meta name=\"twitter:label1\" content=\"Written by\" \/>\n\t<meta name=\"twitter:data1\" content=\"Redazione\" \/>\n\t<meta name=\"twitter:label2\" content=\"Est. reading time\" \/>\n\t<meta name=\"twitter:data2\" content=\"5 minuti\" \/>\n<script type=\"application\/ld+json\" class=\"yoast-schema-graph\">{\"@context\":\"https:\/\/schema.org\",\"@graph\":[{\"@type\":\"WebPage\",\"@id\":\"https:\/\/www.intoscana.it\/it\/concessioni-balneari-la-regione-toscana-vara-una-legge-premialita-e-indennizzo-per-i-gestori\/\",\"url\":\"https:\/\/www.intoscana.it\/it\/concessioni-balneari-la-regione-toscana-vara-una-legge-premialita-e-indennizzo-per-i-gestori\/\",\"name\":\"Concessioni balneari, la Regione Toscana vara una legge: premialit\u00e0 e indennizzo per i gestori - intoscana\",\"isPartOf\":{\"@id\":\"https:\/\/www.intoscana.it\/it\/#website\"},\"primaryImageOfPage\":{\"@id\":\"https:\/\/www.intoscana.it\/it\/concessioni-balneari-la-regione-toscana-vara-una-legge-premialita-e-indennizzo-per-i-gestori\/#primaryimage\"},\"image\":{\"@id\":\"https:\/\/www.intoscana.it\/it\/concessioni-balneari-la-regione-toscana-vara-una-legge-premialita-e-indennizzo-per-i-gestori\/#primaryimage\"},\"thumbnailUrl\":\"https:\/\/www.intoscana.it\/wp-content\/uploads\/mare-turismo-ombrelloni-versilia-13.jpg\",\"datePublished\":\"2024-07-25T07:53:53+00:00\",\"author\":{\"@id\":\"https:\/\/www.intoscana.it\/it\/#\/schema\/person\/9223810753230f20bd670fdd322661f8\"},\"description\":\"I balneari che perderanno le gare per le concessioni saranno risarciti dai gestori vincenti: arriva una nuova legge\",\"breadcrumb\":{\"@id\":\"https:\/\/www.intoscana.it\/it\/concessioni-balneari-la-regione-toscana-vara-una-legge-premialita-e-indennizzo-per-i-gestori\/#breadcrumb\"},\"inLanguage\":\"it-IT\",\"potentialAction\":[{\"@type\":\"ReadAction\",\"target\":[\"https:\/\/www.intoscana.it\/it\/concessioni-balneari-la-regione-toscana-vara-una-legge-premialita-e-indennizzo-per-i-gestori\/\"]}]},{\"@type\":\"ImageObject\",\"inLanguage\":\"it-IT\",\"@id\":\"https:\/\/www.intoscana.it\/it\/concessioni-balneari-la-regione-toscana-vara-una-legge-premialita-e-indennizzo-per-i-gestori\/#primaryimage\",\"url\":\"https:\/\/www.intoscana.it\/wp-content\/uploads\/mare-turismo-ombrelloni-versilia-13.jpg\",\"contentUrl\":\"https:\/\/www.intoscana.it\/wp-content\/uploads\/mare-turismo-ombrelloni-versilia-13.jpg\",\"width\":847,\"height\":567,\"caption\":\"Stabilimento balneare in Versilia\"},{\"@type\":\"BreadcrumbList\",\"@id\":\"https:\/\/www.intoscana.it\/it\/concessioni-balneari-la-regione-toscana-vara-una-legge-premialita-e-indennizzo-per-i-gestori\/#breadcrumb\",\"itemListElement\":[{\"@type\":\"ListItem\",\"position\":1,\"name\":\"Home\",\"item\":\"https:\/\/www.intoscana.it\/it\/\"},{\"@type\":\"ListItem\",\"position\":2,\"name\":\"Concessioni balneari, la Regione Toscana vara una legge: premialit\u00e0 e indennizzo per i gestori\"}]},{\"@type\":\"WebSite\",\"@id\":\"https:\/\/www.intoscana.it\/it\/#website\",\"url\":\"https:\/\/www.intoscana.it\/it\/\",\"name\":\"intoscana\",\"description\":\"\",\"potentialAction\":[{\"@type\":\"SearchAction\",\"target\":{\"@type\":\"EntryPoint\",\"urlTemplate\":\"https:\/\/www.intoscana.it\/it\/?s={search_term_string}\"},\"query-input\":{\"@type\":\"PropertyValueSpecification\",\"valueRequired\":true,\"valueName\":\"search_term_string\"}}],\"inLanguage\":\"it-IT\"},{\"@type\":\"Person\",\"@id\":\"https:\/\/www.intoscana.it\/it\/#\/schema\/person\/9223810753230f20bd670fdd322661f8\",\"name\":\"Redazione\",\"url\":\"https:\/\/www.intoscana.it\/it\/author\/redazione\/\"}]}<\/script>\n<!-- \/ Yoast SEO Premium plugin. -->","yoast_head_json":{"title":"Concessioni balneari, la Regione Toscana vara una legge: premialit\u00e0 e indennizzo per i gestori - intoscana","description":"I balneari che perderanno le gare per le concessioni saranno risarciti dai gestori vincenti: arriva una nuova legge","robots":{"index":"index","follow":"follow","max-snippet":"max-snippet:-1","max-image-preview":"max-image-preview:large","max-video-preview":"max-video-preview:-1"},"canonical":"https:\/\/www.intoscana.it\/it\/concessioni-balneari-la-regione-toscana-vara-una-legge-premialita-e-indennizzo-per-i-gestori\/","og_locale":"it_IT","og_type":"article","og_title":"Concessioni balneari, la Regione Toscana vara una legge: premialit\u00e0 e indennizzo per i gestori","og_description":"I balneari che perderanno le gare per le concessioni saranno risarciti dai gestori vincenti: arriva una nuova legge","og_url":"https:\/\/www.intoscana.it\/it\/concessioni-balneari-la-regione-toscana-vara-una-legge-premialita-e-indennizzo-per-i-gestori\/","og_site_name":"intoscana","article_publisher":"https:\/\/www.facebook.com\/intoscana.it","article_published_time":"2024-07-25T07:53:53+00:00","og_image":[{"width":847,"height":567,"url":"https:\/\/www.intoscana.it\/wp-content\/uploads\/mare-turismo-ombrelloni-versilia-13.jpg","type":"image\/jpeg"}],"author":"Redazione","twitter_card":"summary_large_image","twitter_creator":"@intoscana","twitter_site":"@intoscana","twitter_misc":{"Written by":"Redazione","Est. reading time":"5 minuti"},"schema":{"@context":"https:\/\/schema.org","@graph":[{"@type":"WebPage","@id":"https:\/\/www.intoscana.it\/it\/concessioni-balneari-la-regione-toscana-vara-una-legge-premialita-e-indennizzo-per-i-gestori\/","url":"https:\/\/www.intoscana.it\/it\/concessioni-balneari-la-regione-toscana-vara-una-legge-premialita-e-indennizzo-per-i-gestori\/","name":"Concessioni balneari, la Regione Toscana vara una legge: premialit\u00e0 e indennizzo per i gestori - intoscana","isPartOf":{"@id":"https:\/\/www.intoscana.it\/it\/#website"},"primaryImageOfPage":{"@id":"https:\/\/www.intoscana.it\/it\/concessioni-balneari-la-regione-toscana-vara-una-legge-premialita-e-indennizzo-per-i-gestori\/#primaryimage"},"image":{"@id":"https:\/\/www.intoscana.it\/it\/concessioni-balneari-la-regione-toscana-vara-una-legge-premialita-e-indennizzo-per-i-gestori\/#primaryimage"},"thumbnailUrl":"https:\/\/www.intoscana.it\/wp-content\/uploads\/mare-turismo-ombrelloni-versilia-13.jpg","datePublished":"2024-07-25T07:53:53+00:00","author":{"@id":"https:\/\/www.intoscana.it\/it\/#\/schema\/person\/9223810753230f20bd670fdd322661f8"},"description":"I balneari che perderanno le gare per le concessioni saranno risarciti dai gestori vincenti: arriva una nuova legge","breadcrumb":{"@id":"https:\/\/www.intoscana.it\/it\/concessioni-balneari-la-regione-toscana-vara-una-legge-premialita-e-indennizzo-per-i-gestori\/#breadcrumb"},"inLanguage":"it-IT","potentialAction":[{"@type":"ReadAction","target":["https:\/\/www.intoscana.it\/it\/concessioni-balneari-la-regione-toscana-vara-una-legge-premialita-e-indennizzo-per-i-gestori\/"]}]},{"@type":"ImageObject","inLanguage":"it-IT","@id":"https:\/\/www.intoscana.it\/it\/concessioni-balneari-la-regione-toscana-vara-una-legge-premialita-e-indennizzo-per-i-gestori\/#primaryimage","url":"https:\/\/www.intoscana.it\/wp-content\/uploads\/mare-turismo-ombrelloni-versilia-13.jpg","contentUrl":"https:\/\/www.intoscana.it\/wp-content\/uploads\/mare-turismo-ombrelloni-versilia-13.jpg","width":847,"height":567,"caption":"Stabilimento balneare in Versilia"},{"@type":"BreadcrumbList","@id":"https:\/\/www.intoscana.it\/it\/concessioni-balneari-la-regione-toscana-vara-una-legge-premialita-e-indennizzo-per-i-gestori\/#breadcrumb","itemListElement":[{"@type":"ListItem","position":1,"name":"Home","item":"https:\/\/www.intoscana.it\/it\/"},{"@type":"ListItem","position":2,"name":"Concessioni balneari, la Regione Toscana vara una legge: premialit\u00e0 e indennizzo per i gestori"}]},{"@type":"WebSite","@id":"https:\/\/www.intoscana.it\/it\/#website","url":"https:\/\/www.intoscana.it\/it\/","name":"intoscana","description":"","potentialAction":[{"@type":"SearchAction","target":{"@type":"EntryPoint","urlTemplate":"https:\/\/www.intoscana.it\/it\/?s={search_term_string}"},"query-input":{"@type":"PropertyValueSpecification","valueRequired":true,"valueName":"search_term_string"}}],"inLanguage":"it-IT"},{"@type":"Person","@id":"https:\/\/www.intoscana.it\/it\/#\/schema\/person\/9223810753230f20bd670fdd322661f8","name":"Redazione","url":"https:\/\/www.intoscana.it\/it\/author\/redazione\/"}]}},"_links":{"self":[{"href":"https:\/\/www.intoscana.it\/it\/wp-json\/wp\/v2\/posts\/350260","targetHints":{"allow":["GET"]}}],"collection":[{"href":"https:\/\/www.intoscana.it\/it\/wp-json\/wp\/v2\/posts"}],"about":[{"href":"https:\/\/www.intoscana.it\/it\/wp-json\/wp\/v2\/types\/post"}],"author":[{"embeddable":true,"href":"https:\/\/www.intoscana.it\/it\/wp-json\/wp\/v2\/users\/525"}],"replies":[{"embeddable":true,"href":"https:\/\/www.intoscana.it\/it\/wp-json\/wp\/v2\/comments?post=350260"}],"version-history":[{"count":5,"href":"https:\/\/www.intoscana.it\/it\/wp-json\/wp\/v2\/posts\/350260\/revisions"}],"predecessor-version":[{"id":350270,"href":"https:\/\/www.intoscana.it\/it\/wp-json\/wp\/v2\/posts\/350260\/revisions\/350270"}],"wp:featuredmedia":[{"embeddable":true,"href":"https:\/\/www.intoscana.it\/it\/wp-json\/wp\/v2\/media\/143890"}],"wp:attachment":[{"href":"https:\/\/www.intoscana.it\/it\/wp-json\/wp\/v2\/media?parent=350260"}],"wp:term":[{"taxonomy":"category","embeddable":true,"href":"https:\/\/www.intoscana.it\/it\/wp-json\/wp\/v2\/categories?post=350260"},{"taxonomy":"post_tag","embeddable":true,"href":"https:\/\/www.intoscana.it\/it\/wp-json\/wp\/v2\/tags?post=350260"}],"curies":[{"name":"wp","href":"https:\/\/api.w.org\/{rel}","templated":true}]}}