{"id":350339,"date":"2024-07-25T15:46:57","date_gmt":"2024-07-25T13:46:57","guid":{"rendered":"https:\/\/www.intoscana.it\/it\/?p=350339"},"modified":"2024-07-25T15:49:40","modified_gmt":"2024-07-25T13:49:40","slug":"gli-i-hate-my-village-in-concerto-a-firenze-nelle-loro-canzoni-la-bellezza-dellimperfezione","status":"publish","type":"post","link":"https:\/\/www.intoscana.it\/it\/gli-i-hate-my-village-in-concerto-a-firenze-nelle-loro-canzoni-la-bellezza-dellimperfezione\/","title":{"rendered":"Gli I Hate My Village in concerto a Firenze, nelle canzoni la bellezza dell&#8217;imperfezione"},"content":{"rendered":"<p><strong>C&#8217;\u00e8 una superband<\/strong> in Italia che riunisce i componenti di alcune delle formazioni pi\u00f9 interessanti della musica indipendente: <strong>Calibro 35, Afterhours, Bud Spencer Blues Explosion, Jennifer Gente e Verdena.\u00a0<\/strong><\/p>\n<p>Stiamo parando degli<strong> I Hate My Village<\/strong> che saranno in concerto <strong>domenica 28 luglio<\/strong> all&#8217;<strong>Anfiteatro delle Cascine Ernesto De Pascale di Firenze.\u00a0<\/strong><\/p>\n<p><strong>La band si forma nel 2018<\/strong> dall\u2019incontro tra <strong>Fabio Rondanini<\/strong> alla batteria (Calibro 35, Afterhours) e <strong>Adriano Viterbini<\/strong> alla chitarra (Bud Spencer Blues Explosion e molti altri). I due cominciano a provare insieme e ad appuntare le idee per poi registrare con il produttore <strong>Marco Fasolo<\/strong> (Jennifer Gentle). In un secondo momento i due coinvolgono <strong>Alberto Ferrari<\/strong> (Verdena) alla voce.<\/p>\n<p><strong>Nasce cos\u00ec un suono nuovo, unico nel panorama italiano<\/strong>, storto e distorto, visionario e magico, improbabile e allucinato, inconfondibile e travolgente, che prende forma nell\u2019omonimo album d\u2019esordio<strong> <em>I Hate My Village<\/em><\/strong> (2019, La Tempesta International).<\/p>\n<p>L&#8217;ultimo disco uscito a maggio per Locomotivi Records si intitola <strong><em>&#8220;Nevermind The Tempo&#8221;<\/em><\/strong>, un titolo che \u00e8 un vero e proprio motto per la band.<\/p>\n<p>&#8220;<em><strong>Nevermind The Tempo<\/strong><\/em> \u00e8 nato da un gioco di parole &#8211; <strong>ci ha raccontato Fabio Rondanini<\/strong> -come anche il nome della band che giocava con gli errori di pronuncia tra &#8216;odiare&#8217; e &#8216;mangiato&#8217; riferito a <strong>un cannibal movie degli anni &#8217;80<\/strong>. In questo caso ci piaceva il fatto che<strong> la traduzione letterale di &#8220;tempo&#8221; dall&#8217;inglese all&#8217;italiano non \u00e8 tempo<\/strong>, ma si riferisce a una misura temporale, come il clic di un metronomo. Ci piaceva anche che il significato potesse essere fraintendibile. Diciamo che <strong>ce ne siamo anche un po&#8217; fregati del tempo che ci vuole a fare le cose<\/strong> e ci siamo presi il nostro tempo per finire il disco nel momento in cui eravamo veramente contenti del risultato&#8221;.<\/p>\n<p><iframe loading=\"lazy\" title=\"YouTube video player\" src=\"https:\/\/www.youtube.com\/embed\/Si8jOyqfby4?si=m1I5MqVuNb_7WYk9\" width=\"800\" height=\"450\" frameborder=\"0\" allowfullscreen=\"allowfullscreen\"><span data-mce-type=\"bookmark\" style=\"display: inline-block; width: 0px; overflow: hidden; line-height: 0;\" class=\"mce_SELRES_start\">\ufeff<\/span><\/iframe><\/p>\n<p><strong>Vi siete formati nel 2018, all&#8217;inizio eravate solo te e Adriano Viterbini, ma quando avete capito che funzionava? Che potevate essere una band?<\/strong><\/p>\n<p>Nel momento in cui abbiamo iniziato a lavorare al disco in studio con <strong>Marco Fasolo,<\/strong> gi\u00e0 l\u00ec ci siamo trovati a essere insieme in maniera molto naturale. Poi abbiamo coinvolto Alberto per fare le voci e a quel punto eravamo una band. Ma \u00e8 venuto tutto da s\u00e9, come succede a 15 anni, in una materia voluta ma senza forzature.<\/p>\n<p><strong>Non deve essere stato semplice lavorare insieme perch\u00e9 venite tutti da band molto importanti che sono anche molto attive<\/strong><\/p>\n<p>Un po&#8217; \u00e8 complicato per\u00f2, prima cosa <strong><em>&#8220;Nevermind The Tempo&#8221;,<\/em><\/strong> non \u00e8 un problema. In pi\u00f9 siamo tutti abituati a viaggiare quindi un incastro si trova sempre.<\/p>\n<p><strong>Siete anche quattro personalit\u00e0 molto forti, immagino che lavoriate bene insieme, ma non vi capita mai di scontrarvi su qualcosa, di avere idee diverse?<\/strong><\/p>\n<p>S\u00ec capita spesso, litigare no, discutere s\u00ec. Ma c&#8217;\u00e8 comunque bel rapporto, <strong>ci stimiamo molto tra di noi, siamo uno il fan dell&#8217;altro<\/strong> e questo \u00e8 un presupposto che rende tutto pi\u00f9 semplice. Poi <strong>non ti immaginare una guerra tra &#8216;Ego&#8217;,<\/strong> abbiamo ben in mente la direzione che vogliamo prendere e la meta.<\/p>\n<p><strong>La vostra musica \u00e8 stata definita un &#8220;pop imperfetto&#8221;, io ho l&#8217;impressione che a voi piaccia molto giocare sull&#8217;errore, l&#8217;improvvisazione, \u00e8 cos\u00ec?<\/strong><\/p>\n<p><strong>Fabio Rondanini:<\/strong> Non andiamo a cercare gli errori, non sbagliamo apposta, per\u00f2 diciamo che non stiamo a sistemare le cose.<\/p>\n<p><strong>Marco Fasolo:<\/strong> Ci poniamo il limite di dire &#8216;no&#8217; a un certo punto. <strong>Non ci piace &#8216;rifinire&#8217; troppo, cerchiamo di arrivare a una forma in maniera abbastanza spontanea<\/strong>. Delle cose sono nate anche da improvvisazioni ma non abbiamo un metodo che prevarica sull&#8217;altro, portiamo le idee in studio e poi ci lavoriamo con diverse modalit\u00e0.<\/p>\n<p><strong>Fabio Rondanini:<\/strong> Diciamo che quando una canzone ha una buon energia, va bene, ci fermiamo, \u00e8 quello che noi cerchiamo.<\/p>\n<p><strong>Marco Fasolo:<\/strong> Nel disco abbiamo mantenuto moltissime cose delle pre-produzioni.<\/p>\n<p><strong>Forse voi ve lo potete permettere anche perch\u00e9 siete dei grandissimi musicisti<\/strong><\/p>\n<p><strong>Marco Fasolo:<\/strong> Chiaramente s\u00ec (ridono).<\/p>\n<p>I biglietti \u2013 posto unico 23 euro &#8211; sono disponibili su <strong>www.ticketone.it<\/strong> e nei punti vendita Boxoffice Toscana<strong> www.boxofficetoscana.it\/punti-vendita<\/strong>.<\/p>\n<figure id=\"post-350338 media-350338\" class=\"align-none\"><img decoding=\"async\" src=\"https:\/\/www.intoscana.it\/wp-content\/uploads\/I-Hate-My-Village-_interno_marianna-fornare-1-pic.jpg\" alt=\"\" \/><\/figure>\n<div class=\"titleimg\">I Hate My Village &#8211; \u00a9 Marianna Fornaro<\/div>\n<p>&nbsp;<\/p>\n","protected":false},"excerpt":{"rendered":"<p>Gli I Hate My Village che saranno in concerto domenica 28 luglio nello spazio Ultravox all&#8217;Anfiteatro delle Cascine Ernesto De Pascale di Firenze<\/p>\n","protected":false},"author":518,"featured_media":350353,"comment_status":"open","ping_status":"open","sticky":false,"template":"","format":"standard","meta":{"_acf_changed":false,"footnotes":""},"categories":[14],"tags":[216,235,239,4474,202],"class_list":["post-350339","post","type-post","status-publish","format-standard","has-post-thumbnail","hentry","category-musica","tag-concerti","tag-estate","tag-estate-fiorentina","tag-eventi","tag-firenze"],"acf":[],"yoast_head":"<!-- This site is optimized with the Yoast SEO Premium plugin v24.2 (Yoast SEO v25.6) - https:\/\/yoast.com\/wordpress\/plugins\/seo\/ -->\n<title>Gli I Hate My Village in concerto a Firenze, nelle canzoni la bellezza dell&#039;imperfezione - intoscana<\/title>\n<meta name=\"description\" content=\"Gli I Hate My Village che saranno in concerto domenica 28 luglio nello spazio Ultravox all&#039;Anfiteatro delle Cascine\" \/>\n<meta name=\"robots\" content=\"index, follow, max-snippet:-1, max-image-preview:large, max-video-preview:-1\" \/>\n<link rel=\"canonical\" href=\"https:\/\/www.intoscana.it\/it\/gli-i-hate-my-village-in-concerto-a-firenze-nelle-loro-canzoni-la-bellezza-dellimperfezione\/\" \/>\n<meta property=\"og:locale\" content=\"it_IT\" \/>\n<meta property=\"og:type\" content=\"article\" \/>\n<meta property=\"og:title\" content=\"Gli I Hate My Village in concerto a Firenze, nelle canzoni la bellezza dell&#039;imperfezione\" \/>\n<meta property=\"og:description\" content=\"Gli I Hate My Village che saranno in concerto domenica 28 luglio nello spazio Ultravox all&#039;Anfiteatro delle Cascine\" \/>\n<meta property=\"og:url\" content=\"https:\/\/www.intoscana.it\/it\/gli-i-hate-my-village-in-concerto-a-firenze-nelle-loro-canzoni-la-bellezza-dellimperfezione\/\" \/>\n<meta property=\"og:site_name\" content=\"intoscana\" \/>\n<meta property=\"article:publisher\" content=\"https:\/\/www.facebook.com\/intoscana.it\" \/>\n<meta property=\"article:published_time\" content=\"2024-07-25T13:46:57+00:00\" \/>\n<meta property=\"article:modified_time\" content=\"2024-07-25T13:49:40+00:00\" \/>\n<meta property=\"og:image\" content=\"https:\/\/www.intoscana.it\/wp-content\/uploads\/ihmv_esterno__3-scaled.jpeg\" \/>\n\t<meta property=\"og:image:width\" content=\"2048\" \/>\n\t<meta property=\"og:image:height\" content=\"1363\" \/>\n\t<meta property=\"og:image:type\" content=\"image\/jpeg\" \/>\n<meta name=\"author\" content=\"Costanza Baldini\" \/>\n<meta name=\"twitter:card\" content=\"summary_large_image\" \/>\n<meta name=\"twitter:creator\" content=\"@intoscana\" \/>\n<meta name=\"twitter:site\" content=\"@intoscana\" \/>\n<meta name=\"twitter:label1\" content=\"Written by\" \/>\n\t<meta name=\"twitter:data1\" content=\"Costanza Baldini\" \/>\n\t<meta name=\"twitter:label2\" content=\"Est. reading time\" \/>\n\t<meta name=\"twitter:data2\" content=\"4 minuti\" \/>\n<script type=\"application\/ld+json\" class=\"yoast-schema-graph\">{\"@context\":\"https:\/\/schema.org\",\"@graph\":[{\"@type\":\"WebPage\",\"@id\":\"https:\/\/www.intoscana.it\/it\/gli-i-hate-my-village-in-concerto-a-firenze-nelle-loro-canzoni-la-bellezza-dellimperfezione\/\",\"url\":\"https:\/\/www.intoscana.it\/it\/gli-i-hate-my-village-in-concerto-a-firenze-nelle-loro-canzoni-la-bellezza-dellimperfezione\/\",\"name\":\"Gli I Hate My Village in concerto a Firenze, nelle canzoni la bellezza dell'imperfezione - intoscana\",\"isPartOf\":{\"@id\":\"https:\/\/www.intoscana.it\/it\/#website\"},\"primaryImageOfPage\":{\"@id\":\"https:\/\/www.intoscana.it\/it\/gli-i-hate-my-village-in-concerto-a-firenze-nelle-loro-canzoni-la-bellezza-dellimperfezione\/#primaryimage\"},\"image\":{\"@id\":\"https:\/\/www.intoscana.it\/it\/gli-i-hate-my-village-in-concerto-a-firenze-nelle-loro-canzoni-la-bellezza-dellimperfezione\/#primaryimage\"},\"thumbnailUrl\":\"https:\/\/www.intoscana.it\/wp-content\/uploads\/ihmv_esterno__3-scaled.jpeg\",\"datePublished\":\"2024-07-25T13:46:57+00:00\",\"dateModified\":\"2024-07-25T13:49:40+00:00\",\"author\":{\"@id\":\"https:\/\/www.intoscana.it\/it\/#\/schema\/person\/d469f35f09739bdf00bf5dd3f0647a82\"},\"description\":\"Gli I Hate My Village che saranno in concerto domenica 28 luglio nello spazio Ultravox all'Anfiteatro delle Cascine\",\"breadcrumb\":{\"@id\":\"https:\/\/www.intoscana.it\/it\/gli-i-hate-my-village-in-concerto-a-firenze-nelle-loro-canzoni-la-bellezza-dellimperfezione\/#breadcrumb\"},\"inLanguage\":\"it-IT\",\"potentialAction\":[{\"@type\":\"ReadAction\",\"target\":[\"https:\/\/www.intoscana.it\/it\/gli-i-hate-my-village-in-concerto-a-firenze-nelle-loro-canzoni-la-bellezza-dellimperfezione\/\"]}]},{\"@type\":\"ImageObject\",\"inLanguage\":\"it-IT\",\"@id\":\"https:\/\/www.intoscana.it\/it\/gli-i-hate-my-village-in-concerto-a-firenze-nelle-loro-canzoni-la-bellezza-dellimperfezione\/#primaryimage\",\"url\":\"https:\/\/www.intoscana.it\/wp-content\/uploads\/ihmv_esterno__3-scaled.jpeg\",\"contentUrl\":\"https:\/\/www.intoscana.it\/wp-content\/uploads\/ihmv_esterno__3-scaled.jpeg\",\"width\":2048,\"height\":1363},{\"@type\":\"BreadcrumbList\",\"@id\":\"https:\/\/www.intoscana.it\/it\/gli-i-hate-my-village-in-concerto-a-firenze-nelle-loro-canzoni-la-bellezza-dellimperfezione\/#breadcrumb\",\"itemListElement\":[{\"@type\":\"ListItem\",\"position\":1,\"name\":\"Home\",\"item\":\"https:\/\/www.intoscana.it\/it\/\"},{\"@type\":\"ListItem\",\"position\":2,\"name\":\"Gli I Hate My Village in concerto a Firenze, nelle canzoni la bellezza dell&#8217;imperfezione\"}]},{\"@type\":\"WebSite\",\"@id\":\"https:\/\/www.intoscana.it\/it\/#website\",\"url\":\"https:\/\/www.intoscana.it\/it\/\",\"name\":\"intoscana\",\"description\":\"\",\"potentialAction\":[{\"@type\":\"SearchAction\",\"target\":{\"@type\":\"EntryPoint\",\"urlTemplate\":\"https:\/\/www.intoscana.it\/it\/?s={search_term_string}\"},\"query-input\":{\"@type\":\"PropertyValueSpecification\",\"valueRequired\":true,\"valueName\":\"search_term_string\"}}],\"inLanguage\":\"it-IT\"},{\"@type\":\"Person\",\"@id\":\"https:\/\/www.intoscana.it\/it\/#\/schema\/person\/d469f35f09739bdf00bf5dd3f0647a82\",\"name\":\"Costanza Baldini\",\"url\":\"https:\/\/www.intoscana.it\/it\/author\/costanza-baldini\/\"}]}<\/script>\n<!-- \/ Yoast SEO Premium plugin. -->","yoast_head_json":{"title":"Gli I Hate My Village in concerto a Firenze, nelle canzoni la bellezza dell'imperfezione - intoscana","description":"Gli I Hate My Village che saranno in concerto domenica 28 luglio nello spazio Ultravox all'Anfiteatro delle Cascine","robots":{"index":"index","follow":"follow","max-snippet":"max-snippet:-1","max-image-preview":"max-image-preview:large","max-video-preview":"max-video-preview:-1"},"canonical":"https:\/\/www.intoscana.it\/it\/gli-i-hate-my-village-in-concerto-a-firenze-nelle-loro-canzoni-la-bellezza-dellimperfezione\/","og_locale":"it_IT","og_type":"article","og_title":"Gli I Hate My Village in concerto a Firenze, nelle canzoni la bellezza dell'imperfezione","og_description":"Gli I Hate My Village che saranno in concerto domenica 28 luglio nello spazio Ultravox all'Anfiteatro delle Cascine","og_url":"https:\/\/www.intoscana.it\/it\/gli-i-hate-my-village-in-concerto-a-firenze-nelle-loro-canzoni-la-bellezza-dellimperfezione\/","og_site_name":"intoscana","article_publisher":"https:\/\/www.facebook.com\/intoscana.it","article_published_time":"2024-07-25T13:46:57+00:00","article_modified_time":"2024-07-25T13:49:40+00:00","og_image":[{"width":2048,"height":1363,"url":"https:\/\/www.intoscana.it\/wp-content\/uploads\/ihmv_esterno__3-scaled.jpeg","type":"image\/jpeg"}],"author":"Costanza Baldini","twitter_card":"summary_large_image","twitter_creator":"@intoscana","twitter_site":"@intoscana","twitter_misc":{"Written by":"Costanza Baldini","Est. reading time":"4 minuti"},"schema":{"@context":"https:\/\/schema.org","@graph":[{"@type":"WebPage","@id":"https:\/\/www.intoscana.it\/it\/gli-i-hate-my-village-in-concerto-a-firenze-nelle-loro-canzoni-la-bellezza-dellimperfezione\/","url":"https:\/\/www.intoscana.it\/it\/gli-i-hate-my-village-in-concerto-a-firenze-nelle-loro-canzoni-la-bellezza-dellimperfezione\/","name":"Gli I Hate My Village in concerto a Firenze, nelle canzoni la bellezza dell'imperfezione - intoscana","isPartOf":{"@id":"https:\/\/www.intoscana.it\/it\/#website"},"primaryImageOfPage":{"@id":"https:\/\/www.intoscana.it\/it\/gli-i-hate-my-village-in-concerto-a-firenze-nelle-loro-canzoni-la-bellezza-dellimperfezione\/#primaryimage"},"image":{"@id":"https:\/\/www.intoscana.it\/it\/gli-i-hate-my-village-in-concerto-a-firenze-nelle-loro-canzoni-la-bellezza-dellimperfezione\/#primaryimage"},"thumbnailUrl":"https:\/\/www.intoscana.it\/wp-content\/uploads\/ihmv_esterno__3-scaled.jpeg","datePublished":"2024-07-25T13:46:57+00:00","dateModified":"2024-07-25T13:49:40+00:00","author":{"@id":"https:\/\/www.intoscana.it\/it\/#\/schema\/person\/d469f35f09739bdf00bf5dd3f0647a82"},"description":"Gli I Hate My Village che saranno in concerto domenica 28 luglio nello spazio Ultravox all'Anfiteatro delle Cascine","breadcrumb":{"@id":"https:\/\/www.intoscana.it\/it\/gli-i-hate-my-village-in-concerto-a-firenze-nelle-loro-canzoni-la-bellezza-dellimperfezione\/#breadcrumb"},"inLanguage":"it-IT","potentialAction":[{"@type":"ReadAction","target":["https:\/\/www.intoscana.it\/it\/gli-i-hate-my-village-in-concerto-a-firenze-nelle-loro-canzoni-la-bellezza-dellimperfezione\/"]}]},{"@type":"ImageObject","inLanguage":"it-IT","@id":"https:\/\/www.intoscana.it\/it\/gli-i-hate-my-village-in-concerto-a-firenze-nelle-loro-canzoni-la-bellezza-dellimperfezione\/#primaryimage","url":"https:\/\/www.intoscana.it\/wp-content\/uploads\/ihmv_esterno__3-scaled.jpeg","contentUrl":"https:\/\/www.intoscana.it\/wp-content\/uploads\/ihmv_esterno__3-scaled.jpeg","width":2048,"height":1363},{"@type":"BreadcrumbList","@id":"https:\/\/www.intoscana.it\/it\/gli-i-hate-my-village-in-concerto-a-firenze-nelle-loro-canzoni-la-bellezza-dellimperfezione\/#breadcrumb","itemListElement":[{"@type":"ListItem","position":1,"name":"Home","item":"https:\/\/www.intoscana.it\/it\/"},{"@type":"ListItem","position":2,"name":"Gli I Hate My Village in concerto a Firenze, nelle canzoni la bellezza dell&#8217;imperfezione"}]},{"@type":"WebSite","@id":"https:\/\/www.intoscana.it\/it\/#website","url":"https:\/\/www.intoscana.it\/it\/","name":"intoscana","description":"","potentialAction":[{"@type":"SearchAction","target":{"@type":"EntryPoint","urlTemplate":"https:\/\/www.intoscana.it\/it\/?s={search_term_string}"},"query-input":{"@type":"PropertyValueSpecification","valueRequired":true,"valueName":"search_term_string"}}],"inLanguage":"it-IT"},{"@type":"Person","@id":"https:\/\/www.intoscana.it\/it\/#\/schema\/person\/d469f35f09739bdf00bf5dd3f0647a82","name":"Costanza Baldini","url":"https:\/\/www.intoscana.it\/it\/author\/costanza-baldini\/"}]}},"_links":{"self":[{"href":"https:\/\/www.intoscana.it\/it\/wp-json\/wp\/v2\/posts\/350339","targetHints":{"allow":["GET"]}}],"collection":[{"href":"https:\/\/www.intoscana.it\/it\/wp-json\/wp\/v2\/posts"}],"about":[{"href":"https:\/\/www.intoscana.it\/it\/wp-json\/wp\/v2\/types\/post"}],"author":[{"embeddable":true,"href":"https:\/\/www.intoscana.it\/it\/wp-json\/wp\/v2\/users\/518"}],"replies":[{"embeddable":true,"href":"https:\/\/www.intoscana.it\/it\/wp-json\/wp\/v2\/comments?post=350339"}],"version-history":[{"count":17,"href":"https:\/\/www.intoscana.it\/it\/wp-json\/wp\/v2\/posts\/350339\/revisions"}],"predecessor-version":[{"id":350361,"href":"https:\/\/www.intoscana.it\/it\/wp-json\/wp\/v2\/posts\/350339\/revisions\/350361"}],"wp:featuredmedia":[{"embeddable":true,"href":"https:\/\/www.intoscana.it\/it\/wp-json\/wp\/v2\/media\/350353"}],"wp:attachment":[{"href":"https:\/\/www.intoscana.it\/it\/wp-json\/wp\/v2\/media?parent=350339"}],"wp:term":[{"taxonomy":"category","embeddable":true,"href":"https:\/\/www.intoscana.it\/it\/wp-json\/wp\/v2\/categories?post=350339"},{"taxonomy":"post_tag","embeddable":true,"href":"https:\/\/www.intoscana.it\/it\/wp-json\/wp\/v2\/tags?post=350339"}],"curies":[{"name":"wp","href":"https:\/\/api.w.org\/{rel}","templated":true}]}}