{"id":350366,"date":"2024-07-25T16:28:32","date_gmt":"2024-07-25T14:28:32","guid":{"rendered":"https:\/\/www.intoscana.it\/it\/?p=350366"},"modified":"2024-07-25T16:57:54","modified_gmt":"2024-07-25T14:57:54","slug":"toscanacontemporanea-una-campagna-social-per-far-conoscere-la-bellezza-diffusa-sul-territorio","status":"publish","type":"post","link":"https:\/\/www.intoscana.it\/it\/toscanacontemporanea-una-campagna-social-per-far-conoscere-la-bellezza-diffusa-sul-territorio\/","title":{"rendered":"#ToscanaContemporanea: una campagna social per far conoscere la bellezza diffusa sul territorio"},"content":{"rendered":"<p><strong>La street art, le sculture e le installazioni diffuse<\/strong> nel territorio e inserite nel paesaggio \u00e8 questo il filo rosso di <strong>#ToscanaContemporanea,<\/strong> la <strong>campagna social<\/strong> promossa dal <strong>Consiglio regionale<\/strong>, in collaborazione con<strong> Fondazione Sistema Toscana<\/strong>.<\/p>\n<p>L\u2019idea di fondo della <strong>campagna che sar\u00e0 sviluppata durante l&#8217;estate <\/strong>\u00e8 quella di <strong>far conoscere le opere di arte contemporanea,<\/strong> declinate in tutte le due forme, <strong>ai cittadini toscani ma anche ai tanti turisti<\/strong> italiani e stranieri che visitano la <strong>Toscana.<\/strong><\/p>\n<p>Inoltre offre ai Comuni che ospitano le opere la <strong>possibilit\u00e0 di pubblicizzare propri pacchetti di ospitalit\u00e0 sul sito Visit Tuscany<\/strong>, realizzato da <strong>Fondazione Sistema Toscana.\u00a0<\/strong><\/p>\n<figure id=\"post-350375 media-350375\" class=\"align-none\"><img decoding=\"async\" src=\"https:\/\/www.intoscana.it\/wp-content\/uploads\/Anello-1997-2005-1-Staccioli-Volterra-Foto-Stefano-Cannas.jpg\" alt=\"\" \/><\/figure>\n<p>\u201c<em>Da oggi e per i mesi di agosto e inizio settembre parte la nuova campagna social sui canali del Consiglio regionale dal titolo: #ToscanaContemporanea \u2013 <\/em><strong>ha detto Antonio Mazzeo presidente dell\u2019assemblea toscana <\/strong><em>\u2013 dedicata all\u2019arte urbana, che rende la Toscana un grande museo a cielo aperto. La street art ha la caratteristica unica di far entrare l\u2019arte nella vita quotidiana delle persone, non serve andare al museo per ammirarla e riesce a rendere pi\u00f9 belli i nostri borghi e le nostre citt\u00e0. La Street art, proprio per il suo valore artistico e al tempo stesso per le forti ricadute sociali merita un\u2019attenzione crescente da parte delle nostre istituzioni e noi come Consiglio regionale siamo sempre stati all\u2019avanguardia. Oggi invitiamo le toscane e i toscani a scoprire queste opere, molte delle quali sono state finanziate anche dal Consiglio regionale con la legge 3\/2022. Sono opere che si trovano in tutta la regione, dai piccoli borghi in Garfagnana alle grandi citt\u00e0 come Pisa e Firenze. Un bellissimo esempio di Toscana diffusa.\u201d<\/em><\/p>\n<p><em>\u201cL\u2019arte di strada, in particolare, svolge un ruolo fondamentale nella nostra societ\u00e0. Essa democratizza l\u2019arte, rendendola accessibile a tutti, e promuove l\u2019inclusione sociale. Attraverso murales e installazioni urbane, gli artisti possono affrontare tematiche sociali e ambientali, sensibilizzando la comunit\u00e0 e incoraggiando il dialogo \u2013<\/em><strong> ha aggiunto il presidente Antonio Mazzeo <\/strong><em>\u2013 e vorrei ringraziare Francesco Palumbo direttore di Fondazione Sistema Toscana, perch\u00e9 questa campagna \u00e8 in collaborazione con Visit Tuscany, e Gianguido Grassi, dell\u2019associazione Start, per la collaborazione in questi anni sul tema della street art. Grazie anche al Bando Rigenerazione Toscana del CRT abbiamo riempito ogni angolo di Toscana di murales e opere, un vero e proprio simbolo della Toscana diffusa. Il prossimo passo sar\u00e0 rendere strutturale la promozione della street art in Toscana con una apposita legge.\u201d<\/em><\/p>\n<p><em>\u201cLa collaborazione con il Consiglio regionale va avanti da tre anni \u2013 <\/em><strong>ha detto il direttore di Fondazione Sistema Toscana Francesco Palumbo <\/strong><em>\u2013 Dopo i parchi e i borghi, quest\u2019anno la protagonista della campagna social \u00e8 l\u2019arte contemporanea e occuparsi di arte contemporanea \u00e8 importante, perch\u00e9 ci sono opere nelle grandi citt\u00e0 e nei piccoli borghi. Accompagneremo la nostra promozione con una campagna fotografica, con video, dei format informativi non soltanto su Visit Tuscany, ma anche su altri canali informativi e sui social. Questa iniziativa serve a far vedere come la diffusione dell\u2019arte contemporanea coniuga perfettamente l\u2019identit\u00e0 della Toscana tra antico, storia, cultura e le spinte innovative dell\u2019arte attuale. Inoltre su portale Visit Tuscany si propone ai turisti e agli operatori, in cinque lingue, itinerari legati all\u2019arte contemporanea, dalle cantine ai percorsi nel paesaggio alla Via Francigena. La Toscana \u00e8 in grado di rispondere alle curiosit\u00e0 e ai desideri dei turisti nel migliore dei modi e rispondendo ad esigenze diverse.\u201d<\/em><\/p>\n<p><strong>Il responsabile dell\u2019associazione Start Gian Guido Grassi<\/strong> ha ringraziato per la proficua collaborazione il Consiglio regionale che ha permesso di invadere la Toscana con opere di arte contemporanea ed ha anticipato che presto<strong> una mostra fotografica<\/strong> sar\u00e0 ospitata a palazzo del Pegaso testimonier\u00e0 i numerosi interventi di street art gi\u00e0 realizzati.<\/p>\n<p><strong>L\u2019artista Muz<\/strong> ha evidenziato la grande disponibilit\u00e0 dimostrata dal Consiglio regionale nel seguire i progetti di rigenerazione urbana da lui realizzati per la <strong>scuola Agnolo Poliziano di Firenze e per una cabina elettrica a Empoli,<\/strong> dove si dimostra come l\u2019arte possa diventare un veicolo fondamentale di comunicazione e dialogo tra le generazioni.<\/p>\n<figure id=\"post-350371 media-350371\" class=\"align-none\"><img decoding=\"async\" src=\"https:\/\/www.intoscana.it\/wp-content\/uploads\/Peccioli-Presenze-Naturaliter-Anfiteatro-2-foto-Stefano-Cannas-scaled.jpg\" alt=\"\" \/><\/figure>\n<div class=\"titleimg\">Peccioli-Presenze-Naturaliter-Anfiteatro-2-foto-Stefano-Cannas<\/div>\n","protected":false},"excerpt":{"rendered":"<p>L&#8217;iniziativa a cura del Consiglio regionale della Toscana e di Fondazione Sistema Toscana attraverso il portale del turismo Visit Tuscany \u00e8 pensata sia per i turisti che per i cittadini toscani<\/p>\n","protected":false},"author":525,"featured_media":350368,"comment_status":"open","ping_status":"open","sticky":false,"template":"","format":"standard","meta":{"_acf_changed":false,"footnotes":""},"categories":[493],"tags":[227,4753,168,143,6181],"class_list":["post-350366","post","type-post","status-publish","format-standard","has-post-thumbnail","hentry","category-cultura","tag-arte-contemporanea","tag-consiglio-regionale-della-toscana","tag-fondazione-sistema-toscana","tag-turismo","tag-visittuscany"],"acf":[],"yoast_head":"<!-- This site is optimized with the Yoast SEO Premium plugin v24.2 (Yoast SEO v25.6) - https:\/\/yoast.com\/wordpress\/plugins\/seo\/ -->\n<title>#ToscanaContemporanea: una campagna social per far conoscere la bellezza diffusa sul territorio - intoscana<\/title>\n<meta name=\"description\" content=\"L&#039;iniziativa \u00e8 a cura del Consiglio regionale della Toscana e di Fondazione Sistema Toscana attraverso il portale vistutuscany.it\" \/>\n<meta name=\"robots\" content=\"index, follow, max-snippet:-1, max-image-preview:large, max-video-preview:-1\" \/>\n<link rel=\"canonical\" href=\"https:\/\/www.intoscana.it\/it\/toscanacontemporanea-una-campagna-social-per-far-conoscere-la-bellezza-diffusa-sul-territorio\/\" \/>\n<meta property=\"og:locale\" content=\"it_IT\" \/>\n<meta property=\"og:type\" content=\"article\" \/>\n<meta property=\"og:title\" content=\"#ToscanaContemporanea: una campagna social per far conoscere la bellezza diffusa sul territorio\" \/>\n<meta property=\"og:description\" content=\"L&#039;iniziativa \u00e8 a cura del Consiglio regionale della Toscana e di Fondazione Sistema Toscana attraverso il portale vistutuscany.it\" \/>\n<meta property=\"og:url\" content=\"https:\/\/www.intoscana.it\/it\/toscanacontemporanea-una-campagna-social-per-far-conoscere-la-bellezza-diffusa-sul-territorio\/\" \/>\n<meta property=\"og:site_name\" content=\"intoscana\" \/>\n<meta property=\"article:publisher\" content=\"https:\/\/www.facebook.com\/intoscana.it\" \/>\n<meta property=\"article:published_time\" content=\"2024-07-25T14:28:32+00:00\" \/>\n<meta property=\"article:modified_time\" content=\"2024-07-25T14:57:54+00:00\" \/>\n<meta property=\"og:image\" content=\"https:\/\/www.intoscana.it\/wp-content\/uploads\/kobra.jpg\" \/>\n\t<meta property=\"og:image:width\" content=\"1240\" \/>\n\t<meta property=\"og:image:height\" content=\"698\" \/>\n\t<meta property=\"og:image:type\" content=\"image\/jpeg\" \/>\n<meta name=\"author\" content=\"Redazione\" \/>\n<meta name=\"twitter:card\" content=\"summary_large_image\" \/>\n<meta name=\"twitter:creator\" content=\"@intoscana\" \/>\n<meta name=\"twitter:site\" content=\"@intoscana\" \/>\n<meta name=\"twitter:label1\" content=\"Written by\" \/>\n\t<meta name=\"twitter:data1\" content=\"Redazione\" \/>\n\t<meta name=\"twitter:label2\" content=\"Est. reading time\" \/>\n\t<meta name=\"twitter:data2\" content=\"5 minuti\" \/>\n<script type=\"application\/ld+json\" class=\"yoast-schema-graph\">{\"@context\":\"https:\/\/schema.org\",\"@graph\":[{\"@type\":\"WebPage\",\"@id\":\"https:\/\/www.intoscana.it\/it\/toscanacontemporanea-una-campagna-social-per-far-conoscere-la-bellezza-diffusa-sul-territorio\/\",\"url\":\"https:\/\/www.intoscana.it\/it\/toscanacontemporanea-una-campagna-social-per-far-conoscere-la-bellezza-diffusa-sul-territorio\/\",\"name\":\"#ToscanaContemporanea: una campagna social per far conoscere la bellezza diffusa sul territorio - intoscana\",\"isPartOf\":{\"@id\":\"https:\/\/www.intoscana.it\/it\/#website\"},\"primaryImageOfPage\":{\"@id\":\"https:\/\/www.intoscana.it\/it\/toscanacontemporanea-una-campagna-social-per-far-conoscere-la-bellezza-diffusa-sul-territorio\/#primaryimage\"},\"image\":{\"@id\":\"https:\/\/www.intoscana.it\/it\/toscanacontemporanea-una-campagna-social-per-far-conoscere-la-bellezza-diffusa-sul-territorio\/#primaryimage\"},\"thumbnailUrl\":\"https:\/\/www.intoscana.it\/wp-content\/uploads\/kobra.jpg\",\"datePublished\":\"2024-07-25T14:28:32+00:00\",\"dateModified\":\"2024-07-25T14:57:54+00:00\",\"author\":{\"@id\":\"https:\/\/www.intoscana.it\/it\/#\/schema\/person\/9223810753230f20bd670fdd322661f8\"},\"description\":\"L'iniziativa \u00e8 a cura del Consiglio regionale della Toscana e di Fondazione Sistema Toscana attraverso il portale vistutuscany.it\",\"breadcrumb\":{\"@id\":\"https:\/\/www.intoscana.it\/it\/toscanacontemporanea-una-campagna-social-per-far-conoscere-la-bellezza-diffusa-sul-territorio\/#breadcrumb\"},\"inLanguage\":\"it-IT\",\"potentialAction\":[{\"@type\":\"ReadAction\",\"target\":[\"https:\/\/www.intoscana.it\/it\/toscanacontemporanea-una-campagna-social-per-far-conoscere-la-bellezza-diffusa-sul-territorio\/\"]}]},{\"@type\":\"ImageObject\",\"inLanguage\":\"it-IT\",\"@id\":\"https:\/\/www.intoscana.it\/it\/toscanacontemporanea-una-campagna-social-per-far-conoscere-la-bellezza-diffusa-sul-territorio\/#primaryimage\",\"url\":\"https:\/\/www.intoscana.it\/wp-content\/uploads\/kobra.jpg\",\"contentUrl\":\"https:\/\/www.intoscana.it\/wp-content\/uploads\/kobra.jpg\",\"width\":1240,\"height\":698},{\"@type\":\"BreadcrumbList\",\"@id\":\"https:\/\/www.intoscana.it\/it\/toscanacontemporanea-una-campagna-social-per-far-conoscere-la-bellezza-diffusa-sul-territorio\/#breadcrumb\",\"itemListElement\":[{\"@type\":\"ListItem\",\"position\":1,\"name\":\"Home\",\"item\":\"https:\/\/www.intoscana.it\/it\/\"},{\"@type\":\"ListItem\",\"position\":2,\"name\":\"#ToscanaContemporanea: una campagna social per far conoscere la bellezza diffusa sul territorio\"}]},{\"@type\":\"WebSite\",\"@id\":\"https:\/\/www.intoscana.it\/it\/#website\",\"url\":\"https:\/\/www.intoscana.it\/it\/\",\"name\":\"intoscana\",\"description\":\"\",\"potentialAction\":[{\"@type\":\"SearchAction\",\"target\":{\"@type\":\"EntryPoint\",\"urlTemplate\":\"https:\/\/www.intoscana.it\/it\/?s={search_term_string}\"},\"query-input\":{\"@type\":\"PropertyValueSpecification\",\"valueRequired\":true,\"valueName\":\"search_term_string\"}}],\"inLanguage\":\"it-IT\"},{\"@type\":\"Person\",\"@id\":\"https:\/\/www.intoscana.it\/it\/#\/schema\/person\/9223810753230f20bd670fdd322661f8\",\"name\":\"Redazione\",\"url\":\"https:\/\/www.intoscana.it\/it\/author\/redazione\/\"}]}<\/script>\n<!-- \/ Yoast SEO Premium plugin. -->","yoast_head_json":{"title":"#ToscanaContemporanea: una campagna social per far conoscere la bellezza diffusa sul territorio - intoscana","description":"L'iniziativa \u00e8 a cura del Consiglio regionale della Toscana e di Fondazione Sistema Toscana attraverso il portale vistutuscany.it","robots":{"index":"index","follow":"follow","max-snippet":"max-snippet:-1","max-image-preview":"max-image-preview:large","max-video-preview":"max-video-preview:-1"},"canonical":"https:\/\/www.intoscana.it\/it\/toscanacontemporanea-una-campagna-social-per-far-conoscere-la-bellezza-diffusa-sul-territorio\/","og_locale":"it_IT","og_type":"article","og_title":"#ToscanaContemporanea: una campagna social per far conoscere la bellezza diffusa sul territorio","og_description":"L'iniziativa \u00e8 a cura del Consiglio regionale della Toscana e di Fondazione Sistema Toscana attraverso il portale vistutuscany.it","og_url":"https:\/\/www.intoscana.it\/it\/toscanacontemporanea-una-campagna-social-per-far-conoscere-la-bellezza-diffusa-sul-territorio\/","og_site_name":"intoscana","article_publisher":"https:\/\/www.facebook.com\/intoscana.it","article_published_time":"2024-07-25T14:28:32+00:00","article_modified_time":"2024-07-25T14:57:54+00:00","og_image":[{"width":1240,"height":698,"url":"https:\/\/www.intoscana.it\/wp-content\/uploads\/kobra.jpg","type":"image\/jpeg"}],"author":"Redazione","twitter_card":"summary_large_image","twitter_creator":"@intoscana","twitter_site":"@intoscana","twitter_misc":{"Written by":"Redazione","Est. reading time":"5 minuti"},"schema":{"@context":"https:\/\/schema.org","@graph":[{"@type":"WebPage","@id":"https:\/\/www.intoscana.it\/it\/toscanacontemporanea-una-campagna-social-per-far-conoscere-la-bellezza-diffusa-sul-territorio\/","url":"https:\/\/www.intoscana.it\/it\/toscanacontemporanea-una-campagna-social-per-far-conoscere-la-bellezza-diffusa-sul-territorio\/","name":"#ToscanaContemporanea: una campagna social per far conoscere la bellezza diffusa sul territorio - intoscana","isPartOf":{"@id":"https:\/\/www.intoscana.it\/it\/#website"},"primaryImageOfPage":{"@id":"https:\/\/www.intoscana.it\/it\/toscanacontemporanea-una-campagna-social-per-far-conoscere-la-bellezza-diffusa-sul-territorio\/#primaryimage"},"image":{"@id":"https:\/\/www.intoscana.it\/it\/toscanacontemporanea-una-campagna-social-per-far-conoscere-la-bellezza-diffusa-sul-territorio\/#primaryimage"},"thumbnailUrl":"https:\/\/www.intoscana.it\/wp-content\/uploads\/kobra.jpg","datePublished":"2024-07-25T14:28:32+00:00","dateModified":"2024-07-25T14:57:54+00:00","author":{"@id":"https:\/\/www.intoscana.it\/it\/#\/schema\/person\/9223810753230f20bd670fdd322661f8"},"description":"L'iniziativa \u00e8 a cura del Consiglio regionale della Toscana e di Fondazione Sistema Toscana attraverso il portale vistutuscany.it","breadcrumb":{"@id":"https:\/\/www.intoscana.it\/it\/toscanacontemporanea-una-campagna-social-per-far-conoscere-la-bellezza-diffusa-sul-territorio\/#breadcrumb"},"inLanguage":"it-IT","potentialAction":[{"@type":"ReadAction","target":["https:\/\/www.intoscana.it\/it\/toscanacontemporanea-una-campagna-social-per-far-conoscere-la-bellezza-diffusa-sul-territorio\/"]}]},{"@type":"ImageObject","inLanguage":"it-IT","@id":"https:\/\/www.intoscana.it\/it\/toscanacontemporanea-una-campagna-social-per-far-conoscere-la-bellezza-diffusa-sul-territorio\/#primaryimage","url":"https:\/\/www.intoscana.it\/wp-content\/uploads\/kobra.jpg","contentUrl":"https:\/\/www.intoscana.it\/wp-content\/uploads\/kobra.jpg","width":1240,"height":698},{"@type":"BreadcrumbList","@id":"https:\/\/www.intoscana.it\/it\/toscanacontemporanea-una-campagna-social-per-far-conoscere-la-bellezza-diffusa-sul-territorio\/#breadcrumb","itemListElement":[{"@type":"ListItem","position":1,"name":"Home","item":"https:\/\/www.intoscana.it\/it\/"},{"@type":"ListItem","position":2,"name":"#ToscanaContemporanea: una campagna social per far conoscere la bellezza diffusa sul territorio"}]},{"@type":"WebSite","@id":"https:\/\/www.intoscana.it\/it\/#website","url":"https:\/\/www.intoscana.it\/it\/","name":"intoscana","description":"","potentialAction":[{"@type":"SearchAction","target":{"@type":"EntryPoint","urlTemplate":"https:\/\/www.intoscana.it\/it\/?s={search_term_string}"},"query-input":{"@type":"PropertyValueSpecification","valueRequired":true,"valueName":"search_term_string"}}],"inLanguage":"it-IT"},{"@type":"Person","@id":"https:\/\/www.intoscana.it\/it\/#\/schema\/person\/9223810753230f20bd670fdd322661f8","name":"Redazione","url":"https:\/\/www.intoscana.it\/it\/author\/redazione\/"}]}},"_links":{"self":[{"href":"https:\/\/www.intoscana.it\/it\/wp-json\/wp\/v2\/posts\/350366","targetHints":{"allow":["GET"]}}],"collection":[{"href":"https:\/\/www.intoscana.it\/it\/wp-json\/wp\/v2\/posts"}],"about":[{"href":"https:\/\/www.intoscana.it\/it\/wp-json\/wp\/v2\/types\/post"}],"author":[{"embeddable":true,"href":"https:\/\/www.intoscana.it\/it\/wp-json\/wp\/v2\/users\/525"}],"replies":[{"embeddable":true,"href":"https:\/\/www.intoscana.it\/it\/wp-json\/wp\/v2\/comments?post=350366"}],"version-history":[{"count":5,"href":"https:\/\/www.intoscana.it\/it\/wp-json\/wp\/v2\/posts\/350366\/revisions"}],"predecessor-version":[{"id":350388,"href":"https:\/\/www.intoscana.it\/it\/wp-json\/wp\/v2\/posts\/350366\/revisions\/350388"}],"wp:featuredmedia":[{"embeddable":true,"href":"https:\/\/www.intoscana.it\/it\/wp-json\/wp\/v2\/media\/350368"}],"wp:attachment":[{"href":"https:\/\/www.intoscana.it\/it\/wp-json\/wp\/v2\/media?parent=350366"}],"wp:term":[{"taxonomy":"category","embeddable":true,"href":"https:\/\/www.intoscana.it\/it\/wp-json\/wp\/v2\/categories?post=350366"},{"taxonomy":"post_tag","embeddable":true,"href":"https:\/\/www.intoscana.it\/it\/wp-json\/wp\/v2\/tags?post=350366"}],"curies":[{"name":"wp","href":"https:\/\/api.w.org\/{rel}","templated":true}]}}