{"id":350519,"date":"2024-07-27T10:03:57","date_gmt":"2024-07-27T08:03:57","guid":{"rendered":"https:\/\/www.intoscana.it\/it\/?p=350519"},"modified":"2024-07-30T09:50:51","modified_gmt":"2024-07-30T07:50:51","slug":"piu-voli-dallisola-delba-a-firenze-giani-assicurata-continuita-territoriale","status":"publish","type":"post","link":"https:\/\/www.intoscana.it\/it\/piu-voli-dallisola-delba-a-firenze-giani-assicurata-continuita-territoriale\/","title":{"rendered":"Pi\u00f9 voli dall&#8217;isola d&#8217;Elba a Firenze, Giani: &#8220;Assicurata continuit\u00e0 territoriale&#8221;"},"content":{"rendered":"<p>Il 25 luglio si \u00e8 conclusa la <strong>Conferenza di Servizi<\/strong> convocata dal <strong>presidente della Regione Toscana Eugenio Giani<\/strong> per assicurare, congiuntamente con <strong>Ministero dei Trasporti e l\u2019Ente Nazionale Aviazione Civile,<\/strong> i comuni elbani e la Camera di Commercio della Maremma e del Tirreno, il presidente di Ala Toscana Maurizio Serini con l\u2019Ad Massimiliano Dosi, i <strong>collegamenti aerei tra l\u2019aeroporto dell\u2019Isola d\u2019Elba e gli aeroporti di Pisa, Firenze e Milano Linate.<\/strong><\/p>\n<p>Il risultato di questo incontro \u00e8 che verr\u00e0 assicurata per i prossimi tre anni la <strong>continuit\u00e0 territoriale per gli abitanti dell\u2019Isola d\u2019Elba con pi\u00f9 voli dall&#8217;aeroporto dell&#8217;isola d&#8217;Elba per Firenze, Pisa e <\/strong>un collegamento con l&#8217;aeroporto Forlanini di<strong> Milano Linate durante l&#8217;estate.<\/strong><\/p>\n<p><em>&#8220;Si apre una nuova stagione di collegamenti sempre pi\u00f9 forti tra l&#8217;Elba e la terra ferma &#8211; <\/em><strong>ha detto Eugenio Giani &#8211;<\/strong><em> e sono orgoglioso perch\u00e9 questo testimonia il legame indissolubile tra la Toscana e il suo arcipelago&#8221;. Il presidente entra nel dettaglio: \u201cLa procedura, iniziata il 25 maggio scorso \u2013 ha spiegato &#8211; , ha confermato la strategicit\u00e0 del servizio di interesse generale dell&#8217;aeroporto di Marina di Campo nell\u2019Elba per la collettivit\u00e0 regionale, ai sensi dell&#8217;art. 106 comma 2 del Trattato sul funzionamento dell&#8217;Unione Europea\u201d. <\/em><\/p>\n<p>Nella procedura si sottolinea inoltre <strong>l\u2019importanza dei collegamenti regionali con gli aeroporti di Firenze Amerigo Vespucci e di Pisa Galileo Galilei,<\/strong> con la possibilit\u00e0 di approfittare del network di voli nazionali, internazionali ed intercontinentali offerto dagli aeroporti toscani, nonch\u00e9 della <strong>rete ferroviaria di Alta velocit\u00e0. <\/strong><\/p>\n<p><strong>Giani sottolinea che<\/strong> \u201c<em>Rispetto alle precedenti edizioni di continuit\u00e0 territoriale saranno appunto previste maggiori frequenze settimanali di voli, in particolare su Firenze, che consentiranno il raggiungimento di Firenze e di Pisa con possibilit\u00e0 giornaliera di rientro sull\u2019Isola\u201d.<\/em><\/p>\n<p>Esprime soddisfazione <strong>Stefano Baccelli, assessore ai trasporti e alle infrastrutture della Regione Toscana<\/strong>. \u201c<em>Con l\u2019aeroporto della Pila \u00e8 stato tutelato lo scalo elbano, nodo strategico in quanto unica via di accesso aerea all\u2019Elba e all\u2019intero arcipelago toscano. Importante sia per i turisti che per le particolari necessit\u00e0 dei residenti come quelle sanitarie e di studio\u201d.<\/em><\/p>\n<p><em>\u201cL\u2019esito positivo della conferenza dei servizi rappresenta un risultato particolarmente importante, poich\u00e9 assicura la continuit\u00e0 territoriale per gli abitanti dell\u2019isola d\u2019Elba. \u00c8 inoltre una straordinaria opportunit\u00e0 per favorire la connettivit\u00e0 dello scalo di Marina di Campo con il network di destinazioni offerto dagli aeroporti di Pisa e Firenze- <\/em><strong>ha dichiarato Maurizio Serini, presidente di Alatoscana<\/strong>&#8211;<em> . Adesso il nostro impegno sar\u00e0 concentrato sui collegamenti commerciali e sul masterplan dello scalo elbano.\u201d<\/em><\/p>\n","protected":false},"excerpt":{"rendered":"<p>Assicurata per i prossimi tre anni la continuit\u00e0 territoriale per gli abitanti dell\u2019Isola d\u2019Elba con pi\u00f9 voli dall&#8217;aeroporto dell&#8217;isola d&#8217;Elba per Firenze, Pisa e un collegamento con l&#8217;aeroporto Forlanini di Milano Linate durante l&#8217;estate<\/p>\n","protected":false},"author":525,"featured_media":350530,"comment_status":"open","ping_status":"open","sticky":false,"template":"","format":"standard","meta":{"_acf_changed":false,"footnotes":""},"categories":[494],"tags":[1965,1577,151],"class_list":["post-350519","post","type-post","status-publish","format-standard","has-post-thumbnail","hentry","category-attualita","tag-isola-delba","tag-muoversi-in-toscana","tag-regione-toscana"],"acf":[],"yoast_head":"<!-- This site is optimized with the Yoast SEO Premium plugin v24.2 (Yoast SEO v25.6) - https:\/\/yoast.com\/wordpress\/plugins\/seo\/ -->\n<title>Pi\u00f9 voli dall&#039;isola d&#039;Elba a Firenze, Giani: &quot;Assicurata continuit\u00e0 territoriale&quot; - intoscana<\/title>\n<meta name=\"description\" content=\"Pi\u00f9 voli dall&#039;aeroporto dell&#039;isola d&#039;Elba per Firenze, Pisa e un collegamento con l&#039;aeroporto Forlanini di Milano Linate durante l&#039;estate\" \/>\n<meta name=\"robots\" content=\"index, follow, max-snippet:-1, max-image-preview:large, max-video-preview:-1\" \/>\n<link rel=\"canonical\" href=\"https:\/\/www.intoscana.it\/it\/piu-voli-dallisola-delba-a-firenze-giani-assicurata-continuita-territoriale\/\" \/>\n<meta property=\"og:locale\" content=\"it_IT\" \/>\n<meta property=\"og:type\" content=\"article\" \/>\n<meta property=\"og:title\" content=\"Pi\u00f9 voli dall&#039;isola d&#039;Elba a Firenze, Giani: &quot;Assicurata continuit\u00e0 territoriale&quot;\" \/>\n<meta property=\"og:description\" content=\"Pi\u00f9 voli dall&#039;aeroporto dell&#039;isola d&#039;Elba per Firenze, Pisa e un collegamento con l&#039;aeroporto Forlanini di Milano Linate durante l&#039;estate\" \/>\n<meta property=\"og:url\" content=\"https:\/\/www.intoscana.it\/it\/piu-voli-dallisola-delba-a-firenze-giani-assicurata-continuita-territoriale\/\" \/>\n<meta property=\"og:site_name\" content=\"intoscana\" \/>\n<meta property=\"article:publisher\" content=\"https:\/\/www.facebook.com\/intoscana.it\" \/>\n<meta property=\"article:published_time\" content=\"2024-07-27T08:03:57+00:00\" \/>\n<meta property=\"article:modified_time\" content=\"2024-07-30T07:50:51+00:00\" \/>\n<meta property=\"og:image\" content=\"https:\/\/www.intoscana.it\/wp-content\/uploads\/Aeroporto-Elba.jpeg\" \/>\n\t<meta property=\"og:image:width\" content=\"1600\" \/>\n\t<meta property=\"og:image:height\" content=\"1200\" \/>\n\t<meta property=\"og:image:type\" content=\"image\/jpeg\" \/>\n<meta name=\"author\" content=\"Redazione\" \/>\n<meta name=\"twitter:card\" content=\"summary_large_image\" \/>\n<meta name=\"twitter:creator\" content=\"@intoscana\" \/>\n<meta name=\"twitter:site\" content=\"@intoscana\" \/>\n<meta name=\"twitter:label1\" content=\"Written by\" \/>\n\t<meta name=\"twitter:data1\" content=\"Redazione\" \/>\n\t<meta name=\"twitter:label2\" content=\"Est. reading time\" \/>\n\t<meta name=\"twitter:data2\" content=\"3 minuti\" \/>\n<script type=\"application\/ld+json\" class=\"yoast-schema-graph\">{\"@context\":\"https:\/\/schema.org\",\"@graph\":[{\"@type\":\"WebPage\",\"@id\":\"https:\/\/www.intoscana.it\/it\/piu-voli-dallisola-delba-a-firenze-giani-assicurata-continuita-territoriale\/\",\"url\":\"https:\/\/www.intoscana.it\/it\/piu-voli-dallisola-delba-a-firenze-giani-assicurata-continuita-territoriale\/\",\"name\":\"Pi\u00f9 voli dall'isola d'Elba a Firenze, Giani: \\\"Assicurata continuit\u00e0 territoriale\\\" - intoscana\",\"isPartOf\":{\"@id\":\"https:\/\/www.intoscana.it\/it\/#website\"},\"primaryImageOfPage\":{\"@id\":\"https:\/\/www.intoscana.it\/it\/piu-voli-dallisola-delba-a-firenze-giani-assicurata-continuita-territoriale\/#primaryimage\"},\"image\":{\"@id\":\"https:\/\/www.intoscana.it\/it\/piu-voli-dallisola-delba-a-firenze-giani-assicurata-continuita-territoriale\/#primaryimage\"},\"thumbnailUrl\":\"https:\/\/www.intoscana.it\/wp-content\/uploads\/Aeroporto-Elba.jpeg\",\"datePublished\":\"2024-07-27T08:03:57+00:00\",\"dateModified\":\"2024-07-30T07:50:51+00:00\",\"author\":{\"@id\":\"https:\/\/www.intoscana.it\/it\/#\/schema\/person\/9223810753230f20bd670fdd322661f8\"},\"description\":\"Pi\u00f9 voli dall'aeroporto dell'isola d'Elba per Firenze, Pisa e un collegamento con l'aeroporto Forlanini di Milano Linate durante l'estate\",\"breadcrumb\":{\"@id\":\"https:\/\/www.intoscana.it\/it\/piu-voli-dallisola-delba-a-firenze-giani-assicurata-continuita-territoriale\/#breadcrumb\"},\"inLanguage\":\"it-IT\",\"potentialAction\":[{\"@type\":\"ReadAction\",\"target\":[\"https:\/\/www.intoscana.it\/it\/piu-voli-dallisola-delba-a-firenze-giani-assicurata-continuita-territoriale\/\"]}]},{\"@type\":\"ImageObject\",\"inLanguage\":\"it-IT\",\"@id\":\"https:\/\/www.intoscana.it\/it\/piu-voli-dallisola-delba-a-firenze-giani-assicurata-continuita-territoriale\/#primaryimage\",\"url\":\"https:\/\/www.intoscana.it\/wp-content\/uploads\/Aeroporto-Elba.jpeg\",\"contentUrl\":\"https:\/\/www.intoscana.it\/wp-content\/uploads\/Aeroporto-Elba.jpeg\",\"width\":1600,\"height\":1200},{\"@type\":\"BreadcrumbList\",\"@id\":\"https:\/\/www.intoscana.it\/it\/piu-voli-dallisola-delba-a-firenze-giani-assicurata-continuita-territoriale\/#breadcrumb\",\"itemListElement\":[{\"@type\":\"ListItem\",\"position\":1,\"name\":\"Home\",\"item\":\"https:\/\/www.intoscana.it\/it\/\"},{\"@type\":\"ListItem\",\"position\":2,\"name\":\"Pi\u00f9 voli dall&#8217;isola d&#8217;Elba a Firenze, Giani: &#8220;Assicurata continuit\u00e0 territoriale&#8221;\"}]},{\"@type\":\"WebSite\",\"@id\":\"https:\/\/www.intoscana.it\/it\/#website\",\"url\":\"https:\/\/www.intoscana.it\/it\/\",\"name\":\"intoscana\",\"description\":\"\",\"potentialAction\":[{\"@type\":\"SearchAction\",\"target\":{\"@type\":\"EntryPoint\",\"urlTemplate\":\"https:\/\/www.intoscana.it\/it\/?s={search_term_string}\"},\"query-input\":{\"@type\":\"PropertyValueSpecification\",\"valueRequired\":true,\"valueName\":\"search_term_string\"}}],\"inLanguage\":\"it-IT\"},{\"@type\":\"Person\",\"@id\":\"https:\/\/www.intoscana.it\/it\/#\/schema\/person\/9223810753230f20bd670fdd322661f8\",\"name\":\"Redazione\",\"url\":\"https:\/\/www.intoscana.it\/it\/author\/redazione\/\"}]}<\/script>\n<!-- \/ Yoast SEO Premium plugin. -->","yoast_head_json":{"title":"Pi\u00f9 voli dall'isola d'Elba a Firenze, Giani: \"Assicurata continuit\u00e0 territoriale\" - intoscana","description":"Pi\u00f9 voli dall'aeroporto dell'isola d'Elba per Firenze, Pisa e un collegamento con l'aeroporto Forlanini di Milano Linate durante l'estate","robots":{"index":"index","follow":"follow","max-snippet":"max-snippet:-1","max-image-preview":"max-image-preview:large","max-video-preview":"max-video-preview:-1"},"canonical":"https:\/\/www.intoscana.it\/it\/piu-voli-dallisola-delba-a-firenze-giani-assicurata-continuita-territoriale\/","og_locale":"it_IT","og_type":"article","og_title":"Pi\u00f9 voli dall'isola d'Elba a Firenze, Giani: \"Assicurata continuit\u00e0 territoriale\"","og_description":"Pi\u00f9 voli dall'aeroporto dell'isola d'Elba per Firenze, Pisa e un collegamento con l'aeroporto Forlanini di Milano Linate durante l'estate","og_url":"https:\/\/www.intoscana.it\/it\/piu-voli-dallisola-delba-a-firenze-giani-assicurata-continuita-territoriale\/","og_site_name":"intoscana","article_publisher":"https:\/\/www.facebook.com\/intoscana.it","article_published_time":"2024-07-27T08:03:57+00:00","article_modified_time":"2024-07-30T07:50:51+00:00","og_image":[{"width":1600,"height":1200,"url":"https:\/\/www.intoscana.it\/wp-content\/uploads\/Aeroporto-Elba.jpeg","type":"image\/jpeg"}],"author":"Redazione","twitter_card":"summary_large_image","twitter_creator":"@intoscana","twitter_site":"@intoscana","twitter_misc":{"Written by":"Redazione","Est. reading time":"3 minuti"},"schema":{"@context":"https:\/\/schema.org","@graph":[{"@type":"WebPage","@id":"https:\/\/www.intoscana.it\/it\/piu-voli-dallisola-delba-a-firenze-giani-assicurata-continuita-territoriale\/","url":"https:\/\/www.intoscana.it\/it\/piu-voli-dallisola-delba-a-firenze-giani-assicurata-continuita-territoriale\/","name":"Pi\u00f9 voli dall'isola d'Elba a Firenze, Giani: \"Assicurata continuit\u00e0 territoriale\" - intoscana","isPartOf":{"@id":"https:\/\/www.intoscana.it\/it\/#website"},"primaryImageOfPage":{"@id":"https:\/\/www.intoscana.it\/it\/piu-voli-dallisola-delba-a-firenze-giani-assicurata-continuita-territoriale\/#primaryimage"},"image":{"@id":"https:\/\/www.intoscana.it\/it\/piu-voli-dallisola-delba-a-firenze-giani-assicurata-continuita-territoriale\/#primaryimage"},"thumbnailUrl":"https:\/\/www.intoscana.it\/wp-content\/uploads\/Aeroporto-Elba.jpeg","datePublished":"2024-07-27T08:03:57+00:00","dateModified":"2024-07-30T07:50:51+00:00","author":{"@id":"https:\/\/www.intoscana.it\/it\/#\/schema\/person\/9223810753230f20bd670fdd322661f8"},"description":"Pi\u00f9 voli dall'aeroporto dell'isola d'Elba per Firenze, Pisa e un collegamento con l'aeroporto Forlanini di Milano Linate durante l'estate","breadcrumb":{"@id":"https:\/\/www.intoscana.it\/it\/piu-voli-dallisola-delba-a-firenze-giani-assicurata-continuita-territoriale\/#breadcrumb"},"inLanguage":"it-IT","potentialAction":[{"@type":"ReadAction","target":["https:\/\/www.intoscana.it\/it\/piu-voli-dallisola-delba-a-firenze-giani-assicurata-continuita-territoriale\/"]}]},{"@type":"ImageObject","inLanguage":"it-IT","@id":"https:\/\/www.intoscana.it\/it\/piu-voli-dallisola-delba-a-firenze-giani-assicurata-continuita-territoriale\/#primaryimage","url":"https:\/\/www.intoscana.it\/wp-content\/uploads\/Aeroporto-Elba.jpeg","contentUrl":"https:\/\/www.intoscana.it\/wp-content\/uploads\/Aeroporto-Elba.jpeg","width":1600,"height":1200},{"@type":"BreadcrumbList","@id":"https:\/\/www.intoscana.it\/it\/piu-voli-dallisola-delba-a-firenze-giani-assicurata-continuita-territoriale\/#breadcrumb","itemListElement":[{"@type":"ListItem","position":1,"name":"Home","item":"https:\/\/www.intoscana.it\/it\/"},{"@type":"ListItem","position":2,"name":"Pi\u00f9 voli dall&#8217;isola d&#8217;Elba a Firenze, Giani: &#8220;Assicurata continuit\u00e0 territoriale&#8221;"}]},{"@type":"WebSite","@id":"https:\/\/www.intoscana.it\/it\/#website","url":"https:\/\/www.intoscana.it\/it\/","name":"intoscana","description":"","potentialAction":[{"@type":"SearchAction","target":{"@type":"EntryPoint","urlTemplate":"https:\/\/www.intoscana.it\/it\/?s={search_term_string}"},"query-input":{"@type":"PropertyValueSpecification","valueRequired":true,"valueName":"search_term_string"}}],"inLanguage":"it-IT"},{"@type":"Person","@id":"https:\/\/www.intoscana.it\/it\/#\/schema\/person\/9223810753230f20bd670fdd322661f8","name":"Redazione","url":"https:\/\/www.intoscana.it\/it\/author\/redazione\/"}]}},"_links":{"self":[{"href":"https:\/\/www.intoscana.it\/it\/wp-json\/wp\/v2\/posts\/350519","targetHints":{"allow":["GET"]}}],"collection":[{"href":"https:\/\/www.intoscana.it\/it\/wp-json\/wp\/v2\/posts"}],"about":[{"href":"https:\/\/www.intoscana.it\/it\/wp-json\/wp\/v2\/types\/post"}],"author":[{"embeddable":true,"href":"https:\/\/www.intoscana.it\/it\/wp-json\/wp\/v2\/users\/525"}],"replies":[{"embeddable":true,"href":"https:\/\/www.intoscana.it\/it\/wp-json\/wp\/v2\/comments?post=350519"}],"version-history":[{"count":8,"href":"https:\/\/www.intoscana.it\/it\/wp-json\/wp\/v2\/posts\/350519\/revisions"}],"predecessor-version":[{"id":350672,"href":"https:\/\/www.intoscana.it\/it\/wp-json\/wp\/v2\/posts\/350519\/revisions\/350672"}],"wp:featuredmedia":[{"embeddable":true,"href":"https:\/\/www.intoscana.it\/it\/wp-json\/wp\/v2\/media\/350530"}],"wp:attachment":[{"href":"https:\/\/www.intoscana.it\/it\/wp-json\/wp\/v2\/media?parent=350519"}],"wp:term":[{"taxonomy":"category","embeddable":true,"href":"https:\/\/www.intoscana.it\/it\/wp-json\/wp\/v2\/categories?post=350519"},{"taxonomy":"post_tag","embeddable":true,"href":"https:\/\/www.intoscana.it\/it\/wp-json\/wp\/v2\/tags?post=350519"}],"curies":[{"name":"wp","href":"https:\/\/api.w.org\/{rel}","templated":true}]}}