{"id":350557,"date":"2024-07-27T10:57:57","date_gmt":"2024-07-27T08:57:57","guid":{"rendered":"https:\/\/www.intoscana.it\/it\/?p=350557"},"modified":"2024-07-27T14:38:36","modified_gmt":"2024-07-27T12:38:36","slug":"incendio-al-poligono-di-prato-in-localita-galceti-due-morti-in-corso-le-operazioni-di-bonifica","status":"publish","type":"post","link":"https:\/\/www.intoscana.it\/it\/incendio-al-poligono-di-prato-in-localita-galceti-due-morti-in-corso-le-operazioni-di-bonifica\/","title":{"rendered":"Incendio al Poligono di Prato in localit\u00e0 Galceti: due morti e un ferito grave, lutto cittadino"},"content":{"rendered":"<p>\u00c8 purtroppo di<strong> due morti<\/strong> e<strong> un ferito grave trasportato al Centro grandi ustionati<\/strong> di Cisanello a Pisa il bilancio dell&#8217;<strong>incendio boschivo<\/strong> che si \u00e8 sviluppato nel pomeriggio di <strong>venerd\u00ec 26 luglio a Prato il localit\u00e0 Galceti, vicino al Poligono di Tiro.<\/strong><\/p>\n<p>Le due persone morte nell&#8217;incendio sarebbero, da quanto appreso, <strong>un uomo che lavorava nella struttura e uno che si stava allenando.<\/strong> Per la loro identificazione certa saranno necessari ulteriori accertamenti a causa delle condizioni delle salme, rinvenute carbonizzate.<\/p>\n<p>Le fiamme, partite dall\u2019interno del poligono, sospinte dal vento <strong>si sono rapidamente propagate arrivando a una pineta che si trova nell\u2019area circostante<\/strong>.<\/p>\n<p>Immediato \u00e8 stato l&#8217;invio di <strong>dieci squadre di volontariato antincendi boschivi e due elicotteri della flotta regionale<\/strong> considerato che si tratta di una zona di alto pregio ambientale con la presenza anche di abitazioni non troppo distanti dal fronte del fuoco.<\/p>\n<p><em>&#8220;Una tragedia che mi colpisce nel profondo &#8211; <\/em><strong>ha dichiarato\u00a0la sindaca di Prato, Ilaria Bugetti <\/strong><em>&#8211; sono vicina alle famiglie delle vittime. Mi stringo a loro insieme a tutta la citt\u00e0. Ci sar\u00e0 tempo per capire cosa sia successo, compito che spetta solo alla magistratura, ora \u00e8 il momento del silenzio e del dolore. Ringrazio le forze dell&#8217;ordine e i volontari per il grande lavoro che hanno fatto dal primo momento e che continuano a fare fino a che la zona non sar\u00e0 completamente in sicurezza&#8221;.<\/em><\/p>\n<p><strong>Lutto cittadino a Prato<\/strong> a proclamarlo per <strong>luned\u00ec 29 luglio il Comune di Prato.<\/strong>\u00a0 Le bandiere del palazzo comunale, spiega il Comune, &#8220;saranno esposte a mezz&#8217;asta e listate a lutto. La cittadinanza \u00e8 invitata ad osservare alle ore 16.30 <strong>un minuto di silenzio in ricordo delle due vittime<\/strong> e come segno di vicinanza alle loro famiglie&#8221;. \u00a0<strong>Resta attiva fino a revoca l&#8217;ordinanza di chiusura del parco di Galceti.<\/strong><\/p>\n<h3>Quali sono le cause dell&#8217;incendio?<\/h3>\n<p>Il rogo, in base alle prime informazioni, sarebbe partito dall&#8217;interno della struttura e <strong>potrebbe essere stato innescato dal residuo di polveri da sparo,<\/strong> altamente infiammabili, che si accumulano davanti le linee di tiro, cos\u00ec come \u00e8 gi\u00e0 avvenuto nel 2006.<\/p>\n<p>Non si esclude tuttavia che possa essere stato scatenato dal <strong>ritorno di fiamma di un&#8217;arma che stava utilizzando una delle vittime.<\/strong><\/p>\n<p><strong>Omicidio colposo plurimo e incendio<\/strong>: con queste ipotesi di reato<strong> la Procura di Prato ha aperto un fascicolo sul rogo<\/strong>. La Procura ha inoltre nominato un <strong>consulente tecnico per accertare le cause dell&#8217;incendio,<\/strong> che ha gi\u00e0 effettuato un sopralluogo, e ha incaricato un altro consulente per accertare le cause della morte delle due persone decedute e la tipologia delle lesioni riportate dalla persona sopravvissuta.<\/p>\n<h3>Le operazioni di bonifica<\/h3>\n<p>Sono proseguite per tutta la notte e con impiego di squadre di volontariato antincendi boschivi giunte anche da fuori provincia, <strong>le operazioni di bonifica per lo spegnimento e messa in sicurezza del tragico incendio,<\/strong> costato la vita a due uomini.<\/p>\n<p>Nelle zone impervie di incendio sono state realizzate cosiddette <strong>&#8220;staccate&#8221;, cio\u00e8 fasce ripulite completamente dalla vegetazione<\/strong>, per evitare la propagazione del fuoco o una sua eventuale ripartenza.<\/p>\n<p>Al momento si stima, in via provvisoria, che <strong>sia di circa 8 ettari la superficie che \u00e8 stata percorsa dalle fiamme<\/strong>. Le operazioni di bonifica e di controllo proseguiranno per tutta la giornata di sabato 27 luglio con arrivo di nuove squadre.<\/p>\n<p>Si ricorda che<strong> dal 1 luglio \u00e8 fatto divieto assoluto di abbruciamenti su tutto il territorio regionale.<\/strong><\/p>\n<h3>Nel 2006 una vittima in un altro incendio al Poligono<\/h3>\n<p>Al Poligono di Prato <strong>anche 18 anni fa ci fu un rogo costato la vita un dipendente 77enne<\/strong>, deceduto successivamente nel reparto grandi ustionati dell&#8217;ospedale Gaslini di Genova.<\/p>\n<p><strong>Era il 4 luglio 2006<\/strong> quando fiamme si svilupparono accidentalmente mentre, questa la ricostruzione allora, una guardia giurata si stava esercitando. Il vigilante rimase ferito in modo non grave.<\/p>\n<p><strong>Elio Carlesi, rifugiatosi nell&#8217;armeria del poligono, riport\u00f2 invece gravi ustioni e una forte intossicazione e mor\u00ec<\/strong> oltre un mese e mezzo dopo all&#8217;ospedale di Genova.<\/p>\n<figure id=\"post-350558 media-350558\" class=\"align-none\"><img decoding=\"async\" src=\"https:\/\/www.intoscana.it\/wp-content\/uploads\/15c8ea83-086a-48ce-926f-d56d9a64a857.jpg\" alt=\"\" \/><\/figure>\n<div class=\"titleimg\"><\/div>\n","protected":false},"excerpt":{"rendered":"<p>Si stima, in via provvisoria, che sia di circa 8 ettari la superficie che \u00e8 stata percorsa dalle fiamme. Le operazioni di bonifica e di controllo proseguiranno per tutta la giornata di sabato 27 luglio con arrivo di nuove squadre di volontariato antincendi boschivi<\/p>\n","protected":false},"author":518,"featured_media":350559,"comment_status":"open","ping_status":"open","sticky":false,"template":"","format":"standard","meta":{"_acf_changed":false,"footnotes":""},"categories":[494],"tags":[4433,151],"class_list":["post-350557","post","type-post","status-publish","format-standard","has-post-thumbnail","hentry","category-attualita","tag-incendio","tag-regione-toscana"],"acf":[],"yoast_head":"<!-- This site is optimized with the Yoast SEO Premium plugin v24.2 (Yoast SEO v25.6) - https:\/\/yoast.com\/wordpress\/plugins\/seo\/ -->\n<title>Incendio al Poligono di Prato in localit\u00e0 Galceti: due morti e un ferito grave, lutto cittadino - intoscana<\/title>\n<meta name=\"description\" content=\"Si stima, in via provvisoria, che sia di circa 8 ettari la superficie che \u00e8 stata percorsa dalle fiamme, purtroppo due le vittime\" \/>\n<meta name=\"robots\" content=\"index, follow, max-snippet:-1, max-image-preview:large, max-video-preview:-1\" \/>\n<link rel=\"canonical\" href=\"https:\/\/www.intoscana.it\/it\/incendio-al-poligono-di-prato-in-localita-galceti-due-morti-in-corso-le-operazioni-di-bonifica\/\" \/>\n<meta property=\"og:locale\" content=\"it_IT\" \/>\n<meta property=\"og:type\" content=\"article\" \/>\n<meta property=\"og:title\" content=\"Incendio al Poligono di Prato in localit\u00e0 Galceti: due morti e un ferito grave, lutto cittadino\" \/>\n<meta property=\"og:description\" content=\"Si stima, in via provvisoria, che sia di circa 8 ettari la superficie che \u00e8 stata percorsa dalle fiamme, purtroppo due le vittime\" \/>\n<meta property=\"og:url\" content=\"https:\/\/www.intoscana.it\/it\/incendio-al-poligono-di-prato-in-localita-galceti-due-morti-in-corso-le-operazioni-di-bonifica\/\" \/>\n<meta property=\"og:site_name\" content=\"intoscana\" \/>\n<meta property=\"article:publisher\" content=\"https:\/\/www.facebook.com\/intoscana.it\" \/>\n<meta property=\"article:published_time\" content=\"2024-07-27T08:57:57+00:00\" \/>\n<meta property=\"article:modified_time\" content=\"2024-07-27T12:38:36+00:00\" \/>\n<meta property=\"og:image\" content=\"https:\/\/www.intoscana.it\/wp-content\/uploads\/76806005-ca03-4ff0-8835-6aa1918e79c4-e1722070022538.jpg\" \/>\n\t<meta property=\"og:image:width\" content=\"1200\" \/>\n\t<meta property=\"og:image:height\" content=\"968\" \/>\n\t<meta property=\"og:image:type\" content=\"image\/jpeg\" \/>\n<meta name=\"author\" content=\"Costanza Baldini\" \/>\n<meta name=\"twitter:card\" content=\"summary_large_image\" \/>\n<meta name=\"twitter:creator\" content=\"@intoscana\" \/>\n<meta name=\"twitter:site\" content=\"@intoscana\" \/>\n<meta name=\"twitter:label1\" content=\"Written by\" \/>\n\t<meta name=\"twitter:data1\" content=\"Costanza Baldini\" \/>\n\t<meta name=\"twitter:label2\" content=\"Est. reading time\" \/>\n\t<meta name=\"twitter:data2\" content=\"4 minuti\" \/>\n<script type=\"application\/ld+json\" class=\"yoast-schema-graph\">{\"@context\":\"https:\/\/schema.org\",\"@graph\":[{\"@type\":\"WebPage\",\"@id\":\"https:\/\/www.intoscana.it\/it\/incendio-al-poligono-di-prato-in-localita-galceti-due-morti-in-corso-le-operazioni-di-bonifica\/\",\"url\":\"https:\/\/www.intoscana.it\/it\/incendio-al-poligono-di-prato-in-localita-galceti-due-morti-in-corso-le-operazioni-di-bonifica\/\",\"name\":\"Incendio al Poligono di Prato in localit\u00e0 Galceti: due morti e un ferito grave, lutto cittadino - intoscana\",\"isPartOf\":{\"@id\":\"https:\/\/www.intoscana.it\/it\/#website\"},\"primaryImageOfPage\":{\"@id\":\"https:\/\/www.intoscana.it\/it\/incendio-al-poligono-di-prato-in-localita-galceti-due-morti-in-corso-le-operazioni-di-bonifica\/#primaryimage\"},\"image\":{\"@id\":\"https:\/\/www.intoscana.it\/it\/incendio-al-poligono-di-prato-in-localita-galceti-due-morti-in-corso-le-operazioni-di-bonifica\/#primaryimage\"},\"thumbnailUrl\":\"https:\/\/www.intoscana.it\/wp-content\/uploads\/76806005-ca03-4ff0-8835-6aa1918e79c4-e1722070022538.jpg\",\"datePublished\":\"2024-07-27T08:57:57+00:00\",\"dateModified\":\"2024-07-27T12:38:36+00:00\",\"author\":{\"@id\":\"https:\/\/www.intoscana.it\/it\/#\/schema\/person\/d469f35f09739bdf00bf5dd3f0647a82\"},\"description\":\"Si stima, in via provvisoria, che sia di circa 8 ettari la superficie che \u00e8 stata percorsa dalle fiamme, purtroppo due le vittime\",\"breadcrumb\":{\"@id\":\"https:\/\/www.intoscana.it\/it\/incendio-al-poligono-di-prato-in-localita-galceti-due-morti-in-corso-le-operazioni-di-bonifica\/#breadcrumb\"},\"inLanguage\":\"it-IT\",\"potentialAction\":[{\"@type\":\"ReadAction\",\"target\":[\"https:\/\/www.intoscana.it\/it\/incendio-al-poligono-di-prato-in-localita-galceti-due-morti-in-corso-le-operazioni-di-bonifica\/\"]}]},{\"@type\":\"ImageObject\",\"inLanguage\":\"it-IT\",\"@id\":\"https:\/\/www.intoscana.it\/it\/incendio-al-poligono-di-prato-in-localita-galceti-due-morti-in-corso-le-operazioni-di-bonifica\/#primaryimage\",\"url\":\"https:\/\/www.intoscana.it\/wp-content\/uploads\/76806005-ca03-4ff0-8835-6aa1918e79c4-e1722070022538.jpg\",\"contentUrl\":\"https:\/\/www.intoscana.it\/wp-content\/uploads\/76806005-ca03-4ff0-8835-6aa1918e79c4-e1722070022538.jpg\",\"width\":1200,\"height\":968},{\"@type\":\"BreadcrumbList\",\"@id\":\"https:\/\/www.intoscana.it\/it\/incendio-al-poligono-di-prato-in-localita-galceti-due-morti-in-corso-le-operazioni-di-bonifica\/#breadcrumb\",\"itemListElement\":[{\"@type\":\"ListItem\",\"position\":1,\"name\":\"Home\",\"item\":\"https:\/\/www.intoscana.it\/it\/\"},{\"@type\":\"ListItem\",\"position\":2,\"name\":\"Incendio al Poligono di Prato in localit\u00e0 Galceti: due morti e un ferito grave, lutto cittadino\"}]},{\"@type\":\"WebSite\",\"@id\":\"https:\/\/www.intoscana.it\/it\/#website\",\"url\":\"https:\/\/www.intoscana.it\/it\/\",\"name\":\"intoscana\",\"description\":\"\",\"potentialAction\":[{\"@type\":\"SearchAction\",\"target\":{\"@type\":\"EntryPoint\",\"urlTemplate\":\"https:\/\/www.intoscana.it\/it\/?s={search_term_string}\"},\"query-input\":{\"@type\":\"PropertyValueSpecification\",\"valueRequired\":true,\"valueName\":\"search_term_string\"}}],\"inLanguage\":\"it-IT\"},{\"@type\":\"Person\",\"@id\":\"https:\/\/www.intoscana.it\/it\/#\/schema\/person\/d469f35f09739bdf00bf5dd3f0647a82\",\"name\":\"Costanza Baldini\",\"url\":\"https:\/\/www.intoscana.it\/it\/author\/costanza-baldini\/\"}]}<\/script>\n<!-- \/ Yoast SEO Premium plugin. -->","yoast_head_json":{"title":"Incendio al Poligono di Prato in localit\u00e0 Galceti: due morti e un ferito grave, lutto cittadino - intoscana","description":"Si stima, in via provvisoria, che sia di circa 8 ettari la superficie che \u00e8 stata percorsa dalle fiamme, purtroppo due le vittime","robots":{"index":"index","follow":"follow","max-snippet":"max-snippet:-1","max-image-preview":"max-image-preview:large","max-video-preview":"max-video-preview:-1"},"canonical":"https:\/\/www.intoscana.it\/it\/incendio-al-poligono-di-prato-in-localita-galceti-due-morti-in-corso-le-operazioni-di-bonifica\/","og_locale":"it_IT","og_type":"article","og_title":"Incendio al Poligono di Prato in localit\u00e0 Galceti: due morti e un ferito grave, lutto cittadino","og_description":"Si stima, in via provvisoria, che sia di circa 8 ettari la superficie che \u00e8 stata percorsa dalle fiamme, purtroppo due le vittime","og_url":"https:\/\/www.intoscana.it\/it\/incendio-al-poligono-di-prato-in-localita-galceti-due-morti-in-corso-le-operazioni-di-bonifica\/","og_site_name":"intoscana","article_publisher":"https:\/\/www.facebook.com\/intoscana.it","article_published_time":"2024-07-27T08:57:57+00:00","article_modified_time":"2024-07-27T12:38:36+00:00","og_image":[{"width":1200,"height":968,"url":"https:\/\/www.intoscana.it\/wp-content\/uploads\/76806005-ca03-4ff0-8835-6aa1918e79c4-e1722070022538.jpg","type":"image\/jpeg"}],"author":"Costanza Baldini","twitter_card":"summary_large_image","twitter_creator":"@intoscana","twitter_site":"@intoscana","twitter_misc":{"Written by":"Costanza Baldini","Est. reading time":"4 minuti"},"schema":{"@context":"https:\/\/schema.org","@graph":[{"@type":"WebPage","@id":"https:\/\/www.intoscana.it\/it\/incendio-al-poligono-di-prato-in-localita-galceti-due-morti-in-corso-le-operazioni-di-bonifica\/","url":"https:\/\/www.intoscana.it\/it\/incendio-al-poligono-di-prato-in-localita-galceti-due-morti-in-corso-le-operazioni-di-bonifica\/","name":"Incendio al Poligono di Prato in localit\u00e0 Galceti: due morti e un ferito grave, lutto cittadino - intoscana","isPartOf":{"@id":"https:\/\/www.intoscana.it\/it\/#website"},"primaryImageOfPage":{"@id":"https:\/\/www.intoscana.it\/it\/incendio-al-poligono-di-prato-in-localita-galceti-due-morti-in-corso-le-operazioni-di-bonifica\/#primaryimage"},"image":{"@id":"https:\/\/www.intoscana.it\/it\/incendio-al-poligono-di-prato-in-localita-galceti-due-morti-in-corso-le-operazioni-di-bonifica\/#primaryimage"},"thumbnailUrl":"https:\/\/www.intoscana.it\/wp-content\/uploads\/76806005-ca03-4ff0-8835-6aa1918e79c4-e1722070022538.jpg","datePublished":"2024-07-27T08:57:57+00:00","dateModified":"2024-07-27T12:38:36+00:00","author":{"@id":"https:\/\/www.intoscana.it\/it\/#\/schema\/person\/d469f35f09739bdf00bf5dd3f0647a82"},"description":"Si stima, in via provvisoria, che sia di circa 8 ettari la superficie che \u00e8 stata percorsa dalle fiamme, purtroppo due le vittime","breadcrumb":{"@id":"https:\/\/www.intoscana.it\/it\/incendio-al-poligono-di-prato-in-localita-galceti-due-morti-in-corso-le-operazioni-di-bonifica\/#breadcrumb"},"inLanguage":"it-IT","potentialAction":[{"@type":"ReadAction","target":["https:\/\/www.intoscana.it\/it\/incendio-al-poligono-di-prato-in-localita-galceti-due-morti-in-corso-le-operazioni-di-bonifica\/"]}]},{"@type":"ImageObject","inLanguage":"it-IT","@id":"https:\/\/www.intoscana.it\/it\/incendio-al-poligono-di-prato-in-localita-galceti-due-morti-in-corso-le-operazioni-di-bonifica\/#primaryimage","url":"https:\/\/www.intoscana.it\/wp-content\/uploads\/76806005-ca03-4ff0-8835-6aa1918e79c4-e1722070022538.jpg","contentUrl":"https:\/\/www.intoscana.it\/wp-content\/uploads\/76806005-ca03-4ff0-8835-6aa1918e79c4-e1722070022538.jpg","width":1200,"height":968},{"@type":"BreadcrumbList","@id":"https:\/\/www.intoscana.it\/it\/incendio-al-poligono-di-prato-in-localita-galceti-due-morti-in-corso-le-operazioni-di-bonifica\/#breadcrumb","itemListElement":[{"@type":"ListItem","position":1,"name":"Home","item":"https:\/\/www.intoscana.it\/it\/"},{"@type":"ListItem","position":2,"name":"Incendio al Poligono di Prato in localit\u00e0 Galceti: due morti e un ferito grave, lutto cittadino"}]},{"@type":"WebSite","@id":"https:\/\/www.intoscana.it\/it\/#website","url":"https:\/\/www.intoscana.it\/it\/","name":"intoscana","description":"","potentialAction":[{"@type":"SearchAction","target":{"@type":"EntryPoint","urlTemplate":"https:\/\/www.intoscana.it\/it\/?s={search_term_string}"},"query-input":{"@type":"PropertyValueSpecification","valueRequired":true,"valueName":"search_term_string"}}],"inLanguage":"it-IT"},{"@type":"Person","@id":"https:\/\/www.intoscana.it\/it\/#\/schema\/person\/d469f35f09739bdf00bf5dd3f0647a82","name":"Costanza Baldini","url":"https:\/\/www.intoscana.it\/it\/author\/costanza-baldini\/"}]}},"_links":{"self":[{"href":"https:\/\/www.intoscana.it\/it\/wp-json\/wp\/v2\/posts\/350557","targetHints":{"allow":["GET"]}}],"collection":[{"href":"https:\/\/www.intoscana.it\/it\/wp-json\/wp\/v2\/posts"}],"about":[{"href":"https:\/\/www.intoscana.it\/it\/wp-json\/wp\/v2\/types\/post"}],"author":[{"embeddable":true,"href":"https:\/\/www.intoscana.it\/it\/wp-json\/wp\/v2\/users\/518"}],"replies":[{"embeddable":true,"href":"https:\/\/www.intoscana.it\/it\/wp-json\/wp\/v2\/comments?post=350557"}],"version-history":[{"count":16,"href":"https:\/\/www.intoscana.it\/it\/wp-json\/wp\/v2\/posts\/350557\/revisions"}],"predecessor-version":[{"id":350590,"href":"https:\/\/www.intoscana.it\/it\/wp-json\/wp\/v2\/posts\/350557\/revisions\/350590"}],"wp:featuredmedia":[{"embeddable":true,"href":"https:\/\/www.intoscana.it\/it\/wp-json\/wp\/v2\/media\/350559"}],"wp:attachment":[{"href":"https:\/\/www.intoscana.it\/it\/wp-json\/wp\/v2\/media?parent=350557"}],"wp:term":[{"taxonomy":"category","embeddable":true,"href":"https:\/\/www.intoscana.it\/it\/wp-json\/wp\/v2\/categories?post=350557"},{"taxonomy":"post_tag","embeddable":true,"href":"https:\/\/www.intoscana.it\/it\/wp-json\/wp\/v2\/tags?post=350557"}],"curies":[{"name":"wp","href":"https:\/\/api.w.org\/{rel}","templated":true}]}}