{"id":350591,"date":"2024-07-27T15:40:00","date_gmt":"2024-07-27T13:40:00","guid":{"rendered":"https:\/\/www.intoscana.it\/it\/?p=350591"},"modified":"2024-07-30T09:45:02","modified_gmt":"2024-07-30T07:45:02","slug":"dialisi-in-vacanza-servizio-esteso-in-tutta-la-toscana-fino-alla-fine-di-settembre","status":"publish","type":"post","link":"https:\/\/www.intoscana.it\/it\/dialisi-in-vacanza-servizio-esteso-in-tutta-la-toscana-fino-alla-fine-di-settembre\/","title":{"rendered":"Dialisi in vacanza, servizio esteso in tutta la Toscana fino alla fine di settembre"},"content":{"rendered":"<p>Il servizio di <strong>dialisi in vacanza<\/strong> proseguir\u00e0 per tutto il mese di settembre: un\u2019esigenza che nasce dal <strong>prolungarsi della stagione turistica<\/strong>. In alcune realt\u00e0 era gi\u00e0 cos\u00ec. Ora l\u2019estensione sar\u00e0 garantita ovunque<strong> in tutte le Asl della Toscana.<\/strong><\/p>\n<p><em>&#8220;Si tratta di un servizio storico attivo oramai da tempo nella nostra Regione che fin dall&#8217;inizio \u00e8 stato pensato non solo per i toscani ma per tutti coloro che scelgono la Toscana per le proprie vacanze, mettendo a disposizione la qualit\u00e0 delle nostre strutture pubbliche&#8221; <\/em><strong>spiega il presidente della Regione Toscana Eugenio Giani<\/strong><\/p>\n<p><em>\u201cA seguito di un confronto con il collega Marras, abbiamo deciso di estendere al mese di settembre, in tutte le Asl della Toscana, il servizio \u2013<\/em><strong> commenta l\u2019assessore al diritto alla salute Simone Bezzini <\/strong><em>\u2013: una risposta alle nuove tendenze dei flussi che caratterizzano la stagione turistica, ormai estesa oltre il mese di agosto. L\u2019obiettivo rimane sempre quello alla base del progetto: tenere insieme tutela del diritto alla salute e qualit\u00e0 della vita, garantendo alle persone in dialisi di usufruire di questo servizio durante il loro soggiorno in Toscana\u201d.<\/em><\/p>\n<p>La Regione anche quest\u2019anno ha messo a disposizione <strong>160 mila euro per garantire la dialisi in vacanza:<\/strong> un\u2019iniziativa storica, promossa da una ventina di anni e pensata per venire in aiuto delle persone in dialisi che diversamente sarebbero in difficolt\u00e0 a programmare un periodo distante dalla propria abitazione.<\/p>\n<p>L\u2019opportunit\u00e0 non si rivolge solo ai cittadini toscani: \u00e8 estesa a<strong> chiunque, italiano o straniero, scelga la Toscana per un periodio di vacanza.<\/strong><\/p>\n<p><strong>Nel 2023 sono state circa cinquecento le persone che hanno usufruito del progetto,<\/strong> per un totale di 3500 trattamenti, ed anche quest\u2019anno la risposta \u00e8 stata massiccia.<\/p>\n<p>Chi volesse usufruire del servizio pu\u00f2 mettersi in contatto con le strutture di interesse. I riferimenti telefonici e le email dei centri dialisi che aderiscono al progetto sono disponibili sul sito ufficiale della Regione Toscana all\u2019indirizzo<a href=\"https:\/\/www.regione.toscana.it\/-\/dialisi-in-vacanza-1\" target=\"_blank\" rel=\"noopener\"><strong> https:\/\/www.regione.toscana.it\/-\/dialisi-in-vacanza-1.<\/strong><\/a><\/p>\n","protected":false},"excerpt":{"rendered":"<p>La stagione turistica si allunga e il servizio sanitario regionale si adegua alle necessit\u00e0 dei pazienti che vengono a trascorre le vacanze in Toscana<\/p>\n","protected":false},"author":525,"featured_media":99888,"comment_status":"open","ping_status":"open","sticky":false,"template":"","format":"standard","meta":{"_acf_changed":false,"footnotes":""},"categories":[18],"tags":[4911,151,349],"class_list":["post-350591","post","type-post","status-publish","format-standard","has-post-thumbnail","hentry","category-salute","tag-diabete","tag-regione-toscana","tag-sanita"],"acf":[],"yoast_head":"<!-- This site is optimized with the Yoast SEO Premium plugin v24.2 (Yoast SEO v25.6) - https:\/\/yoast.com\/wordpress\/plugins\/seo\/ -->\n<title>Dialisi in vacanza, servizio esteso in tutta la Toscana fino alla fine di settembre - intoscana<\/title>\n<meta name=\"description\" content=\"La stagione turistica si allunga e il servizio sanitario regionale si adegua alle necessit\u00e0 dei pazienti che vengono in vacanza in Toscana\" \/>\n<meta name=\"robots\" content=\"index, follow, max-snippet:-1, max-image-preview:large, max-video-preview:-1\" \/>\n<link rel=\"canonical\" href=\"https:\/\/www.intoscana.it\/it\/dialisi-in-vacanza-servizio-esteso-in-tutta-la-toscana-fino-alla-fine-di-settembre\/\" \/>\n<meta property=\"og:locale\" content=\"it_IT\" \/>\n<meta property=\"og:type\" content=\"article\" \/>\n<meta property=\"og:title\" content=\"Dialisi in vacanza, servizio esteso in tutta la Toscana fino alla fine di settembre\" \/>\n<meta property=\"og:description\" content=\"La stagione turistica si allunga e il servizio sanitario regionale si adegua alle necessit\u00e0 dei pazienti che vengono in vacanza in Toscana\" \/>\n<meta property=\"og:url\" content=\"https:\/\/www.intoscana.it\/it\/dialisi-in-vacanza-servizio-esteso-in-tutta-la-toscana-fino-alla-fine-di-settembre\/\" \/>\n<meta property=\"og:site_name\" content=\"intoscana\" \/>\n<meta property=\"article:publisher\" content=\"https:\/\/www.facebook.com\/intoscana.it\" \/>\n<meta property=\"article:published_time\" content=\"2024-07-27T13:40:00+00:00\" \/>\n<meta property=\"article:modified_time\" content=\"2024-07-30T07:45:02+00:00\" \/>\n<meta property=\"og:image\" content=\"https:\/\/www.intoscana.it\/wp-content\/uploads\/dialisi.jpg\" \/>\n\t<meta property=\"og:image:width\" content=\"2000\" \/>\n\t<meta property=\"og:image:height\" content=\"1333\" \/>\n\t<meta property=\"og:image:type\" content=\"image\/jpeg\" \/>\n<meta name=\"author\" content=\"Redazione\" \/>\n<meta name=\"twitter:card\" content=\"summary_large_image\" \/>\n<meta name=\"twitter:creator\" content=\"@intoscana\" \/>\n<meta name=\"twitter:site\" content=\"@intoscana\" \/>\n<meta name=\"twitter:label1\" content=\"Written by\" \/>\n\t<meta name=\"twitter:data1\" content=\"Redazione\" \/>\n\t<meta name=\"twitter:label2\" content=\"Est. reading time\" \/>\n\t<meta name=\"twitter:data2\" content=\"2 minuti\" \/>\n<script type=\"application\/ld+json\" class=\"yoast-schema-graph\">{\"@context\":\"https:\/\/schema.org\",\"@graph\":[{\"@type\":\"WebPage\",\"@id\":\"https:\/\/www.intoscana.it\/it\/dialisi-in-vacanza-servizio-esteso-in-tutta-la-toscana-fino-alla-fine-di-settembre\/\",\"url\":\"https:\/\/www.intoscana.it\/it\/dialisi-in-vacanza-servizio-esteso-in-tutta-la-toscana-fino-alla-fine-di-settembre\/\",\"name\":\"Dialisi in vacanza, servizio esteso in tutta la Toscana fino alla fine di settembre - intoscana\",\"isPartOf\":{\"@id\":\"https:\/\/www.intoscana.it\/it\/#website\"},\"primaryImageOfPage\":{\"@id\":\"https:\/\/www.intoscana.it\/it\/dialisi-in-vacanza-servizio-esteso-in-tutta-la-toscana-fino-alla-fine-di-settembre\/#primaryimage\"},\"image\":{\"@id\":\"https:\/\/www.intoscana.it\/it\/dialisi-in-vacanza-servizio-esteso-in-tutta-la-toscana-fino-alla-fine-di-settembre\/#primaryimage\"},\"thumbnailUrl\":\"https:\/\/www.intoscana.it\/wp-content\/uploads\/dialisi.jpg\",\"datePublished\":\"2024-07-27T13:40:00+00:00\",\"dateModified\":\"2024-07-30T07:45:02+00:00\",\"author\":{\"@id\":\"https:\/\/www.intoscana.it\/it\/#\/schema\/person\/9223810753230f20bd670fdd322661f8\"},\"description\":\"La stagione turistica si allunga e il servizio sanitario regionale si adegua alle necessit\u00e0 dei pazienti che vengono in vacanza in Toscana\",\"breadcrumb\":{\"@id\":\"https:\/\/www.intoscana.it\/it\/dialisi-in-vacanza-servizio-esteso-in-tutta-la-toscana-fino-alla-fine-di-settembre\/#breadcrumb\"},\"inLanguage\":\"it-IT\",\"potentialAction\":[{\"@type\":\"ReadAction\",\"target\":[\"https:\/\/www.intoscana.it\/it\/dialisi-in-vacanza-servizio-esteso-in-tutta-la-toscana-fino-alla-fine-di-settembre\/\"]}]},{\"@type\":\"ImageObject\",\"inLanguage\":\"it-IT\",\"@id\":\"https:\/\/www.intoscana.it\/it\/dialisi-in-vacanza-servizio-esteso-in-tutta-la-toscana-fino-alla-fine-di-settembre\/#primaryimage\",\"url\":\"https:\/\/www.intoscana.it\/wp-content\/uploads\/dialisi.jpg\",\"contentUrl\":\"https:\/\/www.intoscana.it\/wp-content\/uploads\/dialisi.jpg\",\"width\":2000,\"height\":1333},{\"@type\":\"BreadcrumbList\",\"@id\":\"https:\/\/www.intoscana.it\/it\/dialisi-in-vacanza-servizio-esteso-in-tutta-la-toscana-fino-alla-fine-di-settembre\/#breadcrumb\",\"itemListElement\":[{\"@type\":\"ListItem\",\"position\":1,\"name\":\"Home\",\"item\":\"https:\/\/www.intoscana.it\/it\/\"},{\"@type\":\"ListItem\",\"position\":2,\"name\":\"Dialisi in vacanza, servizio esteso in tutta la Toscana fino alla fine di settembre\"}]},{\"@type\":\"WebSite\",\"@id\":\"https:\/\/www.intoscana.it\/it\/#website\",\"url\":\"https:\/\/www.intoscana.it\/it\/\",\"name\":\"intoscana\",\"description\":\"\",\"potentialAction\":[{\"@type\":\"SearchAction\",\"target\":{\"@type\":\"EntryPoint\",\"urlTemplate\":\"https:\/\/www.intoscana.it\/it\/?s={search_term_string}\"},\"query-input\":{\"@type\":\"PropertyValueSpecification\",\"valueRequired\":true,\"valueName\":\"search_term_string\"}}],\"inLanguage\":\"it-IT\"},{\"@type\":\"Person\",\"@id\":\"https:\/\/www.intoscana.it\/it\/#\/schema\/person\/9223810753230f20bd670fdd322661f8\",\"name\":\"Redazione\",\"url\":\"https:\/\/www.intoscana.it\/it\/author\/redazione\/\"}]}<\/script>\n<!-- \/ Yoast SEO Premium plugin. -->","yoast_head_json":{"title":"Dialisi in vacanza, servizio esteso in tutta la Toscana fino alla fine di settembre - intoscana","description":"La stagione turistica si allunga e il servizio sanitario regionale si adegua alle necessit\u00e0 dei pazienti che vengono in vacanza in Toscana","robots":{"index":"index","follow":"follow","max-snippet":"max-snippet:-1","max-image-preview":"max-image-preview:large","max-video-preview":"max-video-preview:-1"},"canonical":"https:\/\/www.intoscana.it\/it\/dialisi-in-vacanza-servizio-esteso-in-tutta-la-toscana-fino-alla-fine-di-settembre\/","og_locale":"it_IT","og_type":"article","og_title":"Dialisi in vacanza, servizio esteso in tutta la Toscana fino alla fine di settembre","og_description":"La stagione turistica si allunga e il servizio sanitario regionale si adegua alle necessit\u00e0 dei pazienti che vengono in vacanza in Toscana","og_url":"https:\/\/www.intoscana.it\/it\/dialisi-in-vacanza-servizio-esteso-in-tutta-la-toscana-fino-alla-fine-di-settembre\/","og_site_name":"intoscana","article_publisher":"https:\/\/www.facebook.com\/intoscana.it","article_published_time":"2024-07-27T13:40:00+00:00","article_modified_time":"2024-07-30T07:45:02+00:00","og_image":[{"width":2000,"height":1333,"url":"https:\/\/www.intoscana.it\/wp-content\/uploads\/dialisi.jpg","type":"image\/jpeg"}],"author":"Redazione","twitter_card":"summary_large_image","twitter_creator":"@intoscana","twitter_site":"@intoscana","twitter_misc":{"Written by":"Redazione","Est. reading time":"2 minuti"},"schema":{"@context":"https:\/\/schema.org","@graph":[{"@type":"WebPage","@id":"https:\/\/www.intoscana.it\/it\/dialisi-in-vacanza-servizio-esteso-in-tutta-la-toscana-fino-alla-fine-di-settembre\/","url":"https:\/\/www.intoscana.it\/it\/dialisi-in-vacanza-servizio-esteso-in-tutta-la-toscana-fino-alla-fine-di-settembre\/","name":"Dialisi in vacanza, servizio esteso in tutta la Toscana fino alla fine di settembre - intoscana","isPartOf":{"@id":"https:\/\/www.intoscana.it\/it\/#website"},"primaryImageOfPage":{"@id":"https:\/\/www.intoscana.it\/it\/dialisi-in-vacanza-servizio-esteso-in-tutta-la-toscana-fino-alla-fine-di-settembre\/#primaryimage"},"image":{"@id":"https:\/\/www.intoscana.it\/it\/dialisi-in-vacanza-servizio-esteso-in-tutta-la-toscana-fino-alla-fine-di-settembre\/#primaryimage"},"thumbnailUrl":"https:\/\/www.intoscana.it\/wp-content\/uploads\/dialisi.jpg","datePublished":"2024-07-27T13:40:00+00:00","dateModified":"2024-07-30T07:45:02+00:00","author":{"@id":"https:\/\/www.intoscana.it\/it\/#\/schema\/person\/9223810753230f20bd670fdd322661f8"},"description":"La stagione turistica si allunga e il servizio sanitario regionale si adegua alle necessit\u00e0 dei pazienti che vengono in vacanza in Toscana","breadcrumb":{"@id":"https:\/\/www.intoscana.it\/it\/dialisi-in-vacanza-servizio-esteso-in-tutta-la-toscana-fino-alla-fine-di-settembre\/#breadcrumb"},"inLanguage":"it-IT","potentialAction":[{"@type":"ReadAction","target":["https:\/\/www.intoscana.it\/it\/dialisi-in-vacanza-servizio-esteso-in-tutta-la-toscana-fino-alla-fine-di-settembre\/"]}]},{"@type":"ImageObject","inLanguage":"it-IT","@id":"https:\/\/www.intoscana.it\/it\/dialisi-in-vacanza-servizio-esteso-in-tutta-la-toscana-fino-alla-fine-di-settembre\/#primaryimage","url":"https:\/\/www.intoscana.it\/wp-content\/uploads\/dialisi.jpg","contentUrl":"https:\/\/www.intoscana.it\/wp-content\/uploads\/dialisi.jpg","width":2000,"height":1333},{"@type":"BreadcrumbList","@id":"https:\/\/www.intoscana.it\/it\/dialisi-in-vacanza-servizio-esteso-in-tutta-la-toscana-fino-alla-fine-di-settembre\/#breadcrumb","itemListElement":[{"@type":"ListItem","position":1,"name":"Home","item":"https:\/\/www.intoscana.it\/it\/"},{"@type":"ListItem","position":2,"name":"Dialisi in vacanza, servizio esteso in tutta la Toscana fino alla fine di settembre"}]},{"@type":"WebSite","@id":"https:\/\/www.intoscana.it\/it\/#website","url":"https:\/\/www.intoscana.it\/it\/","name":"intoscana","description":"","potentialAction":[{"@type":"SearchAction","target":{"@type":"EntryPoint","urlTemplate":"https:\/\/www.intoscana.it\/it\/?s={search_term_string}"},"query-input":{"@type":"PropertyValueSpecification","valueRequired":true,"valueName":"search_term_string"}}],"inLanguage":"it-IT"},{"@type":"Person","@id":"https:\/\/www.intoscana.it\/it\/#\/schema\/person\/9223810753230f20bd670fdd322661f8","name":"Redazione","url":"https:\/\/www.intoscana.it\/it\/author\/redazione\/"}]}},"_links":{"self":[{"href":"https:\/\/www.intoscana.it\/it\/wp-json\/wp\/v2\/posts\/350591","targetHints":{"allow":["GET"]}}],"collection":[{"href":"https:\/\/www.intoscana.it\/it\/wp-json\/wp\/v2\/posts"}],"about":[{"href":"https:\/\/www.intoscana.it\/it\/wp-json\/wp\/v2\/types\/post"}],"author":[{"embeddable":true,"href":"https:\/\/www.intoscana.it\/it\/wp-json\/wp\/v2\/users\/525"}],"replies":[{"embeddable":true,"href":"https:\/\/www.intoscana.it\/it\/wp-json\/wp\/v2\/comments?post=350591"}],"version-history":[{"count":1,"href":"https:\/\/www.intoscana.it\/it\/wp-json\/wp\/v2\/posts\/350591\/revisions"}],"predecessor-version":[{"id":350592,"href":"https:\/\/www.intoscana.it\/it\/wp-json\/wp\/v2\/posts\/350591\/revisions\/350592"}],"wp:featuredmedia":[{"embeddable":true,"href":"https:\/\/www.intoscana.it\/it\/wp-json\/wp\/v2\/media\/99888"}],"wp:attachment":[{"href":"https:\/\/www.intoscana.it\/it\/wp-json\/wp\/v2\/media?parent=350591"}],"wp:term":[{"taxonomy":"category","embeddable":true,"href":"https:\/\/www.intoscana.it\/it\/wp-json\/wp\/v2\/categories?post=350591"},{"taxonomy":"post_tag","embeddable":true,"href":"https:\/\/www.intoscana.it\/it\/wp-json\/wp\/v2\/tags?post=350591"}],"curies":[{"name":"wp","href":"https:\/\/api.w.org\/{rel}","templated":true}]}}