{"id":350742,"date":"2024-07-29T17:21:13","date_gmt":"2024-07-29T15:21:13","guid":{"rendered":"https:\/\/www.intoscana.it\/it\/?p=350742"},"modified":"2024-07-30T09:16:01","modified_gmt":"2024-07-30T07:16:01","slug":"laguna-di-orbetello-prosegue-il-monitoraggio-in-sinergia-col-comune","status":"publish","type":"post","link":"https:\/\/www.intoscana.it\/it\/laguna-di-orbetello-prosegue-il-monitoraggio-in-sinergia-col-comune\/","title":{"rendered":"Laguna di Orbetello, prosegue il monitoraggio in sinergia col Comune"},"content":{"rendered":"<p>Gli assessori regionali all\u2019ambiente <strong>Monia Monni<\/strong> e al turismo <strong>Leonardo Marras<\/strong> hanno effettuato un sopralluogo alla <strong>Laguna di Orbetello<\/strong> insieme al sindaco <strong>Andrea Casamenti<\/strong> dopo la grave moria di pesci dei giorni scorsi.<\/p>\n<p>\u201cLa situazione, grazie al vento di maestrale che si \u00e8 alzato, \u00e8 in lieve miglioramento pur rimanendo una situazione critica che va monitorata con attenzione ed in piena sinergia con il Comune di Orbetello\u201d hanno dichiarato.<\/p>\n<p>\u201cLa realt\u00e0 \u00e8 evidente &#8211; dicono &#8211; e sotto gli occhi di tutti: soffriamo, soprattutto in questi delicati ecosistemi, gli effetti devastanti dei <strong>cambiamenti climatici<\/strong> e urgono <strong>interventi infrastrutturali<\/strong> che devono trovare sostegno da parte del Governo. Come Regione abbiamo dato continuit\u00e0 con nostre risorse alla gestione della Laguna, ma evidentemente non basta e continuiamo a chiedere che lo Stato faccia la sua parte per difendere un luogo unico e straordinario\u201d.<\/p>\n<p><iframe loading=\"lazy\" style=\"border: none; overflow: hidden;\" src=\"https:\/\/www.facebook.com\/plugins\/post.php?href=https%3A%2F%2Fwww.facebook.com%2Fmarras.leonardo%2Fposts%2Fpfbid0RmJ2Vivxp26nJyM356zpmcWEj8iH8ZqefdmyaJHg8oaTUd9ADYbwC21bEtzC3TjZl&amp;show_text=true&amp;width=500\" width=\"500\" height=\"660\" frameborder=\"0\" scrolling=\"no\" allowfullscreen=\"allowfullscreen\"><\/iframe><br \/>\n\u201cTra poche ore condivideremo con il presidente <strong>Eugenio<\/strong> <strong>Giani<\/strong>, che ha gi\u00e0 manifestato la sua massima attenzione e piena disponibilit\u00e0, e la Giunta la situazione che abbiamo registrato stamani durante il sopralluogo. Riteniamo \u2013 concludono &#8211; ci siano gli estremi per la dichiarazione di <strong>emergenza regionale<\/strong>, per chiedere al Governo lo stato di calamit\u00e0 naturale e per predisporre aiuti per gli <strong>operatori economici<\/strong> danneggiati\u201d.<\/p>\n<p><iframe loading=\"lazy\" style=\"border: none; overflow: hidden;\" src=\"https:\/\/www.facebook.com\/plugins\/post.php?href=https%3A%2F%2Fwww.facebook.com%2Fmoniamonniofficial%2Fposts%2Fpfbid02s9t8mGssWsTxRkjwpF77p8zzQ7Vkkc8U1papUNj9j3H2EVvvhN5md6ecAziWoExel&amp;show_text=true&amp;width=500\" width=\"500\" height=\"646\" frameborder=\"0\" scrolling=\"no\" allowfullscreen=\"allowfullscreen\"><\/iframe><\/p>\n<h3>Il presidente Giani: &#8220;Ristori a pescatori e balneari e richiesta di calamit\u00e0 nazionale&#8221;<\/h3>\n<p>Sull\u2019emergenza della Laguna di Orbetello, soffocata dalla decomposizione delle alghe, la moria di pesci e in sofferenza anche per i cambiamenti climatici, il presidente Eugenio Giani ha spiegato che la giunta regionale si muover\u00e0 su tre fronti.<\/p>\n<p>Attraverso quanto previsto dalla norma di Protezione civile sull\u2019emergenza regionale sar\u00e0 offerto un <strong>sostegno all\u2019amministrazione comunale<\/strong> per le spese che ha dovuto affrontare nell\u2019immediato. \u201cLavoreremo anche \u2013 spiega il presidente \u2013, attraverso un apposito gruppo di lavoro, ad un legge sui <strong>ristori<\/strong>: vogliamo sicuramente aiutare i pescatori che hanno avuto un danno economico per il minor pescato raccolto e alcuni stabilimenti turistici e balneari di Ansedonia che hanno subito disagi\u201d. L\u2019acqua infatti \u00e8 s\u00ec balneabile, come ha certificato anche Arpat, ma le alghe in decomposizione e la situazione nella laguna potrebbero aver dissuaso molti dall\u2019andare in spiaggia.<\/p>\n<figure id=\"post-350761 media-350761\" class=\"align-none\"><img decoding=\"async\" src=\"https:\/\/www.intoscana.it\/wp-content\/uploads\/presidente-giani-orbetello.jpg\" alt=\"\" \/><\/figure>\n<div class=\"titleimg\">Laguna di Orbetello, le dichiarazioni del presidente Giani<\/div>\n<p>\u201cLa Regione naturalmente &#8211; prosegue Giani &#8211; chieder\u00e0 il riconoscimento dello<strong> stato di calamit\u00e0 naturale al Governo<\/strong>, come fu fatto nel 2015: passaggio essenziale per ristorare in maniera complessiva le attivit\u00e0 legate alle pesca e finanziare attraverso il Feampa il ripopolamento della laguna\u201d.<\/p>\n<p>Per Giani in ogni caso l\u2019emergenza della laguna va affrontata in maniera strutturale, al di \u00e0 del momento contingente. \u201c\u00c8 dal 2015 che ogni anno, pi\u00f9 o meno, assistiamo puntualmente a questo fenomeno nel momento di massimo surriscaldamento\u201d, spiega. \u201cA questo punto ritengo che debbano essere individuati<strong> interventi strutturali<\/strong>. Abbiamo bisogno del parere degli scienziati, che ci dicano che cosa dobbiamo fare. Dobbiamo intervenire sui canali, anche sotterranei, per favorire la circolazione dell\u2019acqua e bonificare i luoghi da liquami\u201d.<\/p>\n<p>\u201cQuello di Orbetello \u00e8 un sito di interesse nazionale\u201d, conclude . \u201c<mark>Individuate le cose da fare, noi come Regione siano pronti a fare la nostra parte, ma anche il Governo deve fare la propria e sostenerci finanziariamente<\/mark>\u201d.<\/p>\n","protected":false},"excerpt":{"rendered":"<p>Dopo il sopralluogo degli assessori Monni e Marras, il presidente Giani ha spiegato che la giunta regionale si muover\u00e0 su pi\u00f9 fronti e chieder\u00e0 il riconoscimento dello stato di calamit\u00e0 naturale al Governo<\/p>\n","protected":false},"author":525,"featured_media":350747,"comment_status":"open","ping_status":"open","sticky":false,"template":"","format":"standard","meta":{"_acf_changed":false,"footnotes":""},"categories":[494],"tags":[4814],"class_list":["post-350742","post","type-post","status-publish","format-standard","has-post-thumbnail","hentry","category-attualita","tag-orbetello"],"acf":[],"yoast_head":"<!-- This site is optimized with the Yoast SEO Premium plugin v24.2 (Yoast SEO v25.6) - https:\/\/yoast.com\/wordpress\/plugins\/seo\/ -->\n<title>Laguna di Orbetello, prosegue il monitoraggio in sinergia col Comune - intoscana<\/title>\n<meta name=\"description\" content=\"Gli assessori regionali Monni e Marras hanno fatto un sopralluogo alla Laguna di Orbetello dopo la moria di pesci dei giorni scorsi\" \/>\n<meta name=\"robots\" content=\"index, follow, max-snippet:-1, max-image-preview:large, max-video-preview:-1\" \/>\n<link rel=\"canonical\" href=\"https:\/\/www.intoscana.it\/it\/laguna-di-orbetello-prosegue-il-monitoraggio-in-sinergia-col-comune\/\" \/>\n<meta property=\"og:locale\" content=\"it_IT\" \/>\n<meta property=\"og:type\" content=\"article\" \/>\n<meta property=\"og:title\" content=\"Laguna di Orbetello, prosegue il monitoraggio in sinergia col Comune\" \/>\n<meta property=\"og:description\" content=\"Gli assessori regionali Monni e Marras hanno fatto un sopralluogo alla Laguna di Orbetello dopo la moria di pesci dei giorni scorsi\" \/>\n<meta property=\"og:url\" content=\"https:\/\/www.intoscana.it\/it\/laguna-di-orbetello-prosegue-il-monitoraggio-in-sinergia-col-comune\/\" \/>\n<meta property=\"og:site_name\" content=\"intoscana\" \/>\n<meta property=\"article:publisher\" content=\"https:\/\/www.facebook.com\/intoscana.it\" \/>\n<meta property=\"article:published_time\" content=\"2024-07-29T15:21:13+00:00\" \/>\n<meta property=\"article:modified_time\" content=\"2024-07-30T07:16:01+00:00\" \/>\n<meta property=\"og:image\" content=\"https:\/\/www.intoscana.it\/wp-content\/uploads\/sopralluogo-orbetello-e1722265977129.jpeg\" \/>\n\t<meta property=\"og:image:width\" content=\"1536\" \/>\n\t<meta property=\"og:image:height\" content=\"959\" \/>\n\t<meta property=\"og:image:type\" content=\"image\/jpeg\" \/>\n<meta name=\"author\" content=\"Redazione\" \/>\n<meta name=\"twitter:card\" content=\"summary_large_image\" \/>\n<meta name=\"twitter:creator\" content=\"@intoscana\" \/>\n<meta name=\"twitter:site\" content=\"@intoscana\" \/>\n<meta name=\"twitter:label1\" content=\"Written by\" \/>\n\t<meta name=\"twitter:data1\" content=\"Redazione\" \/>\n\t<meta name=\"twitter:label2\" content=\"Est. reading time\" \/>\n\t<meta name=\"twitter:data2\" content=\"4 minuti\" \/>\n<script type=\"application\/ld+json\" class=\"yoast-schema-graph\">{\"@context\":\"https:\/\/schema.org\",\"@graph\":[{\"@type\":\"WebPage\",\"@id\":\"https:\/\/www.intoscana.it\/it\/laguna-di-orbetello-prosegue-il-monitoraggio-in-sinergia-col-comune\/\",\"url\":\"https:\/\/www.intoscana.it\/it\/laguna-di-orbetello-prosegue-il-monitoraggio-in-sinergia-col-comune\/\",\"name\":\"Laguna di Orbetello, prosegue il monitoraggio in sinergia col Comune - intoscana\",\"isPartOf\":{\"@id\":\"https:\/\/www.intoscana.it\/it\/#website\"},\"primaryImageOfPage\":{\"@id\":\"https:\/\/www.intoscana.it\/it\/laguna-di-orbetello-prosegue-il-monitoraggio-in-sinergia-col-comune\/#primaryimage\"},\"image\":{\"@id\":\"https:\/\/www.intoscana.it\/it\/laguna-di-orbetello-prosegue-il-monitoraggio-in-sinergia-col-comune\/#primaryimage\"},\"thumbnailUrl\":\"https:\/\/www.intoscana.it\/wp-content\/uploads\/sopralluogo-orbetello-e1722265977129.jpeg\",\"datePublished\":\"2024-07-29T15:21:13+00:00\",\"dateModified\":\"2024-07-30T07:16:01+00:00\",\"author\":{\"@id\":\"https:\/\/www.intoscana.it\/it\/#\/schema\/person\/9223810753230f20bd670fdd322661f8\"},\"description\":\"Gli assessori regionali Monni e Marras hanno fatto un sopralluogo alla Laguna di Orbetello dopo la moria di pesci dei giorni scorsi\",\"breadcrumb\":{\"@id\":\"https:\/\/www.intoscana.it\/it\/laguna-di-orbetello-prosegue-il-monitoraggio-in-sinergia-col-comune\/#breadcrumb\"},\"inLanguage\":\"it-IT\",\"potentialAction\":[{\"@type\":\"ReadAction\",\"target\":[\"https:\/\/www.intoscana.it\/it\/laguna-di-orbetello-prosegue-il-monitoraggio-in-sinergia-col-comune\/\"]}]},{\"@type\":\"ImageObject\",\"inLanguage\":\"it-IT\",\"@id\":\"https:\/\/www.intoscana.it\/it\/laguna-di-orbetello-prosegue-il-monitoraggio-in-sinergia-col-comune\/#primaryimage\",\"url\":\"https:\/\/www.intoscana.it\/wp-content\/uploads\/sopralluogo-orbetello-e1722265977129.jpeg\",\"contentUrl\":\"https:\/\/www.intoscana.it\/wp-content\/uploads\/sopralluogo-orbetello-e1722265977129.jpeg\",\"width\":1536,\"height\":959,\"caption\":\"Laguna di Orbetello, sopralluogo Monni e Marras\"},{\"@type\":\"BreadcrumbList\",\"@id\":\"https:\/\/www.intoscana.it\/it\/laguna-di-orbetello-prosegue-il-monitoraggio-in-sinergia-col-comune\/#breadcrumb\",\"itemListElement\":[{\"@type\":\"ListItem\",\"position\":1,\"name\":\"Home\",\"item\":\"https:\/\/www.intoscana.it\/it\/\"},{\"@type\":\"ListItem\",\"position\":2,\"name\":\"Laguna di Orbetello, prosegue il monitoraggio in sinergia col Comune\"}]},{\"@type\":\"WebSite\",\"@id\":\"https:\/\/www.intoscana.it\/it\/#website\",\"url\":\"https:\/\/www.intoscana.it\/it\/\",\"name\":\"intoscana\",\"description\":\"\",\"potentialAction\":[{\"@type\":\"SearchAction\",\"target\":{\"@type\":\"EntryPoint\",\"urlTemplate\":\"https:\/\/www.intoscana.it\/it\/?s={search_term_string}\"},\"query-input\":{\"@type\":\"PropertyValueSpecification\",\"valueRequired\":true,\"valueName\":\"search_term_string\"}}],\"inLanguage\":\"it-IT\"},{\"@type\":\"Person\",\"@id\":\"https:\/\/www.intoscana.it\/it\/#\/schema\/person\/9223810753230f20bd670fdd322661f8\",\"name\":\"Redazione\",\"url\":\"https:\/\/www.intoscana.it\/it\/author\/redazione\/\"}]}<\/script>\n<!-- \/ Yoast SEO Premium plugin. -->","yoast_head_json":{"title":"Laguna di Orbetello, prosegue il monitoraggio in sinergia col Comune - intoscana","description":"Gli assessori regionali Monni e Marras hanno fatto un sopralluogo alla Laguna di Orbetello dopo la moria di pesci dei giorni scorsi","robots":{"index":"index","follow":"follow","max-snippet":"max-snippet:-1","max-image-preview":"max-image-preview:large","max-video-preview":"max-video-preview:-1"},"canonical":"https:\/\/www.intoscana.it\/it\/laguna-di-orbetello-prosegue-il-monitoraggio-in-sinergia-col-comune\/","og_locale":"it_IT","og_type":"article","og_title":"Laguna di Orbetello, prosegue il monitoraggio in sinergia col Comune","og_description":"Gli assessori regionali Monni e Marras hanno fatto un sopralluogo alla Laguna di Orbetello dopo la moria di pesci dei giorni scorsi","og_url":"https:\/\/www.intoscana.it\/it\/laguna-di-orbetello-prosegue-il-monitoraggio-in-sinergia-col-comune\/","og_site_name":"intoscana","article_publisher":"https:\/\/www.facebook.com\/intoscana.it","article_published_time":"2024-07-29T15:21:13+00:00","article_modified_time":"2024-07-30T07:16:01+00:00","og_image":[{"width":1536,"height":959,"url":"https:\/\/www.intoscana.it\/wp-content\/uploads\/sopralluogo-orbetello-e1722265977129.jpeg","type":"image\/jpeg"}],"author":"Redazione","twitter_card":"summary_large_image","twitter_creator":"@intoscana","twitter_site":"@intoscana","twitter_misc":{"Written by":"Redazione","Est. reading time":"4 minuti"},"schema":{"@context":"https:\/\/schema.org","@graph":[{"@type":"WebPage","@id":"https:\/\/www.intoscana.it\/it\/laguna-di-orbetello-prosegue-il-monitoraggio-in-sinergia-col-comune\/","url":"https:\/\/www.intoscana.it\/it\/laguna-di-orbetello-prosegue-il-monitoraggio-in-sinergia-col-comune\/","name":"Laguna di Orbetello, prosegue il monitoraggio in sinergia col Comune - intoscana","isPartOf":{"@id":"https:\/\/www.intoscana.it\/it\/#website"},"primaryImageOfPage":{"@id":"https:\/\/www.intoscana.it\/it\/laguna-di-orbetello-prosegue-il-monitoraggio-in-sinergia-col-comune\/#primaryimage"},"image":{"@id":"https:\/\/www.intoscana.it\/it\/laguna-di-orbetello-prosegue-il-monitoraggio-in-sinergia-col-comune\/#primaryimage"},"thumbnailUrl":"https:\/\/www.intoscana.it\/wp-content\/uploads\/sopralluogo-orbetello-e1722265977129.jpeg","datePublished":"2024-07-29T15:21:13+00:00","dateModified":"2024-07-30T07:16:01+00:00","author":{"@id":"https:\/\/www.intoscana.it\/it\/#\/schema\/person\/9223810753230f20bd670fdd322661f8"},"description":"Gli assessori regionali Monni e Marras hanno fatto un sopralluogo alla Laguna di Orbetello dopo la moria di pesci dei giorni scorsi","breadcrumb":{"@id":"https:\/\/www.intoscana.it\/it\/laguna-di-orbetello-prosegue-il-monitoraggio-in-sinergia-col-comune\/#breadcrumb"},"inLanguage":"it-IT","potentialAction":[{"@type":"ReadAction","target":["https:\/\/www.intoscana.it\/it\/laguna-di-orbetello-prosegue-il-monitoraggio-in-sinergia-col-comune\/"]}]},{"@type":"ImageObject","inLanguage":"it-IT","@id":"https:\/\/www.intoscana.it\/it\/laguna-di-orbetello-prosegue-il-monitoraggio-in-sinergia-col-comune\/#primaryimage","url":"https:\/\/www.intoscana.it\/wp-content\/uploads\/sopralluogo-orbetello-e1722265977129.jpeg","contentUrl":"https:\/\/www.intoscana.it\/wp-content\/uploads\/sopralluogo-orbetello-e1722265977129.jpeg","width":1536,"height":959,"caption":"Laguna di Orbetello, sopralluogo Monni e Marras"},{"@type":"BreadcrumbList","@id":"https:\/\/www.intoscana.it\/it\/laguna-di-orbetello-prosegue-il-monitoraggio-in-sinergia-col-comune\/#breadcrumb","itemListElement":[{"@type":"ListItem","position":1,"name":"Home","item":"https:\/\/www.intoscana.it\/it\/"},{"@type":"ListItem","position":2,"name":"Laguna di Orbetello, prosegue il monitoraggio in sinergia col Comune"}]},{"@type":"WebSite","@id":"https:\/\/www.intoscana.it\/it\/#website","url":"https:\/\/www.intoscana.it\/it\/","name":"intoscana","description":"","potentialAction":[{"@type":"SearchAction","target":{"@type":"EntryPoint","urlTemplate":"https:\/\/www.intoscana.it\/it\/?s={search_term_string}"},"query-input":{"@type":"PropertyValueSpecification","valueRequired":true,"valueName":"search_term_string"}}],"inLanguage":"it-IT"},{"@type":"Person","@id":"https:\/\/www.intoscana.it\/it\/#\/schema\/person\/9223810753230f20bd670fdd322661f8","name":"Redazione","url":"https:\/\/www.intoscana.it\/it\/author\/redazione\/"}]}},"_links":{"self":[{"href":"https:\/\/www.intoscana.it\/it\/wp-json\/wp\/v2\/posts\/350742","targetHints":{"allow":["GET"]}}],"collection":[{"href":"https:\/\/www.intoscana.it\/it\/wp-json\/wp\/v2\/posts"}],"about":[{"href":"https:\/\/www.intoscana.it\/it\/wp-json\/wp\/v2\/types\/post"}],"author":[{"embeddable":true,"href":"https:\/\/www.intoscana.it\/it\/wp-json\/wp\/v2\/users\/525"}],"replies":[{"embeddable":true,"href":"https:\/\/www.intoscana.it\/it\/wp-json\/wp\/v2\/comments?post=350742"}],"version-history":[{"count":12,"href":"https:\/\/www.intoscana.it\/it\/wp-json\/wp\/v2\/posts\/350742\/revisions"}],"predecessor-version":[{"id":350764,"href":"https:\/\/www.intoscana.it\/it\/wp-json\/wp\/v2\/posts\/350742\/revisions\/350764"}],"wp:featuredmedia":[{"embeddable":true,"href":"https:\/\/www.intoscana.it\/it\/wp-json\/wp\/v2\/media\/350747"}],"wp:attachment":[{"href":"https:\/\/www.intoscana.it\/it\/wp-json\/wp\/v2\/media?parent=350742"}],"wp:term":[{"taxonomy":"category","embeddable":true,"href":"https:\/\/www.intoscana.it\/it\/wp-json\/wp\/v2\/categories?post=350742"},{"taxonomy":"post_tag","embeddable":true,"href":"https:\/\/www.intoscana.it\/it\/wp-json\/wp\/v2\/tags?post=350742"}],"curies":[{"name":"wp","href":"https:\/\/api.w.org\/{rel}","templated":true}]}}