{"id":351069,"date":"2024-08-01T18:08:22","date_gmt":"2024-08-01T16:08:22","guid":{"rendered":"https:\/\/www.intoscana.it\/it\/?p=351069"},"modified":"2024-08-05T08:12:53","modified_gmt":"2024-08-05T06:12:53","slug":"al-via-i-lavori-sulla-faentina-baccelli-impegnati-a-ridurre-disagi-verifiche-da-parte-nucleo-ispettivo-regionale","status":"publish","type":"post","link":"https:\/\/www.intoscana.it\/it\/al-via-i-lavori-sulla-faentina-baccelli-impegnati-a-ridurre-disagi-verifiche-da-parte-nucleo-ispettivo-regionale\/","title":{"rendered":"Al via i lavori sulla Faentina. Baccelli: \u201cImpegnati a ridurre disagi. Verifiche da parte nucleo ispettivo regionale\u201d"},"content":{"rendered":"<p>In vista dell&#8217;interruzione ferroviaria che interesser\u00e0 la linea <strong>Faentina<\/strong>, la <strong>Regione Toscana<\/strong> si \u00e8 impegnata insieme ai Comuni coinvolti ad attenuare quanto pi\u00f9 possibile i disagi ai pendolari e a coloro che usano la linea ferroviaria Faentina. \u201c<em>E\u2019 fondamentale<\/em> \u2013 ha detto l\u2019assessore ai trasporti e mobilit\u00e0<strong> Stefano Baccelli <\/strong>&#8211; <em>mettere in campo tutte le azioni possibili per ridurre le difficolt\u00e0 ai territori. Siamo partiti da un confronto continuo, che prosegue, con gli amministratori per capire e verificare come fare. Anzitutto abbiamo chiesto una verifica ad RFI per svolgere i lavori in periodo notturno e ottenuto che sulla tratta pi\u00f9 utilizzata dai pendolari, quella fra Firenze e Borgo S.Lorenzo, l&#8217;interruzione venisse posticipata all&#8217;8 agosto, concentrandola nel periodo a minore frequentazione<\/em>\u201d.<\/p>\n<p>Il tutto partendo dal presupposto che sia per esigenze di lavorazione (sostituzione della travata metallica in prossimit\u00e0 di Marradi) che di tempistica (l\u2019attrezzaggio del sistema ERTMS finanziato con Fondi PNRR e quindi i lavori che devono concludersi a giugno 2026) non era possibile svolgere le attivit\u00e0 in esercizio. Vista poi la concomitanza di lavori in ingresso a Firenze sulla <strong>via Bolognese<\/strong> che prevedono l\u2019interruzione della strada, i servizi bus sostitutivi sono stati programmati sul percorso S.Piero a Sieve-Borgo SL-Fiesole Caldine-Firenze via Polcanto.<\/p>\n<p>Baccelli fa presente che il programma dei <strong>bus sostitutivi<\/strong> \u00e8 stato presentato alle amministrazioni nella riunione del 3 luglio scorso dove sono state recepite le osservazioni, incrementando il numero dei collegamenti e attestando alcuni bus su Vaglia. Sono state inoltre messe a punto alcune <strong>agevolazioni tariffarie<\/strong>; anzitutto i possessori di abbonamento e titolo di viaggio via Vaglia possono utilizzare senza aggravio di costi i treni della relazione Firenze-Borgo S.Lorenzo via Pontassieve. Inoltre possono accedere ai servizi di <strong>Autolinee Toscane<\/strong> presenti sulla stessa direttrice. Le corse programmate verranno svolte con un numero di bus dimensionato rispetto alle frequentazioni rilevate sui treni nello stesso periodo dell&#8217;anno.<\/p>\n<p>Baccelli ha ricordato che la \u201c<em>tratta Pontassieve \u2013 Borgo S. Lorenzo rimarr\u00e0 attiva e che la Regione monitorer\u00e0 con la massima attenzione la situazione. Sappiamo<\/em> &#8211; ha spiegato &#8211; <em>che personale di Trenitalia sar\u00e0 presente nelle stazioni per dare informazioni ai viaggiatori monitorando e intervenendo tempestivamente in caso di criticit\u00e0 e questo dovr\u00e0 essere fatto con la massima attenzione. Abbiamo previsto che ci siano anche verifiche da parte di componenti del nucleo ispettivo regionale che segnaler\u00e1 immediatamente eventuali criticit\u00e0. L&#8217;obiettivo<\/em> \u2013 ha proseguito Baccelli &#8211;<em> \u00e8 che che le persone vengano informate, che siano tutelate durante questo periodo di disagi. D\u2019altronde \u2013 ha aggiunto- , il potenziamento e l\u2019ammodernamento della linea non sono, a parere di RFI, ulteriormente rinviabili. Ho chiesto a Trenitalia di monitorare costantemente la situazione in modo da modulare i servizi stessi in base alle effettive esigenze<\/em>&#8221; . I canali regionali sono a disposizione per ricevere le segnalazioni dei cittadini a partire dal numero verde 800 570 530 raggiungibile anche via email <a href=\"mailto:numeroverdetpl@regione.toscana.it\" target=\"_blank\" rel=\"noopener\">numeroverdetpl@regione.<wbr \/>toscana.it<\/a>\u201d<br \/>\nPer avere invece info sui servizi At consultare il link:\u00a0<a href=\"https:\/\/www.at-bus.it\/it\/news-e-comunicati-stampa\/novita\/servizio\/chiusura-bolognese-firenze\" target=\"_blank\" rel=\"noopener\" saferedirecturl=\"https:\/\/www.google.com\/url?q=https:\/\/www.at-bus.it\/it\/news-e-comunicati-stampa\/novita\/servizio\/chiusura-bolognese-firenze&amp;source=gmail&amp;ust=1722614449156000&amp;usg=AOvVaw2Ts5_fNhHJE3WVvWljGO0_\" class=\"broken_link\">https:\/\/www.at-bus.it\/<wbr \/>it\/news-e-comunicati-stampa\/<wbr \/>novita\/servizio\/chiusura-<wbr \/>bolognese-firenze<\/a><\/p>\n<h3><strong>I lavori<\/strong><\/h3>\n<p>Dal <strong>3 agosto<\/strong> la circolazione ferroviaria sar\u00e0 sospesa tra <strong>Faenza e Borgo S. Lorenzo<\/strong> e dall\u2019<strong>8 agosto<\/strong> da <strong>Borgo S. Lorenzo a Firenze via Vaglia.<\/strong> La riapertura della linea \u00e8 prevista per luned\u00ec <strong>2 settembre<\/strong>.<\/p>\n<p>Durante tutto il mese verranno fatte attivit\u00e0 di potenziamento infrastrutturale e tecnologico. Gli interventi di Rete Ferroviaria Italiana prevedono la prima fase dei lavori per installare il <strong>nuovo sistema ERTMS<\/strong> (European Railway Traffic Management System) ed il rinnovo del ponte sul fiume Lamone in prossimit\u00e0 di Marradi. L\u2019ERTMS \u00e8 il pi\u00f9 evoluto sistema per la supervisione e il controllo del distanziamento dei treni che una volta attivato permetter\u00e0 di avere sulla linea prestazioni pi\u00f9 elevate. Il valore complessivo di questa attivit\u00e0, finanziato con risorse del Pnrr, ammonta a 140 milioni di euro. Per quanto riguarda il rinnovo del ponte ferroviario sul fiume Lamone in localit\u00e0 Fantino nel comune di Marradi (FI), sar\u00e0 rimosso e sostituito con un ponte metallico della lunghezza di oltre 30 metri. Per questa attivit\u00e0 saranno impiegati numerosi mezzi d\u2019opera, tra cui una gr\u00f9 della portata di 700 tonnellate.<\/p>\n","protected":false},"excerpt":{"rendered":"<p>Dal 3 agosto la circolazione ferroviaria sar\u00e0 sospesa tra Faenza e Borgo S. Lorenzo e dall\u20198 agosto da Borgo S. Lorenzo a Firenze via Vaglia. La riapertura della linea \u00e8 prevista per luned\u00ec 2 settembre<\/p>\n","protected":false},"author":525,"featured_media":319090,"comment_status":"open","ping_status":"open","sticky":false,"template":"","format":"standard","meta":{"_acf_changed":false,"footnotes":""},"categories":[494],"tags":[1577,4818,183],"class_list":["post-351069","post","type-post","status-publish","format-standard","has-post-thumbnail","hentry","category-attualita","tag-muoversi-in-toscana","tag-stefano-baccelli","tag-treni"],"acf":[],"yoast_head":"<!-- This site is optimized with the Yoast SEO Premium plugin v24.2 (Yoast SEO v25.6) - https:\/\/yoast.com\/wordpress\/plugins\/seo\/ -->\n<title>Al via i lavori sulla Faentina. Baccelli: \u201cImpegnati a ridurre disagi. Verifiche da parte nucleo ispettivo regionale\u201d - intoscana<\/title>\n<meta name=\"robots\" content=\"index, follow, max-snippet:-1, max-image-preview:large, max-video-preview:-1\" \/>\n<link rel=\"canonical\" href=\"https:\/\/www.intoscana.it\/it\/al-via-i-lavori-sulla-faentina-baccelli-impegnati-a-ridurre-disagi-verifiche-da-parte-nucleo-ispettivo-regionale\/\" \/>\n<meta property=\"og:locale\" content=\"it_IT\" \/>\n<meta property=\"og:type\" content=\"article\" \/>\n<meta property=\"og:title\" content=\"Al via i lavori sulla Faentina. Baccelli: \u201cImpegnati a ridurre disagi. Verifiche da parte nucleo ispettivo regionale\u201d\" \/>\n<meta property=\"og:description\" content=\"Dal 3 agosto la circolazione ferroviaria sar\u00e0 sospesa tra Faenza e Borgo S. Lorenzo e dall\u20198 agosto da Borgo S. Lorenzo a Firenze via Vaglia. La riapertura della linea \u00e8 prevista per luned\u00ec 2 settembre\" \/>\n<meta property=\"og:url\" content=\"https:\/\/www.intoscana.it\/it\/al-via-i-lavori-sulla-faentina-baccelli-impegnati-a-ridurre-disagi-verifiche-da-parte-nucleo-ispettivo-regionale\/\" \/>\n<meta property=\"og:site_name\" content=\"intoscana\" \/>\n<meta property=\"article:publisher\" content=\"https:\/\/www.facebook.com\/intoscana.it\" \/>\n<meta property=\"article:published_time\" content=\"2024-08-01T16:08:22+00:00\" \/>\n<meta property=\"article:modified_time\" content=\"2024-08-05T06:12:53+00:00\" \/>\n<meta property=\"og:image\" content=\"https:\/\/www.intoscana.it\/wp-content\/uploads\/stazione-marradi-4.jpeg\" \/>\n\t<meta property=\"og:image:width\" content=\"1280\" \/>\n\t<meta property=\"og:image:height\" content=\"960\" \/>\n\t<meta property=\"og:image:type\" content=\"image\/jpeg\" \/>\n<meta name=\"author\" content=\"Redazione\" \/>\n<meta name=\"twitter:card\" content=\"summary_large_image\" \/>\n<meta name=\"twitter:creator\" content=\"@intoscana\" \/>\n<meta name=\"twitter:site\" content=\"@intoscana\" \/>\n<meta name=\"twitter:label1\" content=\"Written by\" \/>\n\t<meta name=\"twitter:data1\" content=\"Redazione\" \/>\n\t<meta name=\"twitter:label2\" content=\"Est. reading time\" \/>\n\t<meta name=\"twitter:data2\" content=\"4 minuti\" \/>\n<script type=\"application\/ld+json\" class=\"yoast-schema-graph\">{\"@context\":\"https:\/\/schema.org\",\"@graph\":[{\"@type\":\"WebPage\",\"@id\":\"https:\/\/www.intoscana.it\/it\/al-via-i-lavori-sulla-faentina-baccelli-impegnati-a-ridurre-disagi-verifiche-da-parte-nucleo-ispettivo-regionale\/\",\"url\":\"https:\/\/www.intoscana.it\/it\/al-via-i-lavori-sulla-faentina-baccelli-impegnati-a-ridurre-disagi-verifiche-da-parte-nucleo-ispettivo-regionale\/\",\"name\":\"Al via i lavori sulla Faentina. Baccelli: \u201cImpegnati a ridurre disagi. Verifiche da parte nucleo ispettivo regionale\u201d - intoscana\",\"isPartOf\":{\"@id\":\"https:\/\/www.intoscana.it\/it\/#website\"},\"primaryImageOfPage\":{\"@id\":\"https:\/\/www.intoscana.it\/it\/al-via-i-lavori-sulla-faentina-baccelli-impegnati-a-ridurre-disagi-verifiche-da-parte-nucleo-ispettivo-regionale\/#primaryimage\"},\"image\":{\"@id\":\"https:\/\/www.intoscana.it\/it\/al-via-i-lavori-sulla-faentina-baccelli-impegnati-a-ridurre-disagi-verifiche-da-parte-nucleo-ispettivo-regionale\/#primaryimage\"},\"thumbnailUrl\":\"https:\/\/www.intoscana.it\/wp-content\/uploads\/stazione-marradi-4.jpeg\",\"datePublished\":\"2024-08-01T16:08:22+00:00\",\"dateModified\":\"2024-08-05T06:12:53+00:00\",\"author\":{\"@id\":\"https:\/\/www.intoscana.it\/it\/#\/schema\/person\/9223810753230f20bd670fdd322661f8\"},\"breadcrumb\":{\"@id\":\"https:\/\/www.intoscana.it\/it\/al-via-i-lavori-sulla-faentina-baccelli-impegnati-a-ridurre-disagi-verifiche-da-parte-nucleo-ispettivo-regionale\/#breadcrumb\"},\"inLanguage\":\"it-IT\",\"potentialAction\":[{\"@type\":\"ReadAction\",\"target\":[\"https:\/\/www.intoscana.it\/it\/al-via-i-lavori-sulla-faentina-baccelli-impegnati-a-ridurre-disagi-verifiche-da-parte-nucleo-ispettivo-regionale\/\"]}]},{\"@type\":\"ImageObject\",\"inLanguage\":\"it-IT\",\"@id\":\"https:\/\/www.intoscana.it\/it\/al-via-i-lavori-sulla-faentina-baccelli-impegnati-a-ridurre-disagi-verifiche-da-parte-nucleo-ispettivo-regionale\/#primaryimage\",\"url\":\"https:\/\/www.intoscana.it\/wp-content\/uploads\/stazione-marradi-4.jpeg\",\"contentUrl\":\"https:\/\/www.intoscana.it\/wp-content\/uploads\/stazione-marradi-4.jpeg\",\"width\":1280,\"height\":960},{\"@type\":\"BreadcrumbList\",\"@id\":\"https:\/\/www.intoscana.it\/it\/al-via-i-lavori-sulla-faentina-baccelli-impegnati-a-ridurre-disagi-verifiche-da-parte-nucleo-ispettivo-regionale\/#breadcrumb\",\"itemListElement\":[{\"@type\":\"ListItem\",\"position\":1,\"name\":\"Home\",\"item\":\"https:\/\/www.intoscana.it\/it\/\"},{\"@type\":\"ListItem\",\"position\":2,\"name\":\"Al via i lavori sulla Faentina. Baccelli: \u201cImpegnati a ridurre disagi. Verifiche da parte nucleo ispettivo regionale\u201d\"}]},{\"@type\":\"WebSite\",\"@id\":\"https:\/\/www.intoscana.it\/it\/#website\",\"url\":\"https:\/\/www.intoscana.it\/it\/\",\"name\":\"intoscana\",\"description\":\"\",\"potentialAction\":[{\"@type\":\"SearchAction\",\"target\":{\"@type\":\"EntryPoint\",\"urlTemplate\":\"https:\/\/www.intoscana.it\/it\/?s={search_term_string}\"},\"query-input\":{\"@type\":\"PropertyValueSpecification\",\"valueRequired\":true,\"valueName\":\"search_term_string\"}}],\"inLanguage\":\"it-IT\"},{\"@type\":\"Person\",\"@id\":\"https:\/\/www.intoscana.it\/it\/#\/schema\/person\/9223810753230f20bd670fdd322661f8\",\"name\":\"Redazione\",\"url\":\"https:\/\/www.intoscana.it\/it\/author\/redazione\/\"}]}<\/script>\n<!-- \/ Yoast SEO Premium plugin. -->","yoast_head_json":{"title":"Al via i lavori sulla Faentina. Baccelli: \u201cImpegnati a ridurre disagi. Verifiche da parte nucleo ispettivo regionale\u201d - intoscana","robots":{"index":"index","follow":"follow","max-snippet":"max-snippet:-1","max-image-preview":"max-image-preview:large","max-video-preview":"max-video-preview:-1"},"canonical":"https:\/\/www.intoscana.it\/it\/al-via-i-lavori-sulla-faentina-baccelli-impegnati-a-ridurre-disagi-verifiche-da-parte-nucleo-ispettivo-regionale\/","og_locale":"it_IT","og_type":"article","og_title":"Al via i lavori sulla Faentina. Baccelli: \u201cImpegnati a ridurre disagi. Verifiche da parte nucleo ispettivo regionale\u201d","og_description":"Dal 3 agosto la circolazione ferroviaria sar\u00e0 sospesa tra Faenza e Borgo S. Lorenzo e dall\u20198 agosto da Borgo S. Lorenzo a Firenze via Vaglia. La riapertura della linea \u00e8 prevista per luned\u00ec 2 settembre","og_url":"https:\/\/www.intoscana.it\/it\/al-via-i-lavori-sulla-faentina-baccelli-impegnati-a-ridurre-disagi-verifiche-da-parte-nucleo-ispettivo-regionale\/","og_site_name":"intoscana","article_publisher":"https:\/\/www.facebook.com\/intoscana.it","article_published_time":"2024-08-01T16:08:22+00:00","article_modified_time":"2024-08-05T06:12:53+00:00","og_image":[{"width":1280,"height":960,"url":"https:\/\/www.intoscana.it\/wp-content\/uploads\/stazione-marradi-4.jpeg","type":"image\/jpeg"}],"author":"Redazione","twitter_card":"summary_large_image","twitter_creator":"@intoscana","twitter_site":"@intoscana","twitter_misc":{"Written by":"Redazione","Est. reading time":"4 minuti"},"schema":{"@context":"https:\/\/schema.org","@graph":[{"@type":"WebPage","@id":"https:\/\/www.intoscana.it\/it\/al-via-i-lavori-sulla-faentina-baccelli-impegnati-a-ridurre-disagi-verifiche-da-parte-nucleo-ispettivo-regionale\/","url":"https:\/\/www.intoscana.it\/it\/al-via-i-lavori-sulla-faentina-baccelli-impegnati-a-ridurre-disagi-verifiche-da-parte-nucleo-ispettivo-regionale\/","name":"Al via i lavori sulla Faentina. Baccelli: \u201cImpegnati a ridurre disagi. Verifiche da parte nucleo ispettivo regionale\u201d - intoscana","isPartOf":{"@id":"https:\/\/www.intoscana.it\/it\/#website"},"primaryImageOfPage":{"@id":"https:\/\/www.intoscana.it\/it\/al-via-i-lavori-sulla-faentina-baccelli-impegnati-a-ridurre-disagi-verifiche-da-parte-nucleo-ispettivo-regionale\/#primaryimage"},"image":{"@id":"https:\/\/www.intoscana.it\/it\/al-via-i-lavori-sulla-faentina-baccelli-impegnati-a-ridurre-disagi-verifiche-da-parte-nucleo-ispettivo-regionale\/#primaryimage"},"thumbnailUrl":"https:\/\/www.intoscana.it\/wp-content\/uploads\/stazione-marradi-4.jpeg","datePublished":"2024-08-01T16:08:22+00:00","dateModified":"2024-08-05T06:12:53+00:00","author":{"@id":"https:\/\/www.intoscana.it\/it\/#\/schema\/person\/9223810753230f20bd670fdd322661f8"},"breadcrumb":{"@id":"https:\/\/www.intoscana.it\/it\/al-via-i-lavori-sulla-faentina-baccelli-impegnati-a-ridurre-disagi-verifiche-da-parte-nucleo-ispettivo-regionale\/#breadcrumb"},"inLanguage":"it-IT","potentialAction":[{"@type":"ReadAction","target":["https:\/\/www.intoscana.it\/it\/al-via-i-lavori-sulla-faentina-baccelli-impegnati-a-ridurre-disagi-verifiche-da-parte-nucleo-ispettivo-regionale\/"]}]},{"@type":"ImageObject","inLanguage":"it-IT","@id":"https:\/\/www.intoscana.it\/it\/al-via-i-lavori-sulla-faentina-baccelli-impegnati-a-ridurre-disagi-verifiche-da-parte-nucleo-ispettivo-regionale\/#primaryimage","url":"https:\/\/www.intoscana.it\/wp-content\/uploads\/stazione-marradi-4.jpeg","contentUrl":"https:\/\/www.intoscana.it\/wp-content\/uploads\/stazione-marradi-4.jpeg","width":1280,"height":960},{"@type":"BreadcrumbList","@id":"https:\/\/www.intoscana.it\/it\/al-via-i-lavori-sulla-faentina-baccelli-impegnati-a-ridurre-disagi-verifiche-da-parte-nucleo-ispettivo-regionale\/#breadcrumb","itemListElement":[{"@type":"ListItem","position":1,"name":"Home","item":"https:\/\/www.intoscana.it\/it\/"},{"@type":"ListItem","position":2,"name":"Al via i lavori sulla Faentina. Baccelli: \u201cImpegnati a ridurre disagi. Verifiche da parte nucleo ispettivo regionale\u201d"}]},{"@type":"WebSite","@id":"https:\/\/www.intoscana.it\/it\/#website","url":"https:\/\/www.intoscana.it\/it\/","name":"intoscana","description":"","potentialAction":[{"@type":"SearchAction","target":{"@type":"EntryPoint","urlTemplate":"https:\/\/www.intoscana.it\/it\/?s={search_term_string}"},"query-input":{"@type":"PropertyValueSpecification","valueRequired":true,"valueName":"search_term_string"}}],"inLanguage":"it-IT"},{"@type":"Person","@id":"https:\/\/www.intoscana.it\/it\/#\/schema\/person\/9223810753230f20bd670fdd322661f8","name":"Redazione","url":"https:\/\/www.intoscana.it\/it\/author\/redazione\/"}]}},"_links":{"self":[{"href":"https:\/\/www.intoscana.it\/it\/wp-json\/wp\/v2\/posts\/351069","targetHints":{"allow":["GET"]}}],"collection":[{"href":"https:\/\/www.intoscana.it\/it\/wp-json\/wp\/v2\/posts"}],"about":[{"href":"https:\/\/www.intoscana.it\/it\/wp-json\/wp\/v2\/types\/post"}],"author":[{"embeddable":true,"href":"https:\/\/www.intoscana.it\/it\/wp-json\/wp\/v2\/users\/525"}],"replies":[{"embeddable":true,"href":"https:\/\/www.intoscana.it\/it\/wp-json\/wp\/v2\/comments?post=351069"}],"version-history":[{"count":3,"href":"https:\/\/www.intoscana.it\/it\/wp-json\/wp\/v2\/posts\/351069\/revisions"}],"predecessor-version":[{"id":351236,"href":"https:\/\/www.intoscana.it\/it\/wp-json\/wp\/v2\/posts\/351069\/revisions\/351236"}],"wp:featuredmedia":[{"embeddable":true,"href":"https:\/\/www.intoscana.it\/it\/wp-json\/wp\/v2\/media\/319090"}],"wp:attachment":[{"href":"https:\/\/www.intoscana.it\/it\/wp-json\/wp\/v2\/media?parent=351069"}],"wp:term":[{"taxonomy":"category","embeddable":true,"href":"https:\/\/www.intoscana.it\/it\/wp-json\/wp\/v2\/categories?post=351069"},{"taxonomy":"post_tag","embeddable":true,"href":"https:\/\/www.intoscana.it\/it\/wp-json\/wp\/v2\/tags?post=351069"}],"curies":[{"name":"wp","href":"https:\/\/api.w.org\/{rel}","templated":true}]}}