{"id":351078,"date":"2024-08-02T09:17:10","date_gmt":"2024-08-02T07:17:10","guid":{"rendered":"https:\/\/www.intoscana.it\/it\/?p=351078"},"modified":"2024-08-02T09:19:49","modified_gmt":"2024-08-02T07:19:49","slug":"orbetello-laguna-firma-stato-calamita","status":"publish","type":"post","link":"https:\/\/www.intoscana.it\/it\/orbetello-laguna-firma-stato-calamita\/","title":{"rendered":"Emergenza laguna di Orbetello: Giani firma lo stato di calamit\u00e0, la Regione stanzia 1 milione di euro"},"content":{"rendered":"<p><span class=\"il\"><strong>Stato di calamit\u00e0 per la laguna di Orbetello,<\/strong> dove<a href=\"https:\/\/www.intoscana.it\/it\/laguna-di-orbetello-prosegue-il-monitoraggio-in-sinergia-col-comune\/\" target=\"_blank\" rel=\"noopener\"> nei giorni scorsi<\/a> decine di quintali di pesci sono morti a causa dell&#8217;anossia, ovvero la mancanza di ossigeno nell&#8217;acqua, causata dal caldo intenso.<br \/>\n<\/span><\/p>\n<p><span class=\"il\">Ieri <mark>il presidente della Regione Eugenio Giani ha firmato il decreto che proclama lo stato di calamit\u00e0 per Orbetello,<\/mark> dove la moria dei pesci ha messo in difficolt\u00e0<strong> sia il settore ittico che quello turistico.<\/strong><\/span><\/p>\n<p><em>\u00a0\u201cCi siamo dati <strong>sei mesi di tempo<\/strong><\/em> \u2013 ha spiegato il presidente Giani &#8211; <em>per \u00a0mettere in campo tutto ci\u00f2 che la Regione pu\u00f2 fare per rimediare alla grave situazione che interessa uno dei luoghi pi\u00f9 belli della Toscana, un sito di interesse nazionale\u201d.<\/em><\/p>\n<figure id=\"post-350761 media-350761\" class=\"align-none\">\n<p><figure style=\"width: 1365px\" class=\"wp-caption alignnone\"><img loading=\"lazy\" decoding=\"async\" src=\"https:\/\/www.intoscana.it\/wp-content\/uploads\/presidente-giani-orbetello.jpg\" alt=\"\" width=\"1365\" height=\"1365\" \/><figcaption class=\"wp-caption-text\">Il sopralluogo del presidente Giani a Orbetello<\/figcaption><\/figure><\/figure>\n<h3><span class=\"il\">Ristori a pescatori e attivit\u00e0 danneggiate e interventi strutturali alla laguna<br \/>\n<\/span><\/h3>\n<p>Come ha precisato Giani, la Regione stanzier\u00e0 per la laguna di Orbetello <strong>1 milione di euro<\/strong>: 350mila euro saranno utilizzati per la <strong>rimozione delle carcasse dei pesci morti<\/strong> a causa del surriscaldamento delle acque della laguna, mentre altri <mark>650mila euro andranno ad aiutare con i ristori i pescatori e le altre attivit\u00e0, turistiche e commerciali,<\/mark> danneggiate nel territorio.<\/p>\n<p><em>&#8220;Faremo poi tutti<strong> gli interventi strutturali necessari,<\/strong> come ad esempio canali che garantiscano maggiore circolazione delle acque &#8211;<\/em> ha aggiunto Giani &#8211; l<em>a Regione \u00e8 impegnata \u00a0fino in fondo per la tutela della laguna, \u00a0un ambiente naturale unico al mondo al quale la Toscana guarda con orgoglio.&#8221;<\/em><\/p>\n","protected":false},"excerpt":{"rendered":"<p>I fondi serviranno per rimuovere le carcasse dei pesci e aiutare con ristori i pescatori e le attivit\u00e0 turistiche e commerciali. Previsti anche interventi strutturali nella laguna<\/p>\n","protected":false},"author":525,"featured_media":75956,"comment_status":"open","ping_status":"open","sticky":false,"template":"","format":"standard","meta":{"_acf_changed":false,"footnotes":""},"categories":[494],"tags":[4814,151],"class_list":["post-351078","post","type-post","status-publish","format-standard","has-post-thumbnail","hentry","category-attualita","tag-orbetello","tag-regione-toscana"],"acf":[],"yoast_head":"<!-- This site is optimized with the Yoast SEO Premium plugin v24.2 (Yoast SEO v25.6) - https:\/\/yoast.com\/wordpress\/plugins\/seo\/ -->\n<title>Emergenza laguna di Orbetello: Giani firma lo stato di calamit\u00e0, la Regione stanzia 1 milione di euro - intoscana<\/title>\n<meta name=\"description\" content=\"Per far fronte all&#039;emergenza della laguna di Orbetello la Regione ha decretato lo stato di calamit\u00e0 e stanziato 1 milione di euro.\" \/>\n<meta name=\"robots\" content=\"index, follow, max-snippet:-1, max-image-preview:large, max-video-preview:-1\" \/>\n<link rel=\"canonical\" href=\"https:\/\/www.intoscana.it\/it\/orbetello-laguna-firma-stato-calamita\/\" \/>\n<meta property=\"og:locale\" content=\"it_IT\" \/>\n<meta property=\"og:type\" content=\"article\" \/>\n<meta property=\"og:title\" content=\"Emergenza laguna di Orbetello: Giani firma lo stato di calamit\u00e0, la Regione stanzia 1 milione di euro\" \/>\n<meta property=\"og:description\" content=\"Per far fronte all&#039;emergenza della laguna di Orbetello la Regione ha decretato lo stato di calamit\u00e0 e stanziato 1 milione di euro.\" \/>\n<meta property=\"og:url\" content=\"https:\/\/www.intoscana.it\/it\/orbetello-laguna-firma-stato-calamita\/\" \/>\n<meta property=\"og:site_name\" content=\"intoscana\" \/>\n<meta property=\"article:publisher\" content=\"https:\/\/www.facebook.com\/intoscana.it\" \/>\n<meta property=\"article:published_time\" content=\"2024-08-02T07:17:10+00:00\" \/>\n<meta property=\"article:modified_time\" content=\"2024-08-02T07:19:49+00:00\" \/>\n<meta property=\"og:image\" content=\"https:\/\/www.intoscana.it\/wp-content\/uploads\/Orbetello-mulino-barca-laguna-2365.jpg\" \/>\n\t<meta property=\"og:image:width\" content=\"768\" \/>\n\t<meta property=\"og:image:height\" content=\"511\" \/>\n\t<meta property=\"og:image:type\" content=\"image\/jpeg\" \/>\n<meta name=\"author\" content=\"Redazione\" \/>\n<meta name=\"twitter:card\" content=\"summary_large_image\" \/>\n<meta name=\"twitter:creator\" content=\"@intoscana\" \/>\n<meta name=\"twitter:site\" content=\"@intoscana\" \/>\n<meta name=\"twitter:label1\" content=\"Written by\" \/>\n\t<meta name=\"twitter:data1\" content=\"Redazione\" \/>\n\t<meta name=\"twitter:label2\" content=\"Est. reading time\" \/>\n\t<meta name=\"twitter:data2\" content=\"2 minuti\" \/>\n<script type=\"application\/ld+json\" class=\"yoast-schema-graph\">{\"@context\":\"https:\/\/schema.org\",\"@graph\":[{\"@type\":\"WebPage\",\"@id\":\"https:\/\/www.intoscana.it\/it\/orbetello-laguna-firma-stato-calamita\/\",\"url\":\"https:\/\/www.intoscana.it\/it\/orbetello-laguna-firma-stato-calamita\/\",\"name\":\"Emergenza laguna di Orbetello: Giani firma lo stato di calamit\u00e0, la Regione stanzia 1 milione di euro - intoscana\",\"isPartOf\":{\"@id\":\"https:\/\/www.intoscana.it\/it\/#website\"},\"primaryImageOfPage\":{\"@id\":\"https:\/\/www.intoscana.it\/it\/orbetello-laguna-firma-stato-calamita\/#primaryimage\"},\"image\":{\"@id\":\"https:\/\/www.intoscana.it\/it\/orbetello-laguna-firma-stato-calamita\/#primaryimage\"},\"thumbnailUrl\":\"https:\/\/www.intoscana.it\/wp-content\/uploads\/Orbetello-mulino-barca-laguna-2365.jpg\",\"datePublished\":\"2024-08-02T07:17:10+00:00\",\"dateModified\":\"2024-08-02T07:19:49+00:00\",\"author\":{\"@id\":\"https:\/\/www.intoscana.it\/it\/#\/schema\/person\/9223810753230f20bd670fdd322661f8\"},\"description\":\"Per far fronte all'emergenza della laguna di Orbetello la Regione ha decretato lo stato di calamit\u00e0 e stanziato 1 milione di euro.\",\"breadcrumb\":{\"@id\":\"https:\/\/www.intoscana.it\/it\/orbetello-laguna-firma-stato-calamita\/#breadcrumb\"},\"inLanguage\":\"it-IT\",\"potentialAction\":[{\"@type\":\"ReadAction\",\"target\":[\"https:\/\/www.intoscana.it\/it\/orbetello-laguna-firma-stato-calamita\/\"]}]},{\"@type\":\"ImageObject\",\"inLanguage\":\"it-IT\",\"@id\":\"https:\/\/www.intoscana.it\/it\/orbetello-laguna-firma-stato-calamita\/#primaryimage\",\"url\":\"https:\/\/www.intoscana.it\/wp-content\/uploads\/Orbetello-mulino-barca-laguna-2365.jpg\",\"contentUrl\":\"https:\/\/www.intoscana.it\/wp-content\/uploads\/Orbetello-mulino-barca-laguna-2365.jpg\",\"width\":768,\"height\":511,\"caption\":\"La laguna di Orbetello\"},{\"@type\":\"BreadcrumbList\",\"@id\":\"https:\/\/www.intoscana.it\/it\/orbetello-laguna-firma-stato-calamita\/#breadcrumb\",\"itemListElement\":[{\"@type\":\"ListItem\",\"position\":1,\"name\":\"Home\",\"item\":\"https:\/\/www.intoscana.it\/it\/\"},{\"@type\":\"ListItem\",\"position\":2,\"name\":\"Emergenza laguna di Orbetello: Giani firma lo stato di calamit\u00e0, la Regione stanzia 1 milione di euro\"}]},{\"@type\":\"WebSite\",\"@id\":\"https:\/\/www.intoscana.it\/it\/#website\",\"url\":\"https:\/\/www.intoscana.it\/it\/\",\"name\":\"intoscana\",\"description\":\"\",\"potentialAction\":[{\"@type\":\"SearchAction\",\"target\":{\"@type\":\"EntryPoint\",\"urlTemplate\":\"https:\/\/www.intoscana.it\/it\/?s={search_term_string}\"},\"query-input\":{\"@type\":\"PropertyValueSpecification\",\"valueRequired\":true,\"valueName\":\"search_term_string\"}}],\"inLanguage\":\"it-IT\"},{\"@type\":\"Person\",\"@id\":\"https:\/\/www.intoscana.it\/it\/#\/schema\/person\/9223810753230f20bd670fdd322661f8\",\"name\":\"Redazione\",\"url\":\"https:\/\/www.intoscana.it\/it\/author\/redazione\/\"}]}<\/script>\n<!-- \/ Yoast SEO Premium plugin. -->","yoast_head_json":{"title":"Emergenza laguna di Orbetello: Giani firma lo stato di calamit\u00e0, la Regione stanzia 1 milione di euro - intoscana","description":"Per far fronte all'emergenza della laguna di Orbetello la Regione ha decretato lo stato di calamit\u00e0 e stanziato 1 milione di euro.","robots":{"index":"index","follow":"follow","max-snippet":"max-snippet:-1","max-image-preview":"max-image-preview:large","max-video-preview":"max-video-preview:-1"},"canonical":"https:\/\/www.intoscana.it\/it\/orbetello-laguna-firma-stato-calamita\/","og_locale":"it_IT","og_type":"article","og_title":"Emergenza laguna di Orbetello: Giani firma lo stato di calamit\u00e0, la Regione stanzia 1 milione di euro","og_description":"Per far fronte all'emergenza della laguna di Orbetello la Regione ha decretato lo stato di calamit\u00e0 e stanziato 1 milione di euro.","og_url":"https:\/\/www.intoscana.it\/it\/orbetello-laguna-firma-stato-calamita\/","og_site_name":"intoscana","article_publisher":"https:\/\/www.facebook.com\/intoscana.it","article_published_time":"2024-08-02T07:17:10+00:00","article_modified_time":"2024-08-02T07:19:49+00:00","og_image":[{"width":768,"height":511,"url":"https:\/\/www.intoscana.it\/wp-content\/uploads\/Orbetello-mulino-barca-laguna-2365.jpg","type":"image\/jpeg"}],"author":"Redazione","twitter_card":"summary_large_image","twitter_creator":"@intoscana","twitter_site":"@intoscana","twitter_misc":{"Written by":"Redazione","Est. reading time":"2 minuti"},"schema":{"@context":"https:\/\/schema.org","@graph":[{"@type":"WebPage","@id":"https:\/\/www.intoscana.it\/it\/orbetello-laguna-firma-stato-calamita\/","url":"https:\/\/www.intoscana.it\/it\/orbetello-laguna-firma-stato-calamita\/","name":"Emergenza laguna di Orbetello: Giani firma lo stato di calamit\u00e0, la Regione stanzia 1 milione di euro - intoscana","isPartOf":{"@id":"https:\/\/www.intoscana.it\/it\/#website"},"primaryImageOfPage":{"@id":"https:\/\/www.intoscana.it\/it\/orbetello-laguna-firma-stato-calamita\/#primaryimage"},"image":{"@id":"https:\/\/www.intoscana.it\/it\/orbetello-laguna-firma-stato-calamita\/#primaryimage"},"thumbnailUrl":"https:\/\/www.intoscana.it\/wp-content\/uploads\/Orbetello-mulino-barca-laguna-2365.jpg","datePublished":"2024-08-02T07:17:10+00:00","dateModified":"2024-08-02T07:19:49+00:00","author":{"@id":"https:\/\/www.intoscana.it\/it\/#\/schema\/person\/9223810753230f20bd670fdd322661f8"},"description":"Per far fronte all'emergenza della laguna di Orbetello la Regione ha decretato lo stato di calamit\u00e0 e stanziato 1 milione di euro.","breadcrumb":{"@id":"https:\/\/www.intoscana.it\/it\/orbetello-laguna-firma-stato-calamita\/#breadcrumb"},"inLanguage":"it-IT","potentialAction":[{"@type":"ReadAction","target":["https:\/\/www.intoscana.it\/it\/orbetello-laguna-firma-stato-calamita\/"]}]},{"@type":"ImageObject","inLanguage":"it-IT","@id":"https:\/\/www.intoscana.it\/it\/orbetello-laguna-firma-stato-calamita\/#primaryimage","url":"https:\/\/www.intoscana.it\/wp-content\/uploads\/Orbetello-mulino-barca-laguna-2365.jpg","contentUrl":"https:\/\/www.intoscana.it\/wp-content\/uploads\/Orbetello-mulino-barca-laguna-2365.jpg","width":768,"height":511,"caption":"La laguna di Orbetello"},{"@type":"BreadcrumbList","@id":"https:\/\/www.intoscana.it\/it\/orbetello-laguna-firma-stato-calamita\/#breadcrumb","itemListElement":[{"@type":"ListItem","position":1,"name":"Home","item":"https:\/\/www.intoscana.it\/it\/"},{"@type":"ListItem","position":2,"name":"Emergenza laguna di Orbetello: Giani firma lo stato di calamit\u00e0, la Regione stanzia 1 milione di euro"}]},{"@type":"WebSite","@id":"https:\/\/www.intoscana.it\/it\/#website","url":"https:\/\/www.intoscana.it\/it\/","name":"intoscana","description":"","potentialAction":[{"@type":"SearchAction","target":{"@type":"EntryPoint","urlTemplate":"https:\/\/www.intoscana.it\/it\/?s={search_term_string}"},"query-input":{"@type":"PropertyValueSpecification","valueRequired":true,"valueName":"search_term_string"}}],"inLanguage":"it-IT"},{"@type":"Person","@id":"https:\/\/www.intoscana.it\/it\/#\/schema\/person\/9223810753230f20bd670fdd322661f8","name":"Redazione","url":"https:\/\/www.intoscana.it\/it\/author\/redazione\/"}]}},"_links":{"self":[{"href":"https:\/\/www.intoscana.it\/it\/wp-json\/wp\/v2\/posts\/351078","targetHints":{"allow":["GET"]}}],"collection":[{"href":"https:\/\/www.intoscana.it\/it\/wp-json\/wp\/v2\/posts"}],"about":[{"href":"https:\/\/www.intoscana.it\/it\/wp-json\/wp\/v2\/types\/post"}],"author":[{"embeddable":true,"href":"https:\/\/www.intoscana.it\/it\/wp-json\/wp\/v2\/users\/525"}],"replies":[{"embeddable":true,"href":"https:\/\/www.intoscana.it\/it\/wp-json\/wp\/v2\/comments?post=351078"}],"version-history":[{"count":6,"href":"https:\/\/www.intoscana.it\/it\/wp-json\/wp\/v2\/posts\/351078\/revisions"}],"predecessor-version":[{"id":351084,"href":"https:\/\/www.intoscana.it\/it\/wp-json\/wp\/v2\/posts\/351078\/revisions\/351084"}],"wp:featuredmedia":[{"embeddable":true,"href":"https:\/\/www.intoscana.it\/it\/wp-json\/wp\/v2\/media\/75956"}],"wp:attachment":[{"href":"https:\/\/www.intoscana.it\/it\/wp-json\/wp\/v2\/media?parent=351078"}],"wp:term":[{"taxonomy":"category","embeddable":true,"href":"https:\/\/www.intoscana.it\/it\/wp-json\/wp\/v2\/categories?post=351078"},{"taxonomy":"post_tag","embeddable":true,"href":"https:\/\/www.intoscana.it\/it\/wp-json\/wp\/v2\/tags?post=351078"}],"curies":[{"name":"wp","href":"https:\/\/api.w.org\/{rel}","templated":true}]}}