{"id":352234,"date":"2024-08-10T14:20:19","date_gmt":"2024-08-10T12:20:19","guid":{"rendered":"https:\/\/www.intoscana.it\/it\/?p=352234"},"modified":"2024-08-10T17:44:54","modified_gmt":"2024-08-10T15:44:54","slug":"olimpiadi-due-bronzi-per-la-toscana-i-livornesi-andy-diaz-nel-salto-triplo-e-simone-alessio-nel-taekwondo","status":"publish","type":"post","link":"https:\/\/www.intoscana.it\/it\/olimpiadi-due-bronzi-per-la-toscana-i-livornesi-andy-diaz-nel-salto-triplo-e-simone-alessio-nel-taekwondo\/","title":{"rendered":"Olimpiadi, due bronzi per la Toscana: i livornesi Andy D\u00ecaz nel salto triplo e Simone Alessio nel taekwondo"},"content":{"rendered":"<p>Due bronzi alle<strong> Olimpiadi 2024 di Parigi<\/strong> grazie a due atleti toscani.<\/p>\n<p><strong>Andy D\u00ecaz Hernandez<\/strong> \u00e8<strong> medaglia di bronzo nel salto triplo<\/strong>, la seconda dell&#8217;Italia nell&#8217;atletica leggera.<\/p>\n<p><strong>Hernandez cubano di 28 anni,<\/strong> \u00e8 arrivato in Italia nel 2022 da clandestino <strong>dopo essere fuggito, in Spagna,<\/strong> da un raduno della Nazionale cubana.<\/p>\n<p><strong>Livorno lo ha accolto\u00a0<\/strong>dandogli la possibilit\u00e0 di praticare il suo sport e di avviare l\u2019iter per ottenere la <strong>cittadinanza italiana<\/strong> che \u00e8 arrivata nel 2023 grazie a una delibera del <strong>Consiglio dei Ministri.<\/strong><\/p>\n<p>Aiutato dal suo attuale allenatore, <strong>Fabrizio Donato,<\/strong> e dal <strong>presidente della Libertas Unicusano Livorno, Gianni Giannone<\/strong>, la sua vicenda \u00e8 stata presa in carico dal Coni che l\u2019ha sottoposta al Governo.<\/p>\n<p><em>&#8220;Aveva promesso di regalare al suo nuovo Paese una medaglia olimpica e ieri sera lo ha fatto. &#8211; <\/em><strong>ha dichiarato il presidente della Regione Toscana Eugenio Giani &#8211; <\/strong><em>Dobbiamo solo ringraziare Andy Diaz, cubano di Toscana, che ha regalato all\u2019Italia una splendida medaglia di bronzo sulla pista dello Stade de France a Parigi. La Regione lo ringrazia e si congratula con lui anche per la toccante vicenda umana che lo riguarda\u201d.<\/em><\/p>\n<p><strong>Diaz a Parigi ha saltato 17,63 metri,<\/strong> non andando lontano dal suo primato personale (17,75 saltati lo scorso anno, che sono anche il primato italiano), e nel terzo e quarto salto ha scelto di non saltare, per risparmiare le energie per gli ultimi due salti (non era al massimo della forma fisicamente). Negli ultimi due ha fatto prima un nullo e<strong> poi 17,64.<\/strong><\/p>\n<figure id=\"post-352241 media-352241\" class=\"align-none\"><img decoding=\"async\" src=\"https:\/\/www.intoscana.it\/wp-content\/uploads\/IMG_4454.jpg\" alt=\"\" \/><\/figure>\n<div class=\"titleimg\">Andy Diaz Hernandez<\/div>\n<p>Seconda bella notizia: la <strong>medaglia di bronzo<\/strong> per <strong>Simone Alessio <\/strong>(<strong>nato a Livorno<\/strong> e cresciuto a Sellia Marina in Calabria) nel taekwondo.<\/p>\n<p><strong>Alessio, 24 anni,<\/strong> \u00e8 salito sul terzo gradino del podio nella <strong>categoria degli 80 chili,<\/strong> regalando all&#8217;Italia la <strong>prima e per adesso unica medaglia nel taekwondo alle Olimpiadi di Parigi 2024.<\/strong><\/p>\n<p><strong>Simone Alessio<\/strong> ha sconfitto nella finale per il terzo posto <strong>l&#8217;americano Carl Nickolas<\/strong> dopo essere passato dai ripescaggi.<\/p>\n<p><em>&#8220;Il bronzo di Simone Alessio a Parigi assume un&#8217;importanza particolare in quanto conquistato in una disciplina, il taekwondo, che non \u00e8 tra le pi\u00f9 praticate in Italia. Simone \u00e8 nato a Livorno e questo lo lega alla Toscana, anche se \u00e8 cresciuto soprattutto in Calabria. A lui vanno i complimenti della Regione&#8221;<\/em>. <strong>Cos\u00ec ha commentato il presidente della Regione Toscana, Eugenio Giani.<\/strong><\/p>\n<figure id=\"post-352242 media-352242\" class=\"align-none\"><img decoding=\"async\" src=\"https:\/\/www.intoscana.it\/wp-content\/uploads\/210754439-1259aa0b-317d-4095-be00-0612bde034c8.jpg\" alt=\"\" \/><\/figure>\n<div class=\"titleimg\"><\/div>\n<p>&nbsp;<\/p>\n","protected":false},"excerpt":{"rendered":"<p>Continuano a brillare gli atleti toscani a Parigi. Due livornesi uno di nascita e l&#8217;altro d&#8217;adozione portano a casa due medaglie importanti alle Olimpiadi 2024<\/p>\n","protected":false},"author":518,"featured_media":352244,"comment_status":"open","ping_status":"open","sticky":false,"template":"","format":"standard","meta":{"_acf_changed":false,"footnotes":""},"categories":[494],"tags":[5401,151,159],"class_list":["post-352234","post","type-post","status-publish","format-standard","has-post-thumbnail","hentry","category-attualita","tag-olimpiadi","tag-regione-toscana","tag-sport"],"acf":[],"yoast_head":"<!-- This site is optimized with the Yoast SEO Premium plugin v24.2 (Yoast SEO v25.6) - https:\/\/yoast.com\/wordpress\/plugins\/seo\/ -->\n<title>Olimpiadi, due bronzi per la Toscana: i livornesi Andy D\u00ecaz nel salto triplo e Simone Alessio nel taekwondo - intoscana<\/title>\n<meta name=\"description\" content=\"Due livornesi uno doc e uno d&#039;adozione portano a casa due meglie importanti alle Olimpiadi 2024, continuano a brillare gli atleti toscani\" \/>\n<meta name=\"robots\" content=\"index, follow, max-snippet:-1, max-image-preview:large, max-video-preview:-1\" \/>\n<link rel=\"canonical\" href=\"https:\/\/www.intoscana.it\/it\/olimpiadi-due-bronzi-per-la-toscana-i-livornesi-andy-diaz-nel-salto-triplo-e-simone-alessio-nel-taekwondo\/\" \/>\n<meta property=\"og:locale\" content=\"it_IT\" \/>\n<meta property=\"og:type\" content=\"article\" \/>\n<meta property=\"og:title\" content=\"Olimpiadi, due bronzi per la Toscana: i livornesi Andy D\u00ecaz nel salto triplo e Simone Alessio nel taekwondo\" \/>\n<meta property=\"og:description\" content=\"Due livornesi uno doc e uno d&#039;adozione portano a casa due meglie importanti alle Olimpiadi 2024, continuano a brillare gli atleti toscani\" \/>\n<meta property=\"og:url\" content=\"https:\/\/www.intoscana.it\/it\/olimpiadi-due-bronzi-per-la-toscana-i-livornesi-andy-diaz-nel-salto-triplo-e-simone-alessio-nel-taekwondo\/\" \/>\n<meta property=\"og:site_name\" content=\"intoscana\" \/>\n<meta property=\"article:publisher\" content=\"https:\/\/www.facebook.com\/intoscana.it\" \/>\n<meta property=\"article:published_time\" content=\"2024-08-10T12:20:19+00:00\" \/>\n<meta property=\"article:modified_time\" content=\"2024-08-10T15:44:54+00:00\" \/>\n<meta property=\"og:image\" content=\"https:\/\/www.intoscana.it\/wp-content\/uploads\/Screenshot-2024-08-10-alle-14.15.34.jpeg\" \/>\n\t<meta property=\"og:image:width\" content=\"2035\" \/>\n\t<meta property=\"og:image:height\" content=\"1205\" \/>\n\t<meta property=\"og:image:type\" content=\"image\/jpeg\" \/>\n<meta name=\"author\" content=\"Costanza Baldini\" \/>\n<meta name=\"twitter:card\" content=\"summary_large_image\" \/>\n<meta name=\"twitter:creator\" content=\"@intoscana\" \/>\n<meta name=\"twitter:site\" content=\"@intoscana\" \/>\n<meta name=\"twitter:label1\" content=\"Written by\" \/>\n\t<meta name=\"twitter:data1\" content=\"Costanza Baldini\" \/>\n\t<meta name=\"twitter:label2\" content=\"Est. reading time\" \/>\n\t<meta name=\"twitter:data2\" content=\"3 minuti\" \/>\n<script type=\"application\/ld+json\" class=\"yoast-schema-graph\">{\"@context\":\"https:\/\/schema.org\",\"@graph\":[{\"@type\":\"WebPage\",\"@id\":\"https:\/\/www.intoscana.it\/it\/olimpiadi-due-bronzi-per-la-toscana-i-livornesi-andy-diaz-nel-salto-triplo-e-simone-alessio-nel-taekwondo\/\",\"url\":\"https:\/\/www.intoscana.it\/it\/olimpiadi-due-bronzi-per-la-toscana-i-livornesi-andy-diaz-nel-salto-triplo-e-simone-alessio-nel-taekwondo\/\",\"name\":\"Olimpiadi, due bronzi per la Toscana: i livornesi Andy D\u00ecaz nel salto triplo e Simone Alessio nel taekwondo - intoscana\",\"isPartOf\":{\"@id\":\"https:\/\/www.intoscana.it\/it\/#website\"},\"primaryImageOfPage\":{\"@id\":\"https:\/\/www.intoscana.it\/it\/olimpiadi-due-bronzi-per-la-toscana-i-livornesi-andy-diaz-nel-salto-triplo-e-simone-alessio-nel-taekwondo\/#primaryimage\"},\"image\":{\"@id\":\"https:\/\/www.intoscana.it\/it\/olimpiadi-due-bronzi-per-la-toscana-i-livornesi-andy-diaz-nel-salto-triplo-e-simone-alessio-nel-taekwondo\/#primaryimage\"},\"thumbnailUrl\":\"https:\/\/www.intoscana.it\/wp-content\/uploads\/Screenshot-2024-08-10-alle-14.15.34.jpeg\",\"datePublished\":\"2024-08-10T12:20:19+00:00\",\"dateModified\":\"2024-08-10T15:44:54+00:00\",\"author\":{\"@id\":\"https:\/\/www.intoscana.it\/it\/#\/schema\/person\/d469f35f09739bdf00bf5dd3f0647a82\"},\"description\":\"Due livornesi uno doc e uno d'adozione portano a casa due meglie importanti alle Olimpiadi 2024, continuano a brillare gli atleti toscani\",\"breadcrumb\":{\"@id\":\"https:\/\/www.intoscana.it\/it\/olimpiadi-due-bronzi-per-la-toscana-i-livornesi-andy-diaz-nel-salto-triplo-e-simone-alessio-nel-taekwondo\/#breadcrumb\"},\"inLanguage\":\"it-IT\",\"potentialAction\":[{\"@type\":\"ReadAction\",\"target\":[\"https:\/\/www.intoscana.it\/it\/olimpiadi-due-bronzi-per-la-toscana-i-livornesi-andy-diaz-nel-salto-triplo-e-simone-alessio-nel-taekwondo\/\"]}]},{\"@type\":\"ImageObject\",\"inLanguage\":\"it-IT\",\"@id\":\"https:\/\/www.intoscana.it\/it\/olimpiadi-due-bronzi-per-la-toscana-i-livornesi-andy-diaz-nel-salto-triplo-e-simone-alessio-nel-taekwondo\/#primaryimage\",\"url\":\"https:\/\/www.intoscana.it\/wp-content\/uploads\/Screenshot-2024-08-10-alle-14.15.34.jpeg\",\"contentUrl\":\"https:\/\/www.intoscana.it\/wp-content\/uploads\/Screenshot-2024-08-10-alle-14.15.34.jpeg\",\"width\":2035,\"height\":1205},{\"@type\":\"BreadcrumbList\",\"@id\":\"https:\/\/www.intoscana.it\/it\/olimpiadi-due-bronzi-per-la-toscana-i-livornesi-andy-diaz-nel-salto-triplo-e-simone-alessio-nel-taekwondo\/#breadcrumb\",\"itemListElement\":[{\"@type\":\"ListItem\",\"position\":1,\"name\":\"Home\",\"item\":\"https:\/\/www.intoscana.it\/it\/\"},{\"@type\":\"ListItem\",\"position\":2,\"name\":\"Olimpiadi, due bronzi per la Toscana: i livornesi Andy D\u00ecaz nel salto triplo e Simone Alessio nel taekwondo\"}]},{\"@type\":\"WebSite\",\"@id\":\"https:\/\/www.intoscana.it\/it\/#website\",\"url\":\"https:\/\/www.intoscana.it\/it\/\",\"name\":\"intoscana\",\"description\":\"\",\"potentialAction\":[{\"@type\":\"SearchAction\",\"target\":{\"@type\":\"EntryPoint\",\"urlTemplate\":\"https:\/\/www.intoscana.it\/it\/?s={search_term_string}\"},\"query-input\":{\"@type\":\"PropertyValueSpecification\",\"valueRequired\":true,\"valueName\":\"search_term_string\"}}],\"inLanguage\":\"it-IT\"},{\"@type\":\"Person\",\"@id\":\"https:\/\/www.intoscana.it\/it\/#\/schema\/person\/d469f35f09739bdf00bf5dd3f0647a82\",\"name\":\"Costanza Baldini\",\"url\":\"https:\/\/www.intoscana.it\/it\/author\/costanza-baldini\/\"}]}<\/script>\n<!-- \/ Yoast SEO Premium plugin. -->","yoast_head_json":{"title":"Olimpiadi, due bronzi per la Toscana: i livornesi Andy D\u00ecaz nel salto triplo e Simone Alessio nel taekwondo - intoscana","description":"Due livornesi uno doc e uno d'adozione portano a casa due meglie importanti alle Olimpiadi 2024, continuano a brillare gli atleti toscani","robots":{"index":"index","follow":"follow","max-snippet":"max-snippet:-1","max-image-preview":"max-image-preview:large","max-video-preview":"max-video-preview:-1"},"canonical":"https:\/\/www.intoscana.it\/it\/olimpiadi-due-bronzi-per-la-toscana-i-livornesi-andy-diaz-nel-salto-triplo-e-simone-alessio-nel-taekwondo\/","og_locale":"it_IT","og_type":"article","og_title":"Olimpiadi, due bronzi per la Toscana: i livornesi Andy D\u00ecaz nel salto triplo e Simone Alessio nel taekwondo","og_description":"Due livornesi uno doc e uno d'adozione portano a casa due meglie importanti alle Olimpiadi 2024, continuano a brillare gli atleti toscani","og_url":"https:\/\/www.intoscana.it\/it\/olimpiadi-due-bronzi-per-la-toscana-i-livornesi-andy-diaz-nel-salto-triplo-e-simone-alessio-nel-taekwondo\/","og_site_name":"intoscana","article_publisher":"https:\/\/www.facebook.com\/intoscana.it","article_published_time":"2024-08-10T12:20:19+00:00","article_modified_time":"2024-08-10T15:44:54+00:00","og_image":[{"width":2035,"height":1205,"url":"https:\/\/www.intoscana.it\/wp-content\/uploads\/Screenshot-2024-08-10-alle-14.15.34.jpeg","type":"image\/jpeg"}],"author":"Costanza Baldini","twitter_card":"summary_large_image","twitter_creator":"@intoscana","twitter_site":"@intoscana","twitter_misc":{"Written by":"Costanza Baldini","Est. reading time":"3 minuti"},"schema":{"@context":"https:\/\/schema.org","@graph":[{"@type":"WebPage","@id":"https:\/\/www.intoscana.it\/it\/olimpiadi-due-bronzi-per-la-toscana-i-livornesi-andy-diaz-nel-salto-triplo-e-simone-alessio-nel-taekwondo\/","url":"https:\/\/www.intoscana.it\/it\/olimpiadi-due-bronzi-per-la-toscana-i-livornesi-andy-diaz-nel-salto-triplo-e-simone-alessio-nel-taekwondo\/","name":"Olimpiadi, due bronzi per la Toscana: i livornesi Andy D\u00ecaz nel salto triplo e Simone Alessio nel taekwondo - intoscana","isPartOf":{"@id":"https:\/\/www.intoscana.it\/it\/#website"},"primaryImageOfPage":{"@id":"https:\/\/www.intoscana.it\/it\/olimpiadi-due-bronzi-per-la-toscana-i-livornesi-andy-diaz-nel-salto-triplo-e-simone-alessio-nel-taekwondo\/#primaryimage"},"image":{"@id":"https:\/\/www.intoscana.it\/it\/olimpiadi-due-bronzi-per-la-toscana-i-livornesi-andy-diaz-nel-salto-triplo-e-simone-alessio-nel-taekwondo\/#primaryimage"},"thumbnailUrl":"https:\/\/www.intoscana.it\/wp-content\/uploads\/Screenshot-2024-08-10-alle-14.15.34.jpeg","datePublished":"2024-08-10T12:20:19+00:00","dateModified":"2024-08-10T15:44:54+00:00","author":{"@id":"https:\/\/www.intoscana.it\/it\/#\/schema\/person\/d469f35f09739bdf00bf5dd3f0647a82"},"description":"Due livornesi uno doc e uno d'adozione portano a casa due meglie importanti alle Olimpiadi 2024, continuano a brillare gli atleti toscani","breadcrumb":{"@id":"https:\/\/www.intoscana.it\/it\/olimpiadi-due-bronzi-per-la-toscana-i-livornesi-andy-diaz-nel-salto-triplo-e-simone-alessio-nel-taekwondo\/#breadcrumb"},"inLanguage":"it-IT","potentialAction":[{"@type":"ReadAction","target":["https:\/\/www.intoscana.it\/it\/olimpiadi-due-bronzi-per-la-toscana-i-livornesi-andy-diaz-nel-salto-triplo-e-simone-alessio-nel-taekwondo\/"]}]},{"@type":"ImageObject","inLanguage":"it-IT","@id":"https:\/\/www.intoscana.it\/it\/olimpiadi-due-bronzi-per-la-toscana-i-livornesi-andy-diaz-nel-salto-triplo-e-simone-alessio-nel-taekwondo\/#primaryimage","url":"https:\/\/www.intoscana.it\/wp-content\/uploads\/Screenshot-2024-08-10-alle-14.15.34.jpeg","contentUrl":"https:\/\/www.intoscana.it\/wp-content\/uploads\/Screenshot-2024-08-10-alle-14.15.34.jpeg","width":2035,"height":1205},{"@type":"BreadcrumbList","@id":"https:\/\/www.intoscana.it\/it\/olimpiadi-due-bronzi-per-la-toscana-i-livornesi-andy-diaz-nel-salto-triplo-e-simone-alessio-nel-taekwondo\/#breadcrumb","itemListElement":[{"@type":"ListItem","position":1,"name":"Home","item":"https:\/\/www.intoscana.it\/it\/"},{"@type":"ListItem","position":2,"name":"Olimpiadi, due bronzi per la Toscana: i livornesi Andy D\u00ecaz nel salto triplo e Simone Alessio nel taekwondo"}]},{"@type":"WebSite","@id":"https:\/\/www.intoscana.it\/it\/#website","url":"https:\/\/www.intoscana.it\/it\/","name":"intoscana","description":"","potentialAction":[{"@type":"SearchAction","target":{"@type":"EntryPoint","urlTemplate":"https:\/\/www.intoscana.it\/it\/?s={search_term_string}"},"query-input":{"@type":"PropertyValueSpecification","valueRequired":true,"valueName":"search_term_string"}}],"inLanguage":"it-IT"},{"@type":"Person","@id":"https:\/\/www.intoscana.it\/it\/#\/schema\/person\/d469f35f09739bdf00bf5dd3f0647a82","name":"Costanza Baldini","url":"https:\/\/www.intoscana.it\/it\/author\/costanza-baldini\/"}]}},"_links":{"self":[{"href":"https:\/\/www.intoscana.it\/it\/wp-json\/wp\/v2\/posts\/352234","targetHints":{"allow":["GET"]}}],"collection":[{"href":"https:\/\/www.intoscana.it\/it\/wp-json\/wp\/v2\/posts"}],"about":[{"href":"https:\/\/www.intoscana.it\/it\/wp-json\/wp\/v2\/types\/post"}],"author":[{"embeddable":true,"href":"https:\/\/www.intoscana.it\/it\/wp-json\/wp\/v2\/users\/518"}],"replies":[{"embeddable":true,"href":"https:\/\/www.intoscana.it\/it\/wp-json\/wp\/v2\/comments?post=352234"}],"version-history":[{"count":15,"href":"https:\/\/www.intoscana.it\/it\/wp-json\/wp\/v2\/posts\/352234\/revisions"}],"predecessor-version":[{"id":352277,"href":"https:\/\/www.intoscana.it\/it\/wp-json\/wp\/v2\/posts\/352234\/revisions\/352277"}],"wp:featuredmedia":[{"embeddable":true,"href":"https:\/\/www.intoscana.it\/it\/wp-json\/wp\/v2\/media\/352244"}],"wp:attachment":[{"href":"https:\/\/www.intoscana.it\/it\/wp-json\/wp\/v2\/media?parent=352234"}],"wp:term":[{"taxonomy":"category","embeddable":true,"href":"https:\/\/www.intoscana.it\/it\/wp-json\/wp\/v2\/categories?post=352234"},{"taxonomy":"post_tag","embeddable":true,"href":"https:\/\/www.intoscana.it\/it\/wp-json\/wp\/v2\/tags?post=352234"}],"curies":[{"name":"wp","href":"https:\/\/api.w.org\/{rel}","templated":true}]}}