{"id":352753,"date":"2024-08-14T14:35:03","date_gmt":"2024-08-14T12:35:03","guid":{"rendered":"https:\/\/www.intoscana.it\/it\/?p=352753"},"modified":"2024-08-19T09:19:04","modified_gmt":"2024-08-19T07:19:04","slug":"dopo-il-caldo-record-attesi-forti-temporali-allerta-sulle-isole-dellarcipelago-toscano","status":"publish","type":"post","link":"https:\/\/www.intoscana.it\/it\/dopo-il-caldo-record-attesi-forti-temporali-allerta-sulle-isole-dellarcipelago-toscano\/","title":{"rendered":"Dopo il caldo record attesi forti temporali, allerta sulle isole dell&#8217;Arcipelago toscano"},"content":{"rendered":"<p>Per la giornata di <strong>Ferragosto<\/strong> sono attesi forti temporali sulle isole dell\u2019Arcipelago toscano. Ad annunciarlo \u00e8 la Sala operativa unificata della Protezione civile regionale, che ha diffuso un <mark>allerta meteo di codice giallo valido dalle 10 alle 15 del giorno di gioved\u00ec 15 agosto.<\/mark><\/p>\n<p>L&#8217;arrivo di <strong>aria fredda<\/strong> in quota determiner\u00e0 gi\u00e0 dal pomeriggio del 14 agosto unamodesta instabilit\u00e0 con possibilit\u00e0 di locali temporali di breve durata sui rilievi delle zone interne. Gioved\u00ec, dalla tarda mattinata alla prima parte del pomeriggio, <mark>saranno invece possibili [temporali, anche di elevata intensit\u00e0, sull&#8217;Arcipelago e sulle zone litoranee.<\/mark><\/p>\n<p>Possibili anche colpi di vento e <strong>grandinate<\/strong>. Sono inoltre attesi locali temporali di breve durata nel pomeriggio nelle zone pi\u00f9 interne.<\/p>\n<p>Dopo il record registrato nei giorni scorsi, <strong>Firenze<\/strong> resta ancora nella morsa del <strong>caldo<\/strong> torrido: proseguir\u00e0 infatti <mark>fino a venerd\u00ec 16 agosto il codice rosso come comunicato dal bollettino dell ministero della salute.<\/mark><\/p>\n<p>Una serie di semplici comportamenti e misure di prevenzione possono contribuire a ridurre notevolmente le conseguenze nocive di queste ondate di calore. <a href=\"https:\/\/www.salute.gov.it\/portale\/caldo\/dettaglioContenutiCaldo.jsp?lingua=italiano&amp;id=5234&amp;area=emergenzaCaldo&amp;menu=vuoto\" target=\"_blank\" rel=\"noopener\">Qui<\/a> il decalogo del ministero.<\/p>\n<p>&nbsp;<\/p>\n","protected":false},"excerpt":{"rendered":"<p>La sala operativa unificata della Protezione civile regionale ha diffuso un allerta meteo di codice giallo valido dalle 10 alle 15 del giorno di Ferragosto. Ancora caldo da bollino rosso a Firenze<\/p>\n","protected":false},"author":525,"featured_media":101472,"comment_status":"open","ping_status":"open","sticky":false,"template":"","format":"standard","meta":{"_acf_changed":false,"footnotes":""},"categories":[494],"tags":[4858,3471],"class_list":["post-352753","post","type-post","status-publish","format-standard","has-post-thumbnail","hentry","category-attualita","tag-meteo","tag-protezione-civile"],"acf":[],"yoast_head":"<!-- This site is optimized with the Yoast SEO Premium plugin v24.2 (Yoast SEO v25.6) - https:\/\/yoast.com\/wordpress\/plugins\/seo\/ -->\n<title>Dopo il caldo record attesi forti temporali, allerta sulle isole dell&#039;Arcipelago toscano - intoscana<\/title>\n<meta name=\"description\" content=\"La sala operativa unificata della Protezione civile regionale ha diffuso un allerta meteo di codice giallo valido dalle 10 alle 15 del giorno di Ferragosto. Ancora caldo da bollino rosso a Firenze\" \/>\n<meta name=\"robots\" content=\"index, follow, max-snippet:-1, max-image-preview:large, max-video-preview:-1\" \/>\n<link rel=\"canonical\" href=\"https:\/\/www.intoscana.it\/it\/dopo-il-caldo-record-attesi-forti-temporali-allerta-sulle-isole-dellarcipelago-toscano\/\" \/>\n<meta property=\"og:locale\" content=\"it_IT\" \/>\n<meta property=\"og:type\" content=\"article\" \/>\n<meta property=\"og:title\" content=\"Dopo il caldo record attesi forti temporali, allerta sulle isole dell&#039;Arcipelago toscano\" \/>\n<meta property=\"og:description\" content=\"La sala operativa unificata della Protezione civile regionale ha diffuso un allerta meteo di codice giallo valido dalle 10 alle 15 del giorno di Ferragosto. Ancora caldo da bollino rosso a Firenze\" \/>\n<meta property=\"og:url\" content=\"https:\/\/www.intoscana.it\/it\/dopo-il-caldo-record-attesi-forti-temporali-allerta-sulle-isole-dellarcipelago-toscano\/\" \/>\n<meta property=\"og:site_name\" content=\"intoscana\" \/>\n<meta property=\"article:publisher\" content=\"https:\/\/www.facebook.com\/intoscana.it\" \/>\n<meta property=\"article:published_time\" content=\"2024-08-14T12:35:03+00:00\" \/>\n<meta property=\"article:modified_time\" content=\"2024-08-19T07:19:04+00:00\" \/>\n<meta property=\"og:image\" content=\"https:\/\/www.intoscana.it\/wp-content\/uploads\/gocce-di-pioggia-vetro-197813-9.jpg\" \/>\n\t<meta property=\"og:image:width\" content=\"800\" \/>\n\t<meta property=\"og:image:height\" content=\"531\" \/>\n\t<meta property=\"og:image:type\" content=\"image\/jpeg\" \/>\n<meta name=\"author\" content=\"Redazione\" \/>\n<meta name=\"twitter:card\" content=\"summary_large_image\" \/>\n<meta name=\"twitter:creator\" content=\"@intoscana\" \/>\n<meta name=\"twitter:site\" content=\"@intoscana\" \/>\n<meta name=\"twitter:label1\" content=\"Written by\" \/>\n\t<meta name=\"twitter:data1\" content=\"Redazione\" \/>\n\t<meta name=\"twitter:label2\" content=\"Est. reading time\" \/>\n\t<meta name=\"twitter:data2\" content=\"2 minuti\" \/>\n<script type=\"application\/ld+json\" class=\"yoast-schema-graph\">{\"@context\":\"https:\/\/schema.org\",\"@graph\":[{\"@type\":\"WebPage\",\"@id\":\"https:\/\/www.intoscana.it\/it\/dopo-il-caldo-record-attesi-forti-temporali-allerta-sulle-isole-dellarcipelago-toscano\/\",\"url\":\"https:\/\/www.intoscana.it\/it\/dopo-il-caldo-record-attesi-forti-temporali-allerta-sulle-isole-dellarcipelago-toscano\/\",\"name\":\"Dopo il caldo record attesi forti temporali, allerta sulle isole dell'Arcipelago toscano - intoscana\",\"isPartOf\":{\"@id\":\"https:\/\/www.intoscana.it\/it\/#website\"},\"primaryImageOfPage\":{\"@id\":\"https:\/\/www.intoscana.it\/it\/dopo-il-caldo-record-attesi-forti-temporali-allerta-sulle-isole-dellarcipelago-toscano\/#primaryimage\"},\"image\":{\"@id\":\"https:\/\/www.intoscana.it\/it\/dopo-il-caldo-record-attesi-forti-temporali-allerta-sulle-isole-dellarcipelago-toscano\/#primaryimage\"},\"thumbnailUrl\":\"https:\/\/www.intoscana.it\/wp-content\/uploads\/gocce-di-pioggia-vetro-197813-9.jpg\",\"datePublished\":\"2024-08-14T12:35:03+00:00\",\"dateModified\":\"2024-08-19T07:19:04+00:00\",\"author\":{\"@id\":\"https:\/\/www.intoscana.it\/it\/#\/schema\/person\/9223810753230f20bd670fdd322661f8\"},\"description\":\"La sala operativa unificata della Protezione civile regionale ha diffuso un allerta meteo di codice giallo valido dalle 10 alle 15 del giorno di Ferragosto. Ancora caldo da bollino rosso a Firenze\",\"breadcrumb\":{\"@id\":\"https:\/\/www.intoscana.it\/it\/dopo-il-caldo-record-attesi-forti-temporali-allerta-sulle-isole-dellarcipelago-toscano\/#breadcrumb\"},\"inLanguage\":\"it-IT\",\"potentialAction\":[{\"@type\":\"ReadAction\",\"target\":[\"https:\/\/www.intoscana.it\/it\/dopo-il-caldo-record-attesi-forti-temporali-allerta-sulle-isole-dellarcipelago-toscano\/\"]}]},{\"@type\":\"ImageObject\",\"inLanguage\":\"it-IT\",\"@id\":\"https:\/\/www.intoscana.it\/it\/dopo-il-caldo-record-attesi-forti-temporali-allerta-sulle-isole-dellarcipelago-toscano\/#primaryimage\",\"url\":\"https:\/\/www.intoscana.it\/wp-content\/uploads\/gocce-di-pioggia-vetro-197813-9.jpg\",\"contentUrl\":\"https:\/\/www.intoscana.it\/wp-content\/uploads\/gocce-di-pioggia-vetro-197813-9.jpg\",\"width\":800,\"height\":531},{\"@type\":\"BreadcrumbList\",\"@id\":\"https:\/\/www.intoscana.it\/it\/dopo-il-caldo-record-attesi-forti-temporali-allerta-sulle-isole-dellarcipelago-toscano\/#breadcrumb\",\"itemListElement\":[{\"@type\":\"ListItem\",\"position\":1,\"name\":\"Home\",\"item\":\"https:\/\/www.intoscana.it\/it\/\"},{\"@type\":\"ListItem\",\"position\":2,\"name\":\"Dopo il caldo record attesi forti temporali, allerta sulle isole dell&#8217;Arcipelago toscano\"}]},{\"@type\":\"WebSite\",\"@id\":\"https:\/\/www.intoscana.it\/it\/#website\",\"url\":\"https:\/\/www.intoscana.it\/it\/\",\"name\":\"intoscana\",\"description\":\"\",\"potentialAction\":[{\"@type\":\"SearchAction\",\"target\":{\"@type\":\"EntryPoint\",\"urlTemplate\":\"https:\/\/www.intoscana.it\/it\/?s={search_term_string}\"},\"query-input\":{\"@type\":\"PropertyValueSpecification\",\"valueRequired\":true,\"valueName\":\"search_term_string\"}}],\"inLanguage\":\"it-IT\"},{\"@type\":\"Person\",\"@id\":\"https:\/\/www.intoscana.it\/it\/#\/schema\/person\/9223810753230f20bd670fdd322661f8\",\"name\":\"Redazione\",\"url\":\"https:\/\/www.intoscana.it\/it\/author\/redazione\/\"}]}<\/script>\n<!-- \/ Yoast SEO Premium plugin. -->","yoast_head_json":{"title":"Dopo il caldo record attesi forti temporali, allerta sulle isole dell'Arcipelago toscano - intoscana","description":"La sala operativa unificata della Protezione civile regionale ha diffuso un allerta meteo di codice giallo valido dalle 10 alle 15 del giorno di Ferragosto. Ancora caldo da bollino rosso a Firenze","robots":{"index":"index","follow":"follow","max-snippet":"max-snippet:-1","max-image-preview":"max-image-preview:large","max-video-preview":"max-video-preview:-1"},"canonical":"https:\/\/www.intoscana.it\/it\/dopo-il-caldo-record-attesi-forti-temporali-allerta-sulle-isole-dellarcipelago-toscano\/","og_locale":"it_IT","og_type":"article","og_title":"Dopo il caldo record attesi forti temporali, allerta sulle isole dell'Arcipelago toscano","og_description":"La sala operativa unificata della Protezione civile regionale ha diffuso un allerta meteo di codice giallo valido dalle 10 alle 15 del giorno di Ferragosto. Ancora caldo da bollino rosso a Firenze","og_url":"https:\/\/www.intoscana.it\/it\/dopo-il-caldo-record-attesi-forti-temporali-allerta-sulle-isole-dellarcipelago-toscano\/","og_site_name":"intoscana","article_publisher":"https:\/\/www.facebook.com\/intoscana.it","article_published_time":"2024-08-14T12:35:03+00:00","article_modified_time":"2024-08-19T07:19:04+00:00","og_image":[{"width":800,"height":531,"url":"https:\/\/www.intoscana.it\/wp-content\/uploads\/gocce-di-pioggia-vetro-197813-9.jpg","type":"image\/jpeg"}],"author":"Redazione","twitter_card":"summary_large_image","twitter_creator":"@intoscana","twitter_site":"@intoscana","twitter_misc":{"Written by":"Redazione","Est. reading time":"2 minuti"},"schema":{"@context":"https:\/\/schema.org","@graph":[{"@type":"WebPage","@id":"https:\/\/www.intoscana.it\/it\/dopo-il-caldo-record-attesi-forti-temporali-allerta-sulle-isole-dellarcipelago-toscano\/","url":"https:\/\/www.intoscana.it\/it\/dopo-il-caldo-record-attesi-forti-temporali-allerta-sulle-isole-dellarcipelago-toscano\/","name":"Dopo il caldo record attesi forti temporali, allerta sulle isole dell'Arcipelago toscano - intoscana","isPartOf":{"@id":"https:\/\/www.intoscana.it\/it\/#website"},"primaryImageOfPage":{"@id":"https:\/\/www.intoscana.it\/it\/dopo-il-caldo-record-attesi-forti-temporali-allerta-sulle-isole-dellarcipelago-toscano\/#primaryimage"},"image":{"@id":"https:\/\/www.intoscana.it\/it\/dopo-il-caldo-record-attesi-forti-temporali-allerta-sulle-isole-dellarcipelago-toscano\/#primaryimage"},"thumbnailUrl":"https:\/\/www.intoscana.it\/wp-content\/uploads\/gocce-di-pioggia-vetro-197813-9.jpg","datePublished":"2024-08-14T12:35:03+00:00","dateModified":"2024-08-19T07:19:04+00:00","author":{"@id":"https:\/\/www.intoscana.it\/it\/#\/schema\/person\/9223810753230f20bd670fdd322661f8"},"description":"La sala operativa unificata della Protezione civile regionale ha diffuso un allerta meteo di codice giallo valido dalle 10 alle 15 del giorno di Ferragosto. Ancora caldo da bollino rosso a Firenze","breadcrumb":{"@id":"https:\/\/www.intoscana.it\/it\/dopo-il-caldo-record-attesi-forti-temporali-allerta-sulle-isole-dellarcipelago-toscano\/#breadcrumb"},"inLanguage":"it-IT","potentialAction":[{"@type":"ReadAction","target":["https:\/\/www.intoscana.it\/it\/dopo-il-caldo-record-attesi-forti-temporali-allerta-sulle-isole-dellarcipelago-toscano\/"]}]},{"@type":"ImageObject","inLanguage":"it-IT","@id":"https:\/\/www.intoscana.it\/it\/dopo-il-caldo-record-attesi-forti-temporali-allerta-sulle-isole-dellarcipelago-toscano\/#primaryimage","url":"https:\/\/www.intoscana.it\/wp-content\/uploads\/gocce-di-pioggia-vetro-197813-9.jpg","contentUrl":"https:\/\/www.intoscana.it\/wp-content\/uploads\/gocce-di-pioggia-vetro-197813-9.jpg","width":800,"height":531},{"@type":"BreadcrumbList","@id":"https:\/\/www.intoscana.it\/it\/dopo-il-caldo-record-attesi-forti-temporali-allerta-sulle-isole-dellarcipelago-toscano\/#breadcrumb","itemListElement":[{"@type":"ListItem","position":1,"name":"Home","item":"https:\/\/www.intoscana.it\/it\/"},{"@type":"ListItem","position":2,"name":"Dopo il caldo record attesi forti temporali, allerta sulle isole dell&#8217;Arcipelago toscano"}]},{"@type":"WebSite","@id":"https:\/\/www.intoscana.it\/it\/#website","url":"https:\/\/www.intoscana.it\/it\/","name":"intoscana","description":"","potentialAction":[{"@type":"SearchAction","target":{"@type":"EntryPoint","urlTemplate":"https:\/\/www.intoscana.it\/it\/?s={search_term_string}"},"query-input":{"@type":"PropertyValueSpecification","valueRequired":true,"valueName":"search_term_string"}}],"inLanguage":"it-IT"},{"@type":"Person","@id":"https:\/\/www.intoscana.it\/it\/#\/schema\/person\/9223810753230f20bd670fdd322661f8","name":"Redazione","url":"https:\/\/www.intoscana.it\/it\/author\/redazione\/"}]}},"_links":{"self":[{"href":"https:\/\/www.intoscana.it\/it\/wp-json\/wp\/v2\/posts\/352753","targetHints":{"allow":["GET"]}}],"collection":[{"href":"https:\/\/www.intoscana.it\/it\/wp-json\/wp\/v2\/posts"}],"about":[{"href":"https:\/\/www.intoscana.it\/it\/wp-json\/wp\/v2\/types\/post"}],"author":[{"embeddable":true,"href":"https:\/\/www.intoscana.it\/it\/wp-json\/wp\/v2\/users\/525"}],"replies":[{"embeddable":true,"href":"https:\/\/www.intoscana.it\/it\/wp-json\/wp\/v2\/comments?post=352753"}],"version-history":[{"count":6,"href":"https:\/\/www.intoscana.it\/it\/wp-json\/wp\/v2\/posts\/352753\/revisions"}],"predecessor-version":[{"id":352996,"href":"https:\/\/www.intoscana.it\/it\/wp-json\/wp\/v2\/posts\/352753\/revisions\/352996"}],"wp:featuredmedia":[{"embeddable":true,"href":"https:\/\/www.intoscana.it\/it\/wp-json\/wp\/v2\/media\/101472"}],"wp:attachment":[{"href":"https:\/\/www.intoscana.it\/it\/wp-json\/wp\/v2\/media?parent=352753"}],"wp:term":[{"taxonomy":"category","embeddable":true,"href":"https:\/\/www.intoscana.it\/it\/wp-json\/wp\/v2\/categories?post=352753"},{"taxonomy":"post_tag","embeddable":true,"href":"https:\/\/www.intoscana.it\/it\/wp-json\/wp\/v2\/tags?post=352753"}],"curies":[{"name":"wp","href":"https:\/\/api.w.org\/{rel}","templated":true}]}}