{"id":352989,"date":"2024-08-19T09:48:02","date_gmt":"2024-08-19T07:48:02","guid":{"rendered":"https:\/\/www.intoscana.it\/it\/?p=352989"},"modified":"2024-08-21T11:58:36","modified_gmt":"2024-08-21T09:58:36","slug":"fine-settimana-di-maltempo-con-allagamenti-e-danni-in-toscana-nubifragio-a-pitigliano","status":"publish","type":"post","link":"https:\/\/www.intoscana.it\/it\/fine-settimana-di-maltempo-con-allagamenti-e-danni-in-toscana-nubifragio-a-pitigliano\/","title":{"rendered":"Fine settimana di maltempo con allagamenti e danni in Toscana: forte nubifragio a Pitigliano"},"content":{"rendered":"<p><strong>\u00c8 stata un domenica di maltempo<\/strong>\u00a0e disagi in tutta la Toscana quella del<strong> 18 agosto 2024,<\/strong> la Regione Toscana ha preventivamente diramato un<strong> &#8216;codice giallo&#8217; <\/strong>in tutto il territorio.<\/p>\n<p><strong>La forte intensit\u00e0 della pioggia<\/strong> caduta durante la notte ha provocato<strong> l&#8217;allagamento della Passeggiata di Viareggio<\/strong>, fenomeno che non \u00e8 nuovo e che d\u00e0 al lungomare un &#8216;Effetto Venezia&#8217;.<\/p>\n<p>Sulla costa il mare mosso e i temporali hanno causato <strong>l&#8217;affondamento di una barca a vela di 11 metri,<\/strong> che aveva pure il motore in avaria, mentre era a solo mezzo miglio dal porto di<strong> Marina di Pisa.<\/strong><\/p>\n<p><strong>Salvate dalla guardia costiera le due persone a bordo<\/strong> quando il natante si era gi\u00e0 incagliato sulle barriere soffolte a protezione dell&#8217;abitato lungomare. Lo scafo si \u00e8 squarciato.<\/p>\n<p>I diportisti, residenti in Piemonte, tengono la barca ormeggiata alla foce dell&#8217;Arno per tutta la stagione ed erano di rientro da una giornata trascorsa lungo la costa a sud di Livorno. <strong>Nonostante vari tentativi di manovre di disincaglio<\/strong> messe in atto dal proprietario e dalla guardia costiera, l&#8217;imbarcazione rimaneva incagliata e gli occupanti sbarcavano utilizzando il tender.<\/p>\n<h3>Disagi a Empoli e in Val d&#8217;Elsa<\/h3>\n<p>Circa <strong>30 richieste di intervento ai vigili del fuoco<\/strong> per le avverse condizioni metereologiche, con temporali e rovesci che hanno colpito<strong> l&#8217;area di Empoli e della Val d&#8217;Elsa<\/strong>, nei comuni di<strong> Castelfiorentino e Gambassi Terme<\/strong> (Firenze). Ci sono stati alberi piegati dal vento e rami a terra o pericolanti, inoltre i pompieri vengono richiesti per mettere in sicurezza oggetti pericolanti. Risultano danni da acqua, come allagamenti e piccoli smottamenti stradali.<\/p>\n<p>La Protezione civile della Citt\u00e0 Metropolitana di Firenze riporta che<strong> i fenomeni pi\u00f9 intensi di maltempo nella provincia sono stati a Castelfiorentino<\/strong> con 60 mm di pioggia caduta in un&#8217;ora e raffiche di vento a 78 km\/h, e<strong> a San Donato in Collina<\/strong>, nel territorio di<strong> Bagno a Ripoli,<\/strong> con 40 mm di pioggia in un&#8217;ora. Nei territori colpiti ci sono criticit\u00e0 dovute principalmente a locali allagamenti, caduta alberi e presenza di detriti sulla strada.<\/p>\n<p><iframe loading=\"lazy\" style=\"border: none; overflow: hidden;\" src=\"https:\/\/www.facebook.com\/plugins\/video.php?height=476&amp;href=https%3A%2F%2Fwww.facebook.com%2FComunePitigliano%2Fvideos%2F1021949532500178%2F&amp;show_text=false&amp;width=269&amp;t=0\" width=\"269\" height=\"476\" frameborder=\"0\" scrolling=\"no\" allowfullscreen=\"allowfullscreen\"><\/iframe><\/p>\n<h3>Nubifragio a Pitigliano<\/h3>\n<p>A <strong>Pitigliano, in provincia di Grosseto,<\/strong> si \u00e8 abbattuto un violento nubifragio.<\/p>\n<p><strong>Il presidente della Regione Toscana Eugenio Giani<\/strong> ha dichiarato: &#8220;Il cumulato di pioggia registrato a Pitigliano (Grosseto) ha raggiunto circa 80 mm. Su altre aree della regione si sono verificati rovesci temporaleschi sparsi localmente intensi, con una linea temporalesca marcata tra il basso Livornese e la provincia di Firenze. In quest&#8217;ultima, si segnala <strong>un forte temporale con un accumulo di circa 65 mm in un&#8217;ora a Castelfiorentino&#8221;. <\/strong><\/p>\n<p>&#8220;Per le prossime ore &#8211; aggiunge &#8211;<strong> si prevede che le precipitazioni si spostino da ovest verso est, interessando progressivamente le zone pi\u00f9 interne&#8221;.<\/strong><\/p>\n<h3>Fulmini su chiese e campanili<\/h3>\n<p><strong>Un fulmine<\/strong> caduto durante il nubifragio ha colpito la<strong> basilica di San Pietro apostolo a Grado, vicino a Pisa<\/strong>. C&#8217;\u00e8 stato <strong>un principio di incendio spento dai pompieri<\/strong> ma <strong>una trave \u00e8 rimasta incendiata.<\/strong> Esclusi al momento danni alle strutture portanti in legno del tetto. Sono state fatte verifiche dai pompieri e non risultano criticit\u00e0.<\/p>\n<p><strong>I vigili del fuoco, comunque, hanno interdetto l&#8217;accesso alla basilica <\/strong>fino a che non saranno effettuati controlli pi\u00f9 approfonditi sulla staticit\u00e0 della trave. La basilica, in stile romanico pisano, costruita fra il X e il XII secolo, \u00e8 dedicata all&#8217;apostolo Pietro che secondo una tradizione sarebbe sbarcato in un porto fluviale che esisteva nei pressi.<\/p>\n<p><strong>La basilica rester\u00e0 chiusa sia per precauzione,<\/strong> sia in attesa dei controlli degli ingegneri e dei tecnici dei vigili del fuoco e della soprintendenza, previsti nei prossimi giorni. Il fulmine \u00e8 penetrato all&#8217;interno della chiesa dopo aver colpito e scardinato il parafulmine dal suo alloggiamento e, attraversandolo, si \u00e8 poi scaricato tra le travi della copertura, incendiandone una.<\/p>\n<p>In tutta la zona di Pisa e della provincia <strong>il maltempo ha impegnato i pompieri in circa 30 interventi,<\/strong> parecchi per rami caduti o pericolanti o per alberi a rischio crollo dopo il temporale. Richieste sono arrivate da Migliarino, Cascina, Pisa citt\u00e0.<\/p>\n<p>In <strong>Maremma, a Manciano<\/strong> (Grosseto), <strong>un fulmine ha colpito il campanile di San Leonardo<\/strong>, la chiesa parrocchiale danneggiandolo fortemente. C&#8217;\u00e8 stata una caduta di sassi e detriti finiti su alcune auto parcheggiate nella strada sottostante.<\/p>\n<p><strong>Illesi, ma con tanta paura, per alcuni turisti che si sono trovati vicini alla chiesa<\/strong> al momento dello schianto del nembo. C&#8217;\u00e8 stato un lieve spostamento d&#8217;aria, poi sono piovuti frammenti di calcina, mattoni, pietre. Sul posto la polizia municipale e i vigili del fuoco <strong>stanno effettuando verifiche alla staticit\u00e0 della chiesa<\/strong> e allo stesso campanile, che potrebbe essere interamente demolito per motivi di sicurezza.<\/p>\n","protected":false},"excerpt":{"rendered":"<p>Violento nubifragio a Pitigliano in provincia di Grosseto, fulmini su una chiesa a Pisa e a Manciano in Maremma. A Marina di Pisa affondata una barca a vela, nessun danno a persone<\/p>\n","protected":false},"author":525,"featured_media":235957,"comment_status":"open","ping_status":"open","sticky":false,"template":"","format":"standard","meta":{"_acf_changed":false,"footnotes":""},"categories":[494],"tags":[348],"class_list":["post-352989","post","type-post","status-publish","format-standard","has-post-thumbnail","hentry","category-attualita","tag-maltempo"],"acf":[],"yoast_head":"<!-- This site is optimized with the Yoast SEO Premium plugin v24.2 (Yoast SEO v25.6) - https:\/\/yoast.com\/wordpress\/plugins\/seo\/ -->\n<title>Fine settimana di maltempo con allagamenti e danni in Toscana: forte nubifragio a Pitigliano - intoscana<\/title>\n<meta name=\"robots\" content=\"index, follow, max-snippet:-1, max-image-preview:large, max-video-preview:-1\" \/>\n<link rel=\"canonical\" href=\"https:\/\/www.intoscana.it\/it\/fine-settimana-di-maltempo-con-allagamenti-e-danni-in-toscana-nubifragio-a-pitigliano\/\" \/>\n<meta property=\"og:locale\" content=\"it_IT\" \/>\n<meta property=\"og:type\" content=\"article\" \/>\n<meta property=\"og:title\" content=\"Fine settimana di maltempo con allagamenti e danni in Toscana: forte nubifragio a Pitigliano\" \/>\n<meta property=\"og:description\" content=\"Violento nubifragio a Pitigliano in provincia di Grosseto, fulmini su una chiesa a Pisa e a Manciano in Maremma. A Marina di Pisa affondata una barca a vela, nessun danno a persone\" \/>\n<meta property=\"og:url\" content=\"https:\/\/www.intoscana.it\/it\/fine-settimana-di-maltempo-con-allagamenti-e-danni-in-toscana-nubifragio-a-pitigliano\/\" \/>\n<meta property=\"og:site_name\" content=\"intoscana\" \/>\n<meta property=\"article:publisher\" content=\"https:\/\/www.facebook.com\/intoscana.it\" \/>\n<meta property=\"article:published_time\" content=\"2024-08-19T07:48:02+00:00\" \/>\n<meta property=\"article:modified_time\" content=\"2024-08-21T09:58:36+00:00\" \/>\n<meta property=\"og:image\" content=\"https:\/\/www.intoscana.it\/wp-content\/uploads\/PIoggia-10-scaled.jpg\" \/>\n\t<meta property=\"og:image:width\" content=\"2048\" \/>\n\t<meta property=\"og:image:height\" content=\"1357\" \/>\n\t<meta property=\"og:image:type\" content=\"image\/jpeg\" \/>\n<meta name=\"author\" content=\"Redazione\" \/>\n<meta name=\"twitter:card\" content=\"summary_large_image\" \/>\n<meta name=\"twitter:creator\" content=\"@intoscana\" \/>\n<meta name=\"twitter:site\" content=\"@intoscana\" \/>\n<meta name=\"twitter:label1\" content=\"Written by\" \/>\n\t<meta name=\"twitter:data1\" content=\"Redazione\" \/>\n\t<meta name=\"twitter:label2\" content=\"Est. reading time\" \/>\n\t<meta name=\"twitter:data2\" content=\"5 minuti\" \/>\n<script type=\"application\/ld+json\" class=\"yoast-schema-graph\">{\"@context\":\"https:\/\/schema.org\",\"@graph\":[{\"@type\":\"WebPage\",\"@id\":\"https:\/\/www.intoscana.it\/it\/fine-settimana-di-maltempo-con-allagamenti-e-danni-in-toscana-nubifragio-a-pitigliano\/\",\"url\":\"https:\/\/www.intoscana.it\/it\/fine-settimana-di-maltempo-con-allagamenti-e-danni-in-toscana-nubifragio-a-pitigliano\/\",\"name\":\"Fine settimana di maltempo con allagamenti e danni in Toscana: forte nubifragio a Pitigliano - intoscana\",\"isPartOf\":{\"@id\":\"https:\/\/www.intoscana.it\/it\/#website\"},\"primaryImageOfPage\":{\"@id\":\"https:\/\/www.intoscana.it\/it\/fine-settimana-di-maltempo-con-allagamenti-e-danni-in-toscana-nubifragio-a-pitigliano\/#primaryimage\"},\"image\":{\"@id\":\"https:\/\/www.intoscana.it\/it\/fine-settimana-di-maltempo-con-allagamenti-e-danni-in-toscana-nubifragio-a-pitigliano\/#primaryimage\"},\"thumbnailUrl\":\"https:\/\/www.intoscana.it\/wp-content\/uploads\/PIoggia-10-scaled.jpg\",\"datePublished\":\"2024-08-19T07:48:02+00:00\",\"dateModified\":\"2024-08-21T09:58:36+00:00\",\"author\":{\"@id\":\"https:\/\/www.intoscana.it\/it\/#\/schema\/person\/9223810753230f20bd670fdd322661f8\"},\"breadcrumb\":{\"@id\":\"https:\/\/www.intoscana.it\/it\/fine-settimana-di-maltempo-con-allagamenti-e-danni-in-toscana-nubifragio-a-pitigliano\/#breadcrumb\"},\"inLanguage\":\"it-IT\",\"potentialAction\":[{\"@type\":\"ReadAction\",\"target\":[\"https:\/\/www.intoscana.it\/it\/fine-settimana-di-maltempo-con-allagamenti-e-danni-in-toscana-nubifragio-a-pitigliano\/\"]}]},{\"@type\":\"ImageObject\",\"inLanguage\":\"it-IT\",\"@id\":\"https:\/\/www.intoscana.it\/it\/fine-settimana-di-maltempo-con-allagamenti-e-danni-in-toscana-nubifragio-a-pitigliano\/#primaryimage\",\"url\":\"https:\/\/www.intoscana.it\/wp-content\/uploads\/PIoggia-10-scaled.jpg\",\"contentUrl\":\"https:\/\/www.intoscana.it\/wp-content\/uploads\/PIoggia-10-scaled.jpg\",\"width\":2048,\"height\":1357,\"caption\":\"Maltempo\"},{\"@type\":\"BreadcrumbList\",\"@id\":\"https:\/\/www.intoscana.it\/it\/fine-settimana-di-maltempo-con-allagamenti-e-danni-in-toscana-nubifragio-a-pitigliano\/#breadcrumb\",\"itemListElement\":[{\"@type\":\"ListItem\",\"position\":1,\"name\":\"Home\",\"item\":\"https:\/\/www.intoscana.it\/it\/\"},{\"@type\":\"ListItem\",\"position\":2,\"name\":\"Fine settimana di maltempo con allagamenti e danni in Toscana: forte nubifragio a Pitigliano\"}]},{\"@type\":\"WebSite\",\"@id\":\"https:\/\/www.intoscana.it\/it\/#website\",\"url\":\"https:\/\/www.intoscana.it\/it\/\",\"name\":\"intoscana\",\"description\":\"\",\"potentialAction\":[{\"@type\":\"SearchAction\",\"target\":{\"@type\":\"EntryPoint\",\"urlTemplate\":\"https:\/\/www.intoscana.it\/it\/?s={search_term_string}\"},\"query-input\":{\"@type\":\"PropertyValueSpecification\",\"valueRequired\":true,\"valueName\":\"search_term_string\"}}],\"inLanguage\":\"it-IT\"},{\"@type\":\"Person\",\"@id\":\"https:\/\/www.intoscana.it\/it\/#\/schema\/person\/9223810753230f20bd670fdd322661f8\",\"name\":\"Redazione\",\"url\":\"https:\/\/www.intoscana.it\/it\/author\/redazione\/\"}]}<\/script>\n<!-- \/ Yoast SEO Premium plugin. -->","yoast_head_json":{"title":"Fine settimana di maltempo con allagamenti e danni in Toscana: forte nubifragio a Pitigliano - intoscana","robots":{"index":"index","follow":"follow","max-snippet":"max-snippet:-1","max-image-preview":"max-image-preview:large","max-video-preview":"max-video-preview:-1"},"canonical":"https:\/\/www.intoscana.it\/it\/fine-settimana-di-maltempo-con-allagamenti-e-danni-in-toscana-nubifragio-a-pitigliano\/","og_locale":"it_IT","og_type":"article","og_title":"Fine settimana di maltempo con allagamenti e danni in Toscana: forte nubifragio a Pitigliano","og_description":"Violento nubifragio a Pitigliano in provincia di Grosseto, fulmini su una chiesa a Pisa e a Manciano in Maremma. A Marina di Pisa affondata una barca a vela, nessun danno a persone","og_url":"https:\/\/www.intoscana.it\/it\/fine-settimana-di-maltempo-con-allagamenti-e-danni-in-toscana-nubifragio-a-pitigliano\/","og_site_name":"intoscana","article_publisher":"https:\/\/www.facebook.com\/intoscana.it","article_published_time":"2024-08-19T07:48:02+00:00","article_modified_time":"2024-08-21T09:58:36+00:00","og_image":[{"width":2048,"height":1357,"url":"https:\/\/www.intoscana.it\/wp-content\/uploads\/PIoggia-10-scaled.jpg","type":"image\/jpeg"}],"author":"Redazione","twitter_card":"summary_large_image","twitter_creator":"@intoscana","twitter_site":"@intoscana","twitter_misc":{"Written by":"Redazione","Est. reading time":"5 minuti"},"schema":{"@context":"https:\/\/schema.org","@graph":[{"@type":"WebPage","@id":"https:\/\/www.intoscana.it\/it\/fine-settimana-di-maltempo-con-allagamenti-e-danni-in-toscana-nubifragio-a-pitigliano\/","url":"https:\/\/www.intoscana.it\/it\/fine-settimana-di-maltempo-con-allagamenti-e-danni-in-toscana-nubifragio-a-pitigliano\/","name":"Fine settimana di maltempo con allagamenti e danni in Toscana: forte nubifragio a Pitigliano - intoscana","isPartOf":{"@id":"https:\/\/www.intoscana.it\/it\/#website"},"primaryImageOfPage":{"@id":"https:\/\/www.intoscana.it\/it\/fine-settimana-di-maltempo-con-allagamenti-e-danni-in-toscana-nubifragio-a-pitigliano\/#primaryimage"},"image":{"@id":"https:\/\/www.intoscana.it\/it\/fine-settimana-di-maltempo-con-allagamenti-e-danni-in-toscana-nubifragio-a-pitigliano\/#primaryimage"},"thumbnailUrl":"https:\/\/www.intoscana.it\/wp-content\/uploads\/PIoggia-10-scaled.jpg","datePublished":"2024-08-19T07:48:02+00:00","dateModified":"2024-08-21T09:58:36+00:00","author":{"@id":"https:\/\/www.intoscana.it\/it\/#\/schema\/person\/9223810753230f20bd670fdd322661f8"},"breadcrumb":{"@id":"https:\/\/www.intoscana.it\/it\/fine-settimana-di-maltempo-con-allagamenti-e-danni-in-toscana-nubifragio-a-pitigliano\/#breadcrumb"},"inLanguage":"it-IT","potentialAction":[{"@type":"ReadAction","target":["https:\/\/www.intoscana.it\/it\/fine-settimana-di-maltempo-con-allagamenti-e-danni-in-toscana-nubifragio-a-pitigliano\/"]}]},{"@type":"ImageObject","inLanguage":"it-IT","@id":"https:\/\/www.intoscana.it\/it\/fine-settimana-di-maltempo-con-allagamenti-e-danni-in-toscana-nubifragio-a-pitigliano\/#primaryimage","url":"https:\/\/www.intoscana.it\/wp-content\/uploads\/PIoggia-10-scaled.jpg","contentUrl":"https:\/\/www.intoscana.it\/wp-content\/uploads\/PIoggia-10-scaled.jpg","width":2048,"height":1357,"caption":"Maltempo"},{"@type":"BreadcrumbList","@id":"https:\/\/www.intoscana.it\/it\/fine-settimana-di-maltempo-con-allagamenti-e-danni-in-toscana-nubifragio-a-pitigliano\/#breadcrumb","itemListElement":[{"@type":"ListItem","position":1,"name":"Home","item":"https:\/\/www.intoscana.it\/it\/"},{"@type":"ListItem","position":2,"name":"Fine settimana di maltempo con allagamenti e danni in Toscana: forte nubifragio a Pitigliano"}]},{"@type":"WebSite","@id":"https:\/\/www.intoscana.it\/it\/#website","url":"https:\/\/www.intoscana.it\/it\/","name":"intoscana","description":"","potentialAction":[{"@type":"SearchAction","target":{"@type":"EntryPoint","urlTemplate":"https:\/\/www.intoscana.it\/it\/?s={search_term_string}"},"query-input":{"@type":"PropertyValueSpecification","valueRequired":true,"valueName":"search_term_string"}}],"inLanguage":"it-IT"},{"@type":"Person","@id":"https:\/\/www.intoscana.it\/it\/#\/schema\/person\/9223810753230f20bd670fdd322661f8","name":"Redazione","url":"https:\/\/www.intoscana.it\/it\/author\/redazione\/"}]}},"_links":{"self":[{"href":"https:\/\/www.intoscana.it\/it\/wp-json\/wp\/v2\/posts\/352989","targetHints":{"allow":["GET"]}}],"collection":[{"href":"https:\/\/www.intoscana.it\/it\/wp-json\/wp\/v2\/posts"}],"about":[{"href":"https:\/\/www.intoscana.it\/it\/wp-json\/wp\/v2\/types\/post"}],"author":[{"embeddable":true,"href":"https:\/\/www.intoscana.it\/it\/wp-json\/wp\/v2\/users\/525"}],"replies":[{"embeddable":true,"href":"https:\/\/www.intoscana.it\/it\/wp-json\/wp\/v2\/comments?post=352989"}],"version-history":[{"count":7,"href":"https:\/\/www.intoscana.it\/it\/wp-json\/wp\/v2\/posts\/352989\/revisions"}],"predecessor-version":[{"id":353449,"href":"https:\/\/www.intoscana.it\/it\/wp-json\/wp\/v2\/posts\/352989\/revisions\/353449"}],"wp:featuredmedia":[{"embeddable":true,"href":"https:\/\/www.intoscana.it\/it\/wp-json\/wp\/v2\/media\/235957"}],"wp:attachment":[{"href":"https:\/\/www.intoscana.it\/it\/wp-json\/wp\/v2\/media?parent=352989"}],"wp:term":[{"taxonomy":"category","embeddable":true,"href":"https:\/\/www.intoscana.it\/it\/wp-json\/wp\/v2\/categories?post=352989"},{"taxonomy":"post_tag","embeddable":true,"href":"https:\/\/www.intoscana.it\/it\/wp-json\/wp\/v2\/tags?post=352989"}],"curies":[{"name":"wp","href":"https:\/\/api.w.org\/{rel}","templated":true}]}}