{"id":353003,"date":"2024-08-19T10:34:14","date_gmt":"2024-08-19T08:34:14","guid":{"rendered":"https:\/\/www.intoscana.it\/it\/?p=353003"},"modified":"2024-08-19T10:34:14","modified_gmt":"2024-08-19T08:34:14","slug":"ecco-la-superluna-blu-doppio-spettacolo-nei-cieli-della-toscana","status":"publish","type":"post","link":"https:\/\/www.intoscana.it\/it\/ecco-la-superluna-blu-doppio-spettacolo-nei-cieli-della-toscana\/","title":{"rendered":"Ecco la superluna blu: doppio spettacolo nei cieli della Toscana"},"content":{"rendered":"<p>Luned\u00ec 19 agosto, sperando nel meteo, il <strong>cielo<\/strong> regaler\u00e0 uno spettacolo speciale. Ci sar\u00e0 infatti la prima <strong>superluna<\/strong> dell&#8217;anno e sar\u00e0 anche &#8220;blu&#8221;, sar\u00e0 cio\u00e8 la seconda luna piena del mese e la terza di una stagione. <mark>Apparir\u00e0 pi\u00f9 grande e brillante del solito, per la sua vicinanza alla Terra.<\/mark><\/p>\n<p>Per la precisione: &#8220;Alle ore 20:26 del 19 agosto la luna sar\u00e0 piena, circa 35 ore prima del suo passaggio al perigeo, ovvero alla minima distanza dalla Terra, a 360.198 km da noi, contro una distanza media di poco pi\u00f9 di 384.000 km&#8221;, osserva l&#8217;astrofisico <strong>Gianluca Mari<\/strong>, responsabile scientifico del Virtual Telescope Project.<\/p>\n<h3><em>Perch\u00e9 si chiama luna blu<\/em><\/h3>\n<p>Si chiama<strong> blu<\/strong> per un motivo preciso: &#8220;Poich\u00e9 la durata del ciclo lunare \u00e8 di circa 29 giorni e mezzo, ovvero poco meno di un mese, <mark>mediamente una stagione ospita tre lune piene, ma talvolta vi \u00e8 spazio per una quarta&#8221; e quando ci\u00f2 accade, la terza delle quattro viene chiamata &#8220;luna Blu&#8221;<\/mark>. L&#8217;ultima\u00a0 risale al 2021, la prossima \u00e8 prevista nel 2027.<\/p>\n<p>Sar\u00e0 circa il <strong>6% pi\u00f9 grande e luminosa<\/strong> della media. Un evento speciale dunque:\u00a0 &#8220;Questa sovrapposizione tra luna piena e passaggio al perigeo viene ormai popolarmente indicata come superluna. Un termine &#8211; rileva Masi &#8211; che in s\u00e9 non ha alcuna valenza scientifica: in astronomia si preferisce parlare di luna piena al perigeo, ma senza dubbio l&#8217;appellativo di superluna ha un fascino tutto suo&#8221;.<\/p>\n<p>L&#8217;orario ideale per ammirare il satellite \u00e8 al suo sorgere, al tramonto oppure all&#8217;alba. Le prossime date da segnare sul calendario per vedere uno spettacolo simile sono: <mark>il 17 settembre, il 17 ottobre &#8211; quando la luna piena sar\u00e0 la pi\u00f9 vicina del 2024 &#8211;\u00a0 e il 15 novembre.<\/mark><\/p>\n<p>&nbsp;<\/p>\n","protected":false},"excerpt":{"rendered":"<p>Luned\u00ec 19 agosto, alle 20:26, un evento speciale: il satellite sar\u00e0 pi\u00f9 vicino del solito alla Terra e apparir\u00e0 molto grande e luminoso. L&#8217;orario ideale per ammirarlo \u00e8 al tramonto oppure all&#8217;alba<\/p>\n","protected":false},"author":525,"featured_media":237337,"comment_status":"open","ping_status":"open","sticky":false,"template":"","format":"standard","meta":{"_acf_changed":false,"footnotes":""},"categories":[494],"tags":[4455],"class_list":["post-353003","post","type-post","status-publish","format-standard","has-post-thumbnail","hentry","category-attualita","tag-astronomia"],"acf":[],"yoast_head":"<!-- This site is optimized with the Yoast SEO Premium plugin v24.2 (Yoast SEO v25.6) - https:\/\/yoast.com\/wordpress\/plugins\/seo\/ -->\n<title>Ecco la superluna blu: doppio spettacolo nei cieli della Toscana - intoscana<\/title>\n<meta name=\"description\" content=\"Luned\u00ec 19 agosto, alle 20:26, un evento speciale: il satellite sar\u00e0 pi\u00f9 vicino del solito alla Terra e apparir\u00e0 molto grande e luminoso\" \/>\n<meta name=\"robots\" content=\"index, follow, max-snippet:-1, max-image-preview:large, max-video-preview:-1\" \/>\n<link rel=\"canonical\" href=\"https:\/\/www.intoscana.it\/it\/ecco-la-superluna-blu-doppio-spettacolo-nei-cieli-della-toscana\/\" \/>\n<meta property=\"og:locale\" content=\"it_IT\" \/>\n<meta property=\"og:type\" content=\"article\" \/>\n<meta property=\"og:title\" content=\"Ecco la superluna blu: doppio spettacolo nei cieli della Toscana\" \/>\n<meta property=\"og:description\" content=\"Luned\u00ec 19 agosto, alle 20:26, un evento speciale: il satellite sar\u00e0 pi\u00f9 vicino del solito alla Terra e apparir\u00e0 molto grande e luminoso\" \/>\n<meta property=\"og:url\" content=\"https:\/\/www.intoscana.it\/it\/ecco-la-superluna-blu-doppio-spettacolo-nei-cieli-della-toscana\/\" \/>\n<meta property=\"og:site_name\" content=\"intoscana\" \/>\n<meta property=\"article:publisher\" content=\"https:\/\/www.facebook.com\/intoscana.it\" \/>\n<meta property=\"article:published_time\" content=\"2024-08-19T08:34:14+00:00\" \/>\n<meta property=\"og:image\" content=\"https:\/\/www.intoscana.it\/wp-content\/uploads\/moon-g94bceb09f_1920.jpg\" \/>\n\t<meta property=\"og:image:width\" content=\"1920\" \/>\n\t<meta property=\"og:image:height\" content=\"1280\" \/>\n\t<meta property=\"og:image:type\" content=\"image\/jpeg\" \/>\n<meta name=\"author\" content=\"Redazione\" \/>\n<meta name=\"twitter:card\" content=\"summary_large_image\" \/>\n<meta name=\"twitter:creator\" content=\"@intoscana\" \/>\n<meta name=\"twitter:site\" content=\"@intoscana\" \/>\n<meta name=\"twitter:label1\" content=\"Written by\" \/>\n\t<meta name=\"twitter:data1\" content=\"Redazione\" \/>\n\t<meta name=\"twitter:label2\" content=\"Est. reading time\" \/>\n\t<meta name=\"twitter:data2\" content=\"2 minuti\" \/>\n<script type=\"application\/ld+json\" class=\"yoast-schema-graph\">{\"@context\":\"https:\/\/schema.org\",\"@graph\":[{\"@type\":\"WebPage\",\"@id\":\"https:\/\/www.intoscana.it\/it\/ecco-la-superluna-blu-doppio-spettacolo-nei-cieli-della-toscana\/\",\"url\":\"https:\/\/www.intoscana.it\/it\/ecco-la-superluna-blu-doppio-spettacolo-nei-cieli-della-toscana\/\",\"name\":\"Ecco la superluna blu: doppio spettacolo nei cieli della Toscana - intoscana\",\"isPartOf\":{\"@id\":\"https:\/\/www.intoscana.it\/it\/#website\"},\"primaryImageOfPage\":{\"@id\":\"https:\/\/www.intoscana.it\/it\/ecco-la-superluna-blu-doppio-spettacolo-nei-cieli-della-toscana\/#primaryimage\"},\"image\":{\"@id\":\"https:\/\/www.intoscana.it\/it\/ecco-la-superluna-blu-doppio-spettacolo-nei-cieli-della-toscana\/#primaryimage\"},\"thumbnailUrl\":\"https:\/\/www.intoscana.it\/wp-content\/uploads\/moon-g94bceb09f_1920.jpg\",\"datePublished\":\"2024-08-19T08:34:14+00:00\",\"author\":{\"@id\":\"https:\/\/www.intoscana.it\/it\/#\/schema\/person\/9223810753230f20bd670fdd322661f8\"},\"description\":\"Luned\u00ec 19 agosto, alle 20:26, un evento speciale: il satellite sar\u00e0 pi\u00f9 vicino del solito alla Terra e apparir\u00e0 molto grande e luminoso\",\"breadcrumb\":{\"@id\":\"https:\/\/www.intoscana.it\/it\/ecco-la-superluna-blu-doppio-spettacolo-nei-cieli-della-toscana\/#breadcrumb\"},\"inLanguage\":\"it-IT\",\"potentialAction\":[{\"@type\":\"ReadAction\",\"target\":[\"https:\/\/www.intoscana.it\/it\/ecco-la-superluna-blu-doppio-spettacolo-nei-cieli-della-toscana\/\"]}]},{\"@type\":\"ImageObject\",\"inLanguage\":\"it-IT\",\"@id\":\"https:\/\/www.intoscana.it\/it\/ecco-la-superluna-blu-doppio-spettacolo-nei-cieli-della-toscana\/#primaryimage\",\"url\":\"https:\/\/www.intoscana.it\/wp-content\/uploads\/moon-g94bceb09f_1920.jpg\",\"contentUrl\":\"https:\/\/www.intoscana.it\/wp-content\/uploads\/moon-g94bceb09f_1920.jpg\",\"width\":1920,\"height\":1280},{\"@type\":\"BreadcrumbList\",\"@id\":\"https:\/\/www.intoscana.it\/it\/ecco-la-superluna-blu-doppio-spettacolo-nei-cieli-della-toscana\/#breadcrumb\",\"itemListElement\":[{\"@type\":\"ListItem\",\"position\":1,\"name\":\"Home\",\"item\":\"https:\/\/www.intoscana.it\/it\/\"},{\"@type\":\"ListItem\",\"position\":2,\"name\":\"Ecco la superluna blu: doppio spettacolo nei cieli della Toscana\"}]},{\"@type\":\"WebSite\",\"@id\":\"https:\/\/www.intoscana.it\/it\/#website\",\"url\":\"https:\/\/www.intoscana.it\/it\/\",\"name\":\"intoscana\",\"description\":\"\",\"potentialAction\":[{\"@type\":\"SearchAction\",\"target\":{\"@type\":\"EntryPoint\",\"urlTemplate\":\"https:\/\/www.intoscana.it\/it\/?s={search_term_string}\"},\"query-input\":{\"@type\":\"PropertyValueSpecification\",\"valueRequired\":true,\"valueName\":\"search_term_string\"}}],\"inLanguage\":\"it-IT\"},{\"@type\":\"Person\",\"@id\":\"https:\/\/www.intoscana.it\/it\/#\/schema\/person\/9223810753230f20bd670fdd322661f8\",\"name\":\"Redazione\",\"url\":\"https:\/\/www.intoscana.it\/it\/author\/redazione\/\"}]}<\/script>\n<!-- \/ Yoast SEO Premium plugin. -->","yoast_head_json":{"title":"Ecco la superluna blu: doppio spettacolo nei cieli della Toscana - intoscana","description":"Luned\u00ec 19 agosto, alle 20:26, un evento speciale: il satellite sar\u00e0 pi\u00f9 vicino del solito alla Terra e apparir\u00e0 molto grande e luminoso","robots":{"index":"index","follow":"follow","max-snippet":"max-snippet:-1","max-image-preview":"max-image-preview:large","max-video-preview":"max-video-preview:-1"},"canonical":"https:\/\/www.intoscana.it\/it\/ecco-la-superluna-blu-doppio-spettacolo-nei-cieli-della-toscana\/","og_locale":"it_IT","og_type":"article","og_title":"Ecco la superluna blu: doppio spettacolo nei cieli della Toscana","og_description":"Luned\u00ec 19 agosto, alle 20:26, un evento speciale: il satellite sar\u00e0 pi\u00f9 vicino del solito alla Terra e apparir\u00e0 molto grande e luminoso","og_url":"https:\/\/www.intoscana.it\/it\/ecco-la-superluna-blu-doppio-spettacolo-nei-cieli-della-toscana\/","og_site_name":"intoscana","article_publisher":"https:\/\/www.facebook.com\/intoscana.it","article_published_time":"2024-08-19T08:34:14+00:00","og_image":[{"width":1920,"height":1280,"url":"https:\/\/www.intoscana.it\/wp-content\/uploads\/moon-g94bceb09f_1920.jpg","type":"image\/jpeg"}],"author":"Redazione","twitter_card":"summary_large_image","twitter_creator":"@intoscana","twitter_site":"@intoscana","twitter_misc":{"Written by":"Redazione","Est. reading time":"2 minuti"},"schema":{"@context":"https:\/\/schema.org","@graph":[{"@type":"WebPage","@id":"https:\/\/www.intoscana.it\/it\/ecco-la-superluna-blu-doppio-spettacolo-nei-cieli-della-toscana\/","url":"https:\/\/www.intoscana.it\/it\/ecco-la-superluna-blu-doppio-spettacolo-nei-cieli-della-toscana\/","name":"Ecco la superluna blu: doppio spettacolo nei cieli della Toscana - intoscana","isPartOf":{"@id":"https:\/\/www.intoscana.it\/it\/#website"},"primaryImageOfPage":{"@id":"https:\/\/www.intoscana.it\/it\/ecco-la-superluna-blu-doppio-spettacolo-nei-cieli-della-toscana\/#primaryimage"},"image":{"@id":"https:\/\/www.intoscana.it\/it\/ecco-la-superluna-blu-doppio-spettacolo-nei-cieli-della-toscana\/#primaryimage"},"thumbnailUrl":"https:\/\/www.intoscana.it\/wp-content\/uploads\/moon-g94bceb09f_1920.jpg","datePublished":"2024-08-19T08:34:14+00:00","author":{"@id":"https:\/\/www.intoscana.it\/it\/#\/schema\/person\/9223810753230f20bd670fdd322661f8"},"description":"Luned\u00ec 19 agosto, alle 20:26, un evento speciale: il satellite sar\u00e0 pi\u00f9 vicino del solito alla Terra e apparir\u00e0 molto grande e luminoso","breadcrumb":{"@id":"https:\/\/www.intoscana.it\/it\/ecco-la-superluna-blu-doppio-spettacolo-nei-cieli-della-toscana\/#breadcrumb"},"inLanguage":"it-IT","potentialAction":[{"@type":"ReadAction","target":["https:\/\/www.intoscana.it\/it\/ecco-la-superluna-blu-doppio-spettacolo-nei-cieli-della-toscana\/"]}]},{"@type":"ImageObject","inLanguage":"it-IT","@id":"https:\/\/www.intoscana.it\/it\/ecco-la-superluna-blu-doppio-spettacolo-nei-cieli-della-toscana\/#primaryimage","url":"https:\/\/www.intoscana.it\/wp-content\/uploads\/moon-g94bceb09f_1920.jpg","contentUrl":"https:\/\/www.intoscana.it\/wp-content\/uploads\/moon-g94bceb09f_1920.jpg","width":1920,"height":1280},{"@type":"BreadcrumbList","@id":"https:\/\/www.intoscana.it\/it\/ecco-la-superluna-blu-doppio-spettacolo-nei-cieli-della-toscana\/#breadcrumb","itemListElement":[{"@type":"ListItem","position":1,"name":"Home","item":"https:\/\/www.intoscana.it\/it\/"},{"@type":"ListItem","position":2,"name":"Ecco la superluna blu: doppio spettacolo nei cieli della Toscana"}]},{"@type":"WebSite","@id":"https:\/\/www.intoscana.it\/it\/#website","url":"https:\/\/www.intoscana.it\/it\/","name":"intoscana","description":"","potentialAction":[{"@type":"SearchAction","target":{"@type":"EntryPoint","urlTemplate":"https:\/\/www.intoscana.it\/it\/?s={search_term_string}"},"query-input":{"@type":"PropertyValueSpecification","valueRequired":true,"valueName":"search_term_string"}}],"inLanguage":"it-IT"},{"@type":"Person","@id":"https:\/\/www.intoscana.it\/it\/#\/schema\/person\/9223810753230f20bd670fdd322661f8","name":"Redazione","url":"https:\/\/www.intoscana.it\/it\/author\/redazione\/"}]}},"_links":{"self":[{"href":"https:\/\/www.intoscana.it\/it\/wp-json\/wp\/v2\/posts\/353003","targetHints":{"allow":["GET"]}}],"collection":[{"href":"https:\/\/www.intoscana.it\/it\/wp-json\/wp\/v2\/posts"}],"about":[{"href":"https:\/\/www.intoscana.it\/it\/wp-json\/wp\/v2\/types\/post"}],"author":[{"embeddable":true,"href":"https:\/\/www.intoscana.it\/it\/wp-json\/wp\/v2\/users\/525"}],"replies":[{"embeddable":true,"href":"https:\/\/www.intoscana.it\/it\/wp-json\/wp\/v2\/comments?post=353003"}],"version-history":[{"count":11,"href":"https:\/\/www.intoscana.it\/it\/wp-json\/wp\/v2\/posts\/353003\/revisions"}],"predecessor-version":[{"id":353041,"href":"https:\/\/www.intoscana.it\/it\/wp-json\/wp\/v2\/posts\/353003\/revisions\/353041"}],"wp:featuredmedia":[{"embeddable":true,"href":"https:\/\/www.intoscana.it\/it\/wp-json\/wp\/v2\/media\/237337"}],"wp:attachment":[{"href":"https:\/\/www.intoscana.it\/it\/wp-json\/wp\/v2\/media?parent=353003"}],"wp:term":[{"taxonomy":"category","embeddable":true,"href":"https:\/\/www.intoscana.it\/it\/wp-json\/wp\/v2\/categories?post=353003"},{"taxonomy":"post_tag","embeddable":true,"href":"https:\/\/www.intoscana.it\/it\/wp-json\/wp\/v2\/tags?post=353003"}],"curies":[{"name":"wp","href":"https:\/\/api.w.org\/{rel}","templated":true}]}}