{"id":353056,"date":"2024-08-19T12:04:08","date_gmt":"2024-08-19T10:04:08","guid":{"rendered":"https:\/\/www.intoscana.it\/it\/?p=353056"},"modified":"2024-08-19T12:04:08","modified_gmt":"2024-08-19T10:04:08","slug":"tre-giorni-di-teatro-circo-e-musica-con-il-senza-fili-pinocchio-street-festival","status":"publish","type":"post","link":"https:\/\/www.intoscana.it\/it\/tre-giorni-di-teatro-circo-e-musica-con-il-senza-fili-pinocchio-street-festival\/","title":{"rendered":"Tre giorni di teatro, circo e musica con il &#8220;Senza Fili Pinocchio Street Festival&#8221;"},"content":{"rendered":"<p><strong>Dal 23 al 25 agosto<\/strong> torna a Collodi il <strong><em>&#8220;Senza Fili Pinocchio Street Festival&#8221;<\/em><\/strong> con tre giorni di<strong> teatro, circo e musica.<\/strong><\/p>\n<p>Tutto \u00e8 ormai pronto per la 9a edizione di uno degli eventi pi\u00f9 attesi dell\u2019estate toscana. Sono attesi migliaia di spettatori provenienti da tutta la Toscana, che ogni anno seguono il programma di<strong> oltre 50 spettacoli che si terranno nel Giardino Monumentale di Villa Garzoni,<\/strong> nel meraviglioso <strong>Parco di Pinocchio<\/strong> e nel borgo incantato di <strong>Collodi Castello.<\/strong><\/p>\n<p>Il festival sar\u00e0 aperto quest&#8217;anno dal &#8220;<strong><em>cantastorie contemporaneo<\/em><\/strong>&#8221; <strong>David Riondino<\/strong> con il suo spettacolo <strong><em>&#8220;Fermata Provvisoria&#8221;<\/em> <\/strong>previsto per venerd\u00ec 23 agosto alle ore 22:00 presso il <strong>Parco di Pinocchio.<\/strong><\/p>\n<p><strong>Alessio Michelotti il direttore artistico<\/strong> ha dichiarato: <em>&#8220;Il nostro festival \u00e8 come il Colombo. \u00c8 capace di insegnare a volare ai giovani, ma quando sono lass\u00f9 nel cielo, tra le nuvole, gli fa capire anche quanta importanza abbiano le loro radici. Ecco perch\u00e9 insieme alla giocoleria Heavy Metal del Duo Padella, trovate qui anche l\u2019ultimo dei Cantastorie, David Riondino, e perch\u00e9 insieme ai contemporanei AMAT Sax Quartet, i Maestri Calamai e Fiaschi cantano Puccini. E su tutti loro, si stende soave sul paese del burattino il suono dell\u2019antico organo Crudeli, che si diffonde dalla Pieve di S. Bartolomeo e guida il nostro volo verso casa&#8221;.<\/em><\/p>\n<p>Moltissimi gli spettacoli in programma dalla <strong><em>&#8220;Commedia Perfetta&#8221;<\/em><\/strong> di Machiavelli rivisitata da <strong>Stivalaccio Teatro<\/strong> secondo i canoni della Commedia dell&#8217;Arte (prevista in Piazza dei Mosaici sabato 24), nella quale messer Nicia si dimostra pronto a tutto pur di assicurarsi un erede, alla <strong>Butterfly di Puccini<\/strong> della quale <strong>Alessandro Calamai e Selene Fiaschi<\/strong> canteranno il gesto estremo d&#8217;amore verso il figlio perduto (tutte le sere alle 21:00 e alle 22:00 nel meraviglioso Chiostro della Villa Garzoni).<\/p>\n<p>In attesa di poter riportare il festival anche a Collodi centro, una volta che quest\u2019ultimo avr\u00e0 risolto gli impellenti problemi di viabilit\u00e0, <strong>la citt\u00e0 bassa ospiter\u00e0 in Piazza Carlo Collodi<\/strong> alcune delle pi\u00f9 spettacolari performance circensi internazionali come <strong>Los Sonambulos dalla Spagna e poi Le Vamp e Duo Padella<\/strong>.<\/p>\n<p>Da segnalare anche i<strong> concerti tra musica etnica e teatro comico<\/strong> al Giardino Garzoni, a chiusura di ciascuna serata.<\/p>\n<figure id=\"post-353071 media-353071\" class=\"align-none\"><img decoding=\"async\" src=\"https:\/\/www.intoscana.it\/wp-content\/uploads\/Brabapedana-scaled.jpg\" alt=\"\" \/><\/figure>\n<div class=\"titleimg\">Brabapedana<\/div>\n<h3>Programma sintetico<\/h3>\n<p><strong>Venerd\u00ec 23 agosto<\/strong><br \/>\nOre 21:00 Piazza Carlo Collodi: Circo Los Sonambulos in \u201c\u201d (Italia \u2013 ARGENTINA)<br \/>\nOre 21:00 e 22:00 Chiostro della Villa Garzoni: Puccini in Libert\u00e0 (Produzione del Festival con Alessandro Calamai, Selene Fiaschi e Tiziano Rovai)<br \/>\nOre 21:00 e 22:00 Sacrato della Pieve di S. Bartolomeo: Luigi Ciotta in \u201cTutti in Valigia\u201d<br \/>\nOre 21:30 e 22:30 Piazza S. Antonio: Catin Nardi in \u201cPocket show\u201d (Teatro di figura, BRASILE)<br \/>\nOre 21:30 e 22:30 Pieve di San Bartolomeo: AMAT Sax Quartet in concerto<br \/>\nOre 21:30 e 22:30 Piazza delle Fontane: Mr Mustache in \u201cComedy Show\u201d<br \/>\nOre 21:45 e 22:45 Piazza del Pillo: Duo Quizas in \u201cSame but different\u201d (circo teatro)<br \/>\nOre 22:00 e 23:00 Piazza delle Fontane: Ugo Sanchez Jr in \u201cPotpourri\u201d<br \/>\nOre 22:00 EVENTO: Piazza dei Mosaici, David Riondino in \u201cFermata Provvisoria\u201d<br \/>\nOre 23:00 EVENTO: Giardino Garzoni: Compagnia Nando e Maila in \u201cSonata per Tubi\u201d<\/p>\n<p><strong>Sabato 24 agosto<\/strong><br \/>\nOre 21:00 Piazza Carlo Collodi: Le Vamp in \u201cPink Punk\u201d<br \/>\nOre 21:00 e 22:00 Chiostro della Villa Garzoni: Puccini in Libert\u00e0 (Produzione del Festival con Alessandro Calamai, Selene Fiaschi e Tiziano Rovai)<br \/>\nOre 21:00 e 22:00 Sacrato della Pieve di S. Bartolomeo: Luigi Ciotta in Sweet Dream<br \/>\nOre 21:30 e 22:30 Piazza S. Antonio: Catin Nardi in \u201cPocket show\u201d (Teatro di figura, BRASILE)<br \/>\nOre 21:30 e 22:30 Pieve di San Bartolomeo: AMAT AMAT Sax Quartet<br \/>\nOre 21:30 e 22:30 Piazza delle Fontane: Luca Regina in \u201cRido da Re\u201d<br \/>\nOre 21:45 e 22:45 Piazza del Pillo: Duo Quizas in \u201cSame but different\u201d (circo teatro)<br \/>\nOre 22:00 e 23:00 Piazza delle Fontane: Matteo Cionini in \u201cSenza Parole\u201d<br \/>\nOre 22:00 EVENTO: Piazza dei Mosaici, Stivalaccio Teatro in \u201cLa Mandragola\u201d<br \/>\nOre 23:00 EVENTO: Giardino Garzoni: Barbapedana in concerto con \u201cMusiche dal mondo\u201d<\/p>\n<p><strong>Domenica 25 agosto<\/strong><br \/>\nOre 21:00 Piazza Carlo Collodi: Duo Padella in \u201cAbout\u201d<br \/>\nOre 21:00 e 22:00 Chiostro della Villa Garzoni: Puccini in Libert\u00e0 (Produzione del Festival con Alessandro Calamai, Selene Fiaschi e Tiziano Rovai)<br \/>\nOre 21:00 e 22:00 Sacrato della Pieve di San Bartolomeo: Giovanni Betto in \u201cRidi Reading\u201d<br \/>\nOre 21:30 e 22:30 Piazza S. Antonio: Silvia Diomelli in \u201cSoul wood\u201d (Teatro di figura)<br \/>\nOre 21:30 e 22:30 Pieve di San Bartolomeo: Concerto per Organo e voci con il M\u00b0 Gabriele Bonci (Organo Crudeli 1792)<br \/>\nOre 21:30 e 22:30 Piazza delle Fontane: The Squasci\u00f2 in \u201cJust Married\u201d<br \/>\nOre 21:45 e 22:45 Piazza del Pillo: Le Vamp in \u201cPink Punk\u201d<br \/>\nOre 22:00 e 23:00 Piazza delle Fontane: Matteo Cionini in \u201cSenza Parole\u201d<br \/>\nOre 22:00 EVENTO: Piazza dei Mosaici, Mundo Costrini in \u201cCrazy Mozart\u201d (Spagna)<br \/>\nOre 23:00 EVENTO: Giardino Garzoni: Auriga Teatro in \u201cMusica Maestro\u201d<\/p>\n<figure id=\"post-353057 media-353057\" class=\"align-none\"><img decoding=\"async\" src=\"https:\/\/www.intoscana.it\/wp-content\/uploads\/Manifesto_24rgb-scaled-1-scaled.jpg\" alt=\"\" \/><\/figure>\n<div class=\"titleimg\">Pinocchio Street Festival<\/div>\n","protected":false},"excerpt":{"rendered":"<p>Dal 23 al 25 agosto in programma oltre 50 eventi tra circo, teatro e musica nelle tre serate del festival con ingresso a offerta libera<\/p>\n","protected":false},"author":525,"featured_media":353074,"comment_status":"open","ping_status":"open","sticky":false,"template":"","format":"standard","meta":{"_acf_changed":false,"footnotes":""},"categories":[493],"tags":[4474,228,5210,4963,236],"class_list":["post-353056","post","type-post","status-publish","format-standard","has-post-thumbnail","hentry","category-cultura","tag-eventi","tag-festival","tag-pescia","tag-pinocchio","tag-teatro"],"acf":[],"yoast_head":"<!-- This site is optimized with the Yoast SEO Premium plugin v24.2 (Yoast SEO v25.6) - https:\/\/yoast.com\/wordpress\/plugins\/seo\/ -->\n<title>Tre giorni di teatro, circo e musica con il &quot;Senza Fili Pinocchio Street Festival&quot; - intoscana<\/title>\n<meta name=\"description\" content=\"Dal 23 al 25 agosto in programma oltre 50 eventi tra circo, teatro e musica nelle tre serate del festival con ingresso a offerta libera\" \/>\n<meta name=\"robots\" content=\"index, follow, max-snippet:-1, max-image-preview:large, max-video-preview:-1\" \/>\n<link rel=\"canonical\" href=\"https:\/\/www.intoscana.it\/it\/tre-giorni-di-teatro-circo-e-musica-con-il-senza-fili-pinocchio-street-festival\/\" \/>\n<meta property=\"og:locale\" content=\"it_IT\" \/>\n<meta property=\"og:type\" content=\"article\" \/>\n<meta property=\"og:title\" content=\"Tre giorni di teatro, circo e musica con il &quot;Senza Fili Pinocchio Street Festival&quot;\" \/>\n<meta property=\"og:description\" content=\"Dal 23 al 25 agosto in programma oltre 50 eventi tra circo, teatro e musica nelle tre serate del festival con ingresso a offerta libera\" \/>\n<meta property=\"og:url\" content=\"https:\/\/www.intoscana.it\/it\/tre-giorni-di-teatro-circo-e-musica-con-il-senza-fili-pinocchio-street-festival\/\" \/>\n<meta property=\"og:site_name\" content=\"intoscana\" \/>\n<meta property=\"article:publisher\" content=\"https:\/\/www.facebook.com\/intoscana.it\" \/>\n<meta property=\"article:published_time\" content=\"2024-08-19T10:04:08+00:00\" \/>\n<meta property=\"og:image\" content=\"https:\/\/www.intoscana.it\/wp-content\/uploads\/david-riondino-1-e1724058837538.jpg\" \/>\n\t<meta property=\"og:image:width\" content=\"1000\" \/>\n\t<meta property=\"og:image:height\" content=\"655\" \/>\n\t<meta property=\"og:image:type\" content=\"image\/jpeg\" \/>\n<meta name=\"author\" content=\"Redazione\" \/>\n<meta name=\"twitter:card\" content=\"summary_large_image\" \/>\n<meta name=\"twitter:creator\" content=\"@intoscana\" \/>\n<meta name=\"twitter:site\" content=\"@intoscana\" \/>\n<meta name=\"twitter:label1\" content=\"Written by\" \/>\n\t<meta name=\"twitter:data1\" content=\"Redazione\" \/>\n\t<meta name=\"twitter:label2\" content=\"Est. reading time\" \/>\n\t<meta name=\"twitter:data2\" content=\"5 minuti\" \/>\n<script type=\"application\/ld+json\" class=\"yoast-schema-graph\">{\"@context\":\"https:\/\/schema.org\",\"@graph\":[{\"@type\":\"WebPage\",\"@id\":\"https:\/\/www.intoscana.it\/it\/tre-giorni-di-teatro-circo-e-musica-con-il-senza-fili-pinocchio-street-festival\/\",\"url\":\"https:\/\/www.intoscana.it\/it\/tre-giorni-di-teatro-circo-e-musica-con-il-senza-fili-pinocchio-street-festival\/\",\"name\":\"Tre giorni di teatro, circo e musica con il \\\"Senza Fili Pinocchio Street Festival\\\" - intoscana\",\"isPartOf\":{\"@id\":\"https:\/\/www.intoscana.it\/it\/#website\"},\"primaryImageOfPage\":{\"@id\":\"https:\/\/www.intoscana.it\/it\/tre-giorni-di-teatro-circo-e-musica-con-il-senza-fili-pinocchio-street-festival\/#primaryimage\"},\"image\":{\"@id\":\"https:\/\/www.intoscana.it\/it\/tre-giorni-di-teatro-circo-e-musica-con-il-senza-fili-pinocchio-street-festival\/#primaryimage\"},\"thumbnailUrl\":\"https:\/\/www.intoscana.it\/wp-content\/uploads\/david-riondino-1-e1724058837538.jpg\",\"datePublished\":\"2024-08-19T10:04:08+00:00\",\"author\":{\"@id\":\"https:\/\/www.intoscana.it\/it\/#\/schema\/person\/9223810753230f20bd670fdd322661f8\"},\"description\":\"Dal 23 al 25 agosto in programma oltre 50 eventi tra circo, teatro e musica nelle tre serate del festival con ingresso a offerta libera\",\"breadcrumb\":{\"@id\":\"https:\/\/www.intoscana.it\/it\/tre-giorni-di-teatro-circo-e-musica-con-il-senza-fili-pinocchio-street-festival\/#breadcrumb\"},\"inLanguage\":\"it-IT\",\"potentialAction\":[{\"@type\":\"ReadAction\",\"target\":[\"https:\/\/www.intoscana.it\/it\/tre-giorni-di-teatro-circo-e-musica-con-il-senza-fili-pinocchio-street-festival\/\"]}]},{\"@type\":\"ImageObject\",\"inLanguage\":\"it-IT\",\"@id\":\"https:\/\/www.intoscana.it\/it\/tre-giorni-di-teatro-circo-e-musica-con-il-senza-fili-pinocchio-street-festival\/#primaryimage\",\"url\":\"https:\/\/www.intoscana.it\/wp-content\/uploads\/david-riondino-1-e1724058837538.jpg\",\"contentUrl\":\"https:\/\/www.intoscana.it\/wp-content\/uploads\/david-riondino-1-e1724058837538.jpg\",\"width\":1000,\"height\":655},{\"@type\":\"BreadcrumbList\",\"@id\":\"https:\/\/www.intoscana.it\/it\/tre-giorni-di-teatro-circo-e-musica-con-il-senza-fili-pinocchio-street-festival\/#breadcrumb\",\"itemListElement\":[{\"@type\":\"ListItem\",\"position\":1,\"name\":\"Home\",\"item\":\"https:\/\/www.intoscana.it\/it\/\"},{\"@type\":\"ListItem\",\"position\":2,\"name\":\"Tre giorni di teatro, circo e musica con il &#8220;Senza Fili Pinocchio Street Festival&#8221;\"}]},{\"@type\":\"WebSite\",\"@id\":\"https:\/\/www.intoscana.it\/it\/#website\",\"url\":\"https:\/\/www.intoscana.it\/it\/\",\"name\":\"intoscana\",\"description\":\"\",\"potentialAction\":[{\"@type\":\"SearchAction\",\"target\":{\"@type\":\"EntryPoint\",\"urlTemplate\":\"https:\/\/www.intoscana.it\/it\/?s={search_term_string}\"},\"query-input\":{\"@type\":\"PropertyValueSpecification\",\"valueRequired\":true,\"valueName\":\"search_term_string\"}}],\"inLanguage\":\"it-IT\"},{\"@type\":\"Person\",\"@id\":\"https:\/\/www.intoscana.it\/it\/#\/schema\/person\/9223810753230f20bd670fdd322661f8\",\"name\":\"Redazione\",\"url\":\"https:\/\/www.intoscana.it\/it\/author\/redazione\/\"}]}<\/script>\n<!-- \/ Yoast SEO Premium plugin. -->","yoast_head_json":{"title":"Tre giorni di teatro, circo e musica con il \"Senza Fili Pinocchio Street Festival\" - intoscana","description":"Dal 23 al 25 agosto in programma oltre 50 eventi tra circo, teatro e musica nelle tre serate del festival con ingresso a offerta libera","robots":{"index":"index","follow":"follow","max-snippet":"max-snippet:-1","max-image-preview":"max-image-preview:large","max-video-preview":"max-video-preview:-1"},"canonical":"https:\/\/www.intoscana.it\/it\/tre-giorni-di-teatro-circo-e-musica-con-il-senza-fili-pinocchio-street-festival\/","og_locale":"it_IT","og_type":"article","og_title":"Tre giorni di teatro, circo e musica con il \"Senza Fili Pinocchio Street Festival\"","og_description":"Dal 23 al 25 agosto in programma oltre 50 eventi tra circo, teatro e musica nelle tre serate del festival con ingresso a offerta libera","og_url":"https:\/\/www.intoscana.it\/it\/tre-giorni-di-teatro-circo-e-musica-con-il-senza-fili-pinocchio-street-festival\/","og_site_name":"intoscana","article_publisher":"https:\/\/www.facebook.com\/intoscana.it","article_published_time":"2024-08-19T10:04:08+00:00","og_image":[{"width":1000,"height":655,"url":"https:\/\/www.intoscana.it\/wp-content\/uploads\/david-riondino-1-e1724058837538.jpg","type":"image\/jpeg"}],"author":"Redazione","twitter_card":"summary_large_image","twitter_creator":"@intoscana","twitter_site":"@intoscana","twitter_misc":{"Written by":"Redazione","Est. reading time":"5 minuti"},"schema":{"@context":"https:\/\/schema.org","@graph":[{"@type":"WebPage","@id":"https:\/\/www.intoscana.it\/it\/tre-giorni-di-teatro-circo-e-musica-con-il-senza-fili-pinocchio-street-festival\/","url":"https:\/\/www.intoscana.it\/it\/tre-giorni-di-teatro-circo-e-musica-con-il-senza-fili-pinocchio-street-festival\/","name":"Tre giorni di teatro, circo e musica con il \"Senza Fili Pinocchio Street Festival\" - intoscana","isPartOf":{"@id":"https:\/\/www.intoscana.it\/it\/#website"},"primaryImageOfPage":{"@id":"https:\/\/www.intoscana.it\/it\/tre-giorni-di-teatro-circo-e-musica-con-il-senza-fili-pinocchio-street-festival\/#primaryimage"},"image":{"@id":"https:\/\/www.intoscana.it\/it\/tre-giorni-di-teatro-circo-e-musica-con-il-senza-fili-pinocchio-street-festival\/#primaryimage"},"thumbnailUrl":"https:\/\/www.intoscana.it\/wp-content\/uploads\/david-riondino-1-e1724058837538.jpg","datePublished":"2024-08-19T10:04:08+00:00","author":{"@id":"https:\/\/www.intoscana.it\/it\/#\/schema\/person\/9223810753230f20bd670fdd322661f8"},"description":"Dal 23 al 25 agosto in programma oltre 50 eventi tra circo, teatro e musica nelle tre serate del festival con ingresso a offerta libera","breadcrumb":{"@id":"https:\/\/www.intoscana.it\/it\/tre-giorni-di-teatro-circo-e-musica-con-il-senza-fili-pinocchio-street-festival\/#breadcrumb"},"inLanguage":"it-IT","potentialAction":[{"@type":"ReadAction","target":["https:\/\/www.intoscana.it\/it\/tre-giorni-di-teatro-circo-e-musica-con-il-senza-fili-pinocchio-street-festival\/"]}]},{"@type":"ImageObject","inLanguage":"it-IT","@id":"https:\/\/www.intoscana.it\/it\/tre-giorni-di-teatro-circo-e-musica-con-il-senza-fili-pinocchio-street-festival\/#primaryimage","url":"https:\/\/www.intoscana.it\/wp-content\/uploads\/david-riondino-1-e1724058837538.jpg","contentUrl":"https:\/\/www.intoscana.it\/wp-content\/uploads\/david-riondino-1-e1724058837538.jpg","width":1000,"height":655},{"@type":"BreadcrumbList","@id":"https:\/\/www.intoscana.it\/it\/tre-giorni-di-teatro-circo-e-musica-con-il-senza-fili-pinocchio-street-festival\/#breadcrumb","itemListElement":[{"@type":"ListItem","position":1,"name":"Home","item":"https:\/\/www.intoscana.it\/it\/"},{"@type":"ListItem","position":2,"name":"Tre giorni di teatro, circo e musica con il &#8220;Senza Fili Pinocchio Street Festival&#8221;"}]},{"@type":"WebSite","@id":"https:\/\/www.intoscana.it\/it\/#website","url":"https:\/\/www.intoscana.it\/it\/","name":"intoscana","description":"","potentialAction":[{"@type":"SearchAction","target":{"@type":"EntryPoint","urlTemplate":"https:\/\/www.intoscana.it\/it\/?s={search_term_string}"},"query-input":{"@type":"PropertyValueSpecification","valueRequired":true,"valueName":"search_term_string"}}],"inLanguage":"it-IT"},{"@type":"Person","@id":"https:\/\/www.intoscana.it\/it\/#\/schema\/person\/9223810753230f20bd670fdd322661f8","name":"Redazione","url":"https:\/\/www.intoscana.it\/it\/author\/redazione\/"}]}},"_links":{"self":[{"href":"https:\/\/www.intoscana.it\/it\/wp-json\/wp\/v2\/posts\/353056","targetHints":{"allow":["GET"]}}],"collection":[{"href":"https:\/\/www.intoscana.it\/it\/wp-json\/wp\/v2\/posts"}],"about":[{"href":"https:\/\/www.intoscana.it\/it\/wp-json\/wp\/v2\/types\/post"}],"author":[{"embeddable":true,"href":"https:\/\/www.intoscana.it\/it\/wp-json\/wp\/v2\/users\/525"}],"replies":[{"embeddable":true,"href":"https:\/\/www.intoscana.it\/it\/wp-json\/wp\/v2\/comments?post=353056"}],"version-history":[{"count":14,"href":"https:\/\/www.intoscana.it\/it\/wp-json\/wp\/v2\/posts\/353056\/revisions"}],"predecessor-version":[{"id":353085,"href":"https:\/\/www.intoscana.it\/it\/wp-json\/wp\/v2\/posts\/353056\/revisions\/353085"}],"wp:featuredmedia":[{"embeddable":true,"href":"https:\/\/www.intoscana.it\/it\/wp-json\/wp\/v2\/media\/353074"}],"wp:attachment":[{"href":"https:\/\/www.intoscana.it\/it\/wp-json\/wp\/v2\/media?parent=353056"}],"wp:term":[{"taxonomy":"category","embeddable":true,"href":"https:\/\/www.intoscana.it\/it\/wp-json\/wp\/v2\/categories?post=353056"},{"taxonomy":"post_tag","embeddable":true,"href":"https:\/\/www.intoscana.it\/it\/wp-json\/wp\/v2\/tags?post=353056"}],"curies":[{"name":"wp","href":"https:\/\/api.w.org\/{rel}","templated":true}]}}