{"id":353170,"date":"2024-08-20T14:14:03","date_gmt":"2024-08-20T12:14:03","guid":{"rendered":"https:\/\/www.intoscana.it\/it\/?p=353170"},"modified":"2024-08-20T14:32:21","modified_gmt":"2024-08-20T12:32:21","slug":"limpossibile-diventa-possibile-outside-live-di-fabio-capanni-dal-concerto-al-disco","status":"publish","type":"post","link":"https:\/\/www.intoscana.it\/it\/limpossibile-diventa-possibile-outside-live-di-fabio-capanni-dal-concerto-al-disco\/","title":{"rendered":"L&#8217;impossibile diventa possibile: &#8220;Outside Live&#8221; di Fabio Capanni dal concerto al disco"},"content":{"rendered":"<p><strong>Succede qualcosa di magico<\/strong> quando sullo stesso palco salgono persone animate dall&#8217;amore per la musica, con l&#8217;unico obiettivo di realizzare <strong>un concerto unico e irripetibile.<\/strong><\/p>\n<p>Questo \u00e8 quello che \u00e8 successo il<strong> 24 novembre 2023, al Teatro Puccini di Firenze<\/strong> dove si \u00e8 svolta la presentazione dell\u2019album <strong><em>&#8220;<a href=\"https:\/\/www.intoscana.it\/it\/dettaglio-video\/fabio-capanni-outside-intervista-2023\/\" target=\"_blank\" rel=\"noopener\">Outside&#8221;<\/a><\/em> <\/strong>di <strong>Fabio Capanni.<\/strong><\/p>\n<p>Per una sera si \u00e8 riunita a suonare insieme una formazione con <strong>musicisti di origine ed et\u00e0 molto diverse tra loro,<\/strong> che hanno creato <strong>un mix estremamente interessante.<\/strong><\/p>\n<p>Dalla giovanissima pianista <strong>Martina Sbaragli<\/strong> a <strong>Luc van Lieshout<\/strong> gi\u00e0 nei celebri <strong>Tuxedomoon <\/strong>al flicorno e alla tromba. Tra loro anche il chitarrista <strong>Massimo Fantoni <\/strong>e <strong>Nicola Alesini <\/strong>al sax soprano, oltre ovviamente allo stesso <strong>Fabio Capanni<\/strong>.<\/p>\n<p>&#8220;Per il concerto mi sono avvalso di musicisti di grande personalit\u00e0 e grande caratura. <strong>&#8211; ci ha raccontato Fabio Capanni<\/strong> &#8211; Sono tutti miei vecchi amici e persone con le quali ho sviluppato negli anni una sintonia musicale. <strong>Martina Sbaragli<\/strong> la conosco praticamente da quando \u00e8 nata e ho insistito perch\u00e9 suonasse lei il pianoforte. Martina \u00e8 un talento del piano, non aveva mai suonato dal vivo ma l&#8217;ho voluta accanto a me ed \u00e8 stata bravissima. <strong>Massimo Fantoni<\/strong> lo conosco da tantissimo tempo e su di lui non avevo nessun dubbio. Non ci sono molti chitarristi che potevano suonare i miei pezzi, perch\u00e9 io faccio un uso delle chitarre particolare con effetti elettrici che generano dei suoni che sembrano tutto tranne che chitarre. Massimo ha accettato subito, gli ho lasciato carta bianca per interpretare liberamente le mie opere e lo ha fatto in maniera magistrale. Gli altri due musicisti &#8211; <strong>prosegue Capanni<\/strong> &#8211; \u00a0sono <strong>Nicola Alesini<\/strong> sax soprano che suonava nel mio primo album e <strong>Luc van Lieshout<\/strong> che suona nel mio secondo disco e ha accettato generosamente di partecipare al progetto.&#8221;<\/p>\n<figure id=\"post-353167 media-353167\" class=\"align-none\"><img decoding=\"async\" src=\"https:\/\/www.intoscana.it\/wp-content\/uploads\/Fabio-Capanni-live-2024-foto-di-Antonio-Viscido-3-scaled.jpeg\" alt=\"\" \/><\/figure>\n<div class=\"titleimg\"><em>Martina Sbaragli &#8211; \u00a9 Antonio Viscido<\/em><\/div>\n<h3>Outside Live: dal concerto al disco<\/h3>\n<p><strong>La sfida<\/strong> al<strong> Teatro Puccini di Firenze<\/strong> era quella di eseguire dal vivo alcuni brani dei <strong>primi due album <\/strong>di <strong>Capanni <a href=\"https:\/\/www.intoscana.it\/it\/musica-ambient-per-evadere-dalla-vita-quotidiana-in-home-i-paesaggi-sonori-di-fabio-capanni\/\" target=\"_blank\" rel=\"noopener\"><em>&#8220;Home&#8221; <\/em><\/a><\/strong>e<strong><em> &#8220;Ouside&#8221;, <\/em><\/strong>una musica cos\u00ec particolare e impalpabile (definita <em>&#8220;<strong>musica da camera elettronica<\/strong>&#8220;<\/em>) quasi<strong> &#8220;impossibile&#8221; da replicare live<\/strong>, come ci spiega <strong>Fabio Capanni.<\/strong><\/p>\n<p>&#8220;Il concerto del 24 novembre 2023 \u00e8 stata la prima volta che ho suonato dal vivo<strong> Outside<\/strong> e in generale la prima volta che ho eseguito live la mia musica. Il concerto non \u00e8 stata una mia idea, lo dico con sincerit\u00e0, non credevo che potesse essere possibile suonare dal vivo certe <strong>musiche che erano state realizzate in studio, in solitudine, tramite sovraincisioni<\/strong>. <strong>Andrea Sbaragli,<\/strong> mio amico da oltre 40 anni, che \u00e8 anche editore del disco con<a href=\"https:\/\/www.abuzzsupreme.it\" target=\"_blank\" rel=\"noopener\"><strong> A Buzz Supreme<\/strong><\/a>, ha insistito e mi ha convinto.&#8221;<\/p>\n<p>Dopo il concerto nasce cos\u00ec il disco <strong><em>&#8220;Outside Live&#8221;<\/em><\/strong>, in uscita il <strong>30 agosto 2024<\/strong> per l&#8217;etichetta americana <a href=\"https:\/\/www.curiousmusic.us\" target=\"_blank\" rel=\"noopener\"><strong>Curious Music<\/strong><\/a><a href=\"https:\/\/www.curiousmusic.us\" target=\"_blank\" rel=\"noopener\"><strong>,<\/strong><\/a> Fabio Capanni \u00e8 il primo artista italiano che pubblica con loro.<\/p>\n<p>Mentre <strong>domenica 25 agosto<\/strong> alle 19.00 si terr\u00e0 un <em><strong>&#8220;listening party&#8221;<\/strong><\/em> in anteprima del disco su <a href=\"https:\/\/curiousmusicia.bandcamp.com\/album\/outside-live\" target=\"_blank\" rel=\"noopener\"><strong>Bandcamp<\/strong><\/a>.<\/p>\n<figure id=\"post-353168 media-353168\" class=\"align-none\"><img decoding=\"async\" src=\"https:\/\/www.intoscana.it\/wp-content\/uploads\/Fabio-Capanni-live-2024-foto-di-Antonio-Viscido-4-scaled.jpeg\" alt=\"\" \/><\/figure>\n<p><em>Massimo Fantoni &#8211; \u00a9 Antonio Viscido<\/em><\/p>\n<h3>Fabio Capanni verso &#8220;Blu&#8221;<\/h3>\n<p>&#8220;Il concerto del 24 novembre 2023 \u00e8 stato il coronamento di un sogno &#8211; <strong>conclude Fabio Capanni<\/strong> &#8211; ho sempre suonato composizioni di altri musicisti in giro per l&#8217;Europa. Dopo un silenzio durato 15 anni sono tornato a fare musica con il mio progetto solista. Trovarmi a suonare la mia musica dal vivo, per la prima volta a Firenze, nella mia &#8216;casa&#8217;, insieme agli amici di una vita, <strong>\u00e8 stata per me un&#8217;esperienza molto forte<\/strong>. Il concerto \u00e8 venuto benissimo e lo dimostra il fatto che <strong>Russ Curry <\/strong>della casa discografica<strong> Curious Music<\/strong> appena ha ascoltato la registrazione ha deciso immediatamente di produrre il disco che uscir\u00e0 il 30 agosto.&#8221;<\/p>\n<p>Ma i musicisti e chi compone musica raramente sta troppo tempo senza produrre qualcosa di nuovo, cos\u00ec \u00e8 anche per <strong>Fabio Capanni<\/strong> che ci ha raccontato qualcosa in pi\u00f9 sui suoi progetti futuri.<\/p>\n<p>&#8220;Il mio primo disco <strong><em>Home <\/em><\/strong>\u00e8 stata la riscoperta di me stesso, della mia interiorit\u00e0, della musica e della casa appunto. Con<strong><em> Outside<\/em><\/strong> sono uscito fuori e ho cercato un rapporto con l&#8217;esterno. Il prossimo disco che chiuder\u00e0 la mia ideale trilogia, si intitoler\u00e0 <strong><em>&#8220;Blu&#8221;<\/em><\/strong> <strong>come il cielo, come la libert\u00e0 assoluta,<\/strong> uscir\u00e0 nella <strong>primavera del 2025<\/strong>&#8220;.<\/p>\n<p><strong>Foto e artwork di<a href=\"https:\/\/www.facebook.com\/AntonioViscidoFotoGrafico\/?locale=it_IT\" target=\"_blank\" rel=\"noopener\"> Antonio Viscido<\/a>.<\/strong><\/p>\n<figure id=\"post-353163 media-353163\" class=\"align-none\"><img decoding=\"async\" src=\"https:\/\/www.intoscana.it\/wp-content\/uploads\/Outside-Live-Cover-scaled.jpg\" alt=\"\" \/><\/figure>\n","protected":false},"excerpt":{"rendered":"<p>Il musicista Fabio Capanni ci racconta l&#8217;avventura che lo ha portato ad eseguire dal vivo la sua musica al Teatro Puccini di Firenze, un concerto irripetibile che si \u00e8 trasformato in un disco che esce per l&#8217;etichetta americana Curious Music. Sono in arrivo novit\u00e0 anche per il 2025<\/p>\n","protected":false},"author":518,"featured_media":353165,"comment_status":"open","ping_status":"open","sticky":false,"template":"","format":"standard","meta":{"_acf_changed":false,"footnotes":""},"categories":[14],"tags":[216,3138],"class_list":["post-353170","post","type-post","status-publish","format-standard","has-post-thumbnail","hentry","category-musica","tag-concerti","tag-interviste-agli-artisti"],"acf":[],"yoast_head":"<!-- This site is optimized with the Yoast SEO Premium plugin v24.2 (Yoast SEO v25.6) - https:\/\/yoast.com\/wordpress\/plugins\/seo\/ -->\n<title>L&#039;impossibile diventa possibile: &quot;Outside Live&quot; di Fabio Capanni dal concerto al disco - intoscana<\/title>\n<meta name=\"description\" content=\"Il musicista Fabio Capanni ci racconta l&#039;avventura che lo ha portato ad eseguire dal vivo la sua musica e pubblicarla in &quot;Outside Live&quot;\" \/>\n<meta name=\"robots\" content=\"index, follow, max-snippet:-1, max-image-preview:large, max-video-preview:-1\" \/>\n<link rel=\"canonical\" href=\"https:\/\/www.intoscana.it\/it\/limpossibile-diventa-possibile-outside-live-di-fabio-capanni-dal-concerto-al-disco\/\" \/>\n<meta property=\"og:locale\" content=\"it_IT\" \/>\n<meta property=\"og:type\" content=\"article\" \/>\n<meta property=\"og:title\" content=\"L&#039;impossibile diventa possibile: &quot;Outside Live&quot; di Fabio Capanni dal concerto al disco\" \/>\n<meta property=\"og:description\" content=\"Il musicista Fabio Capanni ci racconta l&#039;avventura che lo ha portato ad eseguire dal vivo la sua musica e pubblicarla in &quot;Outside Live&quot;\" \/>\n<meta property=\"og:url\" content=\"https:\/\/www.intoscana.it\/it\/limpossibile-diventa-possibile-outside-live-di-fabio-capanni-dal-concerto-al-disco\/\" \/>\n<meta property=\"og:site_name\" content=\"intoscana\" \/>\n<meta property=\"article:publisher\" content=\"https:\/\/www.facebook.com\/intoscana.it\" \/>\n<meta property=\"article:published_time\" content=\"2024-08-20T12:14:03+00:00\" \/>\n<meta property=\"article:modified_time\" content=\"2024-08-20T12:32:21+00:00\" \/>\n<meta property=\"og:image\" content=\"https:\/\/www.intoscana.it\/wp-content\/uploads\/Fabio-Capanni-live-2024-foto-di-Antonio-Viscido-1-scaled.jpeg\" \/>\n\t<meta property=\"og:image:width\" content=\"2048\" \/>\n\t<meta property=\"og:image:height\" content=\"1367\" \/>\n\t<meta property=\"og:image:type\" content=\"image\/jpeg\" \/>\n<meta name=\"author\" content=\"Costanza Baldini\" \/>\n<meta name=\"twitter:card\" content=\"summary_large_image\" \/>\n<meta name=\"twitter:creator\" content=\"@intoscana\" \/>\n<meta name=\"twitter:site\" content=\"@intoscana\" \/>\n<meta name=\"twitter:label1\" content=\"Written by\" \/>\n\t<meta name=\"twitter:data1\" content=\"Costanza Baldini\" \/>\n\t<meta name=\"twitter:label2\" content=\"Est. reading time\" \/>\n\t<meta name=\"twitter:data2\" content=\"5 minuti\" \/>\n<script type=\"application\/ld+json\" class=\"yoast-schema-graph\">{\"@context\":\"https:\/\/schema.org\",\"@graph\":[{\"@type\":\"WebPage\",\"@id\":\"https:\/\/www.intoscana.it\/it\/limpossibile-diventa-possibile-outside-live-di-fabio-capanni-dal-concerto-al-disco\/\",\"url\":\"https:\/\/www.intoscana.it\/it\/limpossibile-diventa-possibile-outside-live-di-fabio-capanni-dal-concerto-al-disco\/\",\"name\":\"L'impossibile diventa possibile: \\\"Outside Live\\\" di Fabio Capanni dal concerto al disco - intoscana\",\"isPartOf\":{\"@id\":\"https:\/\/www.intoscana.it\/it\/#website\"},\"primaryImageOfPage\":{\"@id\":\"https:\/\/www.intoscana.it\/it\/limpossibile-diventa-possibile-outside-live-di-fabio-capanni-dal-concerto-al-disco\/#primaryimage\"},\"image\":{\"@id\":\"https:\/\/www.intoscana.it\/it\/limpossibile-diventa-possibile-outside-live-di-fabio-capanni-dal-concerto-al-disco\/#primaryimage\"},\"thumbnailUrl\":\"https:\/\/www.intoscana.it\/wp-content\/uploads\/Fabio-Capanni-live-2024-foto-di-Antonio-Viscido-1-scaled.jpeg\",\"datePublished\":\"2024-08-20T12:14:03+00:00\",\"dateModified\":\"2024-08-20T12:32:21+00:00\",\"author\":{\"@id\":\"https:\/\/www.intoscana.it\/it\/#\/schema\/person\/d469f35f09739bdf00bf5dd3f0647a82\"},\"description\":\"Il musicista Fabio Capanni ci racconta l'avventura che lo ha portato ad eseguire dal vivo la sua musica e pubblicarla in \\\"Outside Live\\\"\",\"breadcrumb\":{\"@id\":\"https:\/\/www.intoscana.it\/it\/limpossibile-diventa-possibile-outside-live-di-fabio-capanni-dal-concerto-al-disco\/#breadcrumb\"},\"inLanguage\":\"it-IT\",\"potentialAction\":[{\"@type\":\"ReadAction\",\"target\":[\"https:\/\/www.intoscana.it\/it\/limpossibile-diventa-possibile-outside-live-di-fabio-capanni-dal-concerto-al-disco\/\"]}]},{\"@type\":\"ImageObject\",\"inLanguage\":\"it-IT\",\"@id\":\"https:\/\/www.intoscana.it\/it\/limpossibile-diventa-possibile-outside-live-di-fabio-capanni-dal-concerto-al-disco\/#primaryimage\",\"url\":\"https:\/\/www.intoscana.it\/wp-content\/uploads\/Fabio-Capanni-live-2024-foto-di-Antonio-Viscido-1-scaled.jpeg\",\"contentUrl\":\"https:\/\/www.intoscana.it\/wp-content\/uploads\/Fabio-Capanni-live-2024-foto-di-Antonio-Viscido-1-scaled.jpeg\",\"width\":2048,\"height\":1367,\"caption\":\"Fabio Capanni\"},{\"@type\":\"BreadcrumbList\",\"@id\":\"https:\/\/www.intoscana.it\/it\/limpossibile-diventa-possibile-outside-live-di-fabio-capanni-dal-concerto-al-disco\/#breadcrumb\",\"itemListElement\":[{\"@type\":\"ListItem\",\"position\":1,\"name\":\"Home\",\"item\":\"https:\/\/www.intoscana.it\/it\/\"},{\"@type\":\"ListItem\",\"position\":2,\"name\":\"L&#8217;impossibile diventa possibile: &#8220;Outside Live&#8221; di Fabio Capanni dal concerto al disco\"}]},{\"@type\":\"WebSite\",\"@id\":\"https:\/\/www.intoscana.it\/it\/#website\",\"url\":\"https:\/\/www.intoscana.it\/it\/\",\"name\":\"intoscana\",\"description\":\"\",\"potentialAction\":[{\"@type\":\"SearchAction\",\"target\":{\"@type\":\"EntryPoint\",\"urlTemplate\":\"https:\/\/www.intoscana.it\/it\/?s={search_term_string}\"},\"query-input\":{\"@type\":\"PropertyValueSpecification\",\"valueRequired\":true,\"valueName\":\"search_term_string\"}}],\"inLanguage\":\"it-IT\"},{\"@type\":\"Person\",\"@id\":\"https:\/\/www.intoscana.it\/it\/#\/schema\/person\/d469f35f09739bdf00bf5dd3f0647a82\",\"name\":\"Costanza Baldini\",\"url\":\"https:\/\/www.intoscana.it\/it\/author\/costanza-baldini\/\"}]}<\/script>\n<!-- \/ Yoast SEO Premium plugin. -->","yoast_head_json":{"title":"L'impossibile diventa possibile: \"Outside Live\" di Fabio Capanni dal concerto al disco - intoscana","description":"Il musicista Fabio Capanni ci racconta l'avventura che lo ha portato ad eseguire dal vivo la sua musica e pubblicarla in \"Outside Live\"","robots":{"index":"index","follow":"follow","max-snippet":"max-snippet:-1","max-image-preview":"max-image-preview:large","max-video-preview":"max-video-preview:-1"},"canonical":"https:\/\/www.intoscana.it\/it\/limpossibile-diventa-possibile-outside-live-di-fabio-capanni-dal-concerto-al-disco\/","og_locale":"it_IT","og_type":"article","og_title":"L'impossibile diventa possibile: \"Outside Live\" di Fabio Capanni dal concerto al disco","og_description":"Il musicista Fabio Capanni ci racconta l'avventura che lo ha portato ad eseguire dal vivo la sua musica e pubblicarla in \"Outside Live\"","og_url":"https:\/\/www.intoscana.it\/it\/limpossibile-diventa-possibile-outside-live-di-fabio-capanni-dal-concerto-al-disco\/","og_site_name":"intoscana","article_publisher":"https:\/\/www.facebook.com\/intoscana.it","article_published_time":"2024-08-20T12:14:03+00:00","article_modified_time":"2024-08-20T12:32:21+00:00","og_image":[{"width":2048,"height":1367,"url":"https:\/\/www.intoscana.it\/wp-content\/uploads\/Fabio-Capanni-live-2024-foto-di-Antonio-Viscido-1-scaled.jpeg","type":"image\/jpeg"}],"author":"Costanza Baldini","twitter_card":"summary_large_image","twitter_creator":"@intoscana","twitter_site":"@intoscana","twitter_misc":{"Written by":"Costanza Baldini","Est. reading time":"5 minuti"},"schema":{"@context":"https:\/\/schema.org","@graph":[{"@type":"WebPage","@id":"https:\/\/www.intoscana.it\/it\/limpossibile-diventa-possibile-outside-live-di-fabio-capanni-dal-concerto-al-disco\/","url":"https:\/\/www.intoscana.it\/it\/limpossibile-diventa-possibile-outside-live-di-fabio-capanni-dal-concerto-al-disco\/","name":"L'impossibile diventa possibile: \"Outside Live\" di Fabio Capanni dal concerto al disco - intoscana","isPartOf":{"@id":"https:\/\/www.intoscana.it\/it\/#website"},"primaryImageOfPage":{"@id":"https:\/\/www.intoscana.it\/it\/limpossibile-diventa-possibile-outside-live-di-fabio-capanni-dal-concerto-al-disco\/#primaryimage"},"image":{"@id":"https:\/\/www.intoscana.it\/it\/limpossibile-diventa-possibile-outside-live-di-fabio-capanni-dal-concerto-al-disco\/#primaryimage"},"thumbnailUrl":"https:\/\/www.intoscana.it\/wp-content\/uploads\/Fabio-Capanni-live-2024-foto-di-Antonio-Viscido-1-scaled.jpeg","datePublished":"2024-08-20T12:14:03+00:00","dateModified":"2024-08-20T12:32:21+00:00","author":{"@id":"https:\/\/www.intoscana.it\/it\/#\/schema\/person\/d469f35f09739bdf00bf5dd3f0647a82"},"description":"Il musicista Fabio Capanni ci racconta l'avventura che lo ha portato ad eseguire dal vivo la sua musica e pubblicarla in \"Outside Live\"","breadcrumb":{"@id":"https:\/\/www.intoscana.it\/it\/limpossibile-diventa-possibile-outside-live-di-fabio-capanni-dal-concerto-al-disco\/#breadcrumb"},"inLanguage":"it-IT","potentialAction":[{"@type":"ReadAction","target":["https:\/\/www.intoscana.it\/it\/limpossibile-diventa-possibile-outside-live-di-fabio-capanni-dal-concerto-al-disco\/"]}]},{"@type":"ImageObject","inLanguage":"it-IT","@id":"https:\/\/www.intoscana.it\/it\/limpossibile-diventa-possibile-outside-live-di-fabio-capanni-dal-concerto-al-disco\/#primaryimage","url":"https:\/\/www.intoscana.it\/wp-content\/uploads\/Fabio-Capanni-live-2024-foto-di-Antonio-Viscido-1-scaled.jpeg","contentUrl":"https:\/\/www.intoscana.it\/wp-content\/uploads\/Fabio-Capanni-live-2024-foto-di-Antonio-Viscido-1-scaled.jpeg","width":2048,"height":1367,"caption":"Fabio Capanni"},{"@type":"BreadcrumbList","@id":"https:\/\/www.intoscana.it\/it\/limpossibile-diventa-possibile-outside-live-di-fabio-capanni-dal-concerto-al-disco\/#breadcrumb","itemListElement":[{"@type":"ListItem","position":1,"name":"Home","item":"https:\/\/www.intoscana.it\/it\/"},{"@type":"ListItem","position":2,"name":"L&#8217;impossibile diventa possibile: &#8220;Outside Live&#8221; di Fabio Capanni dal concerto al disco"}]},{"@type":"WebSite","@id":"https:\/\/www.intoscana.it\/it\/#website","url":"https:\/\/www.intoscana.it\/it\/","name":"intoscana","description":"","potentialAction":[{"@type":"SearchAction","target":{"@type":"EntryPoint","urlTemplate":"https:\/\/www.intoscana.it\/it\/?s={search_term_string}"},"query-input":{"@type":"PropertyValueSpecification","valueRequired":true,"valueName":"search_term_string"}}],"inLanguage":"it-IT"},{"@type":"Person","@id":"https:\/\/www.intoscana.it\/it\/#\/schema\/person\/d469f35f09739bdf00bf5dd3f0647a82","name":"Costanza Baldini","url":"https:\/\/www.intoscana.it\/it\/author\/costanza-baldini\/"}]}},"_links":{"self":[{"href":"https:\/\/www.intoscana.it\/it\/wp-json\/wp\/v2\/posts\/353170","targetHints":{"allow":["GET"]}}],"collection":[{"href":"https:\/\/www.intoscana.it\/it\/wp-json\/wp\/v2\/posts"}],"about":[{"href":"https:\/\/www.intoscana.it\/it\/wp-json\/wp\/v2\/types\/post"}],"author":[{"embeddable":true,"href":"https:\/\/www.intoscana.it\/it\/wp-json\/wp\/v2\/users\/518"}],"replies":[{"embeddable":true,"href":"https:\/\/www.intoscana.it\/it\/wp-json\/wp\/v2\/comments?post=353170"}],"version-history":[{"count":44,"href":"https:\/\/www.intoscana.it\/it\/wp-json\/wp\/v2\/posts\/353170\/revisions"}],"predecessor-version":[{"id":353362,"href":"https:\/\/www.intoscana.it\/it\/wp-json\/wp\/v2\/posts\/353170\/revisions\/353362"}],"wp:featuredmedia":[{"embeddable":true,"href":"https:\/\/www.intoscana.it\/it\/wp-json\/wp\/v2\/media\/353165"}],"wp:attachment":[{"href":"https:\/\/www.intoscana.it\/it\/wp-json\/wp\/v2\/media?parent=353170"}],"wp:term":[{"taxonomy":"category","embeddable":true,"href":"https:\/\/www.intoscana.it\/it\/wp-json\/wp\/v2\/categories?post=353170"},{"taxonomy":"post_tag","embeddable":true,"href":"https:\/\/www.intoscana.it\/it\/wp-json\/wp\/v2\/tags?post=353170"}],"curies":[{"name":"wp","href":"https:\/\/api.w.org\/{rel}","templated":true}]}}